{"id":73584,"date":"2025-07-05T10:15:36","date_gmt":"2025-07-05T13:15:36","guid":{"rendered":"https:\/\/noticiasribeiraopreto.com.br\/index.php\/2025\/07\/05\/homem-e-preso-com-quase-96-kg-de-crack-em-comercio\/"},"modified":"2025-07-05T10:15:36","modified_gmt":"2025-07-05T13:15:36","slug":"homem-e-preso-com-quase-96-kg-de-crack-em-comercio","status":"publish","type":"post","link":"https:\/\/noticiasribeiraopreto.com.br\/index.php\/2025\/07\/05\/homem-e-preso-com-quase-96-kg-de-crack-em-comercio\/","title":{"rendered":"Homem \u00e9 preso com quase 96 kg de crack em com\u00e9rcio"},"content":{"rendered":"<div class='code-block code-block-1' style='margin: 8px 0 8px auto; text-align: right; display: block; clear: both;'>\n<p><a href=\"https:\/\/wa.link\/vpicfd\"><img data-recalc-dims=\"1\" class=\"wp-image-4922\" style=\"aspect-ratio: 2.0253164556962027; width: 561px; height: auto;\" src=\"https:\/\/i0.wp.com\/ismaelcolosi.com.br\/wp-content\/uploads\/2023\/11\/grupo-de-empregos-whatsapp-e-facebook-ismael-colosi-vagas.jpg?ssl=1\" alt=\"\" \/><\/a><\/p>\n<!-- \/wp:image -->\n<\/div>\n<p> <br \/>\n<\/p>\n<div id=\"\">\n<p>\n\t\t\t\t\t\t\t\t\t<span class=\"entry-meta-item penci-posted-on\"><i class=\"fa fa-clock-o\"\/><time class=\"entry-date published updated\" datetime=\"2025-07-05T10:09:19-03:00\">5 de julho de 2025 10:09<\/time><\/span><span class=\"entry-meta-item penci-post-countview\"><span class=\"entry-meta-item penci-post-countview penci_post-meta_item\"><i class=\"fa fa-eye\"\/><span class=\"penci-post-countview-number penci-post-countview-p430599\">5<\/span><\/span><\/span>\t\t\t\t\t\t\t\t<\/p>\n<p><!-- .entry-meta --><br \/>\n\t\t\t\t\t\t\t\t<span class=\"penci-social-buttons penci-social-share-footer\"><span class=\"penci-social-share-text\">Compartilhar<\/span><a href=\"#\" class=\"penci-post-like penci_post-meta_item  single-like-button penci-social-item like\" data-post_id=\"430599\" title=\"Like\" data-like=\"Like\" data-unlike=\"Unlike\"><i class=\"fa fa-thumbs-o-up\"\/><span class=\"penci-share-number\">0<\/span><\/a><i class=\"fa fa-facebook\"\/><a class=\"penci-social-item twitter\" target=\"_blank\" rel=\"noopener\" title=\"\" href=\"https:\/\/twitter.com\/intent\/tweet?text=Homem%20\u00e9%20preso%20com%20quase%2096%20kg%20de%20crack%20em%20com\u00e9rcio%20-%20https:\/\/www.tribunaribeirao.com.br\/homem-e-preso-com-quase-96-kg-de-crack-em-comercio\/\"><i class=\"fa fa-twitter\"\/><\/a><i class=\"fa fa-linkedin\"\/><i class=\"fa fa-whatsapp\"\/><i class=\"fa fa-telegram\"\/><i class=\"fa fa-envelope\"\/><\/span>\t\t\t\t\t\t\t<\/div>\n<div>\n<p>Durante patrulhamento realizado no in\u00edcio da madrugada deste s\u00e1bado (5) em Ribeir\u00e3o Preto, equipes do 11\u00ba Batalh\u00e3o de A\u00e7\u00f5es Especiais de Pol\u00edcia (Baep) apreenderam cerca de 96 quilos de crack em um im\u00f3vel ligado a um com\u00e9rcio suspeito de servir como ponto de tr\u00e1fico de drogas.<\/p>\n<p>Segundo a Pol\u00edcia Militar, a abordagem ocorreu ap\u00f3s a equipe receber informa\u00e7\u00f5es sobre atividades il\u00edcitas em um estabelecimento comercial. Ao chegarem ao local, os policiais avistaram um homem nos fundos do im\u00f3vel que, ao notar a presen\u00e7a da viatura, tentou se esconder.<\/p>\n<p>O suspeito foi abordado e identificado como o propriet\u00e1rio do com\u00e9rcio. Apesar de negar envolvimento com o tr\u00e1fico, ele apresentou nervosismo durante a entrevista, o que motivou uma vistoria em sua resid\u00eancia.<\/p>\n<p>No im\u00f3vel, foram encontrados 90 tijolos de crack, totalizando 95,978 quilos da droga.<\/p>\n<p>O homem foi preso em flagrante e levado \u00e0 Central de Pol\u00edcia Judici\u00e1ria (CPJ), onde o delegado de plant\u00e3o formalizou a ocorr\u00eancia como tr\u00e1fico de drogas. Ele permanece \u00e0 disposi\u00e7\u00e3o da Justi\u00e7a.<\/p>\n<p>\u2014<\/p>\n<p>Jornal Tribuna Ribeir\u00e3o<\/p>\n<p>Um Jornal com a cara de Ribeir\u00e3o!<\/p>\n<p>Impresso | WEB | Redes sociais<\/p>\n<p>Tribuna Ribeir\u00e3o \u2013 Fone: (16) 3632-2200 \u2013 Whatsapp: (16) 98161-8743<\/p>\n<p>Av. Bar\u00e3o do Bananal, 880 \u2013 Jardim Anhanguera, Ribeir\u00e3o Preto<\/p>\n<p>@tribunaribeirao @meiaderibeirao @dinoderibeirao<\/p>\n<p>#TribunaRibeir\u00e3o #News #Not\u00edcia #Ribeir\u00e3oPreto #Not\u00edciasDeRibeir\u00e3oPreto<\/p>\n<p>#ClassificadosTribunaRibeir\u00e3o #Jornalismo #ClassificadosRibeir\u00e3o<\/p>\n<p>\u00a0<\/p>\n<\/div>\n<p><script async src=\"\/\/platform.twitter.com\/widgets.js\" charset=\"utf-8\"><\/script><br \/>\n<br \/><br \/>\n<br \/><a href=\"https:\/\/www.tribunaribeirao.com.br\/homem-e-preso-com-quase-96-kg-de-crack-em-comercio\/\">Source link <\/a><\/p>\n<!-- CONTENT END 1 -->\n","protected":false},"excerpt":{"rendered":"<p>5 de julho de 2025 10:095 Compartilhar0 Durante patrulhamento realizado no in\u00edcio da madrugada deste s\u00e1bado (5) em Ribeir\u00e3o Preto, equipes do 11\u00ba Batalh\u00e3o de&#8230;<\/p>\n","protected":false},"author":1,"featured_media":73585,"comment_status":"open","ping_status":"open","sticky":false,"template":"","format":"standard","meta":{"advanced_seo_description":"","jetpack_seo_html_title":"","jetpack_seo_noindex":false,"jetpack_post_was_ever_published":false,"_jetpack_newsletter_access":"","_jetpack_dont_email_post_to_subs":false,"_jetpack_newsletter_tier_id":0,"_jetpack_memberships_contains_paywalled_content":false,"_jetpack_memberships_contains_paid_content":false,"footnotes":"","jetpack_publicize_message":"","jetpack_publicize_feature_enabled":true,"jetpack_social_post_already_shared":true,"jetpack_social_options":{"image_generator_settings":{"template":"highway","default_image_id":0,"font":"","enabled":false},"version":2}},"categories":[11],"tags":[],"class_list":["post-73584","post","type-post","status-publish","format-standard","has-post-thumbnail","hentry","category-noticias-de-ribeirao-preto-sp-e-regiao-ismael-colosi"],"jetpack_publicize_connections":[],"jetpack_featured_media_url":"https:\/\/i0.wp.com\/noticiasribeiraopreto.com.br\/wp-content\/uploads\/2025\/07\/baep_96k-e1751720906941.jpeg?fit=898%2C503&ssl=1","jetpack-related-posts":[{"id":59555,"url":"https:\/\/noticiasribeiraopreto.com.br\/index.php\/2024\/10\/25\/um-homem-e-preso-e-mais-de-r-350-mil-sao-apreendidos-durante-operacao-em-ribeirao-preto\/","url_meta":{"origin":73584,"position":0},"title":"Um homem \u00e9 preso e mais de R$ 350 mil s\u00e3o apreendidos durante opera\u00e7\u00e3o em Ribeir\u00e3o Preto","author":"noticiasribeiraopreto.com.br","date":"25 de October de 2024","format":false,"excerpt":"Na manh\u00e3 desta sexta-feira (25), a Pol\u00edcia Federal, Pol\u00edcia Civil e Pol\u00edcia Militar cumpriram um mandado de pris\u00e3o pelo crime de tr\u00e1fico de drogas, em Ribeir\u00e3o Preto. Al\u00e9m do foragido, foram encontradas drogas e mais R$ 350 mil em esp\u00e9cie. Tamb\u00e9m foram cumpridos dois mandados de busca e apreens\u00e3o, um\u2026","rel":"","context":"In &quot;Not\u00edcias de Ribeir\u00e3o Preto-SP e Regi\u00e3o&quot;","block_context":{"text":"Not\u00edcias de Ribeir\u00e3o Preto-SP e Regi\u00e3o","link":"https:\/\/noticiasribeiraopreto.com.br\/index.php\/category\/noticias-de-ribeirao-preto-sp-e-regiao-ismael-colosi\/"},"img":{"alt_text":"","src":"https:\/\/i0.wp.com\/noticiasribeiraopreto.com.br\/wp-content\/uploads\/2024\/10\/Copia-de-Copia-de-Copia-de-TAMANHO-EXATO-PARA-FOTOS-NO-SISTEMA-NOVO-45_2024-10-25_20-40-47_png_2024-10-25_20-40-47.webp.webp?fit=1200%2C675&ssl=1&resize=350%2C200","width":350,"height":200,"srcset":"https:\/\/i0.wp.com\/noticiasribeiraopreto.com.br\/wp-content\/uploads\/2024\/10\/Copia-de-Copia-de-Copia-de-TAMANHO-EXATO-PARA-FOTOS-NO-SISTEMA-NOVO-45_2024-10-25_20-40-47_png_2024-10-25_20-40-47.webp.webp?fit=1200%2C675&ssl=1&resize=350%2C200 1x, https:\/\/i0.wp.com\/noticiasribeiraopreto.com.br\/wp-content\/uploads\/2024\/10\/Copia-de-Copia-de-Copia-de-TAMANHO-EXATO-PARA-FOTOS-NO-SISTEMA-NOVO-45_2024-10-25_20-40-47_png_2024-10-25_20-40-47.webp.webp?fit=1200%2C675&ssl=1&resize=525%2C300 1.5x, https:\/\/i0.wp.com\/noticiasribeiraopreto.com.br\/wp-content\/uploads\/2024\/10\/Copia-de-Copia-de-Copia-de-TAMANHO-EXATO-PARA-FOTOS-NO-SISTEMA-NOVO-45_2024-10-25_20-40-47_png_2024-10-25_20-40-47.webp.webp?fit=1200%2C675&ssl=1&resize=700%2C400 2x, https:\/\/i0.wp.com\/noticiasribeiraopreto.com.br\/wp-content\/uploads\/2024\/10\/Copia-de-Copia-de-Copia-de-TAMANHO-EXATO-PARA-FOTOS-NO-SISTEMA-NOVO-45_2024-10-25_20-40-47_png_2024-10-25_20-40-47.webp.webp?fit=1200%2C675&ssl=1&resize=1050%2C600 3x"},"classes":[]},{"id":71141,"url":"https:\/\/noticiasribeiraopreto.com.br\/index.php\/2025\/06\/03\/video-pm-apreende-30-kg-de-drogas\/","url_meta":{"origin":73584,"position":1},"title":"V\u00cdDEO &#8211; PM apreende 30 kg de drogas","author":"noticiasribeiraopreto.com.br","date":"3 de June de 2025","format":false,"excerpt":"Policiais apreenderam quase 30 quilos de drogas, entre crack e coca\u00edna, al\u00e9m de R$ 14 mil em esp\u00e9cie 3 de junho de 2025 06:583 de junho de 2025 07:2420 Compartilhar3 Por: Adalberto Luque Um homem foi preso, no in\u00edcio da noite desta segunda-feira (2) e teve um enorme preju\u00edzo causado\u2026","rel":"","context":"In &quot;Not\u00edcias de Ribeir\u00e3o Preto-SP e Regi\u00e3o&quot;","block_context":{"text":"Not\u00edcias de Ribeir\u00e3o Preto-SP e Regi\u00e3o","link":"https:\/\/noticiasribeiraopreto.com.br\/index.php\/category\/noticias-de-ribeirao-preto-sp-e-regiao-ismael-colosi\/"},"img":{"alt_text":"","src":"https:\/\/i0.wp.com\/noticiasribeiraopreto.com.br\/wp-content\/uploads\/2025\/06\/1748946625_maxresdefault.jpg?fit=1200%2C675&ssl=1&resize=350%2C200","width":350,"height":200,"srcset":"https:\/\/i0.wp.com\/noticiasribeiraopreto.com.br\/wp-content\/uploads\/2025\/06\/1748946625_maxresdefault.jpg?fit=1200%2C675&ssl=1&resize=350%2C200 1x, https:\/\/i0.wp.com\/noticiasribeiraopreto.com.br\/wp-content\/uploads\/2025\/06\/1748946625_maxresdefault.jpg?fit=1200%2C675&ssl=1&resize=525%2C300 1.5x, https:\/\/i0.wp.com\/noticiasribeiraopreto.com.br\/wp-content\/uploads\/2025\/06\/1748946625_maxresdefault.jpg?fit=1200%2C675&ssl=1&resize=700%2C400 2x, https:\/\/i0.wp.com\/noticiasribeiraopreto.com.br\/wp-content\/uploads\/2025\/06\/1748946625_maxresdefault.jpg?fit=1200%2C675&ssl=1&resize=1050%2C600 3x"},"classes":[]},{"id":73588,"url":"https:\/\/noticiasribeiraopreto.com.br\/index.php\/2025\/07\/05\/baep-apreende-95-kg-de-crack-e-prende-homem-na-zona-norte-de-ribeirao-preto-video\/","url_meta":{"origin":73584,"position":2},"title":"Baep apreende 95 kg de crack e prende homem na zona Norte de Ribeir\u00e3o Preto; V\u00eddeo","author":"noticiasribeiraopreto.com.br","date":"5 de July de 2025","format":false,"excerpt":"O Baep (Batalh\u00e3o de A\u00e7\u00f5es Especiais de Pol\u00edcia) apreendeu 95 quilos de crack e prendeu um homem na madrugada deste s\u00e1bado (5), no bairro Quintino Facci II, zona Norte de Ribeir\u00e3o Preto. Segundo a pol\u00edcia, ap\u00f3s den\u00fancia, o homem foi encontrado nos fundos de um bar de sua propriedade. A\u2026","rel":"","context":"In &quot;Not\u00edcias de Ribeir\u00e3o Preto-SP e Regi\u00e3o&quot;","block_context":{"text":"Not\u00edcias de Ribeir\u00e3o Preto-SP e Regi\u00e3o","link":"https:\/\/noticiasribeiraopreto.com.br\/index.php\/category\/noticias-de-ribeirao-preto-sp-e-regiao-ismael-colosi\/"},"img":{"alt_text":"","src":"https:\/\/i0.wp.com\/noticiasribeiraopreto.com.br\/wp-content\/uploads\/2025\/07\/DROGAS_2025-07-05_12-53-45.webp.webp?fit=1200%2C712&ssl=1&resize=350%2C200","width":350,"height":200,"srcset":"https:\/\/i0.wp.com\/noticiasribeiraopreto.com.br\/wp-content\/uploads\/2025\/07\/DROGAS_2025-07-05_12-53-45.webp.webp?fit=1200%2C712&ssl=1&resize=350%2C200 1x, https:\/\/i0.wp.com\/noticiasribeiraopreto.com.br\/wp-content\/uploads\/2025\/07\/DROGAS_2025-07-05_12-53-45.webp.webp?fit=1200%2C712&ssl=1&resize=525%2C300 1.5x, https:\/\/i0.wp.com\/noticiasribeiraopreto.com.br\/wp-content\/uploads\/2025\/07\/DROGAS_2025-07-05_12-53-45.webp.webp?fit=1200%2C712&ssl=1&resize=700%2C400 2x, https:\/\/i0.wp.com\/noticiasribeiraopreto.com.br\/wp-content\/uploads\/2025\/07\/DROGAS_2025-07-05_12-53-45.webp.webp?fit=1200%2C712&ssl=1&resize=1050%2C600 3x"},"classes":[]},{"id":57779,"url":"https:\/\/noticiasribeiraopreto.com.br\/index.php\/2024\/09\/10\/homem-e-preso-durante-operacao-da-pf-de-ribeirao-contra-abuso-sexual-infantil\/","url_meta":{"origin":73584,"position":3},"title":"Homem \u00e9 preso durante opera\u00e7\u00e3o da PF de Ribeir\u00e3o contra abuso sexual infantil","author":"noticiasribeiraopreto.com.br","date":"10 de September de 2024","format":false,"excerpt":"Na manh\u00e3 desta ter\u00e7a-feira (10), a Pol\u00edcia Federal de Ribeir\u00e3o Preto prendeu um homem durante mais uma fase da Opera\u00e7\u00e3o Leafdown, que tem como objetivo desarticular um grupo criminoso voltado \u00e0 dissemina\u00e7\u00e3o de arquivos de viol\u00eancia sexual contra crian\u00e7as e adolescentes na internet. O suspeito foi preso em flagrante pelo\u2026","rel":"","context":"In &quot;Not\u00edcias de Ribeir\u00e3o Preto-SP e Regi\u00e3o&quot;","block_context":{"text":"Not\u00edcias de Ribeir\u00e3o Preto-SP e Regi\u00e3o","link":"https:\/\/noticiasribeiraopreto.com.br\/index.php\/category\/noticias-de-ribeirao-preto-sp-e-regiao-ismael-colosi\/"},"img":{"alt_text":"","src":"https:\/\/i0.wp.com\/noticiasribeiraopreto.com.br\/wp-content\/uploads\/2024\/09\/Copia-de-Copia-de-Copia-de-TAMANHO-EXATO-PARA-FOTOS-NO-SISTEMA-NOVO-10_2024-09-10_15-21-32_png_2024-09-10_15-21-32.webp.webp?fit=1200%2C675&ssl=1&resize=350%2C200","width":350,"height":200,"srcset":"https:\/\/i0.wp.com\/noticiasribeiraopreto.com.br\/wp-content\/uploads\/2024\/09\/Copia-de-Copia-de-Copia-de-TAMANHO-EXATO-PARA-FOTOS-NO-SISTEMA-NOVO-10_2024-09-10_15-21-32_png_2024-09-10_15-21-32.webp.webp?fit=1200%2C675&ssl=1&resize=350%2C200 1x, https:\/\/i0.wp.com\/noticiasribeiraopreto.com.br\/wp-content\/uploads\/2024\/09\/Copia-de-Copia-de-Copia-de-TAMANHO-EXATO-PARA-FOTOS-NO-SISTEMA-NOVO-10_2024-09-10_15-21-32_png_2024-09-10_15-21-32.webp.webp?fit=1200%2C675&ssl=1&resize=525%2C300 1.5x, https:\/\/i0.wp.com\/noticiasribeiraopreto.com.br\/wp-content\/uploads\/2024\/09\/Copia-de-Copia-de-Copia-de-TAMANHO-EXATO-PARA-FOTOS-NO-SISTEMA-NOVO-10_2024-09-10_15-21-32_png_2024-09-10_15-21-32.webp.webp?fit=1200%2C675&ssl=1&resize=700%2C400 2x, https:\/\/i0.wp.com\/noticiasribeiraopreto.com.br\/wp-content\/uploads\/2024\/09\/Copia-de-Copia-de-Copia-de-TAMANHO-EXATO-PARA-FOTOS-NO-SISTEMA-NOVO-10_2024-09-10_15-21-32_png_2024-09-10_15-21-32.webp.webp?fit=1200%2C675&ssl=1&resize=1050%2C600 3x"},"classes":[]},{"id":77316,"url":"https:\/\/noticiasribeiraopreto.com.br\/index.php\/2025\/09\/16\/video-caminhoneiro-com-400-kg-de-cocaina-e-preso-na-regiao\/","url_meta":{"origin":73584,"position":4},"title":"V\u00cdDEO &#8211; Caminhoneiro com 400 kg de coca\u00edna \u00e9 preso na regi\u00e3o","author":"noticiasribeiraopreto.com.br","date":"16 de September de 2025","format":false,"excerpt":"Homem transportava a droga embarcada em Cuiab\u00e1 (MT) para a cidade de Rio Claro (SP) 16 de setembro de 2025 10:1316 de setembro de 2025 10:148 Compartilhar1 Por: Adalberto Luque Um homem foi preso, no final da tarde desta segunda-feira (15), ap\u00f3s ser flagrado transportando 400 quilos de coca\u00edna em\u2026","rel":"","context":"In &quot;Not\u00edcias de Ribeir\u00e3o Preto-SP e Regi\u00e3o&quot;","block_context":{"text":"Not\u00edcias de Ribeir\u00e3o Preto-SP e Regi\u00e3o","link":"https:\/\/noticiasribeiraopreto.com.br\/index.php\/category\/noticias-de-ribeirao-preto-sp-e-regiao-ismael-colosi\/"},"img":{"alt_text":"","src":"https:\/\/i0.wp.com\/noticiasribeiraopreto.com.br\/wp-content\/uploads\/2025\/09\/16-set-2025-drogasregiao1.jpg?fit=751%2C780&ssl=1&resize=350%2C200","width":350,"height":200,"srcset":"https:\/\/i0.wp.com\/noticiasribeiraopreto.com.br\/wp-content\/uploads\/2025\/09\/16-set-2025-drogasregiao1.jpg?fit=751%2C780&ssl=1&resize=350%2C200 1x, https:\/\/i0.wp.com\/noticiasribeiraopreto.com.br\/wp-content\/uploads\/2025\/09\/16-set-2025-drogasregiao1.jpg?fit=751%2C780&ssl=1&resize=525%2C300 1.5x, https:\/\/i0.wp.com\/noticiasribeiraopreto.com.br\/wp-content\/uploads\/2025\/09\/16-set-2025-drogasregiao1.jpg?fit=751%2C780&ssl=1&resize=700%2C400 2x"},"classes":[]},{"id":58963,"url":"https:\/\/noticiasribeiraopreto.com.br\/index.php\/2024\/10\/10\/homem-e-preso-em-condominio-de-luxo-em-ribeirao-preto\/","url_meta":{"origin":73584,"position":5},"title":"Homem \u00e9 preso em condom\u00ednio de luxo em Ribeir\u00e3o Preto","author":"noticiasribeiraopreto.com.br","date":"10 de October de 2024","format":false,"excerpt":"Um homem, de 23 anos, foi preso na manh\u00e3 desta quinta-feira (10) em um condom\u00ednio de luxo no distrito de Bonfim Paulista, em Ribeir\u00e3o Preto. De acordo com a Pol\u00edcia Civil, ele \u00e9 acusado de pirataria e lavagem de dinheiro. O suspeito, que n\u00e3o teve o nome divulgado, foi preso\u2026","rel":"","context":"In &quot;Not\u00edcias de Ribeir\u00e3o Preto-SP e Regi\u00e3o&quot;","block_context":{"text":"Not\u00edcias de Ribeir\u00e3o Preto-SP e Regi\u00e3o","link":"https:\/\/noticiasribeiraopreto.com.br\/index.php\/category\/noticias-de-ribeirao-preto-sp-e-regiao-ismael-colosi\/"},"img":{"alt_text":"","src":"https:\/\/i0.wp.com\/noticiasribeiraopreto.com.br\/wp-content\/uploads\/2024\/10\/bonfim-preso_2024-10-10_17-07-06_jpeg_2024-10-10_17-07-06.webp.webp?fit=1200%2C674&ssl=1&resize=350%2C200","width":350,"height":200,"srcset":"https:\/\/i0.wp.com\/noticiasribeiraopreto.com.br\/wp-content\/uploads\/2024\/10\/bonfim-preso_2024-10-10_17-07-06_jpeg_2024-10-10_17-07-06.webp.webp?fit=1200%2C674&ssl=1&resize=350%2C200 1x, https:\/\/i0.wp.com\/noticiasribeiraopreto.com.br\/wp-content\/uploads\/2024\/10\/bonfim-preso_2024-10-10_17-07-06_jpeg_2024-10-10_17-07-06.webp.webp?fit=1200%2C674&ssl=1&resize=525%2C300 1.5x, https:\/\/i0.wp.com\/noticiasribeiraopreto.com.br\/wp-content\/uploads\/2024\/10\/bonfim-preso_2024-10-10_17-07-06_jpeg_2024-10-10_17-07-06.webp.webp?fit=1200%2C674&ssl=1&resize=700%2C400 2x, https:\/\/i0.wp.com\/noticiasribeiraopreto.com.br\/wp-content\/uploads\/2024\/10\/bonfim-preso_2024-10-10_17-07-06_jpeg_2024-10-10_17-07-06.webp.webp?fit=1200%2C674&ssl=1&resize=1050%2C600 3x"},"classes":[]}],"jetpack_sharing_enabled":true,"jetpack_shortlink":"https:\/\/wp.me\/peQAOb-j8Q","_links":{"self":[{"href":"https:\/\/noticiasribeiraopreto.com.br\/index.php\/wp-json\/wp\/v2\/posts\/73584","targetHints":{"allow":["GET"]}}],"collection":[{"href":"https:\/\/noticiasribeiraopreto.com.br\/index.php\/wp-json\/wp\/v2\/posts"}],"about":[{"href":"https:\/\/noticiasribeiraopreto.com.br\/index.php\/wp-json\/wp\/v2\/types\/post"}],"author":[{"embeddable":true,"href":"https:\/\/noticiasribeiraopreto.com.br\/index.php\/wp-json\/wp\/v2\/users\/1"}],"replies":[{"embeddable":true,"href":"https:\/\/noticiasribeiraopreto.com.br\/index.php\/wp-json\/wp\/v2\/comments?post=73584"}],"version-history":[{"count":0,"href":"https:\/\/noticiasribeiraopreto.com.br\/index.php\/wp-json\/wp\/v2\/posts\/73584\/revisions"}],"wp:featuredmedia":[{"embeddable":true,"href":"https:\/\/noticiasribeiraopreto.com.br\/index.php\/wp-json\/wp\/v2\/media\/73585"}],"wp:attachment":[{"href":"https:\/\/noticiasribeiraopreto.com.br\/index.php\/wp-json\/wp\/v2\/media?parent=73584"}],"wp:term":[{"taxonomy":"category","embeddable":true,"href":"https:\/\/noticiasribeiraopreto.com.br\/index.php\/wp-json\/wp\/v2\/categories?post=73584"},{"taxonomy":"post_tag","embeddable":true,"href":"https:\/\/noticiasribeiraopreto.com.br\/index.php\/wp-json\/wp\/v2\/tags?post=73584"}],"curies":[{"name":"wp","href":"https:\/\/api.w.org\/{rel}","templated":true}]}}