{"id":73588,"date":"2025-07-05T11:15:34","date_gmt":"2025-07-05T14:15:34","guid":{"rendered":"https:\/\/noticiasribeiraopreto.com.br\/index.php\/2025\/07\/05\/baep-apreende-95-kg-de-crack-e-prende-homem-na-zona-norte-de-ribeirao-preto-video\/"},"modified":"2025-07-05T11:15:34","modified_gmt":"2025-07-05T14:15:34","slug":"baep-apreende-95-kg-de-crack-e-prende-homem-na-zona-norte-de-ribeirao-preto-video","status":"publish","type":"post","link":"https:\/\/noticiasribeiraopreto.com.br\/index.php\/2025\/07\/05\/baep-apreende-95-kg-de-crack-e-prende-homem-na-zona-norte-de-ribeirao-preto-video\/","title":{"rendered":"Baep apreende 95 kg de crack e prende homem na zona Norte de Ribeir\u00e3o Preto; V\u00eddeo"},"content":{"rendered":"<div class='code-block code-block-1' style='margin: 8px 0 8px auto; text-align: right; display: block; clear: both;'>\n<p><a href=\"https:\/\/wa.link\/vpicfd\"><img data-recalc-dims=\"1\" class=\"wp-image-4922\" style=\"aspect-ratio: 2.0253164556962027; width: 561px; height: auto;\" src=\"https:\/\/i0.wp.com\/ismaelcolosi.com.br\/wp-content\/uploads\/2023\/11\/grupo-de-empregos-whatsapp-e-facebook-ismael-colosi-vagas.jpg?ssl=1\" alt=\"\" \/><\/a><\/p>\n<!-- \/wp:image -->\n<\/div>\n<p> <br \/>\n<\/p>\n<div data-td-block-uid=\"tdi_95\">\n<div class=\"tdb-block-inner td-fix-index\">\n<p><strong>O Baep (Batalh\u00e3o de A\u00e7\u00f5es Especiais de Pol\u00edcia) apreendeu 95 quilos de crack e prendeu um homem na madrugada deste s\u00e1bado (5), no bairro Quintino Facci II, zona Norte de Ribeir\u00e3o Preto.<\/strong><\/p>\n<p>Segundo a pol\u00edcia, ap\u00f3s <strong>den\u00fancia<\/strong>, o <strong>homem <\/strong>foi <strong>encontrado <\/strong>nos <strong>fundos <\/strong>de um <strong>bar <\/strong>de sua <strong>propriedade<\/strong>.<\/p>\n<p>A pol\u00edcia disse que ele negou a pr\u00e1tica de tr\u00e1fico de drogas, por\u00e9m demonstrou bastante nervosismo.<\/p>\n<p>Ainda de acordo com o Baep, os agentes foram at\u00e9 a casa dele, que fica pr\u00f3xima do bar no mesmo bairro, onde a droga foi encontrada. Ao todo, foram apreendidos 90 tijolos de crack.<\/p>\n<p>A ocorr\u00eancia foi registrada como flagrante de tr\u00e1fico de drogas na CPJ (Central de Pol\u00edcia Judici\u00e1ria) Permanente.<\/p>\n<p>SAIBA MAIS<\/p>\n<p>Peregrinos da regi\u00e3o de Ribeir\u00e3o Preto perdem R$ 464 mil ap\u00f3s golpe de ag\u00eancia de viagens<\/p>\n<h2 class=\"wp-block-heading\"><strong>FIQUE ON<\/strong><\/h2>\n<p>Quer ficar por dentro de tudo que acontece em Ribeir\u00e3o Preto e regi\u00e3o? Ent\u00e3o siga os perfis do\u202facidade on\u202fno\u202f<a href=\"https:\/\/www.instagram.com\/acidadeonribeirao\" target=\"_blank\" rel=\"noreferrer noopener\">Instagram<\/a>\u202fe no\u202f<a href=\"https:\/\/www.facebook.com\/acidadeonribeirao\/\" target=\"_blank\" rel=\"noreferrer noopener\">Facebook<\/a>.<\/p>\n<p>Al\u00e9m disso, voc\u00ea pode receber as principais not\u00edcias diretamente no WhatsApp. Para isso, basta\u00a0<a href=\"https:\/\/chat.whatsapp.com\/BjKQZ9oJwlz8VVT50NuePq\" target=\"_blank\" rel=\"noreferrer noopener\">entrar no grupo clicando aqui<\/a>.<\/p>\n<p>Por fim, se quiser fazer uma den\u00fancia ou sugerir uma reportagem sobre Ribeir\u00e3o Preto e regi\u00e3o, envie uma mensagem pelo WhatsApp: (16) 99117-7802.<\/p>\n<p>VEJA TAMB\u00c9M<\/p>\n<p>Qual foi o objeto interestelar captado pela NASA?<\/p>\n<p><!-- AI CONTENT END 1 -->\n<\/div>\n<\/div>\n<p><script async src=\"\/\/www.instagram.com\/embed.js\"><\/script><br \/>\n<br \/><br \/>\n<br \/><a href=\"https:\/\/www.acidadeon.com\/ribeiraopreto\/cotidiano\/baep-apreende-95-kg-de-crack-e-prende-homem-na-zona-norte-de-ribeirao-preto-video\/\">Source link <\/a><\/p>\n<!-- CONTENT END 1 -->\n","protected":false},"excerpt":{"rendered":"<p>O Baep (Batalh\u00e3o de A\u00e7\u00f5es Especiais de Pol\u00edcia) apreendeu 95 quilos de crack e prendeu um homem na madrugada deste s\u00e1bado (5), no bairro Quintino&#8230;<\/p>\n","protected":false},"author":1,"featured_media":73589,"comment_status":"open","ping_status":"open","sticky":false,"template":"","format":"standard","meta":{"advanced_seo_description":"","jetpack_seo_html_title":"","jetpack_seo_noindex":false,"jetpack_post_was_ever_published":false,"_jetpack_newsletter_access":"","_jetpack_dont_email_post_to_subs":false,"_jetpack_newsletter_tier_id":0,"_jetpack_memberships_contains_paywalled_content":false,"_jetpack_memberships_contains_paid_content":false,"footnotes":"","jetpack_publicize_message":"","jetpack_publicize_feature_enabled":true,"jetpack_social_post_already_shared":true,"jetpack_social_options":{"image_generator_settings":{"template":"highway","default_image_id":0,"font":"","enabled":false},"version":2}},"categories":[11],"tags":[],"class_list":["post-73588","post","type-post","status-publish","format-standard","has-post-thumbnail","hentry","category-noticias-de-ribeirao-preto-sp-e-regiao-ismael-colosi"],"jetpack_publicize_connections":[],"jetpack_featured_media_url":"https:\/\/i0.wp.com\/noticiasribeiraopreto.com.br\/wp-content\/uploads\/2025\/07\/DROGAS_2025-07-05_12-53-45.webp.webp?fit=1200%2C712&ssl=1","jetpack-related-posts":[{"id":34326,"url":"https:\/\/noticiasribeiraopreto.com.br\/index.php\/2024\/02\/01\/utm_sourcerssutm_mediumrssutm_campaignbaep-prende-traficante-no-quintino-facci-ii\/","url_meta":{"origin":73588,"position":0},"title":"BAEP prende traficante no Quintino Facci II \u2013 X Tudo Ribeir\u00e3o","author":"noticiasribeiraopreto.com.br","date":"1 de February de 2024","format":false,"excerpt":"Um traficante foi preso com uma sacola de drogas pela equipe do 11\u00ba BAEP (Batalh\u00e3o de A\u00e7\u00f5es Especiais de Pol\u00edcia), no bairro Quintino Facci II, na zona Norte de Ribeir\u00e3o Preto Segundo informa\u00e7\u00f5es da Pol\u00edcia, durante o patrulhamento ostensivo pela regi\u00e3o, os PMs depararam com acusado com uma sacola nas\u2026","rel":"","context":"In &quot;Not\u00edcias de Ribeir\u00e3o Preto-SP e Regi\u00e3o&quot;","block_context":{"text":"Not\u00edcias de Ribeir\u00e3o Preto-SP e Regi\u00e3o","link":"https:\/\/noticiasribeiraopreto.com.br\/index.php\/category\/noticias-de-ribeirao-preto-sp-e-regiao-ismael-colosi\/"},"img":{"alt_text":"","src":"https:\/\/i0.wp.com\/noticiasribeiraopreto.com.br\/wp-content\/uploads\/2024\/02\/00-01-fev-2024-apreensao-baep-foto-divulgacao-1024x768-1.jpg?fit=1024%2C768&ssl=1&resize=350%2C200","width":350,"height":200,"srcset":"https:\/\/i0.wp.com\/noticiasribeiraopreto.com.br\/wp-content\/uploads\/2024\/02\/00-01-fev-2024-apreensao-baep-foto-divulgacao-1024x768-1.jpg?fit=1024%2C768&ssl=1&resize=350%2C200 1x, https:\/\/i0.wp.com\/noticiasribeiraopreto.com.br\/wp-content\/uploads\/2024\/02\/00-01-fev-2024-apreensao-baep-foto-divulgacao-1024x768-1.jpg?fit=1024%2C768&ssl=1&resize=525%2C300 1.5x, https:\/\/i0.wp.com\/noticiasribeiraopreto.com.br\/wp-content\/uploads\/2024\/02\/00-01-fev-2024-apreensao-baep-foto-divulgacao-1024x768-1.jpg?fit=1024%2C768&ssl=1&resize=700%2C400 2x"},"classes":[]},{"id":42378,"url":"https:\/\/noticiasribeiraopreto.com.br\/index.php\/2024\/03\/14\/baep-apreende-25-kg-de-drogas-na-zona-norte\/","url_meta":{"origin":73588,"position":1},"title":"BAEP apreende 25 kg de drogas na zona Norte","author":"noticiasribeiraopreto.com.br","date":"14 de March de 2024","format":false,"excerpt":"A\u00e7\u00f5es ocorreram nos bairros Jardim Salgado Filho 1 e 2 14 de mar\u00e7o de 2024 | 11:16 0Por: Adalberto LuqueEm duas a\u00e7\u00f5es distintas, realizadas nesta quarta-feira (13), o Batalh\u00e3o de A\u00e7\u00f5es Especiais de Pol\u00edcia (BAEP) apreendeu quase 25 quilos de drogas em duas opera\u00e7\u00f5es. As a\u00e7\u00f5es ocorreram em bairros da\u2026","rel":"","context":"In &quot;Not\u00edcias de Ribeir\u00e3o Preto-SP e Regi\u00e3o&quot;","block_context":{"text":"Not\u00edcias de Ribeir\u00e3o Preto-SP e Regi\u00e3o","link":"https:\/\/noticiasribeiraopreto.com.br\/index.php\/category\/noticias-de-ribeirao-preto-sp-e-regiao-ismael-colosi\/"},"img":{"alt_text":"","src":"https:\/\/i0.wp.com\/noticiasribeiraopreto.com.br\/wp-content\/uploads\/2024\/03\/00-14-mar-2024-Drogas-Salgado-Filho-02-foto-baep-scaled.jpg?fit=1000%2C573&ssl=1&resize=350%2C200","width":350,"height":200,"srcset":"https:\/\/i0.wp.com\/noticiasribeiraopreto.com.br\/wp-content\/uploads\/2024\/03\/00-14-mar-2024-Drogas-Salgado-Filho-02-foto-baep-scaled.jpg?fit=1000%2C573&ssl=1&resize=350%2C200 1x, https:\/\/i0.wp.com\/noticiasribeiraopreto.com.br\/wp-content\/uploads\/2024\/03\/00-14-mar-2024-Drogas-Salgado-Filho-02-foto-baep-scaled.jpg?fit=1000%2C573&ssl=1&resize=525%2C300 1.5x, https:\/\/i0.wp.com\/noticiasribeiraopreto.com.br\/wp-content\/uploads\/2024\/03\/00-14-mar-2024-Drogas-Salgado-Filho-02-foto-baep-scaled.jpg?fit=1000%2C573&ssl=1&resize=700%2C400 2x"},"classes":[]},{"id":71832,"url":"https:\/\/noticiasribeiraopreto.com.br\/index.php\/2025\/06\/10\/jovem-e-baleado-durante-operacao-do-baep-na-zona-norte-de-ribeirao-preto\/","url_meta":{"origin":73588,"position":2},"title":"Jovem \u00e9 baleado durante opera\u00e7\u00e3o do Baep na zona Norte de Ribeir\u00e3o Preto","author":"noticiasribeiraopreto.com.br","date":"10 de June de 2025","format":false,"excerpt":"Um jovem de 19 anos foi baleado na manh\u00e3 desta ter\u00e7a-feira (10), durante uma opera\u00e7\u00e3o do 11\u00ba Baep (Batalh\u00e3o de A\u00e7\u00f5es Especiais de Pol\u00edcia) contra o tr\u00e1fico de drogas, no bairro Adelino Simioni, zona Norte de Ribeir\u00e3o Preto. Segundo as primeiras informa\u00e7\u00f5es, a a\u00e7\u00e3o envolvia uma equipe do Canil do\u2026","rel":"","context":"In &quot;Not\u00edcias de Ribeir\u00e3o Preto-SP e Regi\u00e3o&quot;","block_context":{"text":"Not\u00edcias de Ribeir\u00e3o Preto-SP e Regi\u00e3o","link":"https:\/\/noticiasribeiraopreto.com.br\/index.php\/category\/noticias-de-ribeirao-preto-sp-e-regiao-ismael-colosi\/"},"img":{"alt_text":"","src":"https:\/\/i0.wp.com\/noticiasribeiraopreto.com.br\/wp-content\/uploads\/2025\/06\/BAEP_2025-06-10_15-31-20.webp.webp?fit=1200%2C982&ssl=1&resize=350%2C200","width":350,"height":200,"srcset":"https:\/\/i0.wp.com\/noticiasribeiraopreto.com.br\/wp-content\/uploads\/2025\/06\/BAEP_2025-06-10_15-31-20.webp.webp?fit=1200%2C982&ssl=1&resize=350%2C200 1x, https:\/\/i0.wp.com\/noticiasribeiraopreto.com.br\/wp-content\/uploads\/2025\/06\/BAEP_2025-06-10_15-31-20.webp.webp?fit=1200%2C982&ssl=1&resize=525%2C300 1.5x, https:\/\/i0.wp.com\/noticiasribeiraopreto.com.br\/wp-content\/uploads\/2025\/06\/BAEP_2025-06-10_15-31-20.webp.webp?fit=1200%2C982&ssl=1&resize=700%2C400 2x, https:\/\/i0.wp.com\/noticiasribeiraopreto.com.br\/wp-content\/uploads\/2025\/06\/BAEP_2025-06-10_15-31-20.webp.webp?fit=1200%2C982&ssl=1&resize=1050%2C600 3x"},"classes":[]},{"id":71810,"url":"https:\/\/noticiasribeiraopreto.com.br\/index.php\/2025\/06\/10\/jovem-e-baleado-em-operacao-do-baep-contra-o-trafico-de-drogas\/","url_meta":{"origin":73588,"position":3},"title":"Jovem \u00e9 baleado em opera\u00e7\u00e3o do BAEP contra o tr\u00e1fico de drogas","author":"noticiasribeiraopreto.com.br","date":"10 de June de 2025","format":false,"excerpt":"10 de junho de 2025 13:575 Compartilhar0 Um jovem de 19 anos foi baleado na manh\u00e3 desta ter\u00e7a-feira (10) durante uma a\u00e7\u00e3o do 11\u00ba Batalh\u00e3o de A\u00e7\u00f5es Especiais de Pol\u00edcia (BAEP), no bairro Adelino Simioni, zona Norte de Ribeir\u00e3o Preto. A opera\u00e7\u00e3o tinha como alvo o combate ao tr\u00e1fico de\u2026","rel":"","context":"In &quot;Not\u00edcias de Ribeir\u00e3o Preto-SP e Regi\u00e3o&quot;","block_context":{"text":"Not\u00edcias de Ribeir\u00e3o Preto-SP e Regi\u00e3o","link":"https:\/\/noticiasribeiraopreto.com.br\/index.php\/category\/noticias-de-ribeirao-preto-sp-e-regiao-ismael-colosi\/"},"img":{"alt_text":"","src":"https:\/\/i0.wp.com\/noticiasribeiraopreto.com.br\/wp-content\/uploads\/2025\/06\/baep_simioni-scaled.jpeg?fit=800%2C450&ssl=1&resize=350%2C200","width":350,"height":200,"srcset":"https:\/\/i0.wp.com\/noticiasribeiraopreto.com.br\/wp-content\/uploads\/2025\/06\/baep_simioni-scaled.jpeg?fit=800%2C450&ssl=1&resize=350%2C200 1x, https:\/\/i0.wp.com\/noticiasribeiraopreto.com.br\/wp-content\/uploads\/2025\/06\/baep_simioni-scaled.jpeg?fit=800%2C450&ssl=1&resize=525%2C300 1.5x, https:\/\/i0.wp.com\/noticiasribeiraopreto.com.br\/wp-content\/uploads\/2025\/06\/baep_simioni-scaled.jpeg?fit=800%2C450&ssl=1&resize=700%2C400 2x"},"classes":[]},{"id":78225,"url":"https:\/\/noticiasribeiraopreto.com.br\/index.php\/2025\/10\/07\/baep-apreende-300-kg-de-cocaina\/","url_meta":{"origin":73588,"position":4},"title":"BAEP apreende 300 kg de coca\u00edna","author":"noticiasribeiraopreto.com.br","date":"7 de October de 2025","format":false,"excerpt":"Tijolos de pasta base, avaliados em R$ 21 milh\u00f5es, foram localizados em ve\u00edculo suspeito de envolvimento em furto 7 de outubro de 2025 09:5923 Compartilhar2 Por: Adalberto Luque Uma carga de drogas avaliada em R$ 21 milh\u00f5es foi apreendida nesta segunda-feira (6). A droga foi localizada por equipes do Batalh\u00e3o\u2026","rel":"","context":"In &quot;Not\u00edcias de Ribeir\u00e3o Preto-SP e Regi\u00e3o&quot;","block_context":{"text":"Not\u00edcias de Ribeir\u00e3o Preto-SP e Regi\u00e3o","link":"https:\/\/noticiasribeiraopreto.com.br\/index.php\/category\/noticias-de-ribeirao-preto-sp-e-regiao-ismael-colosi\/"},"img":{"alt_text":"","src":"https:\/\/i0.wp.com\/noticiasribeiraopreto.com.br\/wp-content\/uploads\/2025\/10\/07-out-2025-apreensaobaep-scaled.png?fit=1040%2C780&ssl=1&resize=350%2C200","width":350,"height":200,"srcset":"https:\/\/i0.wp.com\/noticiasribeiraopreto.com.br\/wp-content\/uploads\/2025\/10\/07-out-2025-apreensaobaep-scaled.png?fit=1040%2C780&ssl=1&resize=350%2C200 1x, https:\/\/i0.wp.com\/noticiasribeiraopreto.com.br\/wp-content\/uploads\/2025\/10\/07-out-2025-apreensaobaep-scaled.png?fit=1040%2C780&ssl=1&resize=525%2C300 1.5x, https:\/\/i0.wp.com\/noticiasribeiraopreto.com.br\/wp-content\/uploads\/2025\/10\/07-out-2025-apreensaobaep-scaled.png?fit=1040%2C780&ssl=1&resize=700%2C400 2x"},"classes":[]},{"id":79729,"url":"https:\/\/noticiasribeiraopreto.com.br\/index.php\/2025\/11\/06\/baep-apreende-mais-r-14-milhao-em-droga-e-prende-mulher-em-ribeirao-preto\/","url_meta":{"origin":73588,"position":5},"title":"Baep apreende mais R$ 1,4 milh\u00e3o em droga e prende mulher em Ribeir\u00e3o Preto","author":"noticiasribeiraopreto.com.br","date":"6 de November de 2025","format":false,"excerpt":"O 11\u00ba Baep (Batalh\u00e3o de A\u00e7\u00f5es Especiais de Pol\u00edcia) apreendeu, nesta quinta-feira (6), 67 tijolos de crack avaliados em aproximadamente R$ 1,4 milh\u00e3o, em Ribeir\u00e3o Preto. A droga estava em um carro conduzido por uma mulher, que disse ser funcion\u00e1ria p\u00fablica e acabou presa por tr\u00e1fico de drogas. Essa \u00e9\u2026","rel":"","context":"In &quot;Not\u00edcias de Ribeir\u00e3o Preto-SP e Regi\u00e3o&quot;","block_context":{"text":"Not\u00edcias de Ribeir\u00e3o Preto-SP e Regi\u00e3o","link":"https:\/\/noticiasribeiraopreto.com.br\/index.php\/category\/noticias-de-ribeirao-preto-sp-e-regiao-ismael-colosi\/"},"img":{"alt_text":"","src":"https:\/\/i0.wp.com\/noticiasribeiraopreto.com.br\/wp-content\/uploads\/2025\/11\/WhatsApp-Image-2025-11-06-at-14.12.46_2025-11-06_17-45-58-e1762451232270.webp.webp?fit=1120%2C675&ssl=1&resize=350%2C200","width":350,"height":200,"srcset":"https:\/\/i0.wp.com\/noticiasribeiraopreto.com.br\/wp-content\/uploads\/2025\/11\/WhatsApp-Image-2025-11-06-at-14.12.46_2025-11-06_17-45-58-e1762451232270.webp.webp?fit=1120%2C675&ssl=1&resize=350%2C200 1x, https:\/\/i0.wp.com\/noticiasribeiraopreto.com.br\/wp-content\/uploads\/2025\/11\/WhatsApp-Image-2025-11-06-at-14.12.46_2025-11-06_17-45-58-e1762451232270.webp.webp?fit=1120%2C675&ssl=1&resize=525%2C300 1.5x, https:\/\/i0.wp.com\/noticiasribeiraopreto.com.br\/wp-content\/uploads\/2025\/11\/WhatsApp-Image-2025-11-06-at-14.12.46_2025-11-06_17-45-58-e1762451232270.webp.webp?fit=1120%2C675&ssl=1&resize=700%2C400 2x, https:\/\/i0.wp.com\/noticiasribeiraopreto.com.br\/wp-content\/uploads\/2025\/11\/WhatsApp-Image-2025-11-06-at-14.12.46_2025-11-06_17-45-58-e1762451232270.webp.webp?fit=1120%2C675&ssl=1&resize=1050%2C600 3x"},"classes":[]}],"jetpack_sharing_enabled":true,"jetpack_shortlink":"https:\/\/wp.me\/peQAOb-j8U","_links":{"self":[{"href":"https:\/\/noticiasribeiraopreto.com.br\/index.php\/wp-json\/wp\/v2\/posts\/73588","targetHints":{"allow":["GET"]}}],"collection":[{"href":"https:\/\/noticiasribeiraopreto.com.br\/index.php\/wp-json\/wp\/v2\/posts"}],"about":[{"href":"https:\/\/noticiasribeiraopreto.com.br\/index.php\/wp-json\/wp\/v2\/types\/post"}],"author":[{"embeddable":true,"href":"https:\/\/noticiasribeiraopreto.com.br\/index.php\/wp-json\/wp\/v2\/users\/1"}],"replies":[{"embeddable":true,"href":"https:\/\/noticiasribeiraopreto.com.br\/index.php\/wp-json\/wp\/v2\/comments?post=73588"}],"version-history":[{"count":0,"href":"https:\/\/noticiasribeiraopreto.com.br\/index.php\/wp-json\/wp\/v2\/posts\/73588\/revisions"}],"wp:featuredmedia":[{"embeddable":true,"href":"https:\/\/noticiasribeiraopreto.com.br\/index.php\/wp-json\/wp\/v2\/media\/73589"}],"wp:attachment":[{"href":"https:\/\/noticiasribeiraopreto.com.br\/index.php\/wp-json\/wp\/v2\/media?parent=73588"}],"wp:term":[{"taxonomy":"category","embeddable":true,"href":"https:\/\/noticiasribeiraopreto.com.br\/index.php\/wp-json\/wp\/v2\/categories?post=73588"},{"taxonomy":"post_tag","embeddable":true,"href":"https:\/\/noticiasribeiraopreto.com.br\/index.php\/wp-json\/wp\/v2\/tags?post=73588"}],"curies":[{"name":"wp","href":"https:\/\/api.w.org\/{rel}","templated":true}]}}