{"id":73590,"date":"2025-07-05T11:24:18","date_gmt":"2025-07-05T14:24:18","guid":{"rendered":"https:\/\/noticiasribeiraopreto.com.br\/index.php\/2025\/07\/05\/o-que-e-o-implanon-sus-vai-oferecer-novo-implante-contraceptivo-a-partir-de-2025\/"},"modified":"2025-07-05T11:24:18","modified_gmt":"2025-07-05T14:24:18","slug":"o-que-e-o-implanon-sus-vai-oferecer-novo-implante-contraceptivo-a-partir-de-2025","status":"publish","type":"post","link":"https:\/\/noticiasribeiraopreto.com.br\/index.php\/2025\/07\/05\/o-que-e-o-implanon-sus-vai-oferecer-novo-implante-contraceptivo-a-partir-de-2025\/","title":{"rendered":"O que \u00e9 o Implanon? SUS vai oferecer novo implante contraceptivo a partir de 2025"},"content":{"rendered":"<div class='code-block code-block-1' style='margin: 8px 0 8px auto; text-align: right; display: block; clear: both;'>\n<p><a href=\"https:\/\/wa.link\/vpicfd\"><img data-recalc-dims=\"1\" class=\"wp-image-4922\" style=\"aspect-ratio: 2.0253164556962027; width: 561px; height: auto;\" src=\"https:\/\/i0.wp.com\/ismaelcolosi.com.br\/wp-content\/uploads\/2023\/11\/grupo-de-empregos-whatsapp-e-facebook-ismael-colosi-vagas.jpg?ssl=1\" alt=\"\" \/><\/a><\/p>\n<!-- \/wp:image -->\n<\/div>\n<p> <br \/>\n<\/p>\n<div>\n<p>O <strong>Sistema \u00danico de Sa\u00fade (SUS)<\/strong> come\u00e7ar\u00e1 a oferecer o <strong>Implanon<\/strong>, um implante contraceptivo hormonal de longa dura\u00e7\u00e3o, de forma gratuita \u00e0s mulheres brasileiras. <strong>A previs\u00e3o \u00e9 que o m\u00e9todo esteja dispon\u00edvel na rede p\u00fablica a partir do segundo semestre de 2025.<\/strong><\/p>\n<p>O Minist\u00e9rio da Sa\u00fade anunciou a inclus\u00e3o do Implanon na lista de m\u00e9todos contraceptivos oferecidos pelo SUS ap\u00f3s a aprova\u00e7\u00e3o da Comiss\u00e3o Nacional de Incorpora\u00e7\u00e3o de Tecnologias no SUS (Conitec).<\/p>\n<p>Fabricado pela empresa Organon, o <strong>Implanon<\/strong> <strong>\u00e9 um bastonete fino e flex\u00edvel<\/strong>, com cerca de <strong>4 cm de comprimento<\/strong>, que cont\u00e9m o <strong>horm\u00f4nio etonogestrel<\/strong>, da classe dos progestag\u00eanios. <strong>O dispositivo \u00e9 inserido sob a pele do bra\u00e7o<\/strong>, em procedimento simples realizado por m\u00e9dicos ou enfermeiros capacitados.<\/p>\n<p>Ap\u00f3s a aplica\u00e7\u00e3o, o<strong> implante libera lentamente o horm\u00f4nio na corrente sangu\u00ednea<\/strong>, <strong>inibindo a ovula\u00e7\u00e3o<\/strong> e <strong>dificultando a entrada dos espermatozoides no \u00fatero<\/strong>. Com dura\u00e7\u00e3o de at\u00e9 <strong>tr\u00eas anos<\/strong>, o Implanon apresenta efic\u00e1cia semelhante \u00e0 da p\u00edlula anticoncepcional, por\u00e9m com a vantagem de n\u00e3o exigir uso di\u00e1rio.<\/p>\n<p><strong>Ao final do per\u00edodo de tr\u00eas anos<\/strong>, o bastonete pode ser <strong>retirado <\/strong>e <strong>substitu\u00eddo<\/strong>, se necess\u00e1rio. <mark style=\"background-color:#fcb900\" class=\"has-inline-color\">A fertilidade retorna normalmente ap\u00f3s a remo\u00e7\u00e3o do implante.<\/mark><\/p>\n<h3 class=\"wp-block-heading\"><strong>Distribui\u00e7\u00e3o e expectativa do governo<\/strong><\/h3>\n<p><strong>O Minist\u00e9rio da Sa\u00fade prev\u00ea a distribui\u00e7\u00e3o de 500 mil unidades do Implanon em 2025.<\/strong> A meta \u00e9 alcan\u00e7ar 1,8 milh\u00e3o de implantes at\u00e9 o fim de 2026. O investimento estimado \u00e9 de <strong>R$ 245 milh\u00f5es<\/strong>. No setor privado, o custo do<strong> Implanon varia entre R$ 2 mil e R$ 4 mil por unidade.<\/strong><\/p>\n<p><strong>Uma portaria oficializar\u00e1 a medida nos pr\u00f3ximos dias.<\/strong> A partir disso, o SUS ter\u00e1 at\u00e9 180 dias para iniciar a implementa\u00e7\u00e3o do m\u00e9todo, o que inclui a aquisi\u00e7\u00e3o dos insumos, a capacita\u00e7\u00e3o de profissionais e a atualiza\u00e7\u00e3o dos protocolos cl\u00ednicos.<\/p>\n<h3 class=\"wp-block-heading\"><strong>Quais m\u00e9todos contraceptivos o SUS j\u00e1 oferece?<\/strong><\/h3>\n<p>Com a chegada do Implanon, o SUS amplia o leque de m\u00e9todos dispon\u00edveis. Hoje, o sistema oferece gratuitamente:<\/p>\n<ul class=\"wp-block-list\">\n<li>Preservativo externo e interno (com prote\u00e7\u00e3o contra ISTs)<\/li>\n<li>P\u00edlula combinada e p\u00edlula de progestag\u00eanio<\/li>\n<li>Injet\u00e1veis mensais e trimestrais<\/li>\n<li>DIU de cobre<\/li>\n<li>Laqueadura tub\u00e1ria bilateral<\/li>\n<li>Vasectomia<\/li>\n<\/ul>\n<hr class=\"wp-block-separator has-alpha-channel-opacity\"\/>\n<p>SAIBA MAIS<\/p>\n<p>Teatro, Paulo Ricardo e aeromodelismo: o que fazer no fim de semana em Ribeir\u00e3o e regi\u00e3o?<\/p>\n<h4 class=\"wp-block-heading\"><strong>FIQUE ON<\/strong><\/h4>\n<p>Quer ficar por dentro de tudo que acontece em Ribeir\u00e3o Preto e regi\u00e3o? Ent\u00e3o siga os perfis do\u202facidade on\u202fno\u202f<a href=\"https:\/\/www.instagram.com\/acidadeonribeirao\" target=\"_blank\" rel=\"noreferrer noopener\">Instagram<\/a>\u202fe no\u202f<a href=\"https:\/\/www.facebook.com\/acidadeonribeirao\/\" target=\"_blank\" rel=\"noreferrer noopener\">Facebook<\/a>.<\/p>\n<p>Al\u00e9m disso, voc\u00ea pode receber as principais not\u00edcias diretamente no WhatsApp. Para isso, basta\u00a0<a href=\"https:\/\/chat.whatsapp.com\/BjKQZ9oJwlz8VVT50NuePq\" target=\"_blank\" rel=\"noreferrer noopener\">entrar no grupo clicando aqui<\/a>.<\/p>\n<p>Por fim, se quiser fazer uma den\u00fancia ou sugerir uma reportagem sobre Ribeir\u00e3o Preto e regi\u00e3o, envie uma mensagem pelo WhatsApp: (16) 99117-7802.<\/p>\n<p>VEJA TAMB\u00c9M<\/p>\n<p>Quantos anos tinha a m\u00e3e do Pedro Bial?<\/p>\n<p><!-- AI CONTENT END 1 -->\n<\/div>\n<p><script async src=\"\/\/www.instagram.com\/embed.js\"><\/script><br \/>\n<br \/><br \/>\n<br \/><a href=\"https:\/\/www.acidadeon.com\/ribeiraopreto\/cotidiano\/o-que-e-o-implanon-sus-vai-oferecer-novo-implante-contraceptivo-a-partir-de-2025\/\">Source link <\/a><\/p>\n<!-- CONTENT END 1 -->\n","protected":false},"excerpt":{"rendered":"<p>O Sistema \u00danico de Sa\u00fade (SUS) come\u00e7ar\u00e1 a oferecer o Implanon, um implante contraceptivo hormonal de longa dura\u00e7\u00e3o, de forma gratuita \u00e0s mulheres brasileiras. A&#8230;<\/p>\n","protected":false},"author":1,"featured_media":73591,"comment_status":"open","ping_status":"open","sticky":false,"template":"","format":"standard","meta":{"advanced_seo_description":"","jetpack_seo_html_title":"","jetpack_seo_noindex":false,"jetpack_post_was_ever_published":false,"_jetpack_newsletter_access":"","_jetpack_dont_email_post_to_subs":false,"_jetpack_newsletter_tier_id":0,"_jetpack_memberships_contains_paywalled_content":false,"_jetpack_memberships_contains_paid_content":false,"footnotes":"","jetpack_publicize_message":"","jetpack_publicize_feature_enabled":true,"jetpack_social_post_already_shared":true,"jetpack_social_options":{"image_generator_settings":{"template":"highway","default_image_id":0,"font":"","enabled":false},"version":2}},"categories":[11],"tags":[],"class_list":["post-73590","post","type-post","status-publish","format-standard","has-post-thumbnail","hentry","category-noticias-de-ribeirao-preto-sp-e-regiao-ismael-colosi"],"jetpack_publicize_connections":[],"jetpack_featured_media_url":"https:\/\/i0.wp.com\/noticiasribeiraopreto.com.br\/wp-content\/uploads\/2025\/07\/280e56bb-cade-4234-82d5-359324465d48_2025-07-04_19-49-10.webp.webp?fit=768%2C354&ssl=1","jetpack-related-posts":[{"id":76598,"url":"https:\/\/noticiasribeiraopreto.com.br\/index.php\/2025\/09\/01\/implante-contraceptivo-de-r-4-mil-passa-a-ser-obrigatorio-nos-planos-de-saude\/","url_meta":{"origin":73590,"position":0},"title":"Implante contraceptivo de R$ 4 mil passa a ser obrigat\u00f3rio nos planos de sa\u00fade","author":"noticiasribeiraopreto.com.br","date":"1 de September de 2025","format":false,"excerpt":"A partir desta segunda-feira (1\u00ba), planos de sa\u00fade come\u00e7am a oferecer cobertura obrigat\u00f3ria para o implante contraceptivo Implanon, que libera etonogestrel de forma cont\u00ednua. A Ag\u00eancia Nacional de Sa\u00fade Suplementar (ANS) definiu a medida em agosto para mulheres entre 18 e 49 anos como preven\u00e7\u00e3o \u00e0 gravidez n\u00e3o planejada. Caso\u2026","rel":"","context":"In &quot;Not\u00edcias de Ribeir\u00e3o Preto-SP e Regi\u00e3o&quot;","block_context":{"text":"Not\u00edcias de Ribeir\u00e3o Preto-SP e Regi\u00e3o","link":"https:\/\/noticiasribeiraopreto.com.br\/index.php\/category\/noticias-de-ribeirao-preto-sp-e-regiao-ismael-colosi\/"},"img":{"alt_text":"","src":"https:\/\/i0.wp.com\/noticiasribeiraopreto.com.br\/wp-content\/uploads\/2025\/07\/280e56bb-cade-4234-82d5-359324465d48_2025-07-04_19-49-10.webp.webp?fit=768%2C354&ssl=1&resize=350%2C200","width":350,"height":200,"srcset":"https:\/\/i0.wp.com\/noticiasribeiraopreto.com.br\/wp-content\/uploads\/2025\/07\/280e56bb-cade-4234-82d5-359324465d48_2025-07-04_19-49-10.webp.webp?fit=768%2C354&ssl=1&resize=350%2C200 1x, https:\/\/i0.wp.com\/noticiasribeiraopreto.com.br\/wp-content\/uploads\/2025\/07\/280e56bb-cade-4234-82d5-359324465d48_2025-07-04_19-49-10.webp.webp?fit=768%2C354&ssl=1&resize=525%2C300 1.5x, https:\/\/i0.wp.com\/noticiasribeiraopreto.com.br\/wp-content\/uploads\/2025\/07\/280e56bb-cade-4234-82d5-359324465d48_2025-07-04_19-49-10.webp.webp?fit=768%2C354&ssl=1&resize=700%2C400 2x"},"classes":[]},{"id":85190,"url":"https:\/\/noticiasribeiraopreto.com.br\/index.php\/2026\/04\/24\/ribeirao-preto-promove-acao-para-zerar-fila-do-implanon-e-convoca-180-mulheres-para-insercao-de-contraceptivo\/","url_meta":{"origin":73590,"position":1},"title":"Ribeir\u00e3o Preto promove a\u00e7\u00e3o para zerar fila do Implanon e convoca 180 mulheres para inser\u00e7\u00e3o de contraceptivo &#8211; THMais","author":"noticiasribeiraopreto.com.br","date":"24 de April de 2026","format":false,"excerpt":"A Prefeitura de Ribeir\u00e3o Preto, por meio da Secretaria Municipal da Sa\u00fade, realiza neste s\u00e1bado (25) uma a\u00e7\u00e3o para zerar a fila de espera pelo Implanon, contraceptivo subd\u00e9rmico de longa dura\u00e7\u00e3o e alta efic\u00e1cia. A iniciativa ocorrer\u00e1 em duas unidades de sa\u00fade, a UBS Rubens Issa Halak, no Jardim Juliana,\u2026","rel":"","context":"In &quot;Not\u00edcias de Ribeir\u00e3o Preto-SP e Regi\u00e3o&quot;","block_context":{"text":"Not\u00edcias de Ribeir\u00e3o Preto-SP e Regi\u00e3o","link":"https:\/\/noticiasribeiraopreto.com.br\/index.php\/category\/noticias-de-ribeirao-preto-sp-e-regiao-ismael-colosi\/"},"img":{"alt_text":"","src":"https:\/\/i0.wp.com\/noticiasribeiraopreto.com.br\/wp-content\/uploads\/2026\/04\/implanon1.jpg?fit=999%2C666&ssl=1&resize=350%2C200","width":350,"height":200,"srcset":"https:\/\/i0.wp.com\/noticiasribeiraopreto.com.br\/wp-content\/uploads\/2026\/04\/implanon1.jpg?fit=999%2C666&ssl=1&resize=350%2C200 1x, https:\/\/i0.wp.com\/noticiasribeiraopreto.com.br\/wp-content\/uploads\/2026\/04\/implanon1.jpg?fit=999%2C666&ssl=1&resize=525%2C300 1.5x, https:\/\/i0.wp.com\/noticiasribeiraopreto.com.br\/wp-content\/uploads\/2026\/04\/implanon1.jpg?fit=999%2C666&ssl=1&resize=700%2C400 2x"},"classes":[]},{"id":12513,"url":"https:\/\/noticiasribeiraopreto.com.br\/index.php\/2023\/12\/08\/servicos-oferecidos-pelo-sus-que-provavelmente-voce-nao-sabia\/","url_meta":{"origin":73590,"position":2},"title":"Servi\u00e7os oferecidos pelo SUS que provavelmente voc\u00ea n\u00e3o sabia","author":"noticiasribeiraopreto.com.br","date":"8 de December de 2023","format":false,"excerpt":"A maioria das pessoas que recorre ao SUS vai atr\u00e1s de consultas m\u00e9dicas, curativos e vacinas. Mas a lista de servi\u00e7os oferecidos pelo Sistema \u00danico de Sa\u00fade \u00e9 extensa e talvez voc\u00ea n\u00e3o a conhe\u00e7a na totalidade. O SUS \u00e9 um dos maiores e mais complexos sistemas de sa\u00fade p\u00fablica\u2026","rel":"","context":"In &quot;Variedades&quot;","block_context":{"text":"Variedades","link":"https:\/\/noticiasribeiraopreto.com.br\/index.php\/category\/variedades\/"},"img":{"alt_text":"","src":"https:\/\/i0.wp.com\/noticiasribeiraopreto.com.br\/wp-content\/uploads\/2023\/12\/sus-1-scaled.jpg?fit=1200%2C638&ssl=1&resize=350%2C200","width":350,"height":200,"srcset":"https:\/\/i0.wp.com\/noticiasribeiraopreto.com.br\/wp-content\/uploads\/2023\/12\/sus-1-scaled.jpg?fit=1200%2C638&ssl=1&resize=350%2C200 1x, https:\/\/i0.wp.com\/noticiasribeiraopreto.com.br\/wp-content\/uploads\/2023\/12\/sus-1-scaled.jpg?fit=1200%2C638&ssl=1&resize=525%2C300 1.5x, https:\/\/i0.wp.com\/noticiasribeiraopreto.com.br\/wp-content\/uploads\/2023\/12\/sus-1-scaled.jpg?fit=1200%2C638&ssl=1&resize=700%2C400 2x, https:\/\/i0.wp.com\/noticiasribeiraopreto.com.br\/wp-content\/uploads\/2023\/12\/sus-1-scaled.jpg?fit=1200%2C638&ssl=1&resize=1050%2C600 3x"},"classes":[]},{"id":69998,"url":"https:\/\/noticiasribeiraopreto.com.br\/index.php\/2025\/05\/21\/jornal-da-franca-cresce-a-procura-pela-vasectomia-veja-o-que-e-mito-e-o-que-e-verdade\/","url_meta":{"origin":73590,"position":3},"title":"Jornal da Franca &#8211; Cresce a procura pela vasectomia: veja o que \u00e9 mito e o que \u00e9 verdade","author":"noticiasribeiraopreto.com.br","date":"21 de May de 2025","format":false,"excerpt":"compartilhar no whatsapp compartilhar no telegram compartilhar no facebook compartilhar no linkedin A vasectomia previne apenas a gravidez, mas n\u00e3o oferece prote\u00e7\u00e3o contra infec\u00e7\u00f5es sexualmente transmiss\u00edveis Mitos e desinforma\u00e7\u00e3o ainda cercam a vasectomia, gerando receios e d\u00favidas entre os homens. O Dr. Ernesto Alarcon esclarece os principais tabus, refor\u00e7a a\u2026","rel":"","context":"In &quot;Not\u00edcias de Franca-SP&quot;","block_context":{"text":"Not\u00edcias de Franca-SP","link":"https:\/\/noticiasribeiraopreto.com.br\/index.php\/category\/noticias-de-ribeirao-preto-sp-e-regiao-ismael-colosi\/noticias-franca-sp\/"},"img":{"alt_text":"","src":"https:\/\/i0.wp.com\/noticiasribeiraopreto.com.br\/wp-content\/uploads\/2025\/05\/1911.jpg?fit=1000%2C667&ssl=1&resize=350%2C200","width":350,"height":200,"srcset":"https:\/\/i0.wp.com\/noticiasribeiraopreto.com.br\/wp-content\/uploads\/2025\/05\/1911.jpg?fit=1000%2C667&ssl=1&resize=350%2C200 1x, https:\/\/i0.wp.com\/noticiasribeiraopreto.com.br\/wp-content\/uploads\/2025\/05\/1911.jpg?fit=1000%2C667&ssl=1&resize=525%2C300 1.5x, https:\/\/i0.wp.com\/noticiasribeiraopreto.com.br\/wp-content\/uploads\/2025\/05\/1911.jpg?fit=1000%2C667&ssl=1&resize=700%2C400 2x"},"classes":[]},{"id":65730,"url":"https:\/\/noticiasribeiraopreto.com.br\/index.php\/2025\/03\/23\/jornal-da-franca-quer-evitar-gravidez-sem-tomar-remedio-saiba-se-a-velha-tabelinha-ainda-funciona\/","url_meta":{"origin":73590,"position":4},"title":"Jornal da Franca &#8211; Quer evitar gravidez sem tomar rem\u00e9dio? Saiba se a velha &#8220;tabelinha&#8221; ainda funciona","author":"noticiasribeiraopreto.com.br","date":"23 de March de 2025","format":false,"excerpt":"compartilhar no whatsapp compartilhar no telegram compartilhar no facebook compartilhar no linkedin Calcular o per\u00edodo f\u00e9rtil no ciclo irregular n\u00e3o \u00e9 seguro para quem est\u00e1 tentando engravidar ou para quem n\u00e3o deseja Para calcular o per\u00edodo f\u00e9rtil \u00e9 necess\u00e1rio considerar que a ovula\u00e7\u00e3o acontece sempre no meio do ciclo, ou\u2026","rel":"","context":"In &quot;Not\u00edcias de Franca-SP&quot;","block_context":{"text":"Not\u00edcias de Franca-SP","link":"https:\/\/noticiasribeiraopreto.com.br\/index.php\/category\/noticias-de-ribeirao-preto-sp-e-regiao-ismael-colosi\/noticias-franca-sp\/"},"img":{"alt_text":"","src":"https:\/\/i0.wp.com\/noticiasribeiraopreto.com.br\/wp-content\/uploads\/2025\/03\/MULHER-GRAVIDA.jpg?fit=900%2C600&ssl=1&resize=350%2C200","width":350,"height":200,"srcset":"https:\/\/i0.wp.com\/noticiasribeiraopreto.com.br\/wp-content\/uploads\/2025\/03\/MULHER-GRAVIDA.jpg?fit=900%2C600&ssl=1&resize=350%2C200 1x, https:\/\/i0.wp.com\/noticiasribeiraopreto.com.br\/wp-content\/uploads\/2025\/03\/MULHER-GRAVIDA.jpg?fit=900%2C600&ssl=1&resize=525%2C300 1.5x, https:\/\/i0.wp.com\/noticiasribeiraopreto.com.br\/wp-content\/uploads\/2025\/03\/MULHER-GRAVIDA.jpg?fit=900%2C600&ssl=1&resize=700%2C400 2x"},"classes":[]},{"id":5790,"url":"https:\/\/noticiasribeiraopreto.com.br\/index.php\/2023\/11\/24\/ufmg-oferece-cursos-em-saude-para-profissionais-do-sus\/","url_meta":{"origin":73590,"position":5},"title":"UFMG oferece cursos em sa\u00fade para profissionais do SUS","author":"noticiasribeiraopreto.com.br","date":"24 de November de 2023","format":false,"excerpt":"A Faculdade de Medicina da UFMG, em parceria com o Minist\u00e9rio da Sa\u00fade, lan\u00e7ou tr\u00eas cursos online para trabalhadores do Sistema \u00danico de Sa\u00fade (SUS) de todo o pa\u00eds. O conte\u00fado est\u00e1 dispon\u00edvel na plataforma Educa e-SUS APS. A oferta visa atender a demanda do Minist\u00e9rio para qualificar a aten\u00e7\u00e3o\u2026","rel":"","context":"In &quot;Variedades&quot;","block_context":{"text":"Variedades","link":"https:\/\/noticiasribeiraopreto.com.br\/index.php\/category\/variedades\/"},"img":{"alt_text":"","src":"https:\/\/i0.wp.com\/noticiasribeiraopreto.com.br\/wp-content\/uploads\/2023\/11\/sus-1-scaled.jpg?fit=1200%2C638&ssl=1&resize=350%2C200","width":350,"height":200,"srcset":"https:\/\/i0.wp.com\/noticiasribeiraopreto.com.br\/wp-content\/uploads\/2023\/11\/sus-1-scaled.jpg?fit=1200%2C638&ssl=1&resize=350%2C200 1x, https:\/\/i0.wp.com\/noticiasribeiraopreto.com.br\/wp-content\/uploads\/2023\/11\/sus-1-scaled.jpg?fit=1200%2C638&ssl=1&resize=525%2C300 1.5x, https:\/\/i0.wp.com\/noticiasribeiraopreto.com.br\/wp-content\/uploads\/2023\/11\/sus-1-scaled.jpg?fit=1200%2C638&ssl=1&resize=700%2C400 2x, https:\/\/i0.wp.com\/noticiasribeiraopreto.com.br\/wp-content\/uploads\/2023\/11\/sus-1-scaled.jpg?fit=1200%2C638&ssl=1&resize=1050%2C600 3x"},"classes":[]}],"jetpack_sharing_enabled":true,"jetpack_shortlink":"https:\/\/wp.me\/peQAOb-j8W","_links":{"self":[{"href":"https:\/\/noticiasribeiraopreto.com.br\/index.php\/wp-json\/wp\/v2\/posts\/73590","targetHints":{"allow":["GET"]}}],"collection":[{"href":"https:\/\/noticiasribeiraopreto.com.br\/index.php\/wp-json\/wp\/v2\/posts"}],"about":[{"href":"https:\/\/noticiasribeiraopreto.com.br\/index.php\/wp-json\/wp\/v2\/types\/post"}],"author":[{"embeddable":true,"href":"https:\/\/noticiasribeiraopreto.com.br\/index.php\/wp-json\/wp\/v2\/users\/1"}],"replies":[{"embeddable":true,"href":"https:\/\/noticiasribeiraopreto.com.br\/index.php\/wp-json\/wp\/v2\/comments?post=73590"}],"version-history":[{"count":0,"href":"https:\/\/noticiasribeiraopreto.com.br\/index.php\/wp-json\/wp\/v2\/posts\/73590\/revisions"}],"wp:featuredmedia":[{"embeddable":true,"href":"https:\/\/noticiasribeiraopreto.com.br\/index.php\/wp-json\/wp\/v2\/media\/73591"}],"wp:attachment":[{"href":"https:\/\/noticiasribeiraopreto.com.br\/index.php\/wp-json\/wp\/v2\/media?parent=73590"}],"wp:term":[{"taxonomy":"category","embeddable":true,"href":"https:\/\/noticiasribeiraopreto.com.br\/index.php\/wp-json\/wp\/v2\/categories?post=73590"},{"taxonomy":"post_tag","embeddable":true,"href":"https:\/\/noticiasribeiraopreto.com.br\/index.php\/wp-json\/wp\/v2\/tags?post=73590"}],"curies":[{"name":"wp","href":"https:\/\/api.w.org\/{rel}","templated":true}]}}