{"id":73592,"date":"2025-07-05T14:05:27","date_gmt":"2025-07-05T17:05:27","guid":{"rendered":"https:\/\/noticiasribeiraopreto.com.br\/index.php\/2025\/07\/05\/veja-os-novos-valores-dos-pedagios-na-regiao-de-ribeirao-preto-reajuste-sera-a-partir-deste-domingo\/"},"modified":"2025-07-05T14:05:27","modified_gmt":"2025-07-05T17:05:27","slug":"veja-os-novos-valores-dos-pedagios-na-regiao-de-ribeirao-preto-reajuste-sera-a-partir-deste-domingo","status":"publish","type":"post","link":"https:\/\/noticiasribeiraopreto.com.br\/index.php\/2025\/07\/05\/veja-os-novos-valores-dos-pedagios-na-regiao-de-ribeirao-preto-reajuste-sera-a-partir-deste-domingo\/","title":{"rendered":"Veja os novos valores dos ped\u00e1gios na regi\u00e3o de Ribeir\u00e3o\u00a0Preto; Reajuste ser\u00e1 a partir deste domingo"},"content":{"rendered":"<div class='code-block code-block-1' style='margin: 8px 0 8px auto; text-align: right; display: block; clear: both;'>\n<p><a href=\"https:\/\/wa.link\/vpicfd\"><img data-recalc-dims=\"1\" class=\"wp-image-4922\" style=\"aspect-ratio: 2.0253164556962027; width: 561px; height: auto;\" src=\"https:\/\/i0.wp.com\/ismaelcolosi.com.br\/wp-content\/uploads\/2023\/11\/grupo-de-empregos-whatsapp-e-facebook-ismael-colosi-vagas.jpg?ssl=1\" alt=\"\" \/><\/a><\/p>\n<!-- \/wp:image -->\n<\/div>\n<p> <br \/>\n<\/p>\n<div data-td-block-uid=\"tdi_95\">\n<div class=\"tdb-block-inner td-fix-index\">\n<p>As\u00a0<strong>tarifas de ped\u00e1gio<\/strong>\u00a0em\u00a0<strong>quatro cidades da regi\u00e3o de Ribeir\u00e3o Preto<\/strong>\u00a0ter\u00e3o aumento de\u00a0<strong>5,31%<\/strong> a partir deste domingo (6). <\/p>\n<h2 class=\"wp-block-heading\"><strong>Confira as novas tarifas para carro de passeio<\/strong><\/h2>\n<ul class=\"wp-block-list\">\n<li><strong>Sert\u00e3ozinho \u2013 SP-322 (km 327+500)<\/strong><br \/>Tarifa \u2013 R$ 9,10<br \/>Tarifa de via autom\u00e1tica \u2013 R$ 8,54<\/li>\n<\/ul>\n<ul class=\"wp-block-list\">\n<li><strong>Pitangueiras \u2013 SP-322 (km 361+400)<\/strong><br \/>Tarifa \u2013 R$ 11,60<br \/>Tarifa de via autom\u00e1tica \u2013 R$ 11,02<\/li>\n<li><strong>Sales Oliveira \u2013 SP-330 (km 350+100)<\/strong><br \/>Tarifa \u2013 R$ 14,30<br \/>Tarifa de via autom\u00e1tica\u2013 R$ 13,58<\/li>\n<\/ul>\n<ul class=\"wp-block-list\">\n<li><strong>Ituverava SP-330 \u2013 (km 405+000) SP 330<\/strong><br \/>Tarifa \u2013 R$ 17,30<br \/>Tarifa de via autom\u00e1tica \u2013 R$ 16,43<\/li>\n<\/ul>\n<p>H\u00e1\u00a0<strong>desconto de 5%<\/strong>\u00a0para os usu\u00e1rios que utilizam o pagamento eletr\u00f4nico permanece (cabines autom\u00e1ticas com leitura de\u00a0<strong>tag<\/strong>).<\/p>\n<h3 class=\"wp-block-heading\"><strong>Aumento autorizado pelo governo<\/strong><\/h3>\n<p>O reajuste anual foi autorizado pelo\u00a0<strong>Governo de S\u00e3o Paulo<\/strong>\u00a0nas pra\u00e7as de ped\u00e1gio administradas pela\u00a0<strong>Entrevias\u00a0<\/strong>e publicado no\u00a0<a href=\"https:\/\/doe.sp.gov.br\/executivo\/secretaria-de-parcerias-em-investimentos\/deliberacao-artesp-n-258-de-23-de-junho-de-2025-2025062311341712031161422\"><strong>Di\u00e1rio Oficial do Estado<\/strong>\u00a0no dia 24 de junho<\/a>.<\/p>\n<p>O aumento tem como base a varia\u00e7\u00e3o do\u00a0<strong>IPCA (\u00cdndice Nacional de Pre\u00e7os ao Consumidor)<\/strong>\u00a0entre maio de 2024 e maio de 2025.<\/p>\n<p>SAIBA MAIS<\/p>\n<p><strong>Ap\u00f3s batida, poste fica pendurado na Via Norte em Ribeir\u00e3o Preto; V\u00eddeo<\/strong><\/p>\n<h4 class=\"wp-block-heading\"><strong>FIQUE ON<\/strong><\/h4>\n<p>Quer ficar por dentro de tudo que acontece em Ribeir\u00e3o Preto e regi\u00e3o? Ent\u00e3o siga os perfis do\u202facidade on\u202fno\u202f<a href=\"https:\/\/www.instagram.com\/acidadeonribeirao\" target=\"_blank\" rel=\"noreferrer noopener\">Instagram<\/a>\u202fe no\u202f<a href=\"https:\/\/www.facebook.com\/acidadeonribeirao\/\" target=\"_blank\" rel=\"noreferrer noopener\">Facebook<\/a>.<\/p>\n<p>Al\u00e9m disso, voc\u00ea pode receber as principais not\u00edcias diretamente no WhatsApp. Para isso, basta\u00a0<a href=\"https:\/\/chat.whatsapp.com\/BjKQZ9oJwlz8VVT50NuePq\" target=\"_blank\" rel=\"noreferrer noopener\">entrar no grupo clicando aqui<\/a>.<\/p>\n<p>Por fim, se quiser fazer uma den\u00fancia ou sugerir uma reportagem sobre Ribeir\u00e3o Preto e regi\u00e3o, envie uma mensagem pelo WhatsApp: (16) 99117-7802.<\/p>\n<p>VEJA TAMB\u00c9M<\/p>\n<p>Qual foi o objeto interestelar captado pela NASA?<\/p>\n<p><!-- AI CONTENT END 1 -->\n<\/div>\n<\/div>\n<p><script async src=\"\/\/www.instagram.com\/embed.js\"><\/script><br \/>\n<br \/><br \/>\n<br \/><a href=\"https:\/\/www.acidadeon.com\/ribeiraopreto\/economia\/veja-os-novos-valores-dos-pedagios-na-regiao-de-ribeirao-preto-reajuste-sera-a-partir-deste-domingo\/\">Source link <\/a><\/p>\n<!-- CONTENT END 1 -->\n","protected":false},"excerpt":{"rendered":"<p>As\u00a0tarifas de ped\u00e1gio\u00a0em\u00a0quatro cidades da regi\u00e3o de Ribeir\u00e3o Preto\u00a0ter\u00e3o aumento de\u00a05,31% a partir deste domingo (6). Confira as novas tarifas para carro de passeio Sert\u00e3ozinho&#8230;<\/p>\n","protected":false},"author":1,"featured_media":73593,"comment_status":"open","ping_status":"open","sticky":false,"template":"","format":"standard","meta":{"advanced_seo_description":"","jetpack_seo_html_title":"","jetpack_seo_noindex":false,"jetpack_post_was_ever_published":false,"_jetpack_newsletter_access":"","_jetpack_dont_email_post_to_subs":false,"_jetpack_newsletter_tier_id":0,"_jetpack_memberships_contains_paywalled_content":false,"_jetpack_memberships_contains_paid_content":false,"footnotes":"","jetpack_publicize_message":"","jetpack_publicize_feature_enabled":true,"jetpack_social_post_already_shared":true,"jetpack_social_options":{"image_generator_settings":{"template":"highway","default_image_id":0,"font":"","enabled":false},"version":2}},"categories":[11],"tags":[],"class_list":["post-73592","post","type-post","status-publish","format-standard","has-post-thumbnail","hentry","category-noticias-de-ribeirao-preto-sp-e-regiao-ismael-colosi"],"jetpack_publicize_connections":[],"jetpack_featured_media_url":"https:\/\/i0.wp.com\/noticiasribeiraopreto.com.br\/wp-content\/uploads\/2025\/07\/PEDAGIO_2025-07-05_16-24-04.webp.webp?fit=1200%2C756&ssl=1","jetpack-related-posts":[{"id":73512,"url":"https:\/\/noticiasribeiraopreto.com.br\/index.php\/2025\/07\/03\/pedagios-na-regiao-de-ribeirao-terao-tarifa-reajustada-veja-os-novos-precos\/","url_meta":{"origin":73592,"position":0},"title":"Ped\u00e1gios na regi\u00e3o de Ribeir\u00e3o ter\u00e3o tarifa reajustada; Veja os novos pre\u00e7os","author":"noticiasribeiraopreto.com.br","date":"3 de July de 2025","format":false,"excerpt":"As tarifas de ped\u00e1gio em quatro cidades da regi\u00e3o de Ribeir\u00e3o Preto ter\u00e3o aumento a partir deste domingo (6). O reajuste anual foi autorizado pelo Governo de S\u00e3o Paulo e publicado no Di\u00e1rio Oficial do Estado no dia 24 de junho. O reajuste de 5,31% ser\u00e1 aplicado nas pra\u00e7as de\u2026","rel":"","context":"In &quot;Not\u00edcias de Ribeir\u00e3o Preto-SP e Regi\u00e3o&quot;","block_context":{"text":"Not\u00edcias de Ribeir\u00e3o Preto-SP e Regi\u00e3o","link":"https:\/\/noticiasribeiraopreto.com.br\/index.php\/category\/noticias-de-ribeirao-preto-sp-e-regiao-ismael-colosi\/"},"img":{"alt_text":"","src":"https:\/\/i0.wp.com\/noticiasribeiraopreto.com.br\/wp-content\/uploads\/2025\/07\/PedgiosnaregiodeRibeirosofremreajustenestaquintaVejaosnovosvalores_Tamanho_2_image.jpg?fit=1200%2C900&ssl=1&resize=350%2C200","width":350,"height":200,"srcset":"https:\/\/i0.wp.com\/noticiasribeiraopreto.com.br\/wp-content\/uploads\/2025\/07\/PedgiosnaregiodeRibeirosofremreajustenestaquintaVejaosnovosvalores_Tamanho_2_image.jpg?fit=1200%2C900&ssl=1&resize=350%2C200 1x, https:\/\/i0.wp.com\/noticiasribeiraopreto.com.br\/wp-content\/uploads\/2025\/07\/PedgiosnaregiodeRibeirosofremreajustenestaquintaVejaosnovosvalores_Tamanho_2_image.jpg?fit=1200%2C900&ssl=1&resize=525%2C300 1.5x, https:\/\/i0.wp.com\/noticiasribeiraopreto.com.br\/wp-content\/uploads\/2025\/07\/PedgiosnaregiodeRibeirosofremreajustenestaquintaVejaosnovosvalores_Tamanho_2_image.jpg?fit=1200%2C900&ssl=1&resize=700%2C400 2x, https:\/\/i0.wp.com\/noticiasribeiraopreto.com.br\/wp-content\/uploads\/2025\/07\/PedgiosnaregiodeRibeirosofremreajustenestaquintaVejaosnovosvalores_Tamanho_2_image.jpg?fit=1200%2C900&ssl=1&resize=1050%2C600 3x"},"classes":[]},{"id":4847,"url":"https:\/\/noticiasribeiraopreto.com.br\/index.php\/2023\/11\/22\/tarifas-de-pedagios-no-interior-de-sp-sofrem-reajuste-veja-os-novos-valores\/","url_meta":{"origin":73592,"position":1},"title":"Tarifas de ped\u00e1gios no interior de SP sofrem reajuste; Veja os novos valores","author":"noticiasribeiraopreto.com.br","date":"22 de November de 2023","format":false,"excerpt":"As pra\u00e7as de ped\u00e1gio do interior de S\u00e3o Paulo em rodovias sob concess\u00e3o da Arteris\/ViaPaulista v\u00e3o sofrer reajustes nas tarifas a partir desta quinta-feira (23). Na regi\u00e3o de Ribeir\u00e3o Preto, seis pra\u00e7as de ped\u00e1gio ter\u00e3o novos valores nas rodovias Anhanguera (SP-330), C\u00e2ndido Portinati (SP-334), Ant\u00f4nio Machado Sant\u2019Anna (SP-255) e Engenheiro\u2026","rel":"","context":"In &quot;Not\u00edcias de Ribeir\u00e3o Preto-SP e Regi\u00e3o&quot;","block_context":{"text":"Not\u00edcias de Ribeir\u00e3o Preto-SP e Regi\u00e3o","link":"https:\/\/noticiasribeiraopreto.com.br\/index.php\/category\/noticias-de-ribeirao-preto-sp-e-regiao-ismael-colosi\/"},"img":{"alt_text":"","src":"https:\/\/i0.wp.com\/noticiasribeiraopreto.com.br\/wp-content\/uploads\/2023\/11\/pedagio-sp-scaled.jpg?fit=1200%2C825&ssl=1&resize=350%2C200","width":350,"height":200,"srcset":"https:\/\/i0.wp.com\/noticiasribeiraopreto.com.br\/wp-content\/uploads\/2023\/11\/pedagio-sp-scaled.jpg?fit=1200%2C825&ssl=1&resize=350%2C200 1x, https:\/\/i0.wp.com\/noticiasribeiraopreto.com.br\/wp-content\/uploads\/2023\/11\/pedagio-sp-scaled.jpg?fit=1200%2C825&ssl=1&resize=525%2C300 1.5x, https:\/\/i0.wp.com\/noticiasribeiraopreto.com.br\/wp-content\/uploads\/2023\/11\/pedagio-sp-scaled.jpg?fit=1200%2C825&ssl=1&resize=700%2C400 2x, https:\/\/i0.wp.com\/noticiasribeiraopreto.com.br\/wp-content\/uploads\/2023\/11\/pedagio-sp-scaled.jpg?fit=1200%2C825&ssl=1&resize=1050%2C600 3x"},"classes":[]},{"id":60692,"url":"https:\/\/noticiasribeiraopreto.com.br\/index.php\/2024\/11\/22\/tarifas-de-pedagios-na-regiao-de-ribeirao-sofrem-reajuste-veja-novos-valores\/","url_meta":{"origin":73592,"position":2},"title":"Tarifas de ped\u00e1gios na regi\u00e3o de Ribeir\u00e3o sofrem reajuste; Veja novos valores","author":"noticiasribeiraopreto.com.br","date":"22 de November de 2024","format":false,"excerpt":"Os ped\u00e1gios de rodovias na regi\u00e3o de Ribeir\u00e3o Preto sob concess\u00e3o da Arteris ViaPaulista ser\u00e3o reajustados a partir do pr\u00f3ximo s\u00e1bado (23). Segundo a concession\u00e1ria, a alta ser\u00e1 de 4,42% e os novos valores passam a vigorar a partir da 0h nas pra\u00e7as da regi\u00e3o localizadas nas rodovias Anhanguera (SP-330),\u2026","rel":"","context":"In &quot;Not\u00edcias de Ribeir\u00e3o Preto-SP e Regi\u00e3o&quot;","block_context":{"text":"Not\u00edcias de Ribeir\u00e3o Preto-SP e Regi\u00e3o","link":"https:\/\/noticiasribeiraopreto.com.br\/index.php\/category\/noticias-de-ribeirao-preto-sp-e-regiao-ismael-colosi\/"},"img":{"alt_text":"","src":"https:\/\/i0.wp.com\/noticiasribeiraopreto.com.br\/wp-content\/uploads\/2024\/11\/pedagio_1200x675_23112021100931.jpg?fit=1200%2C675&ssl=1&resize=350%2C200","width":350,"height":200,"srcset":"https:\/\/i0.wp.com\/noticiasribeiraopreto.com.br\/wp-content\/uploads\/2024\/11\/pedagio_1200x675_23112021100931.jpg?fit=1200%2C675&ssl=1&resize=350%2C200 1x, https:\/\/i0.wp.com\/noticiasribeiraopreto.com.br\/wp-content\/uploads\/2024\/11\/pedagio_1200x675_23112021100931.jpg?fit=1200%2C675&ssl=1&resize=525%2C300 1.5x, https:\/\/i0.wp.com\/noticiasribeiraopreto.com.br\/wp-content\/uploads\/2024\/11\/pedagio_1200x675_23112021100931.jpg?fit=1200%2C675&ssl=1&resize=700%2C400 2x, https:\/\/i0.wp.com\/noticiasribeiraopreto.com.br\/wp-content\/uploads\/2024\/11\/pedagio_1200x675_23112021100931.jpg?fit=1200%2C675&ssl=1&resize=1050%2C600 3x"},"classes":[]},{"id":73487,"url":"https:\/\/noticiasribeiraopreto.com.br\/index.php\/2025\/07\/03\/tarifas-de-pedagio-tem-reajuste-de-531-a-partir-deste-domingo\/","url_meta":{"origin":73592,"position":3},"title":"Tarifas de ped\u00e1gio t\u00eam reajuste de 5,31% a partir deste domingo","author":"noticiasribeiraopreto.com.br","date":"3 de July de 2025","format":false,"excerpt":"3 de julho de 2025 10:423 de julho de 2025 10:474 Compartilhar0 A partir da zero hora deste domingo, dia 06 de julho, entrar\u00e1 em vigor o reajuste contratual anual das tarifas de ped\u00e1gio nas oito pra\u00e7as operadas pela companhia Entrevias Concession\u00e1ria de Rodovias, empresa que integra o Programa de\u2026","rel":"","context":"In &quot;Not\u00edcias de Ribeir\u00e3o Preto-SP e Regi\u00e3o&quot;","block_context":{"text":"Not\u00edcias de Ribeir\u00e3o Preto-SP e Regi\u00e3o","link":"https:\/\/noticiasribeiraopreto.com.br\/index.php\/category\/noticias-de-ribeirao-preto-sp-e-regiao-ismael-colosi\/"},"img":{"alt_text":"","src":"https:\/\/i0.wp.com\/noticiasribeiraopreto.com.br\/wp-content\/uploads\/2025\/07\/entrevias-1024x575.png?fit=1024%2C575&ssl=1&resize=350%2C200","width":350,"height":200,"srcset":"https:\/\/i0.wp.com\/noticiasribeiraopreto.com.br\/wp-content\/uploads\/2025\/07\/entrevias-1024x575.png?fit=1024%2C575&ssl=1&resize=350%2C200 1x, https:\/\/i0.wp.com\/noticiasribeiraopreto.com.br\/wp-content\/uploads\/2025\/07\/entrevias-1024x575.png?fit=1024%2C575&ssl=1&resize=525%2C300 1.5x, https:\/\/i0.wp.com\/noticiasribeiraopreto.com.br\/wp-content\/uploads\/2025\/07\/entrevias-1024x575.png?fit=1024%2C575&ssl=1&resize=700%2C400 2x"},"classes":[]},{"id":54083,"url":"https:\/\/noticiasribeiraopreto.com.br\/index.php\/2024\/06\/27\/valores-das-tarifas-de-pedagios-aumentam-na-regiao-de-ribeirao-preto-veja-onde\/","url_meta":{"origin":73592,"position":4},"title":"Valores das tarifas de ped\u00e1gios aumentam na regi\u00e3o de Ribeir\u00e3o Preto; Veja onde","author":"noticiasribeiraopreto.com.br","date":"27 de June de 2024","format":false,"excerpt":"Os valores das tarifas de ped\u00e1gios em quatro cidades da regi\u00e3o de Ribeir\u00e3o Preto v\u00e3o aumentar, a partir do dia 6 de julho. O reajuste anual foi publicado no Di\u00e1rio Oficial do Estado de S\u00e3o Paulo desta quinta-feira (27). As pra\u00e7as que ter\u00e3o reajustes s\u00e3o da concession\u00e1ria Entrevias e ficam\u2026","rel":"","context":"In &quot;Not\u00edcias de Ribeir\u00e3o Preto-SP e Regi\u00e3o&quot;","block_context":{"text":"Not\u00edcias de Ribeir\u00e3o Preto-SP e Regi\u00e3o","link":"https:\/\/noticiasribeiraopreto.com.br\/index.php\/category\/noticias-de-ribeirao-preto-sp-e-regiao-ismael-colosi\/"},"img":{"alt_text":"","src":"https:\/\/i0.wp.com\/noticiasribeiraopreto.com.br\/wp-content\/uploads\/2024\/06\/Copia-de-Copia-de-TAMANHO-EXATO-PARA-FOTOS-NO-SISTEMA-NOVO-21_2024-06-27_19-48-01_jpg_2024-06-27_19-48-01.webp.webp?fit=1200%2C675&ssl=1&resize=350%2C200","width":350,"height":200,"srcset":"https:\/\/i0.wp.com\/noticiasribeiraopreto.com.br\/wp-content\/uploads\/2024\/06\/Copia-de-Copia-de-TAMANHO-EXATO-PARA-FOTOS-NO-SISTEMA-NOVO-21_2024-06-27_19-48-01_jpg_2024-06-27_19-48-01.webp.webp?fit=1200%2C675&ssl=1&resize=350%2C200 1x, https:\/\/i0.wp.com\/noticiasribeiraopreto.com.br\/wp-content\/uploads\/2024\/06\/Copia-de-Copia-de-TAMANHO-EXATO-PARA-FOTOS-NO-SISTEMA-NOVO-21_2024-06-27_19-48-01_jpg_2024-06-27_19-48-01.webp.webp?fit=1200%2C675&ssl=1&resize=525%2C300 1.5x, https:\/\/i0.wp.com\/noticiasribeiraopreto.com.br\/wp-content\/uploads\/2024\/06\/Copia-de-Copia-de-TAMANHO-EXATO-PARA-FOTOS-NO-SISTEMA-NOVO-21_2024-06-27_19-48-01_jpg_2024-06-27_19-48-01.webp.webp?fit=1200%2C675&ssl=1&resize=700%2C400 2x, https:\/\/i0.wp.com\/noticiasribeiraopreto.com.br\/wp-content\/uploads\/2024\/06\/Copia-de-Copia-de-TAMANHO-EXATO-PARA-FOTOS-NO-SISTEMA-NOVO-21_2024-06-27_19-48-01_jpg_2024-06-27_19-48-01.webp.webp?fit=1200%2C675&ssl=1&resize=1050%2C600 3x"},"classes":[]},{"id":47935,"url":"https:\/\/noticiasribeiraopreto.com.br\/index.php\/2024\/04\/29\/tarifas-de-pedagios-terao-reajustes-no-interior-de-sp-veja-quais\/","url_meta":{"origin":73592,"position":5},"title":"Tarifas de ped\u00e1gios ter\u00e3o reajustes no interior de SP; Veja quais","author":"noticiasribeiraopreto.com.br","date":"29 de April de 2024","format":false,"excerpt":"A partir de 1\u00ba de maio, as tarifas de ped\u00e1gios para ve\u00edculos de passeio, de sete pra\u00e7as do interior de S\u00e3o Paulo, ter\u00e3o reajuste de 4,66% nos valores (veja abaixo). Entre as pra\u00e7as administradas pela concession\u00e1ria EcoNoroeste, a maioria est\u00e1 localizada em cidades da regi\u00e3o de Ribeir\u00e3o Preto como: Araraquara,\u2026","rel":"","context":"In &quot;Not\u00edcias de Ribeir\u00e3o Preto-SP e Regi\u00e3o&quot;","block_context":{"text":"Not\u00edcias de Ribeir\u00e3o Preto-SP e Regi\u00e3o","link":"https:\/\/noticiasribeiraopreto.com.br\/index.php\/category\/noticias-de-ribeirao-preto-sp-e-regiao-ismael-colosi\/"},"img":{"alt_text":"","src":"https:\/\/i0.wp.com\/noticiasribeiraopreto.com.br\/wp-content\/uploads\/2024\/04\/Copia-de-Copia-de-TAMANHO-EXATO-PARA-FOTOS-NO-SISTEMA-NOVO-19-1_2024-04-29_19-07-46_jpg.webp.webp?fit=1200%2C675&ssl=1&resize=350%2C200","width":350,"height":200,"srcset":"https:\/\/i0.wp.com\/noticiasribeiraopreto.com.br\/wp-content\/uploads\/2024\/04\/Copia-de-Copia-de-TAMANHO-EXATO-PARA-FOTOS-NO-SISTEMA-NOVO-19-1_2024-04-29_19-07-46_jpg.webp.webp?fit=1200%2C675&ssl=1&resize=350%2C200 1x, https:\/\/i0.wp.com\/noticiasribeiraopreto.com.br\/wp-content\/uploads\/2024\/04\/Copia-de-Copia-de-TAMANHO-EXATO-PARA-FOTOS-NO-SISTEMA-NOVO-19-1_2024-04-29_19-07-46_jpg.webp.webp?fit=1200%2C675&ssl=1&resize=525%2C300 1.5x, https:\/\/i0.wp.com\/noticiasribeiraopreto.com.br\/wp-content\/uploads\/2024\/04\/Copia-de-Copia-de-TAMANHO-EXATO-PARA-FOTOS-NO-SISTEMA-NOVO-19-1_2024-04-29_19-07-46_jpg.webp.webp?fit=1200%2C675&ssl=1&resize=700%2C400 2x, https:\/\/i0.wp.com\/noticiasribeiraopreto.com.br\/wp-content\/uploads\/2024\/04\/Copia-de-Copia-de-TAMANHO-EXATO-PARA-FOTOS-NO-SISTEMA-NOVO-19-1_2024-04-29_19-07-46_jpg.webp.webp?fit=1200%2C675&ssl=1&resize=1050%2C600 3x"},"classes":[]}],"jetpack_sharing_enabled":true,"jetpack_shortlink":"https:\/\/wp.me\/peQAOb-j8Y","_links":{"self":[{"href":"https:\/\/noticiasribeiraopreto.com.br\/index.php\/wp-json\/wp\/v2\/posts\/73592","targetHints":{"allow":["GET"]}}],"collection":[{"href":"https:\/\/noticiasribeiraopreto.com.br\/index.php\/wp-json\/wp\/v2\/posts"}],"about":[{"href":"https:\/\/noticiasribeiraopreto.com.br\/index.php\/wp-json\/wp\/v2\/types\/post"}],"author":[{"embeddable":true,"href":"https:\/\/noticiasribeiraopreto.com.br\/index.php\/wp-json\/wp\/v2\/users\/1"}],"replies":[{"embeddable":true,"href":"https:\/\/noticiasribeiraopreto.com.br\/index.php\/wp-json\/wp\/v2\/comments?post=73592"}],"version-history":[{"count":0,"href":"https:\/\/noticiasribeiraopreto.com.br\/index.php\/wp-json\/wp\/v2\/posts\/73592\/revisions"}],"wp:featuredmedia":[{"embeddable":true,"href":"https:\/\/noticiasribeiraopreto.com.br\/index.php\/wp-json\/wp\/v2\/media\/73593"}],"wp:attachment":[{"href":"https:\/\/noticiasribeiraopreto.com.br\/index.php\/wp-json\/wp\/v2\/media?parent=73592"}],"wp:term":[{"taxonomy":"category","embeddable":true,"href":"https:\/\/noticiasribeiraopreto.com.br\/index.php\/wp-json\/wp\/v2\/categories?post=73592"},{"taxonomy":"post_tag","embeddable":true,"href":"https:\/\/noticiasribeiraopreto.com.br\/index.php\/wp-json\/wp\/v2\/tags?post=73592"}],"curies":[{"name":"wp","href":"https:\/\/api.w.org\/{rel}","templated":true}]}}