{"id":73594,"date":"2025-07-05T14:12:08","date_gmt":"2025-07-05T17:12:08","guid":{"rendered":"https:\/\/noticiasribeiraopreto.com.br\/index.php\/2025\/07\/05\/especialista-em-negocios-globais-lanca-livro-em-ribeirao-preto\/"},"modified":"2025-07-05T14:12:08","modified_gmt":"2025-07-05T17:12:08","slug":"especialista-em-negocios-globais-lanca-livro-em-ribeirao-preto","status":"publish","type":"post","link":"https:\/\/noticiasribeiraopreto.com.br\/index.php\/2025\/07\/05\/especialista-em-negocios-globais-lanca-livro-em-ribeirao-preto\/","title":{"rendered":"Especialista em neg\u00f3cios globais lan\u00e7a livro em Ribeir\u00e3o Preto"},"content":{"rendered":"<div class='code-block code-block-1' style='margin: 8px 0 8px auto; text-align: right; display: block; clear: both;'>\n<p><a href=\"https:\/\/wa.link\/vpicfd\"><img data-recalc-dims=\"1\" class=\"wp-image-4922\" style=\"aspect-ratio: 2.0253164556962027; width: 561px; height: auto;\" src=\"https:\/\/i0.wp.com\/ismaelcolosi.com.br\/wp-content\/uploads\/2023\/11\/grupo-de-empregos-whatsapp-e-facebook-ismael-colosi-vagas.jpg?ssl=1\" alt=\"\" \/><\/a><\/p>\n<!-- \/wp:image -->\n<\/div>\n<p> <br \/>\n<\/p>\n<div data-td-block-uid=\"tdi_95\">\n<div class=\"tdb-block-inner td-fix-index\">\n<p>A <strong>empres\u00e1ria <\/strong>e <strong>especialista <\/strong>em <strong>negocia\u00e7\u00f5es internacionais Nat\u00e1lia Mondelli<\/strong> lan\u00e7a neste <strong>s\u00e1bado (5)<\/strong>, em <strong>Ribeir\u00e3o Preto<\/strong>, o livro \u201c<em><strong>O Mundo \u00e9 Seu: neg\u00f3cio fechado!\u201d<\/strong><\/em>. O evento ser\u00e1 a partir das <strong>18h<\/strong>, na <strong>Livraria da Vila do Shopping Iguatemi<\/strong>.<\/p>\n<p>Na obra, a autora compartilha hist\u00f3rias reais, dicas pr\u00e1ticas e aprendizados para quem deseja negociar com mais intelig\u00eancia cultural e evitar erros ao lidar com culturas diferentes.<\/p>\n<p>Nat\u00e1lia \u00e9 ex-aluna da <strong>Universidade de Ribeir\u00e3o Preto (Unaerp)<\/strong> e possui viv\u00eancias em <strong>mais de 80 pa\u00edses<\/strong>.<\/p>\n<p>O livro \u00e9 voltado a empreendedores globais, profissionais de com\u00e9rcio exterior, executivos, l\u00edderes corporativos e qualquer pessoa que deseje expandir seus horizontes no cen\u00e1rio internacional.<\/p>\n<p>Al\u00e9m do lan\u00e7amento do livro, a noite contar\u00e1 com sess\u00e3o de fotos e aut\u00f3grafos. A autora tamb\u00e9m estar\u00e1 dispon\u00edvel para conversar com os leitores.<\/p>\n<h2 class=\"wp-block-heading\"><strong>Servi\u00e7o<\/strong><\/h2>\n<p><em>Lan\u00e7amento de livro Nat\u00e1lia Mondelli<\/em><\/p>\n<p><strong>Quando: <\/strong>5 de julho, s\u00e1bado <strong><br \/>Hor\u00e1rio: <\/strong>A partir das 18h <strong><br \/>Local: <\/strong>Livraria da Vila \u2013 Shopping Iguatemi Ribeir\u00e3o Preto<strong><br \/>Entrada gratuita<\/strong><\/p>\n<p>SAIBA MAIS<\/p>\n<p>Ribeir\u00e3o Preto recebe 52\u00aa edi\u00e7\u00e3o da Feira do Livro Esp\u00edrita; Veja programa\u00e7\u00e3o<\/p>\n<h3 class=\"wp-block-heading\"><strong>FIQUE ON<\/strong><\/h3>\n<p>Quer ficar por dentro de tudo que acontece em Ribeir\u00e3o Preto e regi\u00e3o? Ent\u00e3o siga os perfis do\u202facidade on\u202fno\u202f<a href=\"https:\/\/www.instagram.com\/acidadeonribeirao\" target=\"_blank\" rel=\"noreferrer noopener\">Instagram<\/a>\u202fe no\u202f<a href=\"https:\/\/www.facebook.com\/acidadeonribeirao\/\" target=\"_blank\" rel=\"noreferrer noopener\">Facebook<\/a>.<\/p>\n<p>Al\u00e9m disso, voc\u00ea pode receber as principais not\u00edcias diretamente no WhatsApp. Para isso, basta\u00a0<a href=\"https:\/\/chat.whatsapp.com\/BjKQZ9oJwlz8VVT50NuePq\" target=\"_blank\" rel=\"noreferrer noopener\">entrar no grupo clicando aqui<\/a>.<\/p>\n<p>Por fim, se quiser fazer uma den\u00fancia ou sugerir uma reportagem sobre Ribeir\u00e3o Preto e regi\u00e3o, envie uma mensagem pelo WhatsApp: (16) 99117-7802.<\/p>\n<p>VEJA TAMB\u00c9M<\/p>\n<p>Quais filmes Julian McMahon fez?<\/p>\n<p><!-- AI CONTENT END 1 -->\n<\/div>\n<\/div>\n<p><script async src=\"\/\/www.instagram.com\/embed.js\"><\/script><br \/>\n<br \/><br \/>\n<br \/><a href=\"https:\/\/www.acidadeon.com\/ribeiraopreto\/lazer-e-cultura\/especialista-em-negocios-globais-lanca-livro-em-ribeirao-preto\/\">Source link <\/a><\/p>\n<!-- CONTENT END 1 -->\n","protected":false},"excerpt":{"rendered":"<p>A empres\u00e1ria e especialista em negocia\u00e7\u00f5es internacionais Nat\u00e1lia Mondelli lan\u00e7a neste s\u00e1bado (5), em Ribeir\u00e3o Preto, o livro \u201cO Mundo \u00e9 Seu: neg\u00f3cio fechado!\u201d. O&#8230;<\/p>\n","protected":false},"author":1,"featured_media":73595,"comment_status":"open","ping_status":"open","sticky":false,"template":"","format":"standard","meta":{"advanced_seo_description":"","jetpack_seo_html_title":"","jetpack_seo_noindex":false,"jetpack_post_was_ever_published":false,"_jetpack_newsletter_access":"","_jetpack_dont_email_post_to_subs":false,"_jetpack_newsletter_tier_id":0,"_jetpack_memberships_contains_paywalled_content":false,"_jetpack_memberships_contains_paid_content":false,"footnotes":"","jetpack_publicize_message":"","jetpack_publicize_feature_enabled":true,"jetpack_social_post_already_shared":true,"jetpack_social_options":{"image_generator_settings":{"template":"highway","default_image_id":0,"font":"","enabled":false},"version":2}},"categories":[11],"tags":[],"class_list":["post-73594","post","type-post","status-publish","format-standard","has-post-thumbnail","hentry","category-noticias-de-ribeirao-preto-sp-e-regiao-ismael-colosi"],"jetpack_publicize_connections":[],"jetpack_featured_media_url":"https:\/\/i0.wp.com\/noticiasribeiraopreto.com.br\/wp-content\/uploads\/2025\/07\/livro-lancamento_2025-07-05_14-39-09.webp.webp?fit=1200%2C675&ssl=1","jetpack-related-posts":[{"id":84548,"url":"https:\/\/noticiasribeiraopreto.com.br\/index.php\/2026\/04\/11\/finalista-do-premio-jabuti-lanca-seu-40o-livro-em-escola-de-ribeirao-preto\/","url_meta":{"origin":73594,"position":0},"title":"Finalista do Pr\u00eamio Jabuti lan\u00e7a seu 40\u00ba livro em escola de Ribeir\u00e3o Preto","author":"noticiasribeiraopreto.com.br","date":"11 de April de 2026","format":false,"excerpt":"Ler o resumo da not\u00edcia Andr\u00e9 Lu\u00eds Oliveira, finalista do Pr\u00eamio Jabuti 2024, lan\u00e7a seu 40\u00ba livro na pr\u00f3xima quarta-feira (15), \u00e0s 18h30, em col\u00e9gio particular de Ribeir\u00e3o Preto. O novo t\u00edtulo \"Descobrindo o Storytelling\" \u00e9 o primeiro livro do autor voltado para o p\u00fablico adulto. Pela primeira vez, o\u2026","rel":"","context":"In &quot;Not\u00edcias de Ribeir\u00e3o Preto-SP e Regi\u00e3o&quot;","block_context":{"text":"Not\u00edcias de Ribeir\u00e3o Preto-SP e Regi\u00e3o","link":"https:\/\/noticiasribeiraopreto.com.br\/index.php\/category\/noticias-de-ribeirao-preto-sp-e-regiao-ismael-colosi\/"},"img":{"alt_text":"","src":"https:\/\/i0.wp.com\/noticiasribeiraopreto.com.br\/wp-content\/uploads\/2026\/04\/escritor_2026-04-11_19-11-11.webp.webp?fit=1200%2C873&ssl=1&resize=350%2C200","width":350,"height":200,"srcset":"https:\/\/i0.wp.com\/noticiasribeiraopreto.com.br\/wp-content\/uploads\/2026\/04\/escritor_2026-04-11_19-11-11.webp.webp?fit=1200%2C873&ssl=1&resize=350%2C200 1x, https:\/\/i0.wp.com\/noticiasribeiraopreto.com.br\/wp-content\/uploads\/2026\/04\/escritor_2026-04-11_19-11-11.webp.webp?fit=1200%2C873&ssl=1&resize=525%2C300 1.5x, https:\/\/i0.wp.com\/noticiasribeiraopreto.com.br\/wp-content\/uploads\/2026\/04\/escritor_2026-04-11_19-11-11.webp.webp?fit=1200%2C873&ssl=1&resize=700%2C400 2x, https:\/\/i0.wp.com\/noticiasribeiraopreto.com.br\/wp-content\/uploads\/2026\/04\/escritor_2026-04-11_19-11-11.webp.webp?fit=1200%2C873&ssl=1&resize=1050%2C600 3x"},"classes":[]},{"id":61697,"url":"https:\/\/noticiasribeiraopreto.com.br\/index.php\/2024\/12\/19\/escritor-lanca-seu-terceiro-livro-em-biblioteca-no-centro-ribeirao-preto\/","url_meta":{"origin":73594,"position":1},"title":"Escritor lan\u00e7a seu terceiro livro em biblioteca no Centro Ribeir\u00e3o Preto","author":"noticiasribeiraopreto.com.br","date":"19 de December de 2024","format":false,"excerpt":"O escritor Jos\u00e9 Maria Braga realiza nesta quinta-feira (19), \u00e0s 19h, o lan\u00e7amento do livro \u201cMenina de Papel\u201d, na Biblioteca Sinh\u00e1 Junqueira, no Centro de Ribeir\u00e3o Preto. Esse \u00e9 o terceiro livro do autor. A obra que \u00e9 continua\u00e7\u00e3o do romance \u201cMenino Pelado\u201d, em que Jos\u00e9 conta a hist\u00f3ria de\u2026","rel":"","context":"In &quot;Not\u00edcias de Ribeir\u00e3o Preto-SP e Regi\u00e3o&quot;","block_context":{"text":"Not\u00edcias de Ribeir\u00e3o Preto-SP e Regi\u00e3o","link":"https:\/\/noticiasribeiraopreto.com.br\/index.php\/category\/noticias-de-ribeirao-preto-sp-e-regiao-ismael-colosi\/"},"img":{"alt_text":"","src":"https:\/\/i0.wp.com\/noticiasribeiraopreto.com.br\/wp-content\/uploads\/2024\/12\/WhatsApp-Image-2024-12-11-at-16.25.53-1_2024-12-19_15-50-30_jpeg_2024-12-19_15-50-30.webp.webp?fit=1200%2C800&ssl=1&resize=350%2C200","width":350,"height":200,"srcset":"https:\/\/i0.wp.com\/noticiasribeiraopreto.com.br\/wp-content\/uploads\/2024\/12\/WhatsApp-Image-2024-12-11-at-16.25.53-1_2024-12-19_15-50-30_jpeg_2024-12-19_15-50-30.webp.webp?fit=1200%2C800&ssl=1&resize=350%2C200 1x, https:\/\/i0.wp.com\/noticiasribeiraopreto.com.br\/wp-content\/uploads\/2024\/12\/WhatsApp-Image-2024-12-11-at-16.25.53-1_2024-12-19_15-50-30_jpeg_2024-12-19_15-50-30.webp.webp?fit=1200%2C800&ssl=1&resize=525%2C300 1.5x, https:\/\/i0.wp.com\/noticiasribeiraopreto.com.br\/wp-content\/uploads\/2024\/12\/WhatsApp-Image-2024-12-11-at-16.25.53-1_2024-12-19_15-50-30_jpeg_2024-12-19_15-50-30.webp.webp?fit=1200%2C800&ssl=1&resize=700%2C400 2x, https:\/\/i0.wp.com\/noticiasribeiraopreto.com.br\/wp-content\/uploads\/2024\/12\/WhatsApp-Image-2024-12-11-at-16.25.53-1_2024-12-19_15-50-30_jpeg_2024-12-19_15-50-30.webp.webp?fit=1200%2C800&ssl=1&resize=1050%2C600 3x"},"classes":[]},{"id":62854,"url":"https:\/\/noticiasribeiraopreto.com.br\/index.php\/2025\/01\/26\/jornalista-lanca-livro-sobre-comunicacao-politica-em-ribeirao-preto-2\/","url_meta":{"origin":73594,"position":2},"title":"Jornalista lan\u00e7a livro sobre comunica\u00e7\u00e3o pol\u00edtica em\u00a0Ribeir\u00e3o\u00a0Preto","author":"noticiasribeiraopreto.com.br","date":"26 de January de 2025","format":false,"excerpt":"Na pr\u00f3xima ter\u00e7a-feira (28), acontece o lan\u00e7amento do livro \u2018Desafios da Comunica\u00e7\u00e3o Pol\u00edtica\u2018, da jornalista e especialista em comunica\u00e7\u00e3o pol\u00edtica e gest\u00e3o de crises, Rennata Bianco. O evento ter\u00e1 entrada gratuita e ser\u00e1 realizado na Livraria Travessa, j\u00e1 o livro pode ser adquirido pelo valor de R$ 79,90. A obra\u2026","rel":"","context":"In &quot;Not\u00edcias de Ribeir\u00e3o Preto-SP e Regi\u00e3o&quot;","block_context":{"text":"Not\u00edcias de Ribeir\u00e3o Preto-SP e Regi\u00e3o","link":"https:\/\/noticiasribeiraopreto.com.br\/index.php\/category\/noticias-de-ribeirao-preto-sp-e-regiao-ismael-colosi\/"},"img":{"alt_text":"","src":"https:\/\/i0.wp.com\/noticiasribeiraopreto.com.br\/wp-content\/uploads\/2025\/01\/Copia-de-Copia-de-Copia-de-TAMANHO-EXATO-PARA-FOTOS-NO-SISTEMA-NOVO-2025-01-26T112316.573_2025-01-26_14-23-54_png_2025-01-26_14-23-54.webp.webp?fit=1200%2C675&ssl=1&resize=350%2C200","width":350,"height":200,"srcset":"https:\/\/i0.wp.com\/noticiasribeiraopreto.com.br\/wp-content\/uploads\/2025\/01\/Copia-de-Copia-de-Copia-de-TAMANHO-EXATO-PARA-FOTOS-NO-SISTEMA-NOVO-2025-01-26T112316.573_2025-01-26_14-23-54_png_2025-01-26_14-23-54.webp.webp?fit=1200%2C675&ssl=1&resize=350%2C200 1x, https:\/\/i0.wp.com\/noticiasribeiraopreto.com.br\/wp-content\/uploads\/2025\/01\/Copia-de-Copia-de-Copia-de-TAMANHO-EXATO-PARA-FOTOS-NO-SISTEMA-NOVO-2025-01-26T112316.573_2025-01-26_14-23-54_png_2025-01-26_14-23-54.webp.webp?fit=1200%2C675&ssl=1&resize=525%2C300 1.5x, https:\/\/i0.wp.com\/noticiasribeiraopreto.com.br\/wp-content\/uploads\/2025\/01\/Copia-de-Copia-de-Copia-de-TAMANHO-EXATO-PARA-FOTOS-NO-SISTEMA-NOVO-2025-01-26T112316.573_2025-01-26_14-23-54_png_2025-01-26_14-23-54.webp.webp?fit=1200%2C675&ssl=1&resize=700%2C400 2x, https:\/\/i0.wp.com\/noticiasribeiraopreto.com.br\/wp-content\/uploads\/2025\/01\/Copia-de-Copia-de-Copia-de-TAMANHO-EXATO-PARA-FOTOS-NO-SISTEMA-NOVO-2025-01-26T112316.573_2025-01-26_14-23-54_png_2025-01-26_14-23-54.webp.webp?fit=1200%2C675&ssl=1&resize=1050%2C600 3x"},"classes":[]},{"id":73604,"url":"https:\/\/noticiasribeiraopreto.com.br\/index.php\/2025\/07\/05\/feira-do-livro-de-ribeirao-preto-celebra-60-anos-de-carreira-de-ignacio-de-loyola-brandao\/","url_meta":{"origin":73594,"position":3},"title":"Feira do Livro de Ribeir\u00e3o Preto celebra 60 anos de carreira de Ign\u00e1cio de Loyola Brand\u00e3o","author":"noticiasribeiraopreto.com.br","date":"5 de July de 2025","format":false,"excerpt":"A programa\u00e7\u00e3o da 24\u00aa edi\u00e7\u00e3o da Feira Internacional do Livro (FIL) de Ribeir\u00e3o Preto, que acontece entre os dias 15 e 24 de agosto, ir\u00e1 homenagear a trajet\u00f3ria liter\u00e1ria de 60 anos de Ign\u00e1cio de Loyola Brand\u00e3o com exposi\u00e7\u00e3o, espet\u00e1culo teatral e palestra. Nascido em Araraquara, Loyola Brand\u00e3o \u00e9 autor\u2026","rel":"","context":"In &quot;Not\u00edcias de Ribeir\u00e3o Preto-SP e Regi\u00e3o&quot;","block_context":{"text":"Not\u00edcias de Ribeir\u00e3o Preto-SP e Regi\u00e3o","link":"https:\/\/noticiasribeiraopreto.com.br\/index.php\/category\/noticias-de-ribeirao-preto-sp-e-regiao-ismael-colosi\/"},"img":{"alt_text":"","src":"https:\/\/i0.wp.com\/noticiasribeiraopreto.com.br\/wp-content\/uploads\/2025\/07\/IgnacioDeLoyollaBrandao_2025-07-05_15-33-15.webp.webp?fit=1200%2C800&ssl=1&resize=350%2C200","width":350,"height":200,"srcset":"https:\/\/i0.wp.com\/noticiasribeiraopreto.com.br\/wp-content\/uploads\/2025\/07\/IgnacioDeLoyollaBrandao_2025-07-05_15-33-15.webp.webp?fit=1200%2C800&ssl=1&resize=350%2C200 1x, https:\/\/i0.wp.com\/noticiasribeiraopreto.com.br\/wp-content\/uploads\/2025\/07\/IgnacioDeLoyollaBrandao_2025-07-05_15-33-15.webp.webp?fit=1200%2C800&ssl=1&resize=525%2C300 1.5x, https:\/\/i0.wp.com\/noticiasribeiraopreto.com.br\/wp-content\/uploads\/2025\/07\/IgnacioDeLoyollaBrandao_2025-07-05_15-33-15.webp.webp?fit=1200%2C800&ssl=1&resize=700%2C400 2x, https:\/\/i0.wp.com\/noticiasribeiraopreto.com.br\/wp-content\/uploads\/2025\/07\/IgnacioDeLoyollaBrandao_2025-07-05_15-33-15.webp.webp?fit=1200%2C800&ssl=1&resize=1050%2C600 3x"},"classes":[]},{"id":60991,"url":"https:\/\/noticiasribeiraopreto.com.br\/index.php\/2024\/12\/01\/finalista-do-premio-jabuti-lanca-livro-em-ribeirao-preto\/","url_meta":{"origin":73594,"position":4},"title":"Finalista do Pr\u00eamio Jabuti lan\u00e7a livro em Ribeir\u00e3o Preto","author":"noticiasribeiraopreto.com.br","date":"1 de December de 2024","format":false,"excerpt":"O escritor ribeir\u00e3o-pretano Andr\u00e9 Lu\u00eds Oliveira, finalista do Pr\u00eamio Jabuti na categoria Literatura Infantil com o livro O Menino que Andava Sobre Hipop\u00f3tamos, lan\u00e7ar\u00e1, na pr\u00f3xima quarta-feira (4), o livro Ainda Acordado?. O lan\u00e7amento acontecer\u00e1 das 19h \u00e0s 21h, no Col\u00e9gio Pequeno Pr\u00edncipe, em Bonfim Paulista, distrito de Ribeir\u00e3 Preto.\u2026","rel":"","context":"In &quot;Not\u00edcias de Ribeir\u00e3o Preto-SP e Regi\u00e3o&quot;","block_context":{"text":"Not\u00edcias de Ribeir\u00e3o Preto-SP e Regi\u00e3o","link":"https:\/\/noticiasribeiraopreto.com.br\/index.php\/category\/noticias-de-ribeirao-preto-sp-e-regiao-ismael-colosi\/"},"img":{"alt_text":"","src":"https:\/\/i0.wp.com\/noticiasribeiraopreto.com.br\/wp-content\/uploads\/2024\/12\/Copia-de-Copia-de-Copia-de-TAMANHO-EXATO-PARA-FOTOS-NO-SISTEMA-NOVO-2024-12-01T121559.152_2024-12-01_15-16-25_png_2024-12-01_15-16-25.webp.webp?fit=1200%2C675&ssl=1&resize=350%2C200","width":350,"height":200,"srcset":"https:\/\/i0.wp.com\/noticiasribeiraopreto.com.br\/wp-content\/uploads\/2024\/12\/Copia-de-Copia-de-Copia-de-TAMANHO-EXATO-PARA-FOTOS-NO-SISTEMA-NOVO-2024-12-01T121559.152_2024-12-01_15-16-25_png_2024-12-01_15-16-25.webp.webp?fit=1200%2C675&ssl=1&resize=350%2C200 1x, https:\/\/i0.wp.com\/noticiasribeiraopreto.com.br\/wp-content\/uploads\/2024\/12\/Copia-de-Copia-de-Copia-de-TAMANHO-EXATO-PARA-FOTOS-NO-SISTEMA-NOVO-2024-12-01T121559.152_2024-12-01_15-16-25_png_2024-12-01_15-16-25.webp.webp?fit=1200%2C675&ssl=1&resize=525%2C300 1.5x, https:\/\/i0.wp.com\/noticiasribeiraopreto.com.br\/wp-content\/uploads\/2024\/12\/Copia-de-Copia-de-Copia-de-TAMANHO-EXATO-PARA-FOTOS-NO-SISTEMA-NOVO-2024-12-01T121559.152_2024-12-01_15-16-25_png_2024-12-01_15-16-25.webp.webp?fit=1200%2C675&ssl=1&resize=700%2C400 2x, https:\/\/i0.wp.com\/noticiasribeiraopreto.com.br\/wp-content\/uploads\/2024\/12\/Copia-de-Copia-de-Copia-de-TAMANHO-EXATO-PARA-FOTOS-NO-SISTEMA-NOVO-2024-12-01T121559.152_2024-12-01_15-16-25_png_2024-12-01_15-16-25.webp.webp?fit=1200%2C675&ssl=1&resize=1050%2C600 3x"},"classes":[]},{"id":62849,"url":"https:\/\/noticiasribeiraopreto.com.br\/index.php\/2025\/01\/26\/jornalista-lanca-livro-sobre-comunicacao-politica-em-ribeirao-preto\/","url_meta":{"origin":73594,"position":5},"title":"Jornalista lan\u00e7a livro sobre comunica\u00e7\u00e3o pol\u00edtica em\u00a0Ribeir\u00e3o\u00a0Preto","author":"noticiasribeiraopreto.com.br","date":"26 de January de 2025","format":false,"excerpt":"Na pr\u00f3xima ter\u00e7a-feira (28), acontece o lan\u00e7amento do livro \u2018Desafios da Comunica\u00e7\u00e3o Pol\u00edtica\u2018, da jornalista e especialista em comunica\u00e7\u00e3o pol\u00edtica e gest\u00e3o de crises, Rennata Bianco. O evento gratuito, que ser\u00e1 realizado na Livraria Travessa, celebra a trajet\u00f3ria da autora no campo da comunica\u00e7\u00e3o pol\u00edtica. A obra \u00e9 um relato\u2026","rel":"","context":"In &quot;Not\u00edcias de Ribeir\u00e3o Preto-SP e Regi\u00e3o&quot;","block_context":{"text":"Not\u00edcias de Ribeir\u00e3o Preto-SP e Regi\u00e3o","link":"https:\/\/noticiasribeiraopreto.com.br\/index.php\/category\/noticias-de-ribeirao-preto-sp-e-regiao-ismael-colosi\/"},"img":{"alt_text":"","src":"https:\/\/i0.wp.com\/noticiasribeiraopreto.com.br\/wp-content\/uploads\/2025\/01\/Copia-de-Copia-de-Copia-de-TAMANHO-EXATO-PARA-FOTOS-NO-SISTEMA-NOVO-2025-01-26T112316.573_2025-01-26_14-23-54_png_2025-01-26_14-23-54.webp.webp?fit=1200%2C675&ssl=1&resize=350%2C200","width":350,"height":200,"srcset":"https:\/\/i0.wp.com\/noticiasribeiraopreto.com.br\/wp-content\/uploads\/2025\/01\/Copia-de-Copia-de-Copia-de-TAMANHO-EXATO-PARA-FOTOS-NO-SISTEMA-NOVO-2025-01-26T112316.573_2025-01-26_14-23-54_png_2025-01-26_14-23-54.webp.webp?fit=1200%2C675&ssl=1&resize=350%2C200 1x, https:\/\/i0.wp.com\/noticiasribeiraopreto.com.br\/wp-content\/uploads\/2025\/01\/Copia-de-Copia-de-Copia-de-TAMANHO-EXATO-PARA-FOTOS-NO-SISTEMA-NOVO-2025-01-26T112316.573_2025-01-26_14-23-54_png_2025-01-26_14-23-54.webp.webp?fit=1200%2C675&ssl=1&resize=525%2C300 1.5x, https:\/\/i0.wp.com\/noticiasribeiraopreto.com.br\/wp-content\/uploads\/2025\/01\/Copia-de-Copia-de-Copia-de-TAMANHO-EXATO-PARA-FOTOS-NO-SISTEMA-NOVO-2025-01-26T112316.573_2025-01-26_14-23-54_png_2025-01-26_14-23-54.webp.webp?fit=1200%2C675&ssl=1&resize=700%2C400 2x, https:\/\/i0.wp.com\/noticiasribeiraopreto.com.br\/wp-content\/uploads\/2025\/01\/Copia-de-Copia-de-Copia-de-TAMANHO-EXATO-PARA-FOTOS-NO-SISTEMA-NOVO-2025-01-26T112316.573_2025-01-26_14-23-54_png_2025-01-26_14-23-54.webp.webp?fit=1200%2C675&ssl=1&resize=1050%2C600 3x"},"classes":[]}],"jetpack_sharing_enabled":true,"jetpack_shortlink":"https:\/\/wp.me\/peQAOb-j90","_links":{"self":[{"href":"https:\/\/noticiasribeiraopreto.com.br\/index.php\/wp-json\/wp\/v2\/posts\/73594","targetHints":{"allow":["GET"]}}],"collection":[{"href":"https:\/\/noticiasribeiraopreto.com.br\/index.php\/wp-json\/wp\/v2\/posts"}],"about":[{"href":"https:\/\/noticiasribeiraopreto.com.br\/index.php\/wp-json\/wp\/v2\/types\/post"}],"author":[{"embeddable":true,"href":"https:\/\/noticiasribeiraopreto.com.br\/index.php\/wp-json\/wp\/v2\/users\/1"}],"replies":[{"embeddable":true,"href":"https:\/\/noticiasribeiraopreto.com.br\/index.php\/wp-json\/wp\/v2\/comments?post=73594"}],"version-history":[{"count":0,"href":"https:\/\/noticiasribeiraopreto.com.br\/index.php\/wp-json\/wp\/v2\/posts\/73594\/revisions"}],"wp:featuredmedia":[{"embeddable":true,"href":"https:\/\/noticiasribeiraopreto.com.br\/index.php\/wp-json\/wp\/v2\/media\/73595"}],"wp:attachment":[{"href":"https:\/\/noticiasribeiraopreto.com.br\/index.php\/wp-json\/wp\/v2\/media?parent=73594"}],"wp:term":[{"taxonomy":"category","embeddable":true,"href":"https:\/\/noticiasribeiraopreto.com.br\/index.php\/wp-json\/wp\/v2\/categories?post=73594"},{"taxonomy":"post_tag","embeddable":true,"href":"https:\/\/noticiasribeiraopreto.com.br\/index.php\/wp-json\/wp\/v2\/tags?post=73594"}],"curies":[{"name":"wp","href":"https:\/\/api.w.org\/{rel}","templated":true}]}}