{"id":73596,"date":"2025-07-05T14:18:20","date_gmt":"2025-07-05T17:18:20","guid":{"rendered":"https:\/\/noticiasribeiraopreto.com.br\/index.php\/2025\/07\/05\/apos-batida-poste-fica-pendurado-na-via-norte-em-ribeirao-preto-video\/"},"modified":"2025-07-05T14:18:20","modified_gmt":"2025-07-05T17:18:20","slug":"apos-batida-poste-fica-pendurado-na-via-norte-em-ribeirao-preto-video","status":"publish","type":"post","link":"https:\/\/noticiasribeiraopreto.com.br\/index.php\/2025\/07\/05\/apos-batida-poste-fica-pendurado-na-via-norte-em-ribeirao-preto-video\/","title":{"rendered":"Ap\u00f3s batida, poste fica pendurado na Via Norte em Ribeir\u00e3o Preto; V\u00eddeo"},"content":{"rendered":"<div class='code-block code-block-1' style='margin: 8px 0 8px auto; text-align: right; display: block; clear: both;'>\n<p><a href=\"https:\/\/wa.link\/vpicfd\"><img data-recalc-dims=\"1\" class=\"wp-image-4922\" style=\"aspect-ratio: 2.0253164556962027; width: 561px; height: auto;\" src=\"https:\/\/i0.wp.com\/ismaelcolosi.com.br\/wp-content\/uploads\/2023\/11\/grupo-de-empregos-whatsapp-e-facebook-ismael-colosi-vagas.jpg?ssl=1\" alt=\"\" \/><\/a><\/p>\n<!-- \/wp:image -->\n<\/div>\n<p> <br \/>\n<\/p>\n<div data-td-block-uid=\"tdi_95\">\n<div class=\"tdb-block-inner td-fix-index\">\n<p><strong>Um poste ficou pendurado depois de ser atingido por um carro na Via Norte, em Ribeir\u00e3o Preto.\u00a0Assista <\/strong>ao <strong>v\u00eddeo <\/strong>abaixo.<\/p>\n<p>A <strong>colis\u00e3o <\/strong>ocorreu em <strong>frente <\/strong>a um <strong>condom\u00ednio <\/strong>na altura do n\u00famero 7.555, ao <strong>lado <\/strong>de um <strong>ponto <\/strong>de <strong>\u00f4nibus<\/strong>, na pista sentido bairro-Centro, entre a noite desta <strong>sexta-feira (4)<\/strong> e madrugada deste <strong>s\u00e1bado (5)<\/strong>.<\/p>\n<p>N\u00e3o h\u00e1, contudo, informa\u00e7\u00f5es sobre v\u00edtimas. <\/p>\n<p>A CPFL Paulista informou, por meio de nota de imprensa, que equipes finalizam a substitui\u00e7\u00e3o do poste e o restabelecimento da energia aos clientes afetados. A previs\u00e3o de conclus\u00e3o do servi\u00e7o \u00e9 at\u00e9 fim da manh\u00e3 deste s\u00e1bado.<\/p>\n<p>O tr\u00e2nsito ficou parcialmente interditado no trecho.<\/p>\n<p>As causas ainda dever\u00e3o ser apuradas.<\/p>\n<blockquote class=\"instagram-media\" data-instgrm-permalink=\"https:\/\/www.instagram.com\/reel\/DLuuQ-oMlC0\/?utm_source=ig_embed&amp;utm_campaign=loading\" data-instgrm-version=\"14\" style=\"background:#FFF;border:0;border-radius:3px;margin: 1px;max-width:540px;min-width:326px;padding:0;width:99.375%;width:-webkit-calc(100% - 2px);width:calc(100% - 2px)\"\/>\n<p>SAIBA MAIS<\/p>\n<p>Baep apreende 95 kg de crack e prende homem na zona Norte de Ribeir\u00e3o Preto; V\u00eddeo<\/p>\n<h2 class=\"wp-block-heading\"><strong>FIQUE ON<\/strong><\/h2>\n<p>Quer ficar por dentro de tudo que acontece em Ribeir\u00e3o Preto e regi\u00e3o? Ent\u00e3o siga os perfis do\u202facidade on\u202fno\u202f<a href=\"https:\/\/www.instagram.com\/acidadeonribeirao\" target=\"_blank\" rel=\"noreferrer noopener\">Instagram<\/a>\u202fe no\u202f<a href=\"https:\/\/www.facebook.com\/acidadeonribeirao\/\" target=\"_blank\" rel=\"noreferrer noopener\">Facebook<\/a>.<\/p>\n<p>Al\u00e9m disso, voc\u00ea pode receber as principais not\u00edcias diretamente no WhatsApp. Para isso, basta\u00a0<a href=\"https:\/\/chat.whatsapp.com\/BjKQZ9oJwlz8VVT50NuePq\" target=\"_blank\" rel=\"noreferrer noopener\">entrar no grupo clicando aqui<\/a>.<\/p>\n<p>Por fim, se quiser fazer uma den\u00fancia ou sugerir uma reportagem sobre Ribeir\u00e3o Preto e regi\u00e3o, envie uma mensagem pelo WhatsApp: (16) 99117-7802.<\/p>\n<p>VEJA TAMB\u00c9M<\/p>\n<p>Qual foi o objeto interestelar captado pela NASA?<\/p>\n<p><!-- AI CONTENT END 1 -->\n<\/div>\n<\/div>\n<p><script async src=\"\/\/www.instagram.com\/embed.js\"><\/script><br \/>\n<br \/><br \/>\n<br \/><a href=\"https:\/\/www.acidadeon.com\/ribeiraopreto\/cotidiano\/apos-batida-poste-fica-pendurado-na-via-norte-em-ribeirao-preto-video\/\">Source link <\/a><\/p>\n<!-- CONTENT END 1 -->\n","protected":false},"excerpt":{"rendered":"<p>Um poste ficou pendurado depois de ser atingido por um carro na Via Norte, em Ribeir\u00e3o Preto.\u00a0Assista ao v\u00eddeo abaixo. A colis\u00e3o ocorreu em frente&#8230;<\/p>\n","protected":false},"author":1,"featured_media":73597,"comment_status":"open","ping_status":"open","sticky":false,"template":"","format":"standard","meta":{"advanced_seo_description":"","jetpack_seo_html_title":"","jetpack_seo_noindex":false,"jetpack_post_was_ever_published":false,"_jetpack_newsletter_access":"","_jetpack_dont_email_post_to_subs":false,"_jetpack_newsletter_tier_id":0,"_jetpack_memberships_contains_paywalled_content":false,"_jetpack_memberships_contains_paid_content":false,"footnotes":"","jetpack_publicize_message":"","jetpack_publicize_feature_enabled":true,"jetpack_social_post_already_shared":true,"jetpack_social_options":{"image_generator_settings":{"template":"highway","default_image_id":0,"font":"","enabled":false},"version":2}},"categories":[11],"tags":[],"class_list":["post-73596","post","type-post","status-publish","format-standard","has-post-thumbnail","hentry","category-noticias-de-ribeirao-preto-sp-e-regiao-ismael-colosi"],"jetpack_publicize_connections":[],"jetpack_featured_media_url":"https:\/\/i0.wp.com\/noticiasribeiraopreto.com.br\/wp-content\/uploads\/2025\/07\/CARRO_2025-07-05_14-51-03.webp.webp?fit=1200%2C728&ssl=1","jetpack-related-posts":[{"id":80189,"url":"https:\/\/noticiasribeiraopreto.com.br\/index.php\/2025\/11\/17\/video-homem-derruba-poste-e-foge-deixando-bairro-sem-energia\/","url_meta":{"origin":73596,"position":0},"title":"V\u00cdDEO Homem derruba poste e foge, deixando bairro sem energia","author":"noticiasribeiraopreto.com.br","date":"17 de November de 2025","format":false,"excerpt":"Acidente ocorrido na manh\u00e3 de domingo (16) n\u00e3o deixou feridos, mas causou transtornos em v\u00e1rios pontos de Bonfim Paulista 17 de novembro de 2025 13:2817 de novembro de 2025 13:28 Compartilhar0Por: Adalberto LuqueUm motorista derrubou um poste, na manh\u00e3 deste domingo, 16 de novembro, ap\u00f3s um acidente. Ele colidiu com\u2026","rel":"","context":"In &quot;Not\u00edcias de Ribeir\u00e3o Preto-SP e Regi\u00e3o&quot;","block_context":{"text":"Not\u00edcias de Ribeir\u00e3o Preto-SP e Regi\u00e3o","link":"https:\/\/noticiasribeiraopreto.com.br\/index.php\/category\/noticias-de-ribeirao-preto-sp-e-regiao-ismael-colosi\/"},"img":{"alt_text":"","src":"https:\/\/i0.wp.com\/noticiasribeiraopreto.com.br\/wp-content\/uploads\/2025\/11\/17-nov-2025-carroposte1.jpg?fit=822%2C780&ssl=1&resize=350%2C200","width":350,"height":200,"srcset":"https:\/\/i0.wp.com\/noticiasribeiraopreto.com.br\/wp-content\/uploads\/2025\/11\/17-nov-2025-carroposte1.jpg?fit=822%2C780&ssl=1&resize=350%2C200 1x, https:\/\/i0.wp.com\/noticiasribeiraopreto.com.br\/wp-content\/uploads\/2025\/11\/17-nov-2025-carroposte1.jpg?fit=822%2C780&ssl=1&resize=525%2C300 1.5x, https:\/\/i0.wp.com\/noticiasribeiraopreto.com.br\/wp-content\/uploads\/2025\/11\/17-nov-2025-carroposte1.jpg?fit=822%2C780&ssl=1&resize=700%2C400 2x"},"classes":[]},{"id":58699,"url":"https:\/\/noticiasribeiraopreto.com.br\/index.php\/2024\/10\/04\/carro-bate-em-poste-e-deixa-um-morto-na-zona-norte-de-ribeirao-preto\/","url_meta":{"origin":73596,"position":1},"title":"Carro bate em poste e deixa um morto na zona Norte de Ribeir\u00e3o Preto","author":"noticiasribeiraopreto.com.br","date":"4 de October de 2024","format":false,"excerpt":"Um homem morreu na madrugada desta sexta-feira (4) e um acidente com um carro na avenida Presidente Jo\u00e3o Goulart, no bairro Geraldo Correia de Carvalho, zona Norte de Ribeir\u00e3o Preto. O ve\u00edculo atingiu um poste, que chegou a ser arrancado com o impacto e ficou pendurado pela fia\u00e7\u00e3o. Segundo as\u2026","rel":"","context":"In &quot;Not\u00edcias de Ribeir\u00e3o Preto-SP e Regi\u00e3o&quot;","block_context":{"text":"Not\u00edcias de Ribeir\u00e3o Preto-SP e Regi\u00e3o","link":"https:\/\/noticiasribeiraopreto.com.br\/index.php\/category\/noticias-de-ribeirao-preto-sp-e-regiao-ismael-colosi\/"},"img":{"alt_text":"","src":"https:\/\/i0.wp.com\/noticiasribeiraopreto.com.br\/wp-content\/uploads\/2024\/10\/ACIDENTE-3_2024-10-04_10-02-13_jpg_2024-10-04_10-02-14.webp.webp?fit=1200%2C874&ssl=1&resize=350%2C200","width":350,"height":200,"srcset":"https:\/\/i0.wp.com\/noticiasribeiraopreto.com.br\/wp-content\/uploads\/2024\/10\/ACIDENTE-3_2024-10-04_10-02-13_jpg_2024-10-04_10-02-14.webp.webp?fit=1200%2C874&ssl=1&resize=350%2C200 1x, https:\/\/i0.wp.com\/noticiasribeiraopreto.com.br\/wp-content\/uploads\/2024\/10\/ACIDENTE-3_2024-10-04_10-02-13_jpg_2024-10-04_10-02-14.webp.webp?fit=1200%2C874&ssl=1&resize=525%2C300 1.5x, https:\/\/i0.wp.com\/noticiasribeiraopreto.com.br\/wp-content\/uploads\/2024\/10\/ACIDENTE-3_2024-10-04_10-02-13_jpg_2024-10-04_10-02-14.webp.webp?fit=1200%2C874&ssl=1&resize=700%2C400 2x, https:\/\/i0.wp.com\/noticiasribeiraopreto.com.br\/wp-content\/uploads\/2024\/10\/ACIDENTE-3_2024-10-04_10-02-13_jpg_2024-10-04_10-02-14.webp.webp?fit=1200%2C874&ssl=1&resize=1050%2C600 3x"},"classes":[]},{"id":73654,"url":"https:\/\/noticiasribeiraopreto.com.br\/index.php\/2025\/07\/07\/motorista-bate-bmw-em-poste-apos-desviar-de-cachorros-na-pista\/","url_meta":{"origin":73596,"position":2},"title":"Motorista bate BMW em poste ap\u00f3s desviar de cachorros na pista","author":"noticiasribeiraopreto.com.br","date":"7 de July de 2025","format":false,"excerpt":"Um poste ficou pendurado depois de ser atingido por um carro BMW neste domingo (6), na estrada vicina que liga Miguel\u00f3polis \u00e0 praia artificial da cidade, a 130 quil\u00f4metros de Ribeir\u00e3o Preto. Segundo a PM (Pol\u00edcia Militar), a colis\u00e3o ocorreu depois que o motorista perdeu o controle da dire\u00e7\u00e3o ao\u2026","rel":"","context":"In &quot;Not\u00edcias de Ribeir\u00e3o Preto-SP e Regi\u00e3o&quot;","block_context":{"text":"Not\u00edcias de Ribeir\u00e3o Preto-SP e Regi\u00e3o","link":"https:\/\/noticiasribeiraopreto.com.br\/index.php\/category\/noticias-de-ribeirao-preto-sp-e-regiao-ismael-colosi\/"},"img":{"alt_text":"","src":"https:\/\/i0.wp.com\/noticiasribeiraopreto.com.br\/wp-content\/uploads\/2025\/07\/WhatsApp-Image-2025-07-06-at-18.19.23_2025-07-07_10-51-11.webp.webp?fit=1200%2C900&ssl=1&resize=350%2C200","width":350,"height":200,"srcset":"https:\/\/i0.wp.com\/noticiasribeiraopreto.com.br\/wp-content\/uploads\/2025\/07\/WhatsApp-Image-2025-07-06-at-18.19.23_2025-07-07_10-51-11.webp.webp?fit=1200%2C900&ssl=1&resize=350%2C200 1x, https:\/\/i0.wp.com\/noticiasribeiraopreto.com.br\/wp-content\/uploads\/2025\/07\/WhatsApp-Image-2025-07-06-at-18.19.23_2025-07-07_10-51-11.webp.webp?fit=1200%2C900&ssl=1&resize=525%2C300 1.5x, https:\/\/i0.wp.com\/noticiasribeiraopreto.com.br\/wp-content\/uploads\/2025\/07\/WhatsApp-Image-2025-07-06-at-18.19.23_2025-07-07_10-51-11.webp.webp?fit=1200%2C900&ssl=1&resize=700%2C400 2x, https:\/\/i0.wp.com\/noticiasribeiraopreto.com.br\/wp-content\/uploads\/2025\/07\/WhatsApp-Image-2025-07-06-at-18.19.23_2025-07-07_10-51-11.webp.webp?fit=1200%2C900&ssl=1&resize=1050%2C600 3x"},"classes":[]},{"id":75488,"url":"https:\/\/noticiasribeiraopreto.com.br\/index.php\/2025\/08\/09\/crianca-e-atropelada-por-carro-na-regiao-de-ribeirao-preto-video\/","url_meta":{"origin":73596,"position":3},"title":"Crian\u00e7a \u00e9 atropelada por carro na regi\u00e3o de Ribeir\u00e3o Preto; V\u00eddeo","author":"noticiasribeiraopreto.com.br","date":"9 de August de 2025","format":false,"excerpt":"Um menino de 1 ano e meio ficou ferido depois de ser atropelado por um carro na tarde deste s\u00e1bado (9), em uma rua de Brodowski, na regi\u00e3o de Ribeir\u00e3o Preto. Assista ao v\u00eddeo abaixo \u2013 a imagem foi congelada no momento em que a v\u00edtima \u00e9 atingida. Segundo informa\u00e7\u00f5es,\u2026","rel":"","context":"In &quot;Not\u00edcias de Ribeir\u00e3o Preto-SP e Regi\u00e3o&quot;","block_context":{"text":"Not\u00edcias de Ribeir\u00e3o Preto-SP e Regi\u00e3o","link":"https:\/\/noticiasribeiraopreto.com.br\/index.php\/category\/noticias-de-ribeirao-preto-sp-e-regiao-ismael-colosi\/"},"img":{"alt_text":"","src":"","width":0,"height":0},"classes":[]},{"id":84550,"url":"https:\/\/noticiasribeiraopreto.com.br\/index.php\/2026\/04\/11\/poste-fica-inclinado-apos-ser-atingido-por-carro-em-avenida\/","url_meta":{"origin":73596,"position":4},"title":"Poste fica inclinado ap\u00f3s ser atingido por carro em avenida","author":"noticiasribeiraopreto.com.br","date":"11 de April de 2026","format":false,"excerpt":"Ler o resumo da not\u00edcia \r Poste ficou inclinado ap\u00f3s ser atingido por carro em avenue.\r Incidente envolveu ve\u00edculo e estrutura de ilumina\u00e7\u00e3o p\u00fablica.\r Situa\u00e7\u00e3o foi registrada em via p\u00fablica.\r Detalhes sobre lokal espec\u00edfico e hor\u00e1rio n\u00e3o foram informados.\r Um carro bateu em um poste e a estrutura de concreto\u2026","rel":"","context":"In &quot;Not\u00edcias de Ribeir\u00e3o Preto-SP e Regi\u00e3o&quot;","block_context":{"text":"Not\u00edcias de Ribeir\u00e3o Preto-SP e Regi\u00e3o","link":"https:\/\/noticiasribeiraopreto.com.br\/index.php\/category\/noticias-de-ribeirao-preto-sp-e-regiao-ismael-colosi\/"},"img":{"alt_text":"","src":"https:\/\/i0.wp.com\/noticiasribeiraopreto.com.br\/wp-content\/uploads\/2026\/04\/acidente_2026-04-11_17-46-47.webp.webp?fit=1200%2C727&ssl=1&resize=350%2C200","width":350,"height":200,"srcset":"https:\/\/i0.wp.com\/noticiasribeiraopreto.com.br\/wp-content\/uploads\/2026\/04\/acidente_2026-04-11_17-46-47.webp.webp?fit=1200%2C727&ssl=1&resize=350%2C200 1x, https:\/\/i0.wp.com\/noticiasribeiraopreto.com.br\/wp-content\/uploads\/2026\/04\/acidente_2026-04-11_17-46-47.webp.webp?fit=1200%2C727&ssl=1&resize=525%2C300 1.5x, https:\/\/i0.wp.com\/noticiasribeiraopreto.com.br\/wp-content\/uploads\/2026\/04\/acidente_2026-04-11_17-46-47.webp.webp?fit=1200%2C727&ssl=1&resize=700%2C400 2x, https:\/\/i0.wp.com\/noticiasribeiraopreto.com.br\/wp-content\/uploads\/2026\/04\/acidente_2026-04-11_17-46-47.webp.webp?fit=1200%2C727&ssl=1&resize=1050%2C600 3x"},"classes":[]},{"id":80797,"url":"https:\/\/noticiasribeiraopreto.com.br\/index.php\/2025\/12\/14\/ribeirao-preto-registra-pontos-de-alagamento-na-tarde-deste-sabado\/","url_meta":{"origin":73596,"position":5},"title":"Ribeir\u00e3o Preto registra pontos de alagamento na tarde deste s\u00e1bado","author":"noticiasribeiraopreto.com.br","date":"14 de December de 2025","format":false,"excerpt":"A chuva que atinge Ribeir\u00e3o Preto na tarde deste s\u00e1bado (13) deixou a comunidade da Locomotiva, na zona Norte, debaixo d\u2019\u00e1gua \u2013 veja o v\u00eddeo abaixo. Ver essa foto no Instagram Um post compartilhado por acidade on Ribeir\u00e3o (@acidadeonribeirao) O alagamento afeta trechos como a rua Peru e a avenida\u2026","rel":"","context":"In &quot;Not\u00edcias de Ribeir\u00e3o Preto-SP e Regi\u00e3o&quot;","block_context":{"text":"Not\u00edcias de Ribeir\u00e3o Preto-SP e Regi\u00e3o","link":"https:\/\/noticiasribeiraopreto.com.br\/index.php\/category\/noticias-de-ribeirao-preto-sp-e-regiao-ismael-colosi\/"},"img":{"alt_text":"","src":"https:\/\/i0.wp.com\/noticiasribeiraopreto.com.br\/wp-content\/uploads\/2025\/12\/comunidade-locomotiva_2025-12-13_20-28-08.webp.webp?fit=1200%2C675&ssl=1&resize=350%2C200","width":350,"height":200,"srcset":"https:\/\/i0.wp.com\/noticiasribeiraopreto.com.br\/wp-content\/uploads\/2025\/12\/comunidade-locomotiva_2025-12-13_20-28-08.webp.webp?fit=1200%2C675&ssl=1&resize=350%2C200 1x, https:\/\/i0.wp.com\/noticiasribeiraopreto.com.br\/wp-content\/uploads\/2025\/12\/comunidade-locomotiva_2025-12-13_20-28-08.webp.webp?fit=1200%2C675&ssl=1&resize=525%2C300 1.5x, https:\/\/i0.wp.com\/noticiasribeiraopreto.com.br\/wp-content\/uploads\/2025\/12\/comunidade-locomotiva_2025-12-13_20-28-08.webp.webp?fit=1200%2C675&ssl=1&resize=700%2C400 2x, https:\/\/i0.wp.com\/noticiasribeiraopreto.com.br\/wp-content\/uploads\/2025\/12\/comunidade-locomotiva_2025-12-13_20-28-08.webp.webp?fit=1200%2C675&ssl=1&resize=1050%2C600 3x"},"classes":[]}],"jetpack_sharing_enabled":true,"jetpack_shortlink":"https:\/\/wp.me\/peQAOb-j92","_links":{"self":[{"href":"https:\/\/noticiasribeiraopreto.com.br\/index.php\/wp-json\/wp\/v2\/posts\/73596","targetHints":{"allow":["GET"]}}],"collection":[{"href":"https:\/\/noticiasribeiraopreto.com.br\/index.php\/wp-json\/wp\/v2\/posts"}],"about":[{"href":"https:\/\/noticiasribeiraopreto.com.br\/index.php\/wp-json\/wp\/v2\/types\/post"}],"author":[{"embeddable":true,"href":"https:\/\/noticiasribeiraopreto.com.br\/index.php\/wp-json\/wp\/v2\/users\/1"}],"replies":[{"embeddable":true,"href":"https:\/\/noticiasribeiraopreto.com.br\/index.php\/wp-json\/wp\/v2\/comments?post=73596"}],"version-history":[{"count":0,"href":"https:\/\/noticiasribeiraopreto.com.br\/index.php\/wp-json\/wp\/v2\/posts\/73596\/revisions"}],"wp:featuredmedia":[{"embeddable":true,"href":"https:\/\/noticiasribeiraopreto.com.br\/index.php\/wp-json\/wp\/v2\/media\/73597"}],"wp:attachment":[{"href":"https:\/\/noticiasribeiraopreto.com.br\/index.php\/wp-json\/wp\/v2\/media?parent=73596"}],"wp:term":[{"taxonomy":"category","embeddable":true,"href":"https:\/\/noticiasribeiraopreto.com.br\/index.php\/wp-json\/wp\/v2\/categories?post=73596"},{"taxonomy":"post_tag","embeddable":true,"href":"https:\/\/noticiasribeiraopreto.com.br\/index.php\/wp-json\/wp\/v2\/tags?post=73596"}],"curies":[{"name":"wp","href":"https:\/\/api.w.org\/{rel}","templated":true}]}}