{"id":73602,"date":"2025-07-05T17:16:49","date_gmt":"2025-07-05T20:16:49","guid":{"rendered":"https:\/\/noticiasribeiraopreto.com.br\/index.php\/2025\/07\/05\/morre-o-advogado-brasil-salomao-aos-83-anos\/"},"modified":"2025-07-05T17:16:49","modified_gmt":"2025-07-05T20:16:49","slug":"morre-o-advogado-brasil-salomao-aos-83-anos","status":"publish","type":"post","link":"https:\/\/noticiasribeiraopreto.com.br\/index.php\/2025\/07\/05\/morre-o-advogado-brasil-salomao-aos-83-anos\/","title":{"rendered":"Morre o advogado Brasil Salom\u00e3o, aos 83 anos"},"content":{"rendered":"<div class='code-block code-block-1' style='margin: 8px 0 8px auto; text-align: right; display: block; clear: both;'>\n<p><a href=\"https:\/\/wa.link\/vpicfd\"><img data-recalc-dims=\"1\" class=\"wp-image-4922\" style=\"aspect-ratio: 2.0253164556962027; width: 561px; height: auto;\" src=\"https:\/\/i0.wp.com\/ismaelcolosi.com.br\/wp-content\/uploads\/2023\/11\/grupo-de-empregos-whatsapp-e-facebook-ismael-colosi-vagas.jpg?ssl=1\" alt=\"\" \/><\/a><\/p>\n<!-- \/wp:image -->\n<\/div>\n<p> <br \/>\n<\/p>\n<div>\n<p><strong>O advogado Brasil do Pinhal Pereira Salom\u00e3o morreu neste s\u00e1bado (5), aos 83 anos. <\/strong>Ele <strong>fundou <\/strong>o <strong>escrit\u00f3rio Brasil Salom\u00e3o e Matthes Advocacia<\/strong>, de <strong>Ribeir\u00e3o Preto<\/strong>, que publicou <strong>nota <\/strong>informando sobre o seu <strong>falecimento<\/strong>. As <strong>causas <\/strong>da <strong>morte <\/strong>ainda n\u00e3o foram <strong>divulgadas<\/strong>.<\/p>\n<p>Na sexta-feira (27), o filho dele, o advogado\u00a0Marcelo Viana Salom\u00e3o, faleceu aos\u00a056 anos.<\/p>\n<h2 class=\"wp-block-heading\"><strong>Legado<\/strong><\/h2>\n<p>A nota divulgada pelo escrit\u00f3rio cita a trajet\u00f3ria de Brasil Salom\u00e3o na \u00e1rea jur\u00eddica e destaca seu legado \u201cmarcado por vis\u00e3o, coragem e compromisso com a justi\u00e7a\u201d.<\/p>\n<p>A data do vel\u00f3rio ainda n\u00e3o foi divulgada.<\/p>\n<h3 class=\"wp-block-heading\"><strong>Leia a nota sobre o falecimento de Brasil Salom\u00e3o:<\/strong><\/h3>\n<p><em>\u201cO escrit\u00f3rio Brasil Salom\u00e3o e Matthes Advocacia comunica, com profundo pesar, o falecimento de seu fundador, Brasil do Pinhal Pereira Salom\u00e3o, ocorrido neste s\u00e1bado, 5 de julho, aos 83 anos. Nascido em 18 de novembro de 1941, na cidade de Esp\u00edrito Santo do Pinhal (SP), Brasil Salom\u00e3o construiu uma trajet\u00f3ria excepcional no campo jur\u00eddico e deixou um legado marcado por vis\u00e3o, coragem e compromisso com a justi\u00e7a. Foi um l\u00edder inspirador, respons\u00e1vel pela funda\u00e7\u00e3o de uma institui\u00e7\u00e3o que, hoje, \u00e9 refer\u00eancia nacional e internacional em advocacia. Seu comprometimento com a \u00e9tica, a excel\u00eancia profissional e a busca cont\u00ednua por inova\u00e7\u00e3o e humanismo na pr\u00e1tica do Direito deixa um legado s\u00f3lido e inestim\u00e1vel, que continuar\u00e1 a guiar nossas atividades. Ao longo de sua vida, Dr. Brasil Salom\u00e3o n\u00e3o apenas transformou o cen\u00e1rio jur\u00eddico, mas tamb\u00e9m inspirou gera\u00e7\u00f5es de profissionais por sua dedica\u00e7\u00e3o, integridade e contribui\u00e7\u00f5es pioneiras \u00e0 advocacia. Seu nome est\u00e1 profundamente associado aos valores que norteiam nosso escrit\u00f3rio, bem como ao impacto positivo que exerceu em diversas \u00e1reas da sociedade. Manifestamos nossos mais sinceros sentimentos \u00e0 fam\u00edlia, aos amigos e a todos que compartilham conosco este momento de perda. O exemplo do nosso querido Dr. Brasil Salom\u00e3o permanecer\u00e1 vivo na mem\u00f3ria de todos que tiveram o privil\u00e9gio de conviver com ele e ser\u00e1 honrado no cont\u00ednuo trabalho desta institui\u00e7\u00e3o. Informaremos oportunamente os detalhes sobre as cerim\u00f4nias de homenagem. Agradecemos todas as mensagens de apoio e solidariedade recebidas.\u201d<\/em><\/p>\n<p>SAIBA MAIS<\/p>\n<p>Feira do Livro de Ribeir\u00e3o Preto celebra 60 anos de carreira de Ign\u00e1cio de Loyola Brand\u00e3o<\/p>\n<h4 class=\"wp-block-heading\"><strong>FIQUE ON<\/strong><\/h4>\n<p>Quer ficar por dentro de tudo que acontece em Ribeir\u00e3o Preto e regi\u00e3o? Ent\u00e3o siga os perfis do\u202facidade on\u202fno\u202f<a href=\"https:\/\/www.instagram.com\/acidadeonribeirao\" target=\"_blank\" rel=\"noreferrer noopener\">Instagram<\/a>\u202fe no\u202f<a href=\"https:\/\/www.facebook.com\/acidadeonribeirao\/\" target=\"_blank\" rel=\"noreferrer noopener\">Facebook<\/a>.<\/p>\n<p>Al\u00e9m disso, voc\u00ea pode receber as principais not\u00edcias diretamente no WhatsApp. Para isso, basta\u00a0<a href=\"https:\/\/chat.whatsapp.com\/BjKQZ9oJwlz8VVT50NuePq\" target=\"_blank\" rel=\"noreferrer noopener\">entrar no grupo clicando aqui<\/a>.<\/p>\n<p>Por fim, se quiser fazer uma den\u00fancia ou sugerir uma reportagem sobre Ribeir\u00e3o Preto e regi\u00e3o, envie uma mensagem pelo WhatsApp: (16) 99117-7802.<\/p>\n<p>VEJA TAMB\u00c9M<\/p>\n<p>Quais filmes Julian McMahon fez?<\/p>\n<p><!-- AI CONTENT END 1 -->\n<\/div>\n<p><script async src=\"\/\/www.instagram.com\/embed.js\"><\/script><br \/>\n<br \/><br \/>\n<br \/><a href=\"https:\/\/www.acidadeon.com\/ribeiraopreto\/cotidiano\/morre-o-advogado-brasil-salomao-aos-83-anos\/\">Source link <\/a><\/p>\n<!-- CONTENT END 1 -->\n","protected":false},"excerpt":{"rendered":"<p>O advogado Brasil do Pinhal Pereira Salom\u00e3o morreu neste s\u00e1bado (5), aos 83 anos. Ele fundou o escrit\u00f3rio Brasil Salom\u00e3o e Matthes Advocacia, de Ribeir\u00e3o&#8230;<\/p>\n","protected":false},"author":1,"featured_media":73603,"comment_status":"open","ping_status":"open","sticky":false,"template":"","format":"standard","meta":{"advanced_seo_description":"","jetpack_seo_html_title":"","jetpack_seo_noindex":false,"jetpack_post_was_ever_published":false,"_jetpack_newsletter_access":"","_jetpack_dont_email_post_to_subs":false,"_jetpack_newsletter_tier_id":0,"_jetpack_memberships_contains_paywalled_content":false,"_jetpack_memberships_contains_paid_content":false,"footnotes":"","jetpack_publicize_message":"","jetpack_publicize_feature_enabled":true,"jetpack_social_post_already_shared":true,"jetpack_social_options":{"image_generator_settings":{"template":"highway","default_image_id":0,"font":"","enabled":false},"version":2}},"categories":[11],"tags":[],"class_list":["post-73602","post","type-post","status-publish","format-standard","has-post-thumbnail","hentry","category-noticias-de-ribeirao-preto-sp-e-regiao-ismael-colosi"],"jetpack_publicize_connections":[],"jetpack_featured_media_url":"https:\/\/i0.wp.com\/noticiasribeiraopreto.com.br\/wp-content\/uploads\/2025\/07\/BRASIL-SALOMAO_2025-07-05_18-56-42.webp.webp?fit=1200%2C899&ssl=1","jetpack-related-posts":[{"id":73598,"url":"https:\/\/noticiasribeiraopreto.com.br\/index.php\/2025\/07\/05\/morre-aos-83-anos-o-advogado-brasil-salomao\/","url_meta":{"origin":73602,"position":0},"title":"Morre, aos 83 anos, o advogado Brasil Salom\u00e3o","author":"noticiasribeiraopreto.com.br","date":"5 de July de 2025","format":false,"excerpt":"5 de julho de 2025 16:0914 Compartilhar0 Morreu neste s\u00e1bado, 5 de julho, o advogado Brasil do Pinhal Pereira Salom\u00e3o, aos 83 anos, em Ribeir\u00e3o Preto. Fundador do tradicional escrit\u00f3rio Brasil Salom\u00e3o e Matthes Advocacia, ele era considerado uma das maiores refer\u00eancias no Direito Tribut\u00e1rio do pa\u00eds. O vel\u00f3rio ser\u00e1\u2026","rel":"","context":"In &quot;Not\u00edcias de Ribeir\u00e3o Preto-SP e Regi\u00e3o&quot;","block_context":{"text":"Not\u00edcias de Ribeir\u00e3o Preto-SP e Regi\u00e3o","link":"https:\/\/noticiasribeiraopreto.com.br\/index.php\/category\/noticias-de-ribeirao-preto-sp-e-regiao-ismael-colosi\/"},"img":{"alt_text":"","src":"https:\/\/i0.wp.com\/noticiasribeiraopreto.com.br\/wp-content\/uploads\/2025\/07\/Brasil.jpg?fit=600%2C397&ssl=1&resize=350%2C200","width":350,"height":200,"srcset":"https:\/\/i0.wp.com\/noticiasribeiraopreto.com.br\/wp-content\/uploads\/2025\/07\/Brasil.jpg?fit=600%2C397&ssl=1&resize=350%2C200 1x, https:\/\/i0.wp.com\/noticiasribeiraopreto.com.br\/wp-content\/uploads\/2025\/07\/Brasil.jpg?fit=600%2C397&ssl=1&resize=525%2C300 1.5x"},"classes":[]},{"id":73212,"url":"https:\/\/noticiasribeiraopreto.com.br\/index.php\/2025\/06\/27\/morre-o-advogado-marcelo-viana-salomao\/","url_meta":{"origin":73602,"position":1},"title":"Morre o advogado Marcelo Viana Salom\u00e3o","author":"noticiasribeiraopreto.com.br","date":"27 de June de 2025","format":false,"excerpt":"27 de junho de 2025 09:193 Compartilhar0 O escrit\u00f3rio Brasil Salom\u00e3o e Matthes Advocacia informou, por meio de sua assessoria de comunica\u00e7\u00e3o, o falecimento de seu s\u00f3cio-presidente, Marcelo Viana Salom\u00e3o. Advogado renomado, Marcelo atuava na \u00e1rea tribut\u00e1ria e h\u00e1 d\u00e9cadas estava na lideran\u00e7a do escrit\u00f3rio, um dos mais tradicionais do\u2026","rel":"","context":"In &quot;Not\u00edcias de Ribeir\u00e3o Preto-SP e Regi\u00e3o&quot;","block_context":{"text":"Not\u00edcias de Ribeir\u00e3o Preto-SP e Regi\u00e3o","link":"https:\/\/noticiasribeiraopreto.com.br\/index.php\/category\/noticias-de-ribeirao-preto-sp-e-regiao-ismael-colosi\/"},"img":{"alt_text":"","src":"https:\/\/i0.wp.com\/noticiasribeiraopreto.com.br\/wp-content\/uploads\/2025\/06\/MARCELOSALOMAO.jpg?fit=1000%2C625&ssl=1&resize=350%2C200","width":350,"height":200,"srcset":"https:\/\/i0.wp.com\/noticiasribeiraopreto.com.br\/wp-content\/uploads\/2025\/06\/MARCELOSALOMAO.jpg?fit=1000%2C625&ssl=1&resize=350%2C200 1x, https:\/\/i0.wp.com\/noticiasribeiraopreto.com.br\/wp-content\/uploads\/2025\/06\/MARCELOSALOMAO.jpg?fit=1000%2C625&ssl=1&resize=525%2C300 1.5x, https:\/\/i0.wp.com\/noticiasribeiraopreto.com.br\/wp-content\/uploads\/2025\/06\/MARCELOSALOMAO.jpg?fit=1000%2C625&ssl=1&resize=700%2C400 2x"},"classes":[]},{"id":73239,"url":"https:\/\/noticiasribeiraopreto.com.br\/index.php\/2025\/06\/27\/morre-o-advogado-marcelo-viana-salomao-aos-56-anos\/","url_meta":{"origin":73602,"position":2},"title":"Morre o advogado Marcelo Viana Salom\u00e3o, aos 56 anos","author":"noticiasribeiraopreto.com.br","date":"27 de June de 2025","format":false,"excerpt":"O advogado\u00a0Marcelo Viana Salom\u00e3o morreu nesta sexta-feira (27), aos 56 anos. Ele era s\u00f3cio presidente do escrit\u00f3rio de Brasil Salom\u00e3o e Matthes Advocacia, de Ribeir\u00e3o Preto. A causa da morte n\u00e3o foi divulgada. Al\u00e9m de advogado, Marcelo era professor, palestrante e autor. O profissional participou do processo de expans\u00e3o nacional\u2026","rel":"","context":"In &quot;Not\u00edcias de Ribeir\u00e3o Preto-SP e Regi\u00e3o&quot;","block_context":{"text":"Not\u00edcias de Ribeir\u00e3o Preto-SP e Regi\u00e3o","link":"https:\/\/noticiasribeiraopreto.com.br\/index.php\/category\/noticias-de-ribeirao-preto-sp-e-regiao-ismael-colosi\/"},"img":{"alt_text":"","src":"https:\/\/i0.wp.com\/noticiasribeiraopreto.com.br\/wp-content\/uploads\/2025\/06\/ADVOGADO_2025-06-27_17-34-47.webp.webp?fit=1200%2C947&ssl=1&resize=350%2C200","width":350,"height":200,"srcset":"https:\/\/i0.wp.com\/noticiasribeiraopreto.com.br\/wp-content\/uploads\/2025\/06\/ADVOGADO_2025-06-27_17-34-47.webp.webp?fit=1200%2C947&ssl=1&resize=350%2C200 1x, https:\/\/i0.wp.com\/noticiasribeiraopreto.com.br\/wp-content\/uploads\/2025\/06\/ADVOGADO_2025-06-27_17-34-47.webp.webp?fit=1200%2C947&ssl=1&resize=525%2C300 1.5x, https:\/\/i0.wp.com\/noticiasribeiraopreto.com.br\/wp-content\/uploads\/2025\/06\/ADVOGADO_2025-06-27_17-34-47.webp.webp?fit=1200%2C947&ssl=1&resize=700%2C400 2x, https:\/\/i0.wp.com\/noticiasribeiraopreto.com.br\/wp-content\/uploads\/2025\/06\/ADVOGADO_2025-06-27_17-34-47.webp.webp?fit=1200%2C947&ssl=1&resize=1050%2C600 3x"},"classes":[]},{"id":41778,"url":"https:\/\/noticiasribeiraopreto.com.br\/index.php\/2024\/03\/11\/escritorio-de-advocacia-lanca-podcast-juridico\/","url_meta":{"origin":73602,"position":3},"title":"Escrit\u00f3rio de advocacia lan\u00e7a podcast jur\u00eddico","author":"noticiasribeiraopreto.com.br","date":"11 de March de 2024","format":false,"excerpt":"A cena jur\u00eddica nacional ganha um novo canal de abordagem de tem\u00e1ticas do setor em interface com as demandas sociais, principal objeto do Direito. O PodBrasil chega como ferramenta contempor\u00e2nea da comunica\u00e7\u00e3o de Brasil Salom\u00e3o e Matthes Advocacia com seus interlocutores e a comunidade em geral. O lan\u00e7amento faz parte\u2026","rel":"","context":"In &quot;Not\u00edcias de Ribeir\u00e3o Preto-SP e Regi\u00e3o&quot;","block_context":{"text":"Not\u00edcias de Ribeir\u00e3o Preto-SP e Regi\u00e3o","link":"https:\/\/noticiasribeiraopreto.com.br\/index.php\/category\/noticias-de-ribeirao-preto-sp-e-regiao-ismael-colosi\/"},"img":{"alt_text":"","src":"https:\/\/i0.wp.com\/noticiasribeiraopreto.com.br\/wp-content\/uploads\/2024\/03\/905f3049-598c-4282-a473-d2f8bc56c1e8.jpg?fit=375%2C250&ssl=1&resize=350%2C200","width":350,"height":200},"classes":[]},{"id":10890,"url":"https:\/\/noticiasribeiraopreto.com.br\/index.php\/2023\/12\/05\/analise-advocacia-2023-24-consolida-brasil-salomao-e-matthes-como-referencia-nacional\/","url_meta":{"origin":73602,"position":4},"title":"An\u00e1lise Advocacia 2023\/24 consolida Brasil Salom\u00e3o e Matthes como refer\u00eancia nacional","author":"noticiasribeiraopreto.com.br","date":"5 de December de 2023","format":false,"excerpt":"5 de dezembro de 2023 | 9:034 de dezembro de 2023 | 14:45 0O anu\u00e1rio An\u00e1lise Advocacia, publica\u00e7\u00e3o que \u00e9 refer\u00eancia de qualidade no setor jur\u00eddico no Brasil, anunciou, no dia 23 de novembro, os resultados da pesquisa 2023\/24, relacionando os escrit\u00f3rios e os profissionais mais admirados em \u00e2mbito nacional,\u2026","rel":"","context":"In &quot;Not\u00edcias de Ribeir\u00e3o Preto-SP e Regi\u00e3o&quot;","block_context":{"text":"Not\u00edcias de Ribeir\u00e3o Preto-SP e Regi\u00e3o","link":"https:\/\/noticiasribeiraopreto.com.br\/index.php\/category\/noticias-de-ribeirao-preto-sp-e-regiao-ismael-colosi\/"},"img":{"alt_text":"","src":"https:\/\/i0.wp.com\/noticiasribeiraopreto.com.br\/wp-content\/uploads\/2023\/12\/Marcelo-Salomao-scaled.jpg?fit=430%2C645&ssl=1&resize=350%2C200","width":350,"height":200},"classes":[]},{"id":42178,"url":"https:\/\/noticiasribeiraopreto.com.br\/index.php\/2024\/03\/13\/escritorio-de-advocacia-lanca-podcast-juridico-2\/","url_meta":{"origin":73602,"position":5},"title":"Escrit\u00f3rio de advocacia lan\u00e7a podcast jur\u00eddico","author":"noticiasribeiraopreto.com.br","date":"13 de March de 2024","format":false,"excerpt":"13 de mar\u00e7o de 2024 | 9:0312 de mar\u00e7o de 2024 | 21:37 0A cena jur\u00eddica nacional ganha um novo canal de abordagem de tem\u00e1ticas do setor em interface com as demandas sociais, principal objeto do Direito. O PodBrasil chega como ferramenta contempor\u00e2nea da comunica\u00e7\u00e3o de Brasil Salom\u00e3o e Matthes\u2026","rel":"","context":"In &quot;Not\u00edcias de Ribeir\u00e3o Preto-SP e Regi\u00e3o&quot;","block_context":{"text":"Not\u00edcias de Ribeir\u00e3o Preto-SP e Regi\u00e3o","link":"https:\/\/noticiasribeiraopreto.com.br\/index.php\/category\/noticias-de-ribeirao-preto-sp-e-regiao-ismael-colosi\/"},"img":{"alt_text":"","src":"https:\/\/i0.wp.com\/noticiasribeiraopreto.com.br\/wp-content\/uploads\/2024\/03\/Marcelo-Salomao-Rodrigo-Forcenette-e-Evandro-Grili-scaled.jpg?fit=967%2C645&ssl=1&resize=350%2C200","width":350,"height":200,"srcset":"https:\/\/i0.wp.com\/noticiasribeiraopreto.com.br\/wp-content\/uploads\/2024\/03\/Marcelo-Salomao-Rodrigo-Forcenette-e-Evandro-Grili-scaled.jpg?fit=967%2C645&ssl=1&resize=350%2C200 1x, https:\/\/i0.wp.com\/noticiasribeiraopreto.com.br\/wp-content\/uploads\/2024\/03\/Marcelo-Salomao-Rodrigo-Forcenette-e-Evandro-Grili-scaled.jpg?fit=967%2C645&ssl=1&resize=525%2C300 1.5x, https:\/\/i0.wp.com\/noticiasribeiraopreto.com.br\/wp-content\/uploads\/2024\/03\/Marcelo-Salomao-Rodrigo-Forcenette-e-Evandro-Grili-scaled.jpg?fit=967%2C645&ssl=1&resize=700%2C400 2x"},"classes":[]}],"jetpack_sharing_enabled":true,"jetpack_shortlink":"https:\/\/wp.me\/peQAOb-j98","_links":{"self":[{"href":"https:\/\/noticiasribeiraopreto.com.br\/index.php\/wp-json\/wp\/v2\/posts\/73602","targetHints":{"allow":["GET"]}}],"collection":[{"href":"https:\/\/noticiasribeiraopreto.com.br\/index.php\/wp-json\/wp\/v2\/posts"}],"about":[{"href":"https:\/\/noticiasribeiraopreto.com.br\/index.php\/wp-json\/wp\/v2\/types\/post"}],"author":[{"embeddable":true,"href":"https:\/\/noticiasribeiraopreto.com.br\/index.php\/wp-json\/wp\/v2\/users\/1"}],"replies":[{"embeddable":true,"href":"https:\/\/noticiasribeiraopreto.com.br\/index.php\/wp-json\/wp\/v2\/comments?post=73602"}],"version-history":[{"count":0,"href":"https:\/\/noticiasribeiraopreto.com.br\/index.php\/wp-json\/wp\/v2\/posts\/73602\/revisions"}],"wp:featuredmedia":[{"embeddable":true,"href":"https:\/\/noticiasribeiraopreto.com.br\/index.php\/wp-json\/wp\/v2\/media\/73603"}],"wp:attachment":[{"href":"https:\/\/noticiasribeiraopreto.com.br\/index.php\/wp-json\/wp\/v2\/media?parent=73602"}],"wp:term":[{"taxonomy":"category","embeddable":true,"href":"https:\/\/noticiasribeiraopreto.com.br\/index.php\/wp-json\/wp\/v2\/categories?post=73602"},{"taxonomy":"post_tag","embeddable":true,"href":"https:\/\/noticiasribeiraopreto.com.br\/index.php\/wp-json\/wp\/v2\/tags?post=73602"}],"curies":[{"name":"wp","href":"https:\/\/api.w.org\/{rel}","templated":true}]}}