{"id":73604,"date":"2025-07-05T17:23:05","date_gmt":"2025-07-05T20:23:05","guid":{"rendered":"https:\/\/noticiasribeiraopreto.com.br\/index.php\/2025\/07\/05\/feira-do-livro-de-ribeirao-preto-celebra-60-anos-de-carreira-de-ignacio-de-loyola-brandao\/"},"modified":"2025-07-05T17:23:05","modified_gmt":"2025-07-05T20:23:05","slug":"feira-do-livro-de-ribeirao-preto-celebra-60-anos-de-carreira-de-ignacio-de-loyola-brandao","status":"publish","type":"post","link":"https:\/\/noticiasribeiraopreto.com.br\/index.php\/2025\/07\/05\/feira-do-livro-de-ribeirao-preto-celebra-60-anos-de-carreira-de-ignacio-de-loyola-brandao\/","title":{"rendered":"Feira do Livro de Ribeir\u00e3o Preto celebra 60 anos de carreira de Ign\u00e1cio de Loyola Brand\u00e3o"},"content":{"rendered":"<div class='code-block code-block-1' style='margin: 8px 0 8px auto; text-align: right; display: block; clear: both;'>\n<p><a href=\"https:\/\/wa.link\/vpicfd\"><img data-recalc-dims=\"1\" class=\"wp-image-4922\" style=\"aspect-ratio: 2.0253164556962027; width: 561px; height: auto;\" src=\"https:\/\/i0.wp.com\/ismaelcolosi.com.br\/wp-content\/uploads\/2023\/11\/grupo-de-empregos-whatsapp-e-facebook-ismael-colosi-vagas.jpg?ssl=1\" alt=\"\" \/><\/a><\/p>\n<!-- \/wp:image -->\n<\/div>\n<p> <br \/>\n<\/p>\n<div>\n<p>A programa\u00e7\u00e3o da <strong>24\u00aa edi\u00e7\u00e3o da Feira Internacional do Livro (FIL) de Ribeir\u00e3o Preto<\/strong>, que acontece entre os dias <strong>15 e 24 de agosto<\/strong>, ir\u00e1 homenagear a trajet\u00f3ria liter\u00e1ria de <strong>60 anos<\/strong> de <strong>Ign\u00e1cio de Loyola Brand\u00e3o<\/strong> com exposi\u00e7\u00e3o, espet\u00e1culo teatral e palestra.<\/p>\n<p>Nascido em Araraquara, <strong>Loyola Brand\u00e3o<\/strong> \u00e9 autor de contos, cr\u00f4nicas, romances, hist\u00f3rias infanto-juvenis e pe\u00e7as teatrais. O <strong>escritor<\/strong> possui <strong>mais de 40 livros publicados<\/strong> e \u00e9 ganhador de <strong>cinco Pr\u00eamios Jabuti<\/strong>. A presen\u00e7a dele na <strong>FIL<\/strong> \u00e9 constante e afetiva desde a primeira edi\u00e7\u00e3o.<\/p>\n<h2 class=\"wp-block-heading\"><strong>Exposi\u00e7\u00e3o<\/strong><\/h2>\n<p>A entrada do espa\u00e7o, na <strong>Esplanada do Theatro Pedro II<\/strong>, incluir\u00e1 fotos, textos, livros, desenhos e objetos pessoais do escritor para compor a exposi\u00e7\u00e3o \u201c<strong>Entre Distopias e Delicadezas<\/strong>\u201d.<\/p>\n<p>Entre as pe\u00e7as, estar\u00e3o um globo terrestre apontando todos os pa\u00edses onde a obra de <strong>Loyola<\/strong> foi traduzida, cadernetas de anota\u00e7\u00f5es, caderno de caligrafia alusivo ao carinho do autor por sua professora prim\u00e1ria, entre outros itens.<\/p>\n<h3 class=\"wp-block-heading\"><strong>Espet\u00e1culo teatral<\/strong><\/h3>\n<p>A <strong>Cia Dois Palitos<\/strong> apresentar\u00e1 o espet\u00e1culo infanto-juvenil \u201c<strong>Encaramiloyola<\/strong>\u201d, que une literatura, m\u00fasica e teatro a partir de quatro livros de <strong>Ign\u00e1cio de Loyola Brand\u00e3o<\/strong>: \u201cO Homem que Espalhou o Deserto\u201d, \u201cO Segredo da Nuvem\u201d, \u201cO Menino que Vendia Palavras\u201d e \u201cO Menino que Perguntava\u201d.<\/p>\n<p>As apresenta\u00e7\u00f5es acontecem dia <strong>21 de agosto (quinta-feira)<\/strong>, \u00e0s <strong>9h30<\/strong>, no <strong>Teatro Auxiliadora<\/strong>, e no dia <strong>22 de agosto (sexta-feira)<\/strong>, \u00e0s <strong>14h30<\/strong>, na sala principal do <strong>Theatro Pedro II<\/strong>. A participa\u00e7\u00e3o de escolas \u00e9 gratuita, mas requer agendamento pr\u00e9vio.<\/p>\n<h4 class=\"wp-block-heading\"><strong>Sal\u00e3o de Ideias<\/strong><\/h4>\n<p>No dia <strong>23 de agosto (s\u00e1bado)<\/strong>, \u00e0s <strong>14h30<\/strong>, o escritor e jornalista <strong>Ign\u00e1cio de Loyola Brand\u00e3o<\/strong> participar\u00e1 de uma sess\u00e3o especial do <strong>Sal\u00e3o de Ideias<\/strong> ao lado de seu filho, o documentarista <strong>Andr\u00e9 Brand\u00e3o<\/strong>. O encontro, que acontece no <strong>audit\u00f3rio Meira J\u00fanior<\/strong>, celebra os 60 anos de carreira de <strong>Loyola<\/strong> e traz \u00e0 conversa temas que tamb\u00e9m inspiraram o document\u00e1rio \u201c<strong>N\u00e3o Sei Viver Sem Palavras<\/strong>\u201d, dirigido por <strong>Andr\u00e9<\/strong> e baseado na trajet\u00f3ria e na obra do autor.<\/p>\n<p>SAIBA MAIS<\/p>\n<p>Especialista em neg\u00f3cios globais lan\u00e7a livro em Ribeir\u00e3o Preto<\/p>\n<h5 class=\"wp-block-heading\"><strong>FIQUE ON<\/strong><\/h5>\n<p>Quer ficar por dentro de tudo que acontece em Ribeir\u00e3o Preto e regi\u00e3o? Ent\u00e3o siga os perfis do\u202facidade on\u202fno\u202f<a href=\"https:\/\/www.instagram.com\/acidadeonribeirao\" target=\"_blank\" rel=\"noreferrer noopener\">Instagram<\/a>\u202fe no\u202f<a href=\"https:\/\/www.facebook.com\/acidadeonribeirao\/\" target=\"_blank\" rel=\"noreferrer noopener\">Facebook<\/a>.<\/p>\n<p>Al\u00e9m disso, voc\u00ea pode receber as principais not\u00edcias diretamente no WhatsApp. Para isso, basta\u00a0<a href=\"https:\/\/chat.whatsapp.com\/BjKQZ9oJwlz8VVT50NuePq\" target=\"_blank\" rel=\"noreferrer noopener\">entrar no grupo clicando aqui<\/a>.<\/p>\n<p>Por fim, se quiser fazer uma den\u00fancia ou sugerir uma reportagem sobre Ribeir\u00e3o Preto e regi\u00e3o, envie uma mensagem pelo WhatsApp: (16) 99117-7802.<\/p>\n<p>VEJA TAMB\u00c9M<\/p>\n<p>Quais filmes Julian McMahon fez?<\/p>\n<p><!-- AI CONTENT END 1 -->\n<\/div>\n<p><script async src=\"\/\/www.instagram.com\/embed.js\"><\/script><br \/>\n<br \/><br \/>\n<br \/><a href=\"https:\/\/www.acidadeon.com\/ribeiraopreto\/lazer-e-cultura\/feira-do-livro-de-ribeirao-preto-celebra-60-anos-de-carreira-de-ignacio-de-loyola-brandao\/\">Source link <\/a><\/p>\n<!-- CONTENT END 1 -->\n","protected":false},"excerpt":{"rendered":"<p>A programa\u00e7\u00e3o da 24\u00aa edi\u00e7\u00e3o da Feira Internacional do Livro (FIL) de Ribeir\u00e3o Preto, que acontece entre os dias 15 e 24 de agosto, ir\u00e1&#8230;<\/p>\n","protected":false},"author":1,"featured_media":73605,"comment_status":"open","ping_status":"open","sticky":false,"template":"","format":"standard","meta":{"advanced_seo_description":"","jetpack_seo_html_title":"","jetpack_seo_noindex":false,"jetpack_post_was_ever_published":false,"_jetpack_newsletter_access":"","_jetpack_dont_email_post_to_subs":false,"_jetpack_newsletter_tier_id":0,"_jetpack_memberships_contains_paywalled_content":false,"_jetpack_memberships_contains_paid_content":false,"footnotes":"","jetpack_publicize_message":"","jetpack_publicize_feature_enabled":true,"jetpack_social_post_already_shared":true,"jetpack_social_options":{"image_generator_settings":{"template":"highway","default_image_id":0,"font":"","enabled":false},"version":2}},"categories":[11],"tags":[],"class_list":["post-73604","post","type-post","status-publish","format-standard","has-post-thumbnail","hentry","category-noticias-de-ribeirao-preto-sp-e-regiao-ismael-colosi"],"jetpack_publicize_connections":[],"jetpack_featured_media_url":"https:\/\/i0.wp.com\/noticiasribeiraopreto.com.br\/wp-content\/uploads\/2025\/07\/IgnacioDeLoyollaBrandao_2025-07-05_15-33-15.webp.webp?fit=1200%2C800&ssl=1","jetpack-related-posts":[{"id":74427,"url":"https:\/\/noticiasribeiraopreto.com.br\/index.php\/2025\/07\/22\/24a-feira-internacional-do-livro-de-ribeirao-preto-lanca-programacao\/","url_meta":{"origin":73604,"position":0},"title":"24\u00aa Feira Internacional do Livro de Ribeir\u00e3o Preto lan\u00e7a programa\u00e7\u00e3o","author":"noticiasribeiraopreto.com.br","date":"22 de July de 2025","format":false,"excerpt":"A programa\u00e7\u00e3o da 24\u00aa Feira Internacional do Livro de Ribeir\u00e3o Preto (FIL) foi lan\u00e7ada oficialmente na manh\u00e3 desta ter\u00e7a-feira (22), durante uma cerim\u00f4nia realizada no audit\u00f3rio do Sesc, no Centro da cidade. A FIL acontece de 15 a 24 de agosto e reunir\u00e1 mais de 500 atividades gratuitas em 25\u2026","rel":"","context":"In &quot;Not\u00edcias de Ribeir\u00e3o Preto-SP e Regi\u00e3o&quot;","block_context":{"text":"Not\u00edcias de Ribeir\u00e3o Preto-SP e Regi\u00e3o","link":"https:\/\/noticiasribeiraopreto.com.br\/index.php\/category\/noticias-de-ribeirao-preto-sp-e-regiao-ismael-colosi\/"},"img":{"alt_text":"","src":"https:\/\/i0.wp.com\/noticiasribeiraopreto.com.br\/wp-content\/uploads\/2025\/07\/WhatsApp-Image-2025-07-22-at-11.28.26_2025-07-22_14-39-43.webp.webp?fit=1200%2C675&ssl=1&resize=350%2C200","width":350,"height":200,"srcset":"https:\/\/i0.wp.com\/noticiasribeiraopreto.com.br\/wp-content\/uploads\/2025\/07\/WhatsApp-Image-2025-07-22-at-11.28.26_2025-07-22_14-39-43.webp.webp?fit=1200%2C675&ssl=1&resize=350%2C200 1x, https:\/\/i0.wp.com\/noticiasribeiraopreto.com.br\/wp-content\/uploads\/2025\/07\/WhatsApp-Image-2025-07-22-at-11.28.26_2025-07-22_14-39-43.webp.webp?fit=1200%2C675&ssl=1&resize=525%2C300 1.5x, https:\/\/i0.wp.com\/noticiasribeiraopreto.com.br\/wp-content\/uploads\/2025\/07\/WhatsApp-Image-2025-07-22-at-11.28.26_2025-07-22_14-39-43.webp.webp?fit=1200%2C675&ssl=1&resize=700%2C400 2x, https:\/\/i0.wp.com\/noticiasribeiraopreto.com.br\/wp-content\/uploads\/2025\/07\/WhatsApp-Image-2025-07-22-at-11.28.26_2025-07-22_14-39-43.webp.webp?fit=1200%2C675&ssl=1&resize=1050%2C600 3x"},"classes":[]},{"id":76160,"url":"https:\/\/noticiasribeiraopreto.com.br\/index.php\/2025\/08\/23\/confira-a-programacao-da-feira-do-livro-de-ribeirao-preto-neste-sabado-3\/","url_meta":{"origin":73604,"position":1},"title":"Confira a programa\u00e7\u00e3o da Feira do Livro de Ribeir\u00e3o Preto neste s\u00e1bado","author":"noticiasribeiraopreto.com.br","date":"23 de August de 2025","format":false,"excerpt":"A 24\u00aa FIL (Feira Internacional do Livro) de Ribeir\u00e3o Preto chega ao pen\u00faltimo dia neste s\u00e1bado (23) com diversas atra\u00e7\u00f5es. Entre os destaques, est\u00e3o os bate-papos com Andr\u00e9 Trigueiro, Ign\u00e1cio de Loyola Brand\u00e3o, Itamar Vieira J\u00fanior, Br\u00e1ulio Bessa, M\u00e1rcia Tiburi e Jean Wyllys \u2013 clique aqui e veja a programa\u00e7\u00e3o\u2026","rel":"","context":"In &quot;Not\u00edcias de Ribeir\u00e3o Preto-SP e Regi\u00e3o&quot;","block_context":{"text":"Not\u00edcias de Ribeir\u00e3o Preto-SP e Regi\u00e3o","link":"https:\/\/noticiasribeiraopreto.com.br\/index.php\/category\/noticias-de-ribeirao-preto-sp-e-regiao-ismael-colosi\/"},"img":{"alt_text":"","src":"https:\/\/i0.wp.com\/noticiasribeiraopreto.com.br\/wp-content\/uploads\/2025\/08\/feira-do-livro-3_2025-08-22_20-27-05.webp.webp?fit=1200%2C674&ssl=1&resize=350%2C200","width":350,"height":200,"srcset":"https:\/\/i0.wp.com\/noticiasribeiraopreto.com.br\/wp-content\/uploads\/2025\/08\/feira-do-livro-3_2025-08-22_20-27-05.webp.webp?fit=1200%2C674&ssl=1&resize=350%2C200 1x, https:\/\/i0.wp.com\/noticiasribeiraopreto.com.br\/wp-content\/uploads\/2025\/08\/feira-do-livro-3_2025-08-22_20-27-05.webp.webp?fit=1200%2C674&ssl=1&resize=525%2C300 1.5x, https:\/\/i0.wp.com\/noticiasribeiraopreto.com.br\/wp-content\/uploads\/2025\/08\/feira-do-livro-3_2025-08-22_20-27-05.webp.webp?fit=1200%2C674&ssl=1&resize=700%2C400 2x, https:\/\/i0.wp.com\/noticiasribeiraopreto.com.br\/wp-content\/uploads\/2025\/08\/feira-do-livro-3_2025-08-22_20-27-05.webp.webp?fit=1200%2C674&ssl=1&resize=1050%2C600 3x"},"classes":[]},{"id":75779,"url":"https:\/\/noticiasribeiraopreto.com.br\/index.php\/2025\/08\/15\/feira-do-livro-comeca-hoje\/","url_meta":{"origin":73604,"position":2},"title":"Feira do Livro come\u00e7a hoje\u00a0","author":"noticiasribeiraopreto.com.br","date":"15 de August de 2025","format":false,"excerpt":"Evento acontece de 15 a 24 de agosto com mais de 500 atividades gratuitas em 25 locais em Ribeir\u00e3o Preto. A abertura oficial da 24\u00aa Feira Internacional do Livro de Ribeir\u00e3o Preto (FIL) ser\u00e1 nesta sexta-feira, 15 de agosto, a partir das 19h30, na sala principal do Theatro Pedro II.\u2026","rel":"","context":"In &quot;Not\u00edcias de Ribeir\u00e3o Preto-SP e Regi\u00e3o&quot;","block_context":{"text":"Not\u00edcias de Ribeir\u00e3o Preto-SP e Regi\u00e3o","link":"https:\/\/noticiasribeiraopreto.com.br\/index.php\/category\/noticias-de-ribeirao-preto-sp-e-regiao-ismael-colosi\/"},"img":{"alt_text":"","src":"https:\/\/i0.wp.com\/noticiasribeiraopreto.com.br\/wp-content\/uploads\/2025\/08\/FeiraFIl-Loy-Divulga-scaled.jpeg?fit=1170%2C780&ssl=1&resize=350%2C200","width":350,"height":200,"srcset":"https:\/\/i0.wp.com\/noticiasribeiraopreto.com.br\/wp-content\/uploads\/2025\/08\/FeiraFIl-Loy-Divulga-scaled.jpeg?fit=1170%2C780&ssl=1&resize=350%2C200 1x, https:\/\/i0.wp.com\/noticiasribeiraopreto.com.br\/wp-content\/uploads\/2025\/08\/FeiraFIl-Loy-Divulga-scaled.jpeg?fit=1170%2C780&ssl=1&resize=525%2C300 1.5x, https:\/\/i0.wp.com\/noticiasribeiraopreto.com.br\/wp-content\/uploads\/2025\/08\/FeiraFIl-Loy-Divulga-scaled.jpeg?fit=1170%2C780&ssl=1&resize=700%2C400 2x, https:\/\/i0.wp.com\/noticiasribeiraopreto.com.br\/wp-content\/uploads\/2025\/08\/FeiraFIl-Loy-Divulga-scaled.jpeg?fit=1170%2C780&ssl=1&resize=1050%2C600 3x"},"classes":[]},{"id":76302,"url":"https:\/\/noticiasribeiraopreto.com.br\/index.php\/2025\/08\/26\/feira-internacional-do-livro-de-ribeirao-preto-anuncia-tema-da-edicao-de-2026\/","url_meta":{"origin":73604,"position":3},"title":"Feira Internacional do Livro de Ribeir\u00e3o Preto anuncia tema da edi\u00e7\u00e3o de 2026","author":"noticiasribeiraopreto.com.br","date":"26 de August de 2025","format":false,"excerpt":"Ap\u00f3s encerrar sua 24\u00aa edi\u00e7\u00e3o com p\u00fablico de 274 mil pessoas e mais de 500 atividades em Ribeir\u00e3o Preto, a Feira Internacional do Livro anunciou o tema da pr\u00f3xima edi\u00e7\u00e3o, que marcar\u00e1 os 25 anos do evento. Em 2026, a feira ter\u00e1 como tema \u201cX, Y, Z, Alpha, Beta \u2013\u2026","rel":"","context":"In &quot;Not\u00edcias de Ribeir\u00e3o Preto-SP e Regi\u00e3o&quot;","block_context":{"text":"Not\u00edcias de Ribeir\u00e3o Preto-SP e Regi\u00e3o","link":"https:\/\/noticiasribeiraopreto.com.br\/index.php\/category\/noticias-de-ribeirao-preto-sp-e-regiao-ismael-colosi\/"},"img":{"alt_text":"","src":"https:\/\/i0.wp.com\/noticiasribeiraopreto.com.br\/wp-content\/uploads\/2025\/08\/johnny-mars-1_2025-08-26_14-46-01.webp.webp?fit=1200%2C675&ssl=1&resize=350%2C200","width":350,"height":200,"srcset":"https:\/\/i0.wp.com\/noticiasribeiraopreto.com.br\/wp-content\/uploads\/2025\/08\/johnny-mars-1_2025-08-26_14-46-01.webp.webp?fit=1200%2C675&ssl=1&resize=350%2C200 1x, https:\/\/i0.wp.com\/noticiasribeiraopreto.com.br\/wp-content\/uploads\/2025\/08\/johnny-mars-1_2025-08-26_14-46-01.webp.webp?fit=1200%2C675&ssl=1&resize=525%2C300 1.5x, https:\/\/i0.wp.com\/noticiasribeiraopreto.com.br\/wp-content\/uploads\/2025\/08\/johnny-mars-1_2025-08-26_14-46-01.webp.webp?fit=1200%2C675&ssl=1&resize=700%2C400 2x, https:\/\/i0.wp.com\/noticiasribeiraopreto.com.br\/wp-content\/uploads\/2025\/08\/johnny-mars-1_2025-08-26_14-46-01.webp.webp?fit=1200%2C675&ssl=1&resize=1050%2C600 3x"},"classes":[]},{"id":63223,"url":"https:\/\/noticiasribeiraopreto.com.br\/index.php\/2025\/02\/06\/saiba-qual-e-o-tema-da-feira-internacional-do-livro-de-ribeirao-preto-de-2025\/","url_meta":{"origin":73604,"position":4},"title":"Saiba qual \u00e9 o tema da Feira Internacional do Livro de Ribeir\u00e3o Preto de 2025","author":"noticiasribeiraopreto.com.br","date":"6 de February de 2025","format":false,"excerpt":"A 24\u00aa FIL \u2013 Feira Internacional do Livro de Ribeir\u00e3o Preto, que vai acontecer de 15 a 24 de agosto, ter\u00e1 como tema central \u2018Futuros Poss\u00edveis: entre linhas e par\u00e1grafos\u2019, inspirado no trabalho do soci\u00f3logo e escritor italiano Domenico de Masi, especialmente sua obra Caminhos da Cultura no Brasil: Um\u2026","rel":"","context":"In &quot;Not\u00edcias de Ribeir\u00e3o Preto-SP e Regi\u00e3o&quot;","block_context":{"text":"Not\u00edcias de Ribeir\u00e3o Preto-SP e Regi\u00e3o","link":"https:\/\/noticiasribeiraopreto.com.br\/index.php\/category\/noticias-de-ribeirao-preto-sp-e-regiao-ismael-colosi\/"},"img":{"alt_text":"","src":"https:\/\/i0.wp.com\/noticiasribeiraopreto.com.br\/wp-content\/uploads\/2025\/02\/Copia-de-Copia-de-Copia-de-TAMANHO-EXATO-PARA-FOTOS-NO-SISTEMA-NOVO-2025-02-06T150906.341_2025-02-06_18-09-43_png_2025-02-06_18-09-43.webp.webp?fit=1200%2C675&ssl=1&resize=350%2C200","width":350,"height":200,"srcset":"https:\/\/i0.wp.com\/noticiasribeiraopreto.com.br\/wp-content\/uploads\/2025\/02\/Copia-de-Copia-de-Copia-de-TAMANHO-EXATO-PARA-FOTOS-NO-SISTEMA-NOVO-2025-02-06T150906.341_2025-02-06_18-09-43_png_2025-02-06_18-09-43.webp.webp?fit=1200%2C675&ssl=1&resize=350%2C200 1x, https:\/\/i0.wp.com\/noticiasribeiraopreto.com.br\/wp-content\/uploads\/2025\/02\/Copia-de-Copia-de-Copia-de-TAMANHO-EXATO-PARA-FOTOS-NO-SISTEMA-NOVO-2025-02-06T150906.341_2025-02-06_18-09-43_png_2025-02-06_18-09-43.webp.webp?fit=1200%2C675&ssl=1&resize=525%2C300 1.5x, https:\/\/i0.wp.com\/noticiasribeiraopreto.com.br\/wp-content\/uploads\/2025\/02\/Copia-de-Copia-de-Copia-de-TAMANHO-EXATO-PARA-FOTOS-NO-SISTEMA-NOVO-2025-02-06T150906.341_2025-02-06_18-09-43_png_2025-02-06_18-09-43.webp.webp?fit=1200%2C675&ssl=1&resize=700%2C400 2x, https:\/\/i0.wp.com\/noticiasribeiraopreto.com.br\/wp-content\/uploads\/2025\/02\/Copia-de-Copia-de-Copia-de-TAMANHO-EXATO-PARA-FOTOS-NO-SISTEMA-NOVO-2025-02-06T150906.341_2025-02-06_18-09-43_png_2025-02-06_18-09-43.webp.webp?fit=1200%2C675&ssl=1&resize=1050%2C600 3x"},"classes":[]},{"id":42296,"url":"https:\/\/noticiasribeiraopreto.com.br\/index.php\/2024\/03\/13\/artistas-podem-se-cadastrar-para-a-23a-feira-internacional-do-livro\/","url_meta":{"origin":73604,"position":5},"title":"Artistas podem se cadastrar para a 23\u00aa Feira Internacional do Livro","author":"noticiasribeiraopreto.com.br","date":"13 de March de 2024","format":false,"excerpt":"13 de mar\u00e7o de 2024 | 16:37 0A Funda\u00e7\u00e3o do Livro e Leitura, em parceria com a Secretaria da Cultura e Turismo de Ribeir\u00e3o Preto, ir\u00e1 selecionar artistas que tenham interesse em participar da programa\u00e7\u00e3o da 23\u00aa edi\u00e7\u00e3o da FIL \u2013 Feira Internacional do Livro de Ribeir\u00e3o Preto, que acontece\u2026","rel":"","context":"In &quot;Not\u00edcias de Ribeir\u00e3o Preto-SP e Regi\u00e3o&quot;","block_context":{"text":"Not\u00edcias de Ribeir\u00e3o Preto-SP e Regi\u00e3o","link":"https:\/\/noticiasribeiraopreto.com.br\/index.php\/category\/noticias-de-ribeirao-preto-sp-e-regiao-ismael-colosi\/"},"img":{"alt_text":"","src":"https:\/\/i0.wp.com\/noticiasribeiraopreto.com.br\/wp-content\/uploads\/2024\/03\/artistas_se_apresentam_durante_a_22_edicao_da_fil_em_2023_2-scaled.jpg?fit=967%2C645&ssl=1&resize=350%2C200","width":350,"height":200,"srcset":"https:\/\/i0.wp.com\/noticiasribeiraopreto.com.br\/wp-content\/uploads\/2024\/03\/artistas_se_apresentam_durante_a_22_edicao_da_fil_em_2023_2-scaled.jpg?fit=967%2C645&ssl=1&resize=350%2C200 1x, https:\/\/i0.wp.com\/noticiasribeiraopreto.com.br\/wp-content\/uploads\/2024\/03\/artistas_se_apresentam_durante_a_22_edicao_da_fil_em_2023_2-scaled.jpg?fit=967%2C645&ssl=1&resize=525%2C300 1.5x, https:\/\/i0.wp.com\/noticiasribeiraopreto.com.br\/wp-content\/uploads\/2024\/03\/artistas_se_apresentam_durante_a_22_edicao_da_fil_em_2023_2-scaled.jpg?fit=967%2C645&ssl=1&resize=700%2C400 2x"},"classes":[]}],"jetpack_sharing_enabled":true,"jetpack_shortlink":"https:\/\/wp.me\/peQAOb-j9a","_links":{"self":[{"href":"https:\/\/noticiasribeiraopreto.com.br\/index.php\/wp-json\/wp\/v2\/posts\/73604","targetHints":{"allow":["GET"]}}],"collection":[{"href":"https:\/\/noticiasribeiraopreto.com.br\/index.php\/wp-json\/wp\/v2\/posts"}],"about":[{"href":"https:\/\/noticiasribeiraopreto.com.br\/index.php\/wp-json\/wp\/v2\/types\/post"}],"author":[{"embeddable":true,"href":"https:\/\/noticiasribeiraopreto.com.br\/index.php\/wp-json\/wp\/v2\/users\/1"}],"replies":[{"embeddable":true,"href":"https:\/\/noticiasribeiraopreto.com.br\/index.php\/wp-json\/wp\/v2\/comments?post=73604"}],"version-history":[{"count":0,"href":"https:\/\/noticiasribeiraopreto.com.br\/index.php\/wp-json\/wp\/v2\/posts\/73604\/revisions"}],"wp:featuredmedia":[{"embeddable":true,"href":"https:\/\/noticiasribeiraopreto.com.br\/index.php\/wp-json\/wp\/v2\/media\/73605"}],"wp:attachment":[{"href":"https:\/\/noticiasribeiraopreto.com.br\/index.php\/wp-json\/wp\/v2\/media?parent=73604"}],"wp:term":[{"taxonomy":"category","embeddable":true,"href":"https:\/\/noticiasribeiraopreto.com.br\/index.php\/wp-json\/wp\/v2\/categories?post=73604"},{"taxonomy":"post_tag","embeddable":true,"href":"https:\/\/noticiasribeiraopreto.com.br\/index.php\/wp-json\/wp\/v2\/tags?post=73604"}],"curies":[{"name":"wp","href":"https:\/\/api.w.org\/{rel}","templated":true}]}}