{"id":73609,"date":"2025-07-05T20:14:07","date_gmt":"2025-07-05T23:14:07","guid":{"rendered":"https:\/\/noticiasribeiraopreto.com.br\/index.php\/2025\/07\/05\/baep-prende-quadrilha-de-furto-de-soja-na-regiao-de-ribeirao-preto\/"},"modified":"2025-07-05T20:14:07","modified_gmt":"2025-07-05T23:14:07","slug":"baep-prende-quadrilha-de-furto-de-soja-na-regiao-de-ribeirao-preto","status":"publish","type":"post","link":"https:\/\/noticiasribeiraopreto.com.br\/index.php\/2025\/07\/05\/baep-prende-quadrilha-de-furto-de-soja-na-regiao-de-ribeirao-preto\/","title":{"rendered":"Baep prende quadrilha de furto de soja na regi\u00e3o de Ribeir\u00e3o Preto"},"content":{"rendered":"<div class='code-block code-block-1' style='margin: 8px 0 8px auto; text-align: right; display: block; clear: both;'>\n<p><a href=\"https:\/\/wa.link\/vpicfd\"><img data-recalc-dims=\"1\" class=\"wp-image-4922\" style=\"aspect-ratio: 2.0253164556962027; width: 561px; height: auto;\" src=\"https:\/\/i0.wp.com\/ismaelcolosi.com.br\/wp-content\/uploads\/2023\/11\/grupo-de-empregos-whatsapp-e-facebook-ismael-colosi-vagas.jpg?ssl=1\" alt=\"\" \/><\/a><\/p>\n<!-- \/wp:image -->\n<\/div>\n<p> <br \/>\n<\/p>\n<div data-td-block-uid=\"tdi_95\">\n<div class=\"tdb-block-inner td-fix-index\">\n<p><strong>O Baep (Batalh\u00e3o de A\u00e7\u00f5es Especiais de Pol\u00edcia) prendeu neste s\u00e1bado (5) quatro homens suspeitos de integrarem uma quadrilha de furto de soja em Taquaritinga, a 80 quil\u00f4metros de Ribeir\u00e3o Preto.<\/strong><\/p>\n<p>Segundo o a pol\u00edcia, foram apreendidos aproximadamente 400 sacos com o gr\u00e3o, que estavam em um local de armazenamento, na \u00e1rea rural do munic\u00edpio. O furto tamb\u00e9m ocorreu em Taquaritinga.<\/p>\n<p>Ainda segundo a pol\u00edcia, quando os agentes chegaram, parte da carga estava sendo transferida para um furg\u00e3o.<\/p>\n<p>Um caminh\u00e3o que teria sido utilizado para transportar a soja at\u00e9 o armazenamento tamb\u00e9m foi encontrado no local.<\/p>\n<p>Os suspeitos foram levados para a Delegacia de Taquaritinga, onde o caso foi registrado como flagrante de recepta\u00e7\u00e3o.<\/p>\n<p>SAIBA MAIS<\/p>\n<p>Veja os novos valores dos ped\u00e1gios na regi\u00e3o de Ribeir\u00e3o\u00a0Preto; Reajuste ser\u00e1 a partir deste domingo<\/p>\n<h2 class=\"wp-block-heading\"><strong>FIQUE ON<\/strong><\/h2>\n<p>Quer ficar por dentro de tudo que acontece em Ribeir\u00e3o Preto e regi\u00e3o? Ent\u00e3o siga os perfis do\u202facidade on\u202fno\u202f<a href=\"https:\/\/www.instagram.com\/acidadeonribeirao\" target=\"_blank\" rel=\"noreferrer noopener\">Instagram<\/a>\u202fe no\u202f<a href=\"https:\/\/www.facebook.com\/acidadeonribeirao\/\" target=\"_blank\" rel=\"noreferrer noopener\">Facebook<\/a>.<\/p>\n<p>Al\u00e9m disso, voc\u00ea pode receber as principais not\u00edcias diretamente no WhatsApp. Para isso, basta\u00a0<a href=\"https:\/\/chat.whatsapp.com\/BjKQZ9oJwlz8VVT50NuePq\" target=\"_blank\" rel=\"noreferrer noopener\">entrar no grupo clicando aqui<\/a>.<\/p>\n<p>Por fim, se quiser fazer uma den\u00fancia ou sugerir uma reportagem sobre Ribeir\u00e3o Preto e regi\u00e3o, envie uma mensagem pelo WhatsApp: (16) 99117-7802.<\/p>\n<p>VEJA TAMB\u00c9M<\/p>\n<p>Qual foi o objeto interestelar captado pela NASA?<\/p>\n<p><!-- AI CONTENT END 1 -->\n<\/div>\n<\/div>\n<p><script async src=\"\/\/www.instagram.com\/embed.js\"><\/script><br \/>\n<br \/><br \/>\n<br \/><a href=\"https:\/\/www.acidadeon.com\/ribeiraopreto\/cotidiano\/baep-prende-quadrilha-de-furto-de-soja-na-regiao-de-ribeirao-preto\/\">Source link <\/a><\/p>\n<!-- CONTENT END 1 -->\n","protected":false},"excerpt":{"rendered":"<p>O Baep (Batalh\u00e3o de A\u00e7\u00f5es Especiais de Pol\u00edcia) prendeu neste s\u00e1bado (5) quatro homens suspeitos de integrarem uma quadrilha de furto de soja em Taquaritinga,&#8230;<\/p>\n","protected":false},"author":1,"featured_media":73610,"comment_status":"open","ping_status":"open","sticky":false,"template":"","format":"standard","meta":{"advanced_seo_description":"","jetpack_seo_html_title":"","jetpack_seo_noindex":false,"jetpack_post_was_ever_published":false,"_jetpack_newsletter_access":"","_jetpack_dont_email_post_to_subs":false,"_jetpack_newsletter_tier_id":0,"_jetpack_memberships_contains_paywalled_content":false,"_jetpack_memberships_contains_paid_content":false,"footnotes":"","jetpack_publicize_message":"","jetpack_publicize_feature_enabled":true,"jetpack_social_post_already_shared":true,"jetpack_social_options":{"image_generator_settings":{"template":"highway","default_image_id":0,"font":"","enabled":false},"version":2}},"categories":[11],"tags":[],"class_list":["post-73609","post","type-post","status-publish","format-standard","has-post-thumbnail","hentry","category-noticias-de-ribeirao-preto-sp-e-regiao-ismael-colosi"],"jetpack_publicize_connections":[],"jetpack_featured_media_url":"https:\/\/i0.wp.com\/noticiasribeiraopreto.com.br\/wp-content\/uploads\/2025\/07\/SOJA_2025-07-05_21-30-38.webp.webp?fit=1200%2C650&ssl=1","jetpack-related-posts":[{"id":73606,"url":"https:\/\/noticiasribeiraopreto.com.br\/index.php\/2025\/07\/05\/video-quadrilha-e-presa-em-flagrante-por-furto-de-soja\/","url_meta":{"origin":73609,"position":0},"title":"V\u00cdDEO: Quadrilha \u00e9 presa em flagrante por furto de soja","author":"noticiasribeiraopreto.com.br","date":"5 de July de 2025","format":false,"excerpt":"5 de julho de 2025 19:514 Compartilhar0 Quatro homens foram presos em flagrante neste s\u00e1bado (5) por policiais do Batalh\u00e3o de A\u00e7\u00f5es Especiais de Pol\u00edcia (Baep), suspeitos de integrar uma quadrilha especializada em furto de gr\u00e3os na regi\u00e3o de Taquaritinga (SP). Segundo a corpora\u00e7\u00e3o, o grupo foi surpreendido enquanto transferia\u2026","rel":"","context":"In &quot;Not\u00edcias de Ribeir\u00e3o Preto-SP e Regi\u00e3o&quot;","block_context":{"text":"Not\u00edcias de Ribeir\u00e3o Preto-SP e Regi\u00e3o","link":"https:\/\/noticiasribeiraopreto.com.br\/index.php\/category\/noticias-de-ribeirao-preto-sp-e-regiao-ismael-colosi\/"},"img":{"alt_text":"","src":"https:\/\/i0.wp.com\/noticiasribeiraopreto.com.br\/wp-content\/uploads\/2025\/07\/furgao_soja-e1751755653309.jpeg?fit=750%2C616&ssl=1&resize=350%2C200","width":350,"height":200,"srcset":"https:\/\/i0.wp.com\/noticiasribeiraopreto.com.br\/wp-content\/uploads\/2025\/07\/furgao_soja-e1751755653309.jpeg?fit=750%2C616&ssl=1&resize=350%2C200 1x, https:\/\/i0.wp.com\/noticiasribeiraopreto.com.br\/wp-content\/uploads\/2025\/07\/furgao_soja-e1751755653309.jpeg?fit=750%2C616&ssl=1&resize=525%2C300 1.5x, https:\/\/i0.wp.com\/noticiasribeiraopreto.com.br\/wp-content\/uploads\/2025\/07\/furgao_soja-e1751755653309.jpeg?fit=750%2C616&ssl=1&resize=700%2C400 2x"},"classes":[]},{"id":29273,"url":"https:\/\/noticiasribeiraopreto.com.br\/index.php\/2024\/01\/17\/quadrilha-que-furtava-acucar-em-trens-e-presa-na-regiao-de-ribeirao-prejuizo-chega-aos-r-20-milhoes\/","url_meta":{"origin":73609,"position":1},"title":"Quadrilha que furtava a\u00e7\u00facar em trens \u00e9 presa na regi\u00e3o de Ribeir\u00e3o; Preju\u00edzo chega aos R$ 20 milh\u00f5es","author":"noticiasribeiraopreto.com.br","date":"17 de January de 2024","format":false,"excerpt":"Uma quadrilha foi presa, na tarde desta quarta-feira (17), em Guariba, por suspeita de recepta\u00e7\u00e3o de a\u00e7\u00facar furtado e organiza\u00e7\u00e3o criminosa que agia contra trens de carga na regi\u00e3o de Ribeir\u00e3o. De acordo com a Pol\u00edcia Civil, dos seis homens apreendidos, cinco fazem parte da organiza\u00e7\u00e3o que, em pouco mais\u2026","rel":"","context":"In &quot;Not\u00edcias de Ribeir\u00e3o Preto-SP e Regi\u00e3o&quot;","block_context":{"text":"Not\u00edcias de Ribeir\u00e3o Preto-SP e Regi\u00e3o","link":"https:\/\/noticiasribeiraopreto.com.br\/index.php\/category\/noticias-de-ribeirao-preto-sp-e-regiao-ismael-colosi\/"},"img":{"alt_text":"","src":"https:\/\/i0.wp.com\/noticiasribeiraopreto.com.br\/wp-content\/uploads\/2024\/01\/Copia-de-Copia-de-TAMANHO-EXATO-PARA-FOTOS-NO-SISTEMA-NOVO.jpg?fit=1200%2C675&ssl=1&resize=350%2C200","width":350,"height":200,"srcset":"https:\/\/i0.wp.com\/noticiasribeiraopreto.com.br\/wp-content\/uploads\/2024\/01\/Copia-de-Copia-de-TAMANHO-EXATO-PARA-FOTOS-NO-SISTEMA-NOVO.jpg?fit=1200%2C675&ssl=1&resize=350%2C200 1x, https:\/\/i0.wp.com\/noticiasribeiraopreto.com.br\/wp-content\/uploads\/2024\/01\/Copia-de-Copia-de-TAMANHO-EXATO-PARA-FOTOS-NO-SISTEMA-NOVO.jpg?fit=1200%2C675&ssl=1&resize=525%2C300 1.5x, https:\/\/i0.wp.com\/noticiasribeiraopreto.com.br\/wp-content\/uploads\/2024\/01\/Copia-de-Copia-de-TAMANHO-EXATO-PARA-FOTOS-NO-SISTEMA-NOVO.jpg?fit=1200%2C675&ssl=1&resize=700%2C400 2x, https:\/\/i0.wp.com\/noticiasribeiraopreto.com.br\/wp-content\/uploads\/2024\/01\/Copia-de-Copia-de-TAMANHO-EXATO-PARA-FOTOS-NO-SISTEMA-NOVO.jpg?fit=1200%2C675&ssl=1&resize=1050%2C600 3x"},"classes":[]},{"id":84741,"url":"https:\/\/noticiasribeiraopreto.com.br\/index.php\/2026\/04\/15\/video-tres-morrem-em-confronto-com-baep-apos-furto-de-caminhonete\/","url_meta":{"origin":73609,"position":2},"title":"V\u00cdDEO &#8211; Tr\u00eas morrem em confronto com Baep ap\u00f3s furto de caminhonete","author":"noticiasribeiraopreto.com.br","date":"15 de April de 2026","format":false,"excerpt":"\r Ve\u00edculo foi levado da zona Sul de Ribeir\u00e3o Preto e rastreador indicou localiza\u00e7\u00e3o em \u00e1rea rural da regi\u00e3o\r \r 15 de abril de 2026 10:5115 de abril de 2026 10:52 \r Compartilhar2 | Por: Adalberto Luque | Tr\u00eas homens morreram, na madrugada desta quarta-feira (15), ap\u00f3s entrarem em confronto\u2026","rel":"","context":"In &quot;Not\u00edcias de Ribeir\u00e3o Preto-SP e Regi\u00e3o&quot;","block_context":{"text":"Not\u00edcias de Ribeir\u00e3o Preto-SP e Regi\u00e3o","link":"https:\/\/noticiasribeiraopreto.com.br\/index.php\/category\/noticias-de-ribeirao-preto-sp-e-regiao-ismael-colosi\/"},"img":{"alt_text":"","src":"https:\/\/i0.wp.com\/noticiasribeiraopreto.com.br\/wp-content\/uploads\/2026\/04\/14-abr-2026-confrontobaep1.jpg?fit=1004%2C572&ssl=1&resize=350%2C200","width":350,"height":200,"srcset":"https:\/\/i0.wp.com\/noticiasribeiraopreto.com.br\/wp-content\/uploads\/2026\/04\/14-abr-2026-confrontobaep1.jpg?fit=1004%2C572&ssl=1&resize=350%2C200 1x, https:\/\/i0.wp.com\/noticiasribeiraopreto.com.br\/wp-content\/uploads\/2026\/04\/14-abr-2026-confrontobaep1.jpg?fit=1004%2C572&ssl=1&resize=525%2C300 1.5x, https:\/\/i0.wp.com\/noticiasribeiraopreto.com.br\/wp-content\/uploads\/2026\/04\/14-abr-2026-confrontobaep1.jpg?fit=1004%2C572&ssl=1&resize=700%2C400 2x"},"classes":[]},{"id":84739,"url":"https:\/\/noticiasribeiraopreto.com.br\/index.php\/2026\/04\/15\/tres-sao-mortos-em-confronto-com-o-baep-apos-furto-de-caminhonete-em-ribeirao-preto\/","url_meta":{"origin":73609,"position":3},"title":"Tr\u00eas s\u00e3o mortos em confronto com o Baep ap\u00f3s furto de caminhonete em Ribeir\u00e3o Preto","author":"noticiasribeiraopreto.com.br","date":"15 de April de 2026","format":false,"excerpt":"Ler o resumo da not\u00edcia \r Tr\u00eas suspeitos foram mortos em confronto com o 11\u00ba Baep ap\u00f3s furtarem uma caminhonete Toyota Hilux na noite de ter\u00e7a-feira (14), em Ribeir\u00e3o Preto.\r O confronto ocorreu em um canavial na estrada vicinal entre Guatapar\u00e1 e Prad\u00f3polis, ap\u00f3s os suspeitos atirarem contra os policiais.\r\u2026","rel":"","context":"In &quot;Not\u00edcias de Ribeir\u00e3o Preto-SP e Regi\u00e3o&quot;","block_context":{"text":"Not\u00edcias de Ribeir\u00e3o Preto-SP e Regi\u00e3o","link":"https:\/\/noticiasribeiraopreto.com.br\/index.php\/category\/noticias-de-ribeirao-preto-sp-e-regiao-ismael-colosi\/"},"img":{"alt_text":"","src":"https:\/\/i0.wp.com\/noticiasribeiraopreto.com.br\/wp-content\/uploads\/2026\/04\/baep_2025-11-14_10-57-54.webp.webp?fit=1200%2C734&ssl=1&resize=350%2C200","width":350,"height":200,"srcset":"https:\/\/i0.wp.com\/noticiasribeiraopreto.com.br\/wp-content\/uploads\/2026\/04\/baep_2025-11-14_10-57-54.webp.webp?fit=1200%2C734&ssl=1&resize=350%2C200 1x, https:\/\/i0.wp.com\/noticiasribeiraopreto.com.br\/wp-content\/uploads\/2026\/04\/baep_2025-11-14_10-57-54.webp.webp?fit=1200%2C734&ssl=1&resize=525%2C300 1.5x, https:\/\/i0.wp.com\/noticiasribeiraopreto.com.br\/wp-content\/uploads\/2026\/04\/baep_2025-11-14_10-57-54.webp.webp?fit=1200%2C734&ssl=1&resize=700%2C400 2x, https:\/\/i0.wp.com\/noticiasribeiraopreto.com.br\/wp-content\/uploads\/2026\/04\/baep_2025-11-14_10-57-54.webp.webp?fit=1200%2C734&ssl=1&resize=1050%2C600 3x"},"classes":[]},{"id":11844,"url":"https:\/\/noticiasribeiraopreto.com.br\/index.php\/2023\/12\/06\/policia-realiza-mega-operacao-na-regiao\/","url_meta":{"origin":73609,"position":4},"title":"Pol\u00edcia realiza mega opera\u00e7\u00e3o na regi\u00e3o","author":"noticiasribeiraopreto.com.br","date":"6 de December de 2023","format":false,"excerpt":"Alvo \u00e9 quadrilha criminosa de Taquaritinga que assaltava propriedades urbanas e rurais e exigia transfer\u00eancias por PIX, amedrontando a regi\u00e3o 6 de dezembro de 2023 | 15:59 3Por: Adalberto LuqueA Pol\u00edcia Civil realizou, na manh\u00e3 desta quarta-feira (06), uma grande opera\u00e7\u00e3o em Taquaritinga, para localizar e prender integrantes de uma\u2026","rel":"","context":"In &quot;Not\u00edcias de Ribeir\u00e3o Preto-SP e Regi\u00e3o&quot;","block_context":{"text":"Not\u00edcias de Ribeir\u00e3o Preto-SP e Regi\u00e3o","link":"https:\/\/noticiasribeiraopreto.com.br\/index.php\/category\/noticias-de-ribeirao-preto-sp-e-regiao-ismael-colosi\/"},"img":{"alt_text":"","src":"https:\/\/i0.wp.com\/noticiasribeiraopreto.com.br\/wp-content\/uploads\/2023\/12\/00-06-dez-2023-operacao-taquaritinga-01-foto-Gabriel-Bagliotti-O-Defensor-scaled.jpg?fit=1000%2C486&ssl=1&resize=350%2C200","width":350,"height":200,"srcset":"https:\/\/i0.wp.com\/noticiasribeiraopreto.com.br\/wp-content\/uploads\/2023\/12\/00-06-dez-2023-operacao-taquaritinga-01-foto-Gabriel-Bagliotti-O-Defensor-scaled.jpg?fit=1000%2C486&ssl=1&resize=350%2C200 1x, https:\/\/i0.wp.com\/noticiasribeiraopreto.com.br\/wp-content\/uploads\/2023\/12\/00-06-dez-2023-operacao-taquaritinga-01-foto-Gabriel-Bagliotti-O-Defensor-scaled.jpg?fit=1000%2C486&ssl=1&resize=525%2C300 1.5x, https:\/\/i0.wp.com\/noticiasribeiraopreto.com.br\/wp-content\/uploads\/2023\/12\/00-06-dez-2023-operacao-taquaritinga-01-foto-Gabriel-Bagliotti-O-Defensor-scaled.jpg?fit=1000%2C486&ssl=1&resize=700%2C400 2x"},"classes":[]},{"id":83144,"url":"https:\/\/noticiasribeiraopreto.com.br\/index.php\/2026\/03\/10\/video-perseguicao-acaba-com-tres-presos-em-rp\/","url_meta":{"origin":73609,"position":5},"title":"V\u00cdDEO &#8211; Persegui\u00e7\u00e3o acaba com tr\u00eas presos em RP","author":"noticiasribeiraopreto.com.br","date":"10 de March de 2026","format":false,"excerpt":"\r V\u00e1rias viaturas da Pol\u00edcia Militar e Baep participaram da captura dos suspeitos de furtos; \u00c1guia deu apoio a\u00e9reo\r \r 10 de mar\u00e7o de 2026 13:0010 de mar\u00e7o de 2026 13:00 \r Compartilhar2 Por: Adalberto Luque Uma persegui\u00e7\u00e3o a um ve\u00edculo suspeito que fugiu em alta velocidade mobilizou a Pol\u00edcia\u2026","rel":"","context":"In &quot;Not\u00edcias de Ribeir\u00e3o Preto-SP e Regi\u00e3o&quot;","block_context":{"text":"Not\u00edcias de Ribeir\u00e3o Preto-SP e Regi\u00e3o","link":"https:\/\/noticiasribeiraopreto.com.br\/index.php\/category\/noticias-de-ribeirao-preto-sp-e-regiao-ismael-colosi\/"},"img":{"alt_text":"","src":"https:\/\/i0.wp.com\/noticiasribeiraopreto.com.br\/wp-content\/uploads\/2026\/03\/10-mar-2026-perseguicaocarro1-scaled.jpg?fit=980%2C780&ssl=1&resize=350%2C200","width":350,"height":200,"srcset":"https:\/\/i0.wp.com\/noticiasribeiraopreto.com.br\/wp-content\/uploads\/2026\/03\/10-mar-2026-perseguicaocarro1-scaled.jpg?fit=980%2C780&ssl=1&resize=350%2C200 1x, https:\/\/i0.wp.com\/noticiasribeiraopreto.com.br\/wp-content\/uploads\/2026\/03\/10-mar-2026-perseguicaocarro1-scaled.jpg?fit=980%2C780&ssl=1&resize=525%2C300 1.5x, https:\/\/i0.wp.com\/noticiasribeiraopreto.com.br\/wp-content\/uploads\/2026\/03\/10-mar-2026-perseguicaocarro1-scaled.jpg?fit=980%2C780&ssl=1&resize=700%2C400 2x"},"classes":[]}],"jetpack_sharing_enabled":true,"jetpack_shortlink":"https:\/\/wp.me\/peQAOb-j9f","_links":{"self":[{"href":"https:\/\/noticiasribeiraopreto.com.br\/index.php\/wp-json\/wp\/v2\/posts\/73609","targetHints":{"allow":["GET"]}}],"collection":[{"href":"https:\/\/noticiasribeiraopreto.com.br\/index.php\/wp-json\/wp\/v2\/posts"}],"about":[{"href":"https:\/\/noticiasribeiraopreto.com.br\/index.php\/wp-json\/wp\/v2\/types\/post"}],"author":[{"embeddable":true,"href":"https:\/\/noticiasribeiraopreto.com.br\/index.php\/wp-json\/wp\/v2\/users\/1"}],"replies":[{"embeddable":true,"href":"https:\/\/noticiasribeiraopreto.com.br\/index.php\/wp-json\/wp\/v2\/comments?post=73609"}],"version-history":[{"count":0,"href":"https:\/\/noticiasribeiraopreto.com.br\/index.php\/wp-json\/wp\/v2\/posts\/73609\/revisions"}],"wp:featuredmedia":[{"embeddable":true,"href":"https:\/\/noticiasribeiraopreto.com.br\/index.php\/wp-json\/wp\/v2\/media\/73610"}],"wp:attachment":[{"href":"https:\/\/noticiasribeiraopreto.com.br\/index.php\/wp-json\/wp\/v2\/media?parent=73609"}],"wp:term":[{"taxonomy":"category","embeddable":true,"href":"https:\/\/noticiasribeiraopreto.com.br\/index.php\/wp-json\/wp\/v2\/categories?post=73609"},{"taxonomy":"post_tag","embeddable":true,"href":"https:\/\/noticiasribeiraopreto.com.br\/index.php\/wp-json\/wp\/v2\/tags?post=73609"}],"curies":[{"name":"wp","href":"https:\/\/api.w.org\/{rel}","templated":true}]}}