{"id":73611,"date":"2025-07-05T20:20:30","date_gmt":"2025-07-05T23:20:30","guid":{"rendered":"https:\/\/noticiasribeiraopreto.com.br\/index.php\/2025\/07\/05\/fatec-ribeirao-preto-oferece-curso-gratuito-para-mulheres-empreendedoras\/"},"modified":"2025-07-05T20:20:30","modified_gmt":"2025-07-05T23:20:30","slug":"fatec-ribeirao-preto-oferece-curso-gratuito-para-mulheres-empreendedoras","status":"publish","type":"post","link":"https:\/\/noticiasribeiraopreto.com.br\/index.php\/2025\/07\/05\/fatec-ribeirao-preto-oferece-curso-gratuito-para-mulheres-empreendedoras\/","title":{"rendered":"Fatec Ribeir\u00e3o Preto oferece curso gratuito para mulheres empreendedoras"},"content":{"rendered":"<div class='code-block code-block-1' style='margin: 8px 0 8px auto; text-align: right; display: block; clear: both;'>\n<p><a href=\"https:\/\/wa.link\/vpicfd\"><img data-recalc-dims=\"1\" class=\"wp-image-4922\" style=\"aspect-ratio: 2.0253164556962027; width: 561px; height: auto;\" src=\"https:\/\/i0.wp.com\/ismaelcolosi.com.br\/wp-content\/uploads\/2023\/11\/grupo-de-empregos-whatsapp-e-facebook-ismael-colosi-vagas.jpg?ssl=1\" alt=\"\" \/><\/a><\/p>\n<!-- \/wp:image -->\n<\/div>\n<p> <br \/>\n<\/p>\n<div data-td-block-uid=\"tdi_95\">\n<div class=\"tdb-block-inner td-fix-index\">\n<p>A <strong>Faculdade de Tecnologia do Estado de S\u00e3o Paulo (Fatec) em Ribeir\u00e3o Preto <\/strong>est\u00e1 com inscri\u00e7\u00f5es abertas para a 3\u00aa edi\u00e7\u00e3o do projeto gratuito \u201c<strong>Empreendedorismo e Empoderamento Feminino<\/strong>\u201d, voltado para mulheres interessadas em desenvolver habilidades empreendedoras. <\/p>\n<p>A iniciativa conta com <strong>dez encontros presenciais<\/strong>, que acontecer\u00e3o aos s\u00e1bados, a cada 15 dias, das <strong>10h \u00e0s 14h<\/strong>, nas depend\u00eancias da <strong>Fatec<\/strong>.<\/p>\n<p>As atividades incluem rodas de conversa, oficinas pr\u00e1ticas de artesanato (com materiais gratuitos), inform\u00e1tica b\u00e1sica e inclus\u00e3o digital, al\u00e9m de orienta\u00e7\u00f5es sobre como expor e comercializar produtos em feiras.<\/p>\n<h2 class=\"wp-block-heading\"><strong>Inscri\u00e7\u00f5es <\/strong><\/h2>\n<p>As interessadas devem se inscrever de forma on-line <strong><a href=\"https:\/\/docs.google.com\/forms\/d\/e\/1FAIpQLSffZW6sR3uyeEftJOVHrOQaBnzYcc9AjZyEN0QGU84b75MwxQ\/viewform\">(clique aqui)<\/a><\/strong>.<\/p>\n<p>Ao final do projeto, ser\u00e1 realizada a <strong>III Feira de Artesanato e Empreendedorismo Feminino<\/strong>, em que as participantes poder\u00e3o vender seus produtos. Todo o valor arrecadado com as vendas ser\u00e1 destinado \u00e0s mulheres expositoras.<\/p>\n<p>Para mais informa\u00e7\u00f5es, as interessadas podem fazer contato pelo n\u00famero <strong>(16) 99721-3655<\/strong>.<\/p>\n<p>SAIBA MAIS<\/p>\n<p>Feira do Livro de Ribeir\u00e3o Preto celebra 60 anos de carreira de Ign\u00e1cio Loyola Brand\u00e3o<\/p>\n<h3 class=\"wp-block-heading\"><strong>FIQUE ON\u00a0\u00a0\u00a0\u00a0\u00a0\u00a0\u00a0\u00a0\u00a0<\/strong><\/h3>\n<p>Quer ficar por dentro de tudo que acontece em Ribeir\u00e3o Preto e regi\u00e3o? Ent\u00e3o siga os perfis do\u202facidade on\u202fno\u202f<a href=\"https:\/\/www.instagram.com\/acidadeonribeirao\" target=\"_blank\" rel=\"noreferrer noopener\">Instagram<\/a>\u202fe no\u202f<a href=\"https:\/\/www.facebook.com\/acidadeonribeirao\/\" target=\"_blank\" rel=\"noreferrer noopener\">Facebook<\/a>.<\/p>\n<p>Al\u00e9m disso, voc\u00ea pode receber as principais not\u00edcias diretamente no WhatsApp. Para isso, basta\u00a0<a href=\"https:\/\/chat.whatsapp.com\/BjKQZ9oJwlz8VVT50NuePq\" target=\"_blank\" rel=\"noreferrer noopener\">entrar no grupo clicando aqui<\/a>.<\/p>\n<p>Por fim, se quiser fazer uma den\u00fancia ou sugerir uma reportagem sobre Ribeir\u00e3o Preto e regi\u00e3o, envie uma mensagem pelo WhatsApp: (16) 99117-7802.<\/p>\n<p>VEJA TAMB\u00c9M<\/p>\n<p>Quais filmes Julian McMahon fez?<\/p>\n<p><!-- AI CONTENT END 1 -->\n<\/div>\n<\/div>\n<p><script async src=\"\/\/www.instagram.com\/embed.js\"><\/script><br \/>\n<br \/><br \/>\n<br \/><a href=\"https:\/\/www.acidadeon.com\/ribeiraopreto\/economia\/fatec-ribeirao-preto-oferece-curso-gratuito-para-mulheres-empreendedoras\/\">Source link <\/a><\/p>\n<!-- CONTENT END 1 -->\n","protected":false},"excerpt":{"rendered":"<p>A Faculdade de Tecnologia do Estado de S\u00e3o Paulo (Fatec) em Ribeir\u00e3o Preto est\u00e1 com inscri\u00e7\u00f5es abertas para a 3\u00aa edi\u00e7\u00e3o do projeto gratuito \u201cEmpreendedorismo&#8230;<\/p>\n","protected":false},"author":1,"featured_media":73612,"comment_status":"open","ping_status":"open","sticky":false,"template":"","format":"standard","meta":{"advanced_seo_description":"","jetpack_seo_html_title":"","jetpack_seo_noindex":false,"jetpack_post_was_ever_published":false,"_jetpack_newsletter_access":"","_jetpack_dont_email_post_to_subs":false,"_jetpack_newsletter_tier_id":0,"_jetpack_memberships_contains_paywalled_content":false,"_jetpack_memberships_contains_paid_content":false,"footnotes":"","jetpack_publicize_message":"","jetpack_publicize_feature_enabled":true,"jetpack_social_post_already_shared":true,"jetpack_social_options":{"image_generator_settings":{"template":"highway","default_image_id":0,"font":"","enabled":false},"version":2}},"categories":[11],"tags":[],"class_list":["post-73611","post","type-post","status-publish","format-standard","has-post-thumbnail","hentry","category-noticias-de-ribeirao-preto-sp-e-regiao-ismael-colosi"],"jetpack_publicize_connections":[],"jetpack_featured_media_url":"https:\/\/i0.wp.com\/noticiasribeiraopreto.com.br\/wp-content\/uploads\/2025\/07\/mulheres-empreendedoras-empreendedorismo-franquias-negocios-foto-freepik-scaled-1_2025-07-05_18-12-06.webp.webp?fit=1200%2C795&ssl=1","jetpack-related-posts":[{"id":76605,"url":"https:\/\/noticiasribeiraopreto.com.br\/index.php\/2025\/09\/01\/fatec-ribeirao-preto-abre-inscricoes-para-vestibular-com-cursos-gratuitos\/","url_meta":{"origin":73611,"position":0},"title":"Fatec Ribeir\u00e3o Preto abre inscri\u00e7\u00f5es para vestibular com cursos gratuitos","author":"noticiasribeiraopreto.com.br","date":"1 de September de 2025","format":false,"excerpt":"A Faculdade de Tecnologia de Ribeir\u00e3o Preto (Fatec) abriu inscri\u00e7\u00f5es para o vestibular do primeiro semestre de 2026, com cursos superiores de tecnologia totalmente gratuitos. Os candidatos podem escolher entre as seguintes gradua\u00e7\u00f5es tecnol\u00f3gicas: An\u00e1lise e Desenvolvimento de Sistemas (manh\u00e3 e noite) Gest\u00e3o de Neg\u00f3cios e Inova\u00e7\u00e3o (noite) Gest\u00e3o de\u2026","rel":"","context":"In &quot;Not\u00edcias de Ribeir\u00e3o Preto-SP e Regi\u00e3o&quot;","block_context":{"text":"Not\u00edcias de Ribeir\u00e3o Preto-SP e Regi\u00e3o","link":"https:\/\/noticiasribeiraopreto.com.br\/index.php\/category\/noticias-de-ribeirao-preto-sp-e-regiao-ismael-colosi\/"},"img":{"alt_text":"","src":"https:\/\/i0.wp.com\/noticiasribeiraopreto.com.br\/wp-content\/uploads\/2025\/09\/Copia-de-Copia-de-Copia-de-TAMANHO-EXATO-PARA-FOTOS-NO-SISTEMA-NOVO-2025-09-01T200159.043_2025-09-01_23-04-00.webp.webp?fit=1200%2C675&ssl=1&resize=350%2C200","width":350,"height":200,"srcset":"https:\/\/i0.wp.com\/noticiasribeiraopreto.com.br\/wp-content\/uploads\/2025\/09\/Copia-de-Copia-de-Copia-de-TAMANHO-EXATO-PARA-FOTOS-NO-SISTEMA-NOVO-2025-09-01T200159.043_2025-09-01_23-04-00.webp.webp?fit=1200%2C675&ssl=1&resize=350%2C200 1x, https:\/\/i0.wp.com\/noticiasribeiraopreto.com.br\/wp-content\/uploads\/2025\/09\/Copia-de-Copia-de-Copia-de-TAMANHO-EXATO-PARA-FOTOS-NO-SISTEMA-NOVO-2025-09-01T200159.043_2025-09-01_23-04-00.webp.webp?fit=1200%2C675&ssl=1&resize=525%2C300 1.5x, https:\/\/i0.wp.com\/noticiasribeiraopreto.com.br\/wp-content\/uploads\/2025\/09\/Copia-de-Copia-de-Copia-de-TAMANHO-EXATO-PARA-FOTOS-NO-SISTEMA-NOVO-2025-09-01T200159.043_2025-09-01_23-04-00.webp.webp?fit=1200%2C675&ssl=1&resize=700%2C400 2x, https:\/\/i0.wp.com\/noticiasribeiraopreto.com.br\/wp-content\/uploads\/2025\/09\/Copia-de-Copia-de-Copia-de-TAMANHO-EXATO-PARA-FOTOS-NO-SISTEMA-NOVO-2025-09-01T200159.043_2025-09-01_23-04-00.webp.webp?fit=1200%2C675&ssl=1&resize=1050%2C600 3x"},"classes":[]},{"id":66944,"url":"https:\/\/noticiasribeiraopreto.com.br\/index.php\/2025\/04\/07\/fatec-abre-inscricoes-para-o-vestibular-com-125-vagas-em-ribeirao-preto\/","url_meta":{"origin":73611,"position":1},"title":"Fatec abre inscri\u00e7\u00f5es para o vestibular com 125 vagas em Ribeir\u00e3o Preto","author":"noticiasribeiraopreto.com.br","date":"7 de April de 2025","format":false,"excerpt":"Est\u00e3o abertas as inscri\u00e7\u00f5es para o vestibular das Fatecs (Faculdades de Tecnologia do Estado) para o segundo semestre de 2025. No total, o processo seletivo oferece 12.550 vagas para cursos superiores de tecnologia presenciais e a dist\u00e2ncia, gratuitos, distribu\u00eddas pelas 82 unidades do estado de S\u00e3o Paulo. Em Ribeir\u00e3o s\u00e3o\u2026","rel":"","context":"In &quot;Not\u00edcias de Ribeir\u00e3o Preto-SP e Regi\u00e3o&quot;","block_context":{"text":"Not\u00edcias de Ribeir\u00e3o Preto-SP e Regi\u00e3o","link":"https:\/\/noticiasribeiraopreto.com.br\/index.php\/category\/noticias-de-ribeirao-preto-sp-e-regiao-ismael-colosi\/"},"img":{"alt_text":"","src":"https:\/\/i0.wp.com\/noticiasribeiraopreto.com.br\/wp-content\/uploads\/2025\/04\/fatec_ribeirao_1024x576_11052021105716.jpg?fit=1024%2C576&ssl=1&resize=350%2C200","width":350,"height":200,"srcset":"https:\/\/i0.wp.com\/noticiasribeiraopreto.com.br\/wp-content\/uploads\/2025\/04\/fatec_ribeirao_1024x576_11052021105716.jpg?fit=1024%2C576&ssl=1&resize=350%2C200 1x, https:\/\/i0.wp.com\/noticiasribeiraopreto.com.br\/wp-content\/uploads\/2025\/04\/fatec_ribeirao_1024x576_11052021105716.jpg?fit=1024%2C576&ssl=1&resize=525%2C300 1.5x, https:\/\/i0.wp.com\/noticiasribeiraopreto.com.br\/wp-content\/uploads\/2025\/04\/fatec_ribeirao_1024x576_11052021105716.jpg?fit=1024%2C576&ssl=1&resize=700%2C400 2x"},"classes":[]},{"id":60499,"url":"https:\/\/noticiasribeiraopreto.com.br\/index.php\/2024\/11\/15\/fatec-abre-inscricoes-para-o-vestibular-com-160-vagas-em-ribeirao-preto\/","url_meta":{"origin":73611,"position":2},"title":"Fatec abre inscri\u00e7\u00f5es para o vestibular com 160 vagas em Ribeir\u00e3o Preto","author":"noticiasribeiraopreto.com.br","date":"15 de November de 2024","format":false,"excerpt":"O processo seletivo das Fatecs (Faculdades de Tecnologia do Estado) para o primeiro semestre de 2025 est\u00e1 com inscri\u00e7\u00f5es abertas at\u00e9 12 de dezembro, \u00e0s 15h. Em Ribeir\u00e3o Preto, s\u00e3o 160 vagas dispon\u00edveis para quatro turmas. As inscri\u00e7\u00f5es devem ser realizadas exclusivamente pela internet (clique aqui). A prova do Vestibular\u2026","rel":"","context":"In &quot;Not\u00edcias de Ribeir\u00e3o Preto-SP e Regi\u00e3o&quot;","block_context":{"text":"Not\u00edcias de Ribeir\u00e3o Preto-SP e Regi\u00e3o","link":"https:\/\/noticiasribeiraopreto.com.br\/index.php\/category\/noticias-de-ribeirao-preto-sp-e-regiao-ismael-colosi\/"},"img":{"alt_text":"","src":"https:\/\/i0.wp.com\/noticiasribeiraopreto.com.br\/wp-content\/uploads\/2024\/11\/fatec_ribeirao_1024x576_11052021105716.jpg?fit=1024%2C576&ssl=1&resize=350%2C200","width":350,"height":200,"srcset":"https:\/\/i0.wp.com\/noticiasribeiraopreto.com.br\/wp-content\/uploads\/2024\/11\/fatec_ribeirao_1024x576_11052021105716.jpg?fit=1024%2C576&ssl=1&resize=350%2C200 1x, https:\/\/i0.wp.com\/noticiasribeiraopreto.com.br\/wp-content\/uploads\/2024\/11\/fatec_ribeirao_1024x576_11052021105716.jpg?fit=1024%2C576&ssl=1&resize=525%2C300 1.5x, https:\/\/i0.wp.com\/noticiasribeiraopreto.com.br\/wp-content\/uploads\/2024\/11\/fatec_ribeirao_1024x576_11052021105716.jpg?fit=1024%2C576&ssl=1&resize=700%2C400 2x"},"classes":[]},{"id":79800,"url":"https:\/\/noticiasribeiraopreto.com.br\/index.php\/2025\/11\/07\/vestibular-da-fatec-prorroga-inscricoes-por-mais-uma-semana-veja-como-participar\/","url_meta":{"origin":73611,"position":3},"title":"Vestibular da Fatec prorroga inscri\u00e7\u00f5es por mais uma semana; Veja como participar","author":"noticiasribeiraopreto.com.br","date":"7 de November de 2025","format":false,"excerpt":"As inscri\u00e7\u00f5es para o vestibular do primeiro semestre de 2026 da Fatec (Faculdade de Tecnologia) foram prorrogadas at\u00e9 as 20h do dia 14 de novembro. O prazo se encerraria nesta sexta-feira (7). A unidade de Ribeir\u00e3o Preto oferece quatro cursos superiores, com\u00a0ensino gratuito\u00a0e\u00a0dura\u00e7\u00e3o m\u00e9dia\u00a0de\u00a0tr\u00eas anos. Veja os cursos e vagas:\u2026","rel":"","context":"In &quot;Not\u00edcias de Ribeir\u00e3o Preto-SP e Regi\u00e3o&quot;","block_context":{"text":"Not\u00edcias de Ribeir\u00e3o Preto-SP e Regi\u00e3o","link":"https:\/\/noticiasribeiraopreto.com.br\/index.php\/category\/noticias-de-ribeirao-preto-sp-e-regiao-ismael-colosi\/"},"img":{"alt_text":"","src":"https:\/\/i0.wp.com\/noticiasribeiraopreto.com.br\/wp-content\/uploads\/2025\/09\/Copia-de-Copia-de-Copia-de-TAMANHO-EXATO-PARA-FOTOS-NO-SISTEMA-NOVO-2025-09-01T200159.043_2025-09-01_23-04-00.webp.webp?fit=1200%2C675&ssl=1&resize=350%2C200","width":350,"height":200,"srcset":"https:\/\/i0.wp.com\/noticiasribeiraopreto.com.br\/wp-content\/uploads\/2025\/09\/Copia-de-Copia-de-Copia-de-TAMANHO-EXATO-PARA-FOTOS-NO-SISTEMA-NOVO-2025-09-01T200159.043_2025-09-01_23-04-00.webp.webp?fit=1200%2C675&ssl=1&resize=350%2C200 1x, https:\/\/i0.wp.com\/noticiasribeiraopreto.com.br\/wp-content\/uploads\/2025\/09\/Copia-de-Copia-de-Copia-de-TAMANHO-EXATO-PARA-FOTOS-NO-SISTEMA-NOVO-2025-09-01T200159.043_2025-09-01_23-04-00.webp.webp?fit=1200%2C675&ssl=1&resize=525%2C300 1.5x, https:\/\/i0.wp.com\/noticiasribeiraopreto.com.br\/wp-content\/uploads\/2025\/09\/Copia-de-Copia-de-Copia-de-TAMANHO-EXATO-PARA-FOTOS-NO-SISTEMA-NOVO-2025-09-01T200159.043_2025-09-01_23-04-00.webp.webp?fit=1200%2C675&ssl=1&resize=700%2C400 2x, https:\/\/i0.wp.com\/noticiasribeiraopreto.com.br\/wp-content\/uploads\/2025\/09\/Copia-de-Copia-de-Copia-de-TAMANHO-EXATO-PARA-FOTOS-NO-SISTEMA-NOVO-2025-09-01T200159.043_2025-09-01_23-04-00.webp.webp?fit=1200%2C675&ssl=1&resize=1050%2C600 3x"},"classes":[]},{"id":78698,"url":"https:\/\/noticiasribeiraopreto.com.br\/index.php\/2025\/10\/16\/fatec-ribeirao-preto-veja-cursos-e-como-se-inscrever-no-vestibular\/","url_meta":{"origin":73611,"position":4},"title":"Fatec Ribeir\u00e3o Preto: Veja cursos e como se inscrever no vestibular","author":"noticiasribeiraopreto.com.br","date":"16 de October de 2025","format":false,"excerpt":"A Fatec (Faculdade de Tecnologia) em Ribeir\u00e3o Preto est\u00e1 com inscri\u00e7\u00f5es abertas para o vestibular do primeiro semestre de 2026. S\u00e3o quatro cursos superiores oferecidos na unidade, com ensino gratuito e dura\u00e7\u00e3o m\u00e9dia de tr\u00eas anos. Veja todos os cursos e vagas: An\u00e1lise e Desenvolvimento de Sistemas (manh\u00e3 e noite,\u2026","rel":"","context":"In &quot;Not\u00edcias de Ribeir\u00e3o Preto-SP e Regi\u00e3o&quot;","block_context":{"text":"Not\u00edcias de Ribeir\u00e3o Preto-SP e Regi\u00e3o","link":"https:\/\/noticiasribeiraopreto.com.br\/index.php\/category\/noticias-de-ribeirao-preto-sp-e-regiao-ismael-colosi\/"},"img":{"alt_text":"","src":"https:\/\/i0.wp.com\/noticiasribeiraopreto.com.br\/wp-content\/uploads\/2025\/10\/fatec_2025-10-16_17-04-15.webp.webp?fit=1200%2C674&ssl=1&resize=350%2C200","width":350,"height":200,"srcset":"https:\/\/i0.wp.com\/noticiasribeiraopreto.com.br\/wp-content\/uploads\/2025\/10\/fatec_2025-10-16_17-04-15.webp.webp?fit=1200%2C674&ssl=1&resize=350%2C200 1x, https:\/\/i0.wp.com\/noticiasribeiraopreto.com.br\/wp-content\/uploads\/2025\/10\/fatec_2025-10-16_17-04-15.webp.webp?fit=1200%2C674&ssl=1&resize=525%2C300 1.5x, https:\/\/i0.wp.com\/noticiasribeiraopreto.com.br\/wp-content\/uploads\/2025\/10\/fatec_2025-10-16_17-04-15.webp.webp?fit=1200%2C674&ssl=1&resize=700%2C400 2x, https:\/\/i0.wp.com\/noticiasribeiraopreto.com.br\/wp-content\/uploads\/2025\/10\/fatec_2025-10-16_17-04-15.webp.webp?fit=1200%2C674&ssl=1&resize=1050%2C600 3x"},"classes":[]},{"id":10424,"url":"https:\/\/noticiasribeiraopreto.com.br\/index.php\/2023\/12\/04\/fatec-itu-oferece-vagas-em-cursos-superiores-gratuitos\/","url_meta":{"origin":73611,"position":5},"title":"Fatec Itu oferece vagas em cursos superiores gratuitos","author":"noticiasribeiraopreto.com.br","date":"4 de December de 2023","format":false,"excerpt":"Com inscri\u00e7\u00f5es abertas at\u00e9 12 de dezembro, \u00e0s 15h, o vestibular \u00e9 uma oportunidade imperd\u00edvel para ingressar em uma das institui\u00e7\u00f5es de ensino de destaque na regi\u00e3o.Cr\u00e9ditos: Divulga\u00e7\u00e3oFatec Itu oferece vagas em cursos superiores gratuitosA Fatec oferece uma variedade de cursos superiores reconhecidos pela qualidade de ensino e pelo alinhamento\u2026","rel":"","context":"In &quot;Variedades&quot;","block_context":{"text":"Variedades","link":"https:\/\/noticiasribeiraopreto.com.br\/index.php\/category\/variedades\/"},"img":{"alt_text":"","src":"https:\/\/i0.wp.com\/noticiasribeiraopreto.com.br\/wp-content\/uploads\/2023\/12\/cursos-gratuitos-fatec-itu.jpg?fit=1200%2C638&ssl=1&resize=350%2C200","width":350,"height":200,"srcset":"https:\/\/i0.wp.com\/noticiasribeiraopreto.com.br\/wp-content\/uploads\/2023\/12\/cursos-gratuitos-fatec-itu.jpg?fit=1200%2C638&ssl=1&resize=350%2C200 1x, https:\/\/i0.wp.com\/noticiasribeiraopreto.com.br\/wp-content\/uploads\/2023\/12\/cursos-gratuitos-fatec-itu.jpg?fit=1200%2C638&ssl=1&resize=525%2C300 1.5x, https:\/\/i0.wp.com\/noticiasribeiraopreto.com.br\/wp-content\/uploads\/2023\/12\/cursos-gratuitos-fatec-itu.jpg?fit=1200%2C638&ssl=1&resize=700%2C400 2x, https:\/\/i0.wp.com\/noticiasribeiraopreto.com.br\/wp-content\/uploads\/2023\/12\/cursos-gratuitos-fatec-itu.jpg?fit=1200%2C638&ssl=1&resize=1050%2C600 3x"},"classes":[]}],"jetpack_sharing_enabled":true,"jetpack_shortlink":"https:\/\/wp.me\/peQAOb-j9h","_links":{"self":[{"href":"https:\/\/noticiasribeiraopreto.com.br\/index.php\/wp-json\/wp\/v2\/posts\/73611","targetHints":{"allow":["GET"]}}],"collection":[{"href":"https:\/\/noticiasribeiraopreto.com.br\/index.php\/wp-json\/wp\/v2\/posts"}],"about":[{"href":"https:\/\/noticiasribeiraopreto.com.br\/index.php\/wp-json\/wp\/v2\/types\/post"}],"author":[{"embeddable":true,"href":"https:\/\/noticiasribeiraopreto.com.br\/index.php\/wp-json\/wp\/v2\/users\/1"}],"replies":[{"embeddable":true,"href":"https:\/\/noticiasribeiraopreto.com.br\/index.php\/wp-json\/wp\/v2\/comments?post=73611"}],"version-history":[{"count":0,"href":"https:\/\/noticiasribeiraopreto.com.br\/index.php\/wp-json\/wp\/v2\/posts\/73611\/revisions"}],"wp:featuredmedia":[{"embeddable":true,"href":"https:\/\/noticiasribeiraopreto.com.br\/index.php\/wp-json\/wp\/v2\/media\/73612"}],"wp:attachment":[{"href":"https:\/\/noticiasribeiraopreto.com.br\/index.php\/wp-json\/wp\/v2\/media?parent=73611"}],"wp:term":[{"taxonomy":"category","embeddable":true,"href":"https:\/\/noticiasribeiraopreto.com.br\/index.php\/wp-json\/wp\/v2\/categories?post=73611"},{"taxonomy":"post_tag","embeddable":true,"href":"https:\/\/noticiasribeiraopreto.com.br\/index.php\/wp-json\/wp\/v2\/tags?post=73611"}],"curies":[{"name":"wp","href":"https:\/\/api.w.org\/{rel}","templated":true}]}}