{"id":73613,"date":"2025-07-06T08:25:00","date_gmt":"2025-07-06T11:25:00","guid":{"rendered":"https:\/\/noticiasribeiraopreto.com.br\/index.php\/2025\/07\/06\/seguranca-nos-condominios-no-interior-paulista-em-alerta-maximo-a-ordem-e-tolerancia-zero-na-portaria\/"},"modified":"2025-07-06T08:25:00","modified_gmt":"2025-07-06T11:25:00","slug":"seguranca-nos-condominios-no-interior-paulista-em-alerta-maximo-a-ordem-e-tolerancia-zero-na-portaria","status":"publish","type":"post","link":"https:\/\/noticiasribeiraopreto.com.br\/index.php\/2025\/07\/06\/seguranca-nos-condominios-no-interior-paulista-em-alerta-maximo-a-ordem-e-tolerancia-zero-na-portaria\/","title":{"rendered":"Seguran\u00e7a nos condom\u00ednios no interior paulista em alerta m\u00e1ximo: a ordem \u00e9 toler\u00e2ncia zero na portaria"},"content":{"rendered":"<div class='code-block code-block-1' style='margin: 8px 0 8px auto; text-align: right; display: block; clear: both;'>\n<p><a href=\"https:\/\/wa.link\/vpicfd\"><img data-recalc-dims=\"1\" class=\"wp-image-4922\" style=\"aspect-ratio: 2.0253164556962027; width: 561px; height: auto;\" src=\"https:\/\/i0.wp.com\/ismaelcolosi.com.br\/wp-content\/uploads\/2023\/11\/grupo-de-empregos-whatsapp-e-facebook-ismael-colosi-vagas.jpg?ssl=1\" alt=\"\" \/><\/a><\/p>\n<!-- \/wp:image -->\n<\/div>\n<p> <br \/>\n<\/p>\n<div>\n<p><strong>A onda de furtos em condom\u00ednios de alto padr\u00e3o na capital, orquestrada por um adolescente que explorava a \u201cboa vizinhan\u00e7a\u201d e a falta de rigor nas portarias<\/strong>, serve como um espelho assustador para a realidade de seguran\u00e7a em nossos empreendimentos no interior de S\u00e3o Paulo. Chega de complac\u00eancia! A hora \u00e9 de endurecer as regras e garantir que as portarias sejam, de fato, o primeiro e mais impenetr\u00e1vel escudo contra a criminalidade.<\/p>\n<p>\u00c9 inaceit\u00e1vel que a tranquilidade dos lares seja comprometida pela falha b\u00e1sica no controle de acesso. O caso recente demonstra que a cortesia e a desaten\u00e7\u00e3o se transformam em convites abertos para invasores. N\u00e3o h\u00e1 espa\u00e7o para o \u201cjeitinho brasileiro\u201d quando a seguran\u00e7a da fam\u00edlia e do patrim\u00f4nio est\u00e1 em jogo.<\/p>\n<h3 class=\"wp-block-heading\"><strong>A portaria n\u00e3o \u00e9 clube social: \u00e9 controle de acesso<\/strong><\/h3>\n<p>Condom\u00ednios, tanto na metr\u00f3pole quanto em nosso interior, precisam de um choque de realidade. A portaria deve operar com a precis\u00e3o de um quartel e a impessoalidade de um sistema de seguran\u00e7a de alta tecnologia. Eis as diretrizes que precisam ser implementadas e fiscalizadas com m\u00e3o de ferro:<\/p>\n<ol start=\"1\" class=\"wp-block-list\">\n<li><strong>Morador, sua conveni\u00eancia n\u00e3o \u00e9 mais importante que a seguran\u00e7a coletiva!<\/strong><\/li>\n<\/ol>\n<p>O ato de segurar o port\u00e3o para \u201cajudar\u201d um desconhecido entrar \u00e9 uma aberra\u00e7\u00e3o e um risco incalcul\u00e1vel. Cada indiv\u00edduo deve ter sua entrada verificada individualmente. O port\u00e3o s\u00f3 deve se abrir ap\u00f3s a identifica\u00e7\u00e3o inequ\u00edvoca e autoriza\u00e7\u00e3o formal. O \u201cfavor\u201d ao vizinho que n\u00e3o se identifica \u00e9 um favor ao bandido.<\/p>\n<ol start=\"2\" class=\"wp-block-list\">\n<li><strong>Porteiros: rigor ou demiss\u00e3o<\/strong><\/li>\n<\/ol>\n<p>N\u00e3o podemos mais tolerar profissionais que se deixam intimidar por \u201cboa l\u00e1bia\u201d ou amea\u00e7as vazias. Os porteiros devem ser treinados para serem inflex\u00edveis no cumprimento dos protocolos. Em caso de d\u00favida, a resposta \u00e9 sempre \u201cN\u00c3O\u201d. A gest\u00e3o do condom\u00ednio tem a obriga\u00e7\u00e3o de dar todo o respaldo legal e profissional para que o porteiro exer\u00e7a sua fun\u00e7\u00e3o com a autoridade necess\u00e1ria. Quem n\u00e3o cumpre, n\u00e3o serve!<\/p>\n<ol start=\"2\" class=\"wp-block-list\">\n<li><strong>Visitante sem cadastro? N\u00e3o entra!<\/strong><\/li>\n<\/ol>\n<p>Essa \u00e9 a regra de ouro. N\u00e3o importa a roupa de marca, a desinibi\u00e7\u00e3o ou a hist\u00f3ria de parentesco: todo e qualquer visitante deve ser identificado com documento, ter sua entrada previamente autorizada pelo morador por interfone e, se poss\u00edvel, ter a imagem registrada. Quem se recusa, n\u00e3o entra. Simples assim. N\u00e3o existe \u201cvisita surpresa\u201d quando a seguran\u00e7a est\u00e1 em jogo.<\/p>\n<ol start=\"2\" class=\"wp-block-list\">\n<li><strong>Tecnologia n\u00e3o \u00e9 gasto, \u00e9 investimento em paz!<\/strong> <\/li>\n<\/ol>\n<p>Condom\u00ednios que ainda n\u00e3o investiram em biometria, port\u00f5es com sistema de eclusa, c\u00e2meras com intelig\u00eancia artificial e monitoramento 24 horas est\u00e3o falhando em sua responsabilidade. A modernidade oferece ferramentas para otimizar o controle de acesso e mitigar os riscos. Utiliz\u00e1-las n\u00e3o \u00e9 luxo, \u00e9 necessidade.<\/p>\n<ol start=\"2\" class=\"wp-block-list\">\n<li><strong>Comunica\u00e7\u00e3o interna: alerta constante!<\/strong><\/li>\n<\/ol>\n<p>S\u00edndicos e moradores precisam estar em sintonia. Reuni\u00f5es peri\u00f3dicas para refor\u00e7ar os procedimentos de seguran\u00e7a, alertas imediatos sobre qualquer movimenta\u00e7\u00e3o suspeita e uma cultura de vigil\u00e2ncia m\u00fatua s\u00e3o fundamentais. A seguran\u00e7a coletiva \u00e9 uma constru\u00e7\u00e3o di\u00e1ria que exige o comprometimento de todos.<\/p>\n<p>A s\u00e9rie de furtos em S\u00e3o Paulo acendeu a luz vermelha. No interior paulista, temos a chance de aprender com os erros alheios e evitar que a aud\u00e1cia dos criminosos invada nossos lares. A passividade e a falta de rigor nas portarias s\u00e3o portas abertas para o crime.<\/p>\n<p>\u00a0\u00c9 hora de fech\u00e1-las com firmeza e determina\u00e7\u00e3o, garantindo a paz e a seguran\u00e7a que todos os cond\u00f4minos merecem.<\/p>\n<h4 class=\"wp-block-heading\"><strong><strong>Protocolos de seguran\u00e7a na portaria: como agir diante de visitantes n\u00e3o identificados<\/strong><\/strong><\/h4>\n<p><strong>Cen\u00e1rio 1:<\/strong> <strong>O \u201cconhecido\u201d que tenta acesso direto<\/strong><\/p>\n<p><strong>Casos pr\u00e1ticos e respostas chave:<\/strong><\/p>\n<ul class=\"wp-block-list\">\n<li><strong>Visitante:<\/strong><em> \u201cSou amigo do Doutor Silva, ele j\u00e1 sabe que estou vindo, pode abrir.\u201d<\/em><\/li>\n<li><strong>Porteiro:<\/strong> <em>\u201cCompreendo, senhor. No entanto, por quest\u00e3o de seguran\u00e7a, preciso da confirma\u00e7\u00e3o do Doutor Silva. Por gentileza, poderia me informar o apartamento dele para que eu possa interfonar?\u201d<\/em><\/li>\n<li><strong>Visitante:<\/strong> <em>\u201cEu acabei de sair do carro de aplicativo, ele j\u00e1 foi embora. Sou do apartamento 301.\u201d<\/em><\/li>\n<li><strong>Porteiro:<\/strong> <em>\u201cCerto. Vou interfonar para o apartamento 301 para confirmar sua entrada e solicitar os dados para seu cadastro. Pode aguardar na \u00e1rea de espera, por gentileza?\u201d <\/em>(Nunca abrir antes da confirma\u00e7\u00e3o do morador e sem o registro dos dados).<\/li>\n<\/ul>\n<p><strong>Cen\u00e1rio 2: O \u201cporta aberta\u201d e a tentativa de entrada junto com o morador<\/strong><\/p>\n<ul class=\"wp-block-list\">\n<li><strong>Situa\u00e7\u00e3o:<\/strong><br \/>Um morador abre o port\u00e3o da garagem ou pedestre e um desconhecido tenta entrar \u201cna carona\u201d, sem se identificar.<\/li>\n<\/ul>\n<ul class=\"wp-block-list\">\n<li><strong>Comunica\u00e7\u00e3o do porteiro:<\/strong>\n<p>O porteiro deve acionar o interfone do morador ou usar o sistema de r\u00e1dio, imediatamente, e, se poss\u00edvel, dirigir-se visualmente ao morador:<\/p>\n<\/li>\n<\/ul>\n<ul class=\"wp-block-list\">\n<li><em>\u201cSenhor(a) [Nome do Morador], por gentileza, o acesso de visitantes \u00e9 individual. O senhor(a) pode confirmar a entrada deste indiv\u00edduo? Precisamos que ele se identifique e seja cadastrado.\u201d<\/em><\/li>\n<li><strong>(Se o morador n\u00e3o perceber):<\/strong> O porteiro deve chamar a aten\u00e7\u00e3o do morador, pedindo para que aguarde a identifica\u00e7\u00e3o do visitante.<\/li>\n<\/ul>\n<ul class=\"wp-block-list\">\n<li><strong>Importante:<\/strong> A ordem para o morador \u00e9 clara: <strong>o port\u00e3o da garagem s\u00f3 deve ser fechado ap\u00f3s a passagem COMPLETA do ve\u00edculo, e nunca deve ser mantido aberto para outra entrada imediata.<\/strong> Para pedestres, a regra \u00e9 a mesma: cada um entra individualmente.<\/li>\n<\/ul>\n<p><strong>Casos pr\u00e1ticos e respostas chave:<\/strong><\/p>\n<ul class=\"wp-block-list\">\n<li><strong>Morador:<\/strong> (Segurando o port\u00e3o) <em>\u201cPode deixar, ele est\u00e1 comigo.\u201d<\/em><\/li>\n<li><strong>Porteiro:<\/strong> <em>\u201cSenhor(a), compreendo. Mas o protocolo exige a identifica\u00e7\u00e3o e cadastro de todos os visitantes, por seguran\u00e7a de todos. Por gentileza, pe\u00e7o que o senhor(a) autorize formalmente a entrada e que ele se dirija \u00e0 guarita para o registro.\u201d<\/em> (Neste ponto, o morador e o visitante devem aguardar na \u00e1rea de pr\u00e9-acesso ou fora do condom\u00ednio, at\u00e9 o registro ser feito).<\/li>\n<\/ul>\n<p><strong>Cen\u00e1rio 3: O indiv\u00edduo com hist\u00f3rias d\u00fabias ou amea\u00e7as<\/strong><\/p>\n<ul class=\"wp-block-list\">\n<li><strong>Situa\u00e7\u00e3o:<\/strong>\n<p>Um indiv\u00edduo apresenta justificativas vagas (\u201cvim entregar uma coisa\u201d, \u201csou do aplicativo, mas n\u00e3o tenho celular\u201d, \u201cvoc\u00ea vai perder seu emprego se n\u00e3o me deixar entrar\u201d) e tenta pressionar o porteiro.<\/p>\n<\/li>\n<li><strong>Comunica\u00e7\u00e3o do porteiro:<\/strong>\n<p>A comunica\u00e7\u00e3o deve ser neutra, padr\u00e3o e firme, sem entrar em discuss\u00f5es.<\/p>\n<ul class=\"wp-block-list\">\n<li><em>\u201cSenhor(a), nosso procedimento padr\u00e3o de seguran\u00e7a exige identifica\u00e7\u00e3o e autoriza\u00e7\u00e3o do morador para qualquer entrada. Sem esses dados, n\u00e3o posso liberar o acesso.\u201d<\/em><\/li>\n<li><strong>(Se houver amea\u00e7a):<\/strong> <em>\u201cSenhor(a), estou apenas seguindo as regras de seguran\u00e7a do condom\u00ednio. Qualquer quest\u00e3o sobre isso deve ser tratada com a administra\u00e7\u00e3o. Para sua entrada, preciso da autoriza\u00e7\u00e3o do morador e seu documento.\u201d<\/em> (Neste ponto, o porteiro deve acionar o supervisor, a ronda ou a administra\u00e7\u00e3o, e se sentir amea\u00e7ado, a pol\u00edcia).<\/li>\n<\/ul>\n<\/li>\n<li><strong>Fundamental:<\/strong> Porteiros jamais devem se envolver em discuss\u00f5es ou ceder a press\u00f5es. A instru\u00e7\u00e3o deve ser clara: em caso de qualquer d\u00favida ou press\u00e3o, acionar imediatamente o supervisor ou a pol\u00edcia.<\/li>\n<\/ul>\n<p><strong>A reeduca\u00e7\u00e3o dos moradores sobre a import\u00e2ncia desses protocolos \u00e9 t\u00e3o crucial quanto o treinamento dos porteiros.<\/strong> Reuni\u00f5es informativas, comunicados claros e a afixa\u00e7\u00e3o das normas em locais vis\u00edveis podem refor\u00e7ar a cultura de seguran\u00e7a. <strong>A paz no condom\u00ednio come\u00e7a na portaria<\/strong>, e a rigidez no controle de acesso \u00e9 a chave para mant\u00ea-la.<\/p>\n<hr class=\"wp-block-separator has-alpha-channel-opacity\"\/>\n<p>SAIBA MAIS<\/p>\n<p>Multa por c\u00e2mera em Ribeir\u00e3o Preto? Entenda se mensagem no celular \u00e9 falsa ou verdadeira<\/p>\n<p><strong>FIQUE ON<\/strong><\/p>\n<p>Quer ficar por dentro de tudo que acontece em Ribeir\u00e3o Preto e regi\u00e3o? Ent\u00e3o siga os perfis do\u202facidade on\u202fno\u202f<a href=\"https:\/\/www.instagram.com\/acidadeonribeirao\" target=\"_blank\" rel=\"noreferrer noopener\">Instagram<\/a>\u202fe no\u202f<a href=\"https:\/\/www.facebook.com\/acidadeonribeirao\/\" target=\"_blank\" rel=\"noreferrer noopener\">Facebook<\/a>.<\/p>\n<p>Al\u00e9m disso, voc\u00ea pode receber as principais not\u00edcias diretamente no WhatsApp. Para isso, basta\u00a0<a href=\"https:\/\/chat.whatsapp.com\/BjKQZ9oJwlz8VVT50NuePq\" target=\"_blank\" rel=\"noreferrer noopener\">entrar no grupo clicando aqui<\/a>.<\/p>\n<p>Por fim, se quiser fazer uma den\u00fancia ou sugerir uma reportagem sobre Ribeir\u00e3o Preto e regi\u00e3o, envie uma mensagem pelo WhatsApp: (16) 99117-7802.<\/p>\n<p>VEJA TAMB\u00c9M<\/p>\n<p>Como est\u00e1 Estela, de \u2018A Viagem\u2019, hoje?<\/p>\n<p><!-- AI CONTENT END 1 -->\n<\/div>\n<p><script async src=\"\/\/www.instagram.com\/embed.js\"><\/script><br \/>\n<br \/><br \/>\n<br \/><a href=\"https:\/\/www.acidadeon.com\/ribeiraopreto\/cotidiano\/colunistas-ribeirao-preto\/seguranca-nos-condominios-no-interior-paulista-em-alerta-maximo-a-ordem-e-tolerancia-zero-na-portaria\/\">Source link <\/a><\/p>\n<!-- CONTENT END 1 -->\n","protected":false},"excerpt":{"rendered":"<p>A onda de furtos em condom\u00ednios de alto padr\u00e3o na capital, orquestrada por um adolescente que explorava a \u201cboa vizinhan\u00e7a\u201d e a falta de rigor&#8230;<\/p>\n","protected":false},"author":1,"featured_media":73614,"comment_status":"open","ping_status":"open","sticky":false,"template":"","format":"standard","meta":{"advanced_seo_description":"","jetpack_seo_html_title":"","jetpack_seo_noindex":false,"jetpack_post_was_ever_published":false,"_jetpack_newsletter_access":"","_jetpack_dont_email_post_to_subs":false,"_jetpack_newsletter_tier_id":0,"_jetpack_memberships_contains_paywalled_content":false,"_jetpack_memberships_contains_paid_content":false,"footnotes":"","jetpack_publicize_message":"","jetpack_publicize_feature_enabled":true,"jetpack_social_post_already_shared":true,"jetpack_social_options":{"image_generator_settings":{"template":"highway","default_image_id":0,"font":"","enabled":false},"version":2}},"categories":[11],"tags":[],"class_list":["post-73613","post","type-post","status-publish","format-standard","has-post-thumbnail","hentry","category-noticias-de-ribeirao-preto-sp-e-regiao-ismael-colosi"],"jetpack_publicize_connections":[],"jetpack_featured_media_url":"https:\/\/i0.wp.com\/noticiasribeiraopreto.com.br\/wp-content\/uploads\/2025\/07\/DR-MARCIO-SPIMPOLO_2025-05-16_17-40-37.webp.webp?fit=997%2C718&ssl=1","jetpack-related-posts":[{"id":42794,"url":"https:\/\/noticiasribeiraopreto.com.br\/index.php\/2024\/03\/17\/a-logistica-das-entregas-em-condominios-entre-desafios-e-solucoes\/","url_meta":{"origin":73613,"position":0},"title":"A Log\u00edstica das Entregas em Condom\u00ednios: Entre Desafios e Solu\u00e7\u00f5es","author":"noticiasribeiraopreto.com.br","date":"17 de March de 2024","format":false,"excerpt":"A era digital, com suas compras online r\u00e1pidas e entregas em domic\u00edlio, tem redefinido a experi\u00eancia do consumidor moderno. Em apenas alguns cliques, adquirimos produtos que, em tempos passados, exigiriam deslocamentos e longas esperas. No entanto, essa conveni\u00eancia n\u00e3o se limita ao n\u00edvel individual; ela tamb\u00e9m impacta os condom\u00ednios residenciais,\u2026","rel":"","context":"In &quot;Not\u00edcias de Ribeir\u00e3o Preto-SP e Regi\u00e3o&quot;","block_context":{"text":"Not\u00edcias de Ribeir\u00e3o Preto-SP e Regi\u00e3o","link":"https:\/\/noticiasribeiraopreto.com.br\/index.php\/category\/noticias-de-ribeirao-preto-sp-e-regiao-ismael-colosi\/"},"img":{"alt_text":"","src":"https:\/\/i0.wp.com\/noticiasribeiraopreto.com.br\/wp-content\/uploads\/2024\/03\/AnyConv.com__WhatsApp-Image-2024-02-29-at-15.18.26.webp.webp?fit=640%2C405&ssl=1&resize=350%2C200","width":350,"height":200,"srcset":"https:\/\/i0.wp.com\/noticiasribeiraopreto.com.br\/wp-content\/uploads\/2024\/03\/AnyConv.com__WhatsApp-Image-2024-02-29-at-15.18.26.webp.webp?fit=640%2C405&ssl=1&resize=350%2C200 1x, https:\/\/i0.wp.com\/noticiasribeiraopreto.com.br\/wp-content\/uploads\/2024\/03\/AnyConv.com__WhatsApp-Image-2024-02-29-at-15.18.26.webp.webp?fit=640%2C405&ssl=1&resize=525%2C300 1.5x"},"classes":[]},{"id":42801,"url":"https:\/\/noticiasribeiraopreto.com.br\/index.php\/2024\/03\/17\/condominios-na-mira-de-ladroes-e-fraudadores\/","url_meta":{"origin":73613,"position":1},"title":"Condom\u00ednios na mira de ladr\u00f5es e fraudadores\u00a0","author":"noticiasribeiraopreto.com.br","date":"17 de March de 2024","format":false,"excerpt":"Por Adalberto Luque\u00a0Atualmente, viver em condom\u00ednio n\u00e3o significa mais, necessariamente, viver em seguran\u00e7a. Repaginando antigos golpes e criando novos, criminosos e fraudadores investem cada vez mais para a pr\u00e1tica de seus crimes contra os locais onde muitos imaginam ser verdadeiras fortalezas.\u00a0Exemplificando apenas em dois casos, ambos na zona Sul de\u2026","rel":"","context":"In &quot;Not\u00edcias de Ribeir\u00e3o Preto-SP e Regi\u00e3o&quot;","block_context":{"text":"Not\u00edcias de Ribeir\u00e3o Preto-SP e Regi\u00e3o","link":"https:\/\/noticiasribeiraopreto.com.br\/index.php\/category\/noticias-de-ribeirao-preto-sp-e-regiao-ismael-colosi\/"},"img":{"alt_text":"","src":"https:\/\/i0.wp.com\/noticiasribeiraopreto.com.br\/wp-content\/uploads\/2024\/03\/FOTO-03-Golpes-em-condominio-04-Foto-Alfredo-Risk-scaled.jpg?fit=968%2C645&ssl=1&resize=350%2C200","width":350,"height":200,"srcset":"https:\/\/i0.wp.com\/noticiasribeiraopreto.com.br\/wp-content\/uploads\/2024\/03\/FOTO-03-Golpes-em-condominio-04-Foto-Alfredo-Risk-scaled.jpg?fit=968%2C645&ssl=1&resize=350%2C200 1x, https:\/\/i0.wp.com\/noticiasribeiraopreto.com.br\/wp-content\/uploads\/2024\/03\/FOTO-03-Golpes-em-condominio-04-Foto-Alfredo-Risk-scaled.jpg?fit=968%2C645&ssl=1&resize=525%2C300 1.5x, https:\/\/i0.wp.com\/noticiasribeiraopreto.com.br\/wp-content\/uploads\/2024\/03\/FOTO-03-Golpes-em-condominio-04-Foto-Alfredo-Risk-scaled.jpg?fit=968%2C645&ssl=1&resize=700%2C400 2x"},"classes":[]},{"id":51958,"url":"https:\/\/noticiasribeiraopreto.com.br\/index.php\/2024\/06\/02\/condominio-e-multado-por-ter-demitido-funcionario\/","url_meta":{"origin":73613,"position":2},"title":"Condom\u00ednio \u00e9 multado por ter demitido funcion\u00e1rio","author":"noticiasribeiraopreto.com.br","date":"2 de June de 2024","format":false,"excerpt":"A implementa\u00e7\u00e3o de tecnologias automatizadas em condom\u00ednios, como a portaria remota, que \u00e9 uma solu\u00e7\u00e3o tecnol\u00f3gica inovadora de seguran\u00e7a condominial que permite o controle de acesso de visitantes e prestadores de servi\u00e7os \u00e0 dist\u00e2ncia por meio de uma central de monitoramento, traz in\u00fameros benef\u00edcios em termos de seguran\u00e7a e custo,\u2026","rel":"","context":"In &quot;Not\u00edcias de Ribeir\u00e3o Preto-SP e Regi\u00e3o&quot;","block_context":{"text":"Not\u00edcias de Ribeir\u00e3o Preto-SP e Regi\u00e3o","link":"https:\/\/noticiasribeiraopreto.com.br\/index.php\/category\/noticias-de-ribeirao-preto-sp-e-regiao-ismael-colosi\/"},"img":{"alt_text":"","src":"https:\/\/i0.wp.com\/noticiasribeiraopreto.com.br\/wp-content\/uploads\/2024\/03\/AnyConv.com__WhatsApp-Image-2024-02-29-at-15.18.26.webp.webp?fit=640%2C405&ssl=1&resize=350%2C200","width":350,"height":200,"srcset":"https:\/\/i0.wp.com\/noticiasribeiraopreto.com.br\/wp-content\/uploads\/2024\/03\/AnyConv.com__WhatsApp-Image-2024-02-29-at-15.18.26.webp.webp?fit=640%2C405&ssl=1&resize=350%2C200 1x, https:\/\/i0.wp.com\/noticiasribeiraopreto.com.br\/wp-content\/uploads\/2024\/03\/AnyConv.com__WhatsApp-Image-2024-02-29-at-15.18.26.webp.webp?fit=640%2C405&ssl=1&resize=525%2C300 1.5x"},"classes":[]},{"id":60735,"url":"https:\/\/noticiasribeiraopreto.com.br\/index.php\/2024\/11\/24\/seguranca-em-condominios-como-proteger-os-condominos-de-roubos\/","url_meta":{"origin":73613,"position":3},"title":"Seguran\u00e7a em Condom\u00ednios: Como proteger os cond\u00f4minos de roubos","author":"noticiasribeiraopreto.com.br","date":"24 de November de 2024","format":false,"excerpt":"Com o aumento da criminalidade, a quest\u00e3o dos furtos e roubos em condom\u00ednios de m\u00e9dio e alto padr\u00e3o tem se tornado uma preocupa\u00e7\u00e3o crescente entre cond\u00f4minos e s\u00edndicos. Recentemente um porteiro teve a sua moto roubada dentro de um condom\u00ednio de luxo em Ribeir\u00e3o Preto. Essa quest\u00e3o gera debates acalorados\u2026","rel":"","context":"In &quot;Not\u00edcias de Ribeir\u00e3o Preto-SP e Regi\u00e3o&quot;","block_context":{"text":"Not\u00edcias de Ribeir\u00e3o Preto-SP e Regi\u00e3o","link":"https:\/\/noticiasribeiraopreto.com.br\/index.php\/category\/noticias-de-ribeirao-preto-sp-e-regiao-ismael-colosi\/"},"img":{"alt_text":"","src":"https:\/\/i0.wp.com\/noticiasribeiraopreto.com.br\/wp-content\/uploads\/2024\/03\/AnyConv.com__WhatsApp-Image-2024-02-29-at-15.18.26.webp.webp?fit=640%2C405&ssl=1&resize=350%2C200","width":350,"height":200,"srcset":"https:\/\/i0.wp.com\/noticiasribeiraopreto.com.br\/wp-content\/uploads\/2024\/03\/AnyConv.com__WhatsApp-Image-2024-02-29-at-15.18.26.webp.webp?fit=640%2C405&ssl=1&resize=350%2C200 1x, https:\/\/i0.wp.com\/noticiasribeiraopreto.com.br\/wp-content\/uploads\/2024\/03\/AnyConv.com__WhatsApp-Image-2024-02-29-at-15.18.26.webp.webp?fit=640%2C405&ssl=1&resize=525%2C300 1.5x"},"classes":[]},{"id":22858,"url":"https:\/\/noticiasribeiraopreto.com.br\/index.php\/2023\/12\/31\/grupo-gr-esta-na-procura-por-mais-de-250-profissionais\/","url_meta":{"origin":73613,"position":4},"title":"Grupo GR est\u00e1 NA PROCURA por mais de 250 profissionais!","author":"noticiasribeiraopreto.com.br","date":"31 de December de 2023","format":false,"excerpt":"O Grupo GR, empresa que atende condom\u00ednios (residenciais e comerciais), ind\u00fastrias, hospitais, shopping centers, institui\u00e7\u00f5es de ensino, sites log\u00edsticos, redes de lojas, construtoras, facilities e empresas de v\u00e1rios segmentos, est\u00e1 contratando novos profissionais para preencher o seu time. Dito isso, veja quais s\u00e3o as possibilidades: Auxiliar de Monitoramento \u2013 Itapevi\u2026","rel":"","context":"In &quot;Vagas de Emprego em Ribeir\u00e3o Preto-SP&quot;","block_context":{"text":"Vagas de Emprego em Ribeir\u00e3o Preto-SP","link":"https:\/\/noticiasribeiraopreto.com.br\/index.php\/category\/empregos-classificados-vagas-trabalho\/vagas-de-empregos-em-ribeirao-preto-regiao-brasil\/"},"img":{"alt_text":"","src":"https:\/\/i0.wp.com\/noticiasribeiraopreto.com.br\/wp-content\/uploads\/2023\/12\/noticiasconcursos.com_.br-grupo-gr-esta-na-procura-por-mais-de-250-profissionais-maxresdefault-2.jpg?fit=1200%2C675&ssl=1&resize=350%2C200","width":350,"height":200,"srcset":"https:\/\/i0.wp.com\/noticiasribeiraopreto.com.br\/wp-content\/uploads\/2023\/12\/noticiasconcursos.com_.br-grupo-gr-esta-na-procura-por-mais-de-250-profissionais-maxresdefault-2.jpg?fit=1200%2C675&ssl=1&resize=350%2C200 1x, https:\/\/i0.wp.com\/noticiasribeiraopreto.com.br\/wp-content\/uploads\/2023\/12\/noticiasconcursos.com_.br-grupo-gr-esta-na-procura-por-mais-de-250-profissionais-maxresdefault-2.jpg?fit=1200%2C675&ssl=1&resize=525%2C300 1.5x, https:\/\/i0.wp.com\/noticiasribeiraopreto.com.br\/wp-content\/uploads\/2023\/12\/noticiasconcursos.com_.br-grupo-gr-esta-na-procura-por-mais-de-250-profissionais-maxresdefault-2.jpg?fit=1200%2C675&ssl=1&resize=700%2C400 2x, https:\/\/i0.wp.com\/noticiasribeiraopreto.com.br\/wp-content\/uploads\/2023\/12\/noticiasconcursos.com_.br-grupo-gr-esta-na-procura-por-mais-de-250-profissionais-maxresdefault-2.jpg?fit=1200%2C675&ssl=1&resize=1050%2C600 3x"},"classes":[]},{"id":23095,"url":"https:\/\/noticiasribeiraopreto.com.br\/index.php\/2024\/01\/01\/grupo-muralha-abre-mais-de-35-vagas-conheca-os-cargos\/","url_meta":{"origin":73613,"position":5},"title":"Grupo Muralha ABRE mais de 35 VAGAS; Conhe\u00e7a os cargos!","author":"noticiasribeiraopreto.com.br","date":"1 de January de 2024","format":false,"excerpt":"O Grupo Muralha, empresa especializada em solu\u00e7\u00f5es personalizadas em Seguran\u00e7a Patrimonial, Pessoal, Portaria, Facilities, Limpeza e Conserva\u00e7\u00e3o, est\u00e1 com in\u00fameras oportunidades de emprego dispon\u00edveis. Quer dizer, se voc\u00ea est\u00e1 buscando um novo trabalho, consulte quais s\u00e3o os postos em aberto: Auxiliar de Servi\u00e7os Gerais \u2013 S\u00e3o Paulo \u2013 SP \u2013\u2026","rel":"","context":"In &quot;Vagas de Emprego em Ribeir\u00e3o Preto-SP&quot;","block_context":{"text":"Vagas de Emprego em Ribeir\u00e3o Preto-SP","link":"https:\/\/noticiasribeiraopreto.com.br\/index.php\/category\/empregos-classificados-vagas-trabalho\/vagas-de-empregos-em-ribeirao-preto-regiao-brasil\/"},"img":{"alt_text":"","src":"https:\/\/i0.wp.com\/noticiasribeiraopreto.com.br\/wp-content\/uploads\/2024\/01\/noticiasconcursos.com_.br-grupo-muralha-abre-mais-de-35-vagas-conheca-os-cargos-bn-home-02.jpg?fit=1200%2C500&ssl=1&resize=350%2C200","width":350,"height":200,"srcset":"https:\/\/i0.wp.com\/noticiasribeiraopreto.com.br\/wp-content\/uploads\/2024\/01\/noticiasconcursos.com_.br-grupo-muralha-abre-mais-de-35-vagas-conheca-os-cargos-bn-home-02.jpg?fit=1200%2C500&ssl=1&resize=350%2C200 1x, https:\/\/i0.wp.com\/noticiasribeiraopreto.com.br\/wp-content\/uploads\/2024\/01\/noticiasconcursos.com_.br-grupo-muralha-abre-mais-de-35-vagas-conheca-os-cargos-bn-home-02.jpg?fit=1200%2C500&ssl=1&resize=525%2C300 1.5x, https:\/\/i0.wp.com\/noticiasribeiraopreto.com.br\/wp-content\/uploads\/2024\/01\/noticiasconcursos.com_.br-grupo-muralha-abre-mais-de-35-vagas-conheca-os-cargos-bn-home-02.jpg?fit=1200%2C500&ssl=1&resize=700%2C400 2x, https:\/\/i0.wp.com\/noticiasribeiraopreto.com.br\/wp-content\/uploads\/2024\/01\/noticiasconcursos.com_.br-grupo-muralha-abre-mais-de-35-vagas-conheca-os-cargos-bn-home-02.jpg?fit=1200%2C500&ssl=1&resize=1050%2C600 3x"},"classes":[]}],"jetpack_sharing_enabled":true,"jetpack_shortlink":"https:\/\/wp.me\/peQAOb-j9j","_links":{"self":[{"href":"https:\/\/noticiasribeiraopreto.com.br\/index.php\/wp-json\/wp\/v2\/posts\/73613","targetHints":{"allow":["GET"]}}],"collection":[{"href":"https:\/\/noticiasribeiraopreto.com.br\/index.php\/wp-json\/wp\/v2\/posts"}],"about":[{"href":"https:\/\/noticiasribeiraopreto.com.br\/index.php\/wp-json\/wp\/v2\/types\/post"}],"author":[{"embeddable":true,"href":"https:\/\/noticiasribeiraopreto.com.br\/index.php\/wp-json\/wp\/v2\/users\/1"}],"replies":[{"embeddable":true,"href":"https:\/\/noticiasribeiraopreto.com.br\/index.php\/wp-json\/wp\/v2\/comments?post=73613"}],"version-history":[{"count":0,"href":"https:\/\/noticiasribeiraopreto.com.br\/index.php\/wp-json\/wp\/v2\/posts\/73613\/revisions"}],"wp:featuredmedia":[{"embeddable":true,"href":"https:\/\/noticiasribeiraopreto.com.br\/index.php\/wp-json\/wp\/v2\/media\/73614"}],"wp:attachment":[{"href":"https:\/\/noticiasribeiraopreto.com.br\/index.php\/wp-json\/wp\/v2\/media?parent=73613"}],"wp:term":[{"taxonomy":"category","embeddable":true,"href":"https:\/\/noticiasribeiraopreto.com.br\/index.php\/wp-json\/wp\/v2\/categories?post=73613"},{"taxonomy":"post_tag","embeddable":true,"href":"https:\/\/noticiasribeiraopreto.com.br\/index.php\/wp-json\/wp\/v2\/tags?post=73613"}],"curies":[{"name":"wp","href":"https:\/\/api.w.org\/{rel}","templated":true}]}}