{"id":73617,"date":"2025-07-06T09:07:49","date_gmt":"2025-07-06T12:07:49","guid":{"rendered":"https:\/\/noticiasribeiraopreto.com.br\/index.php\/2025\/07\/06\/grandes-nomes-da-educacao-destaca-legado-de-clotilde-rossetti-ferreira\/"},"modified":"2025-07-06T09:07:49","modified_gmt":"2025-07-06T12:07:49","slug":"grandes-nomes-da-educacao-destaca-legado-de-clotilde-rossetti-ferreira","status":"publish","type":"post","link":"https:\/\/noticiasribeiraopreto.com.br\/index.php\/2025\/07\/06\/grandes-nomes-da-educacao-destaca-legado-de-clotilde-rossetti-ferreira\/","title":{"rendered":"&#8220;Grandes Nomes da Educa\u00e7\u00e3o&#8221; destaca legado de Clotilde Rossetti Ferreira"},"content":{"rendered":"<div class='code-block code-block-1' style='margin: 8px 0 8px auto; text-align: right; display: block; clear: both;'>\n<p><a href=\"https:\/\/wa.link\/vpicfd\"><img data-recalc-dims=\"1\" class=\"wp-image-4922\" style=\"aspect-ratio: 2.0253164556962027; width: 561px; height: auto;\" src=\"https:\/\/i0.wp.com\/ismaelcolosi.com.br\/wp-content\/uploads\/2023\/11\/grupo-de-empregos-whatsapp-e-facebook-ismael-colosi-vagas.jpg?ssl=1\" alt=\"\" \/><\/a><\/p>\n<!-- \/wp:image -->\n<\/div>\n<p> <br \/>\n<\/p>\n<div>\n<p>Por Paulo Ricardo<\/p>\n<p>O document\u00e1rio Grandes Nomes da Educa\u00e7\u00e3o, primeiro epis\u00f3dio da s\u00e9rie exibido no Cineclube Cauim, traz \u00e0 tona a trajet\u00f3ria revolucion\u00e1ria da professora Maria Clotilde Rossetti Ferreira, uma das principais refer\u00eancias em educa\u00e7\u00e3o infantil no Brasil. Com uma carreira dedicada \u00e0 pesquisa e \u00e0 pr\u00e1tica pedag\u00f3gica, Clotilde foi essencial na redefini\u00e7\u00e3o dos m\u00e9todos de atendimento a crian\u00e7as pequenas, especialmente em creches.<\/p>\n<p>O projeto documental foi exibido em evento que integra a s\u00e9rie \u201cEncontros com a Cidadania\u201d parceria entre o Cineclube Cauim e o <strong>Tribuna Ribeir\u00e3o<\/strong> e busca revelar as mentes por tr\u00e1s das t\u00e9cnicas educacionais que moldam o ensino no pa\u00eds, destacando a import\u00e2ncia do trabalho coletivo e da interdisciplinaridade.<\/p>\n<p><strong>Tornando ci\u00eancia acess\u00edvel<\/strong><\/p>\n<p>Em entrevista exclusiva, Maga Silva e L\u00edvia Rocha, diretores do document\u00e1rio, explicaram que o projeto nasceu da necessidade de traduzir pesquisas acad\u00eamicas complexas em uma linguagem acess\u00edvel ao p\u00fablico geral. Produzido em parceria com o Laborat\u00f3rio de Estudos e Pesquisas em Economia Social da Faculdade de Economia e Administra\u00e7\u00e3o da Universidade de S\u00e3o Paulo-FEA-RP\/USP (LEPES), um dos principais objetivos do filme \u00e9 a democratiza\u00e7\u00e3o do conhecimento cient\u00edfico.<\/p>\n<p>\u201cA universidade produz conhecimento valioso, mas ele fica preso nos papers. Quer\u00edamos levar isso para as salas de aula e para a comunidade\u201d, explica a diretora L\u00edvia Rocha. Ela tamb\u00e9m destaca o crescimento do movimento documental em Ribeir\u00e3o Preto, impulsionado por obras como: Esquecidos e produ\u00e7\u00f5es sobre figuras locais, como Maurina, O Outono Que N\u00e3o Acabou, sobre Madre Maurina.<\/p>\n<p>\u201cO filme humaniza a ci\u00eancia. Quando conversamos com Clotilde Rossetti, ela sai somente dos artigos e vira uma pessoa real, com hist\u00f3rias que emocionam e ensinam\u201d, salienta Maga, produtor audiovisual, refor\u00e7ando o poder da linguagem cinematogr\u00e1fica.<\/p>\n<p><strong>Mem\u00f3rias da ditadura e descobertas pedag\u00f3gicas<\/strong><\/p>\n<p>Durante o document\u00e1rio, Clotilde relembrou os desafios enfrentados na ditadura militar, quando precisou deixar o pa\u00eds para proteger sua fam\u00edlia. Essa experi\u00eancia, segundo ela, transformou profundamente sua vis\u00e3o sobre educa\u00e7\u00e3o e direitos sociais. Sua pesquisa pioneira foca na intera\u00e7\u00e3o entre crian\u00e7as e no papel do ambiente escolar, questionando modelos tradicionais que priorizavam apenas a rela\u00e7\u00e3o adulto-crian\u00e7a. \u201cPercebemos que beb\u00eas interagem mais entre si do que com os adultos, e isso mudou nossa abordagem\u201d, ressalta.<\/p>\n<p>Suas descobertas impactaram diretamente documentos como a Base Nacional Comum Curricular (BNCC), que hoje inclui o campo \u201cO eu, o outro e o n\u00f3s\u201d, que destaca experi\u00eancias relacionadas \u00e0 constru\u00e7\u00e3o da identidade e da subjetividade, as aprendizagens e conquistas de desenvolvimento relacionadas \u00e0 amplia\u00e7\u00e3o das experi\u00eancias de conhecimento de si mesmo e \u00e0 constru\u00e7\u00e3o de rela\u00e7\u00f5es, que devem ser permeadas por intera\u00e7\u00f5es positivas, apoiadas em v\u00ednculos profundos e est\u00e1veis com os professores e os colegas. O Campo tamb\u00e9m ressalta o desenvolvimento do sentimento de pertencimento a determinado grupo, o respeito e o valor atribu\u00eddo \u00e0s diferentes tradi\u00e7\u00f5es culturais.<\/p>\n<p><strong>O apagamento dos educadores no debate nacional<\/strong><\/p>\n<p>Em entrevista ao <strong>Tribuna Ribeir\u00e3o<\/strong>, o economista e professor da USP, Daniel Domingues dos Santos \u2014 um dos idealizadores da s\u00e9rie \u2014 revelou a motiva\u00e7\u00e3o por tr\u00e1s do projeto: o apagamento dos educadores nas reformas educacionais brasileiras. \u201cO Brasil est\u00e1 reformando a educa\u00e7\u00e3o numa velocidade muito grande, mas os professores est\u00e3o participando muito pouco desse debate\u201d, criticou.<\/p>\n<p>A ideia da s\u00e9rie, de acordo com o economista surge quando sua parceira, a pedagoga e pesquisadora Camila Martins, nota, em conversa com colegas educadores, a dificuldade de nomear refer\u00eancias contempor\u00e2neas na educa\u00e7\u00e3o: \u201cPercebi que faltam novas vozes no cen\u00e1rio atual\u201d, explicou.<\/p>\n<p>O epis\u00f3dio-piloto mistura biografia e an\u00e1lise cr\u00edtica, com um formato inovador: a pr\u00f3pria Clotilde escolheu os temas contempor\u00e2neos que desejava abordar. Para Daniel, incluir educadores no debate \u00e9 urgente. \u201cReformas s\u00f3 chegam ao ch\u00e3o da escola se os professores aderirem, e isso exige legitimidade.\u201d<\/p>\n<p>Mesmo sem financiamento para a continuidade da s\u00e9rie, a equipe busca parceiros e deixa um recado claro. \u201cEduca\u00e7\u00e3o \u00e9 o pilar de qualquer civiliza\u00e7\u00e3o. N\u00e3o podemos debat\u00ea-la sem a participa\u00e7\u00e3o de quem a pratica.\u201d<\/p>\n<p><strong>Um chamado \u00e0 a\u00e7\u00e3o<\/strong><\/p>\n<p>Ap\u00f3s a exibi\u00e7\u00e3o do document\u00e1rio, um debate com especialistas como a diretora L\u00edvia Rocha, a Especialista em educa\u00e7\u00e3o infantil Camila Martins e o pedagogo Murilo Guimar\u00e3es refor\u00e7ou a urg\u00eancia de valorizar a educa\u00e7\u00e3o infantil como etapa fundamental do desenvolvimento humano. Clotilde, emocionada, deixou uma mensagem aos novos pesquisadores. \u201cTemos de aproveitar nossas qualidades, como a capacidade de trabalhar em grupo, mas com mais disciplina para transformar projetos em realidade.\u201d<\/p>\n<p>Para ela, \u00e9 de extrema import\u00e2ncia que a educa\u00e7\u00e3o no Brasil seja discutida de forma interdisciplinar, com foco na forma\u00e7\u00e3o integral dos alunos.<\/p>\n<p>O document\u00e1rio est\u00e1 dispon\u00edvel de forma gratuita no Canal do Youtube do Laborat\u00f3rio de Estudos e Pesquisas em Economia Social da FEA-RP\/USP (LEPES) [Dispon\u00edvel em: <a href=\"https:\/\/www.youtube.com\/watch?v=2TvlEk0LQGk\">https:\/\/www.youtube.com\/watch?v=2TvlEk0LQGk<\/a>]<\/p>\n<p>\u00a0<\/p>\n<p>\u00a0<\/p>\n<p>\u00a0<\/p>\n<\/div>\n<p><br \/>\n<br \/><a href=\"https:\/\/www.tribunaribeirao.com.br\/grandes-nomes-da-educacao-destaca-legado-de-clotilde-rossetti-ferreira\/\">Source link <\/a><\/p>\n<!-- CONTENT END 1 -->\n","protected":false},"excerpt":{"rendered":"<p>Por Paulo Ricardo O document\u00e1rio Grandes Nomes da Educa\u00e7\u00e3o, primeiro epis\u00f3dio da s\u00e9rie exibido no Cineclube Cauim, traz \u00e0 tona a trajet\u00f3ria revolucion\u00e1ria da professora&#8230;<\/p>\n","protected":false},"author":1,"featured_media":73618,"comment_status":"open","ping_status":"open","sticky":false,"template":"","format":"standard","meta":{"advanced_seo_description":"","jetpack_seo_html_title":"","jetpack_seo_noindex":false,"jetpack_post_was_ever_published":false,"_jetpack_newsletter_access":"","_jetpack_dont_email_post_to_subs":false,"_jetpack_newsletter_tier_id":0,"_jetpack_memberships_contains_paywalled_content":false,"_jetpack_memberships_contains_paid_content":false,"footnotes":"","jetpack_publicize_message":"","jetpack_publicize_feature_enabled":true,"jetpack_social_post_already_shared":true,"jetpack_social_options":{"image_generator_settings":{"template":"highway","default_image_id":0,"font":"","enabled":false},"version":2}},"categories":[11],"tags":[],"class_list":["post-73617","post","type-post","status-publish","format-standard","has-post-thumbnail","hentry","category-noticias-de-ribeirao-preto-sp-e-regiao-ismael-colosi"],"jetpack_publicize_connections":[],"jetpack_featured_media_url":"https:\/\/i0.wp.com\/noticiasribeiraopreto.com.br\/wp-content\/uploads\/2025\/07\/5.jpeg?fit=1600%2C1144&ssl=1","jetpack-related-posts":[{"id":59140,"url":"https:\/\/noticiasribeiraopreto.com.br\/index.php\/2024\/10\/15\/cinema-historico-em-ribeirao-preto-saiba-como-esta-a-situacao-do-cine-bristol\/","url_meta":{"origin":73617,"position":0},"title":"Cinema hist\u00f3rico em Ribeir\u00e3o Preto: Saiba como est\u00e1 a situa\u00e7\u00e3o do Cine Bristol","author":"noticiasribeiraopreto.com.br","date":"15 de October de 2024","format":false,"excerpt":"O antigo Cine Bristol, um sobrevivente dos cinemas de rua, muito populares na d\u00e9cada de 1970, continua com o futuro incerto em Ribeir\u00e3o Preto. O pr\u00e9dio est\u00e1 fechado e com placas de loca\u00e7\u00e3o \u2013 a reportagem apurou que o valor mensal para utiliza\u00e7\u00e3o do espa\u00e7o gira em torno de R$\u2026","rel":"","context":"In &quot;Not\u00edcias de Ribeir\u00e3o Preto-SP e Regi\u00e3o&quot;","block_context":{"text":"Not\u00edcias de Ribeir\u00e3o Preto-SP e Regi\u00e3o","link":"https:\/\/noticiasribeiraopreto.com.br\/index.php\/category\/noticias-de-ribeirao-preto-sp-e-regiao-ismael-colosi\/"},"img":{"alt_text":"","src":"https:\/\/i0.wp.com\/noticiasribeiraopreto.com.br\/wp-content\/uploads\/2024\/10\/WhatsApp-Image-2024-10-14-at-11.49.12-1_2024-10-15_18-59-23_jpeg_2024-10-15_18-59-23.webp.webp?fit=1200%2C903&ssl=1&resize=350%2C200","width":350,"height":200,"srcset":"https:\/\/i0.wp.com\/noticiasribeiraopreto.com.br\/wp-content\/uploads\/2024\/10\/WhatsApp-Image-2024-10-14-at-11.49.12-1_2024-10-15_18-59-23_jpeg_2024-10-15_18-59-23.webp.webp?fit=1200%2C903&ssl=1&resize=350%2C200 1x, https:\/\/i0.wp.com\/noticiasribeiraopreto.com.br\/wp-content\/uploads\/2024\/10\/WhatsApp-Image-2024-10-14-at-11.49.12-1_2024-10-15_18-59-23_jpeg_2024-10-15_18-59-23.webp.webp?fit=1200%2C903&ssl=1&resize=525%2C300 1.5x, https:\/\/i0.wp.com\/noticiasribeiraopreto.com.br\/wp-content\/uploads\/2024\/10\/WhatsApp-Image-2024-10-14-at-11.49.12-1_2024-10-15_18-59-23_jpeg_2024-10-15_18-59-23.webp.webp?fit=1200%2C903&ssl=1&resize=700%2C400 2x, https:\/\/i0.wp.com\/noticiasribeiraopreto.com.br\/wp-content\/uploads\/2024\/10\/WhatsApp-Image-2024-10-14-at-11.49.12-1_2024-10-15_18-59-23_jpeg_2024-10-15_18-59-23.webp.webp?fit=1200%2C903&ssl=1&resize=1050%2C600 3x"},"classes":[]},{"id":59135,"url":"https:\/\/noticiasribeiraopreto.com.br\/index.php\/2024\/10\/15\/veja-como-esta-a-situacao-de-cinema-historico-em-ribeirao-preto\/","url_meta":{"origin":73617,"position":1},"title":"Veja como est\u00e1 a situa\u00e7\u00e3o de cinema hist\u00f3rico em Ribeir\u00e3o Preto","author":"noticiasribeiraopreto.com.br","date":"15 de October de 2024","format":false,"excerpt":"O antigo Cine Bristol, um sobrevivente dos cinemas de rua, muito populares na d\u00e9cada de 1970, continua com o futuro incerto em Ribeir\u00e3o Preto. O pr\u00e9dio est\u00e1 fechado e com placas de loca\u00e7\u00e3o \u2013 a reportagem apurou que o valor mensal para utiliza\u00e7\u00e3o do espa\u00e7o gira em torno de R$\u2026","rel":"","context":"In &quot;Not\u00edcias de Ribeir\u00e3o Preto-SP e Regi\u00e3o&quot;","block_context":{"text":"Not\u00edcias de Ribeir\u00e3o Preto-SP e Regi\u00e3o","link":"https:\/\/noticiasribeiraopreto.com.br\/index.php\/category\/noticias-de-ribeirao-preto-sp-e-regiao-ismael-colosi\/"},"img":{"alt_text":"","src":"https:\/\/i0.wp.com\/noticiasribeiraopreto.com.br\/wp-content\/uploads\/2024\/10\/WhatsApp-Image-2024-10-14-at-11.49.12-1_2024-10-15_18-59-23_jpeg_2024-10-15_18-59-23.webp.webp?fit=1200%2C903&ssl=1&resize=350%2C200","width":350,"height":200,"srcset":"https:\/\/i0.wp.com\/noticiasribeiraopreto.com.br\/wp-content\/uploads\/2024\/10\/WhatsApp-Image-2024-10-14-at-11.49.12-1_2024-10-15_18-59-23_jpeg_2024-10-15_18-59-23.webp.webp?fit=1200%2C903&ssl=1&resize=350%2C200 1x, https:\/\/i0.wp.com\/noticiasribeiraopreto.com.br\/wp-content\/uploads\/2024\/10\/WhatsApp-Image-2024-10-14-at-11.49.12-1_2024-10-15_18-59-23_jpeg_2024-10-15_18-59-23.webp.webp?fit=1200%2C903&ssl=1&resize=525%2C300 1.5x, https:\/\/i0.wp.com\/noticiasribeiraopreto.com.br\/wp-content\/uploads\/2024\/10\/WhatsApp-Image-2024-10-14-at-11.49.12-1_2024-10-15_18-59-23_jpeg_2024-10-15_18-59-23.webp.webp?fit=1200%2C903&ssl=1&resize=700%2C400 2x, https:\/\/i0.wp.com\/noticiasribeiraopreto.com.br\/wp-content\/uploads\/2024\/10\/WhatsApp-Image-2024-10-14-at-11.49.12-1_2024-10-15_18-59-23_jpeg_2024-10-15_18-59-23.webp.webp?fit=1200%2C903&ssl=1&resize=1050%2C600 3x"},"classes":[]},{"id":57083,"url":"https:\/\/noticiasribeiraopreto.com.br\/index.php\/2024\/08\/22\/cineclube-cauim-recebe-show-de-banda-internacional-em-ribeirao-preto\/","url_meta":{"origin":73617,"position":2},"title":"Cineclube Cauim recebe show de banda internacional em Ribeir\u00e3o Preto","author":"noticiasribeiraopreto.com.br","date":"22 de August de 2024","format":false,"excerpt":"O Cineclube Cauim de Ribeir\u00e3o Preto, ir\u00e1 receber nesta sexta-feira (23), \u00e0s 19h, outra edi\u00e7\u00e3o do projeto \u201cSextas Sonoras\u201d, agora com sua primeira atra\u00e7\u00e3o internacional: Lord Bishop Rocks, com apresenta\u00e7\u00e3o do DJ Old Smoking. \u00a0Ingressos custam R$ 20. A banda \u00e9 considerada um dos trios de rock mais emocionantes, extravagantes\u2026","rel":"","context":"In &quot;Not\u00edcias de Ribeir\u00e3o Preto-SP e Regi\u00e3o&quot;","block_context":{"text":"Not\u00edcias de Ribeir\u00e3o Preto-SP e Regi\u00e3o","link":"https:\/\/noticiasribeiraopreto.com.br\/index.php\/category\/noticias-de-ribeirao-preto-sp-e-regiao-ismael-colosi\/"},"img":{"alt_text":"","src":"https:\/\/i0.wp.com\/noticiasribeiraopreto.com.br\/wp-content\/uploads\/2024\/08\/event_6654_2024-08-22_16-16-00_jpg_2024-08-22_16-16-00.webp.webp?fit=500%2C281&ssl=1&resize=350%2C200","width":350,"height":200},"classes":[]},{"id":67456,"url":"https:\/\/noticiasribeiraopreto.com.br\/index.php\/2025\/04\/14\/cine-cauim-exibe-a-batalha-da-rua-maria-antonia-nesta-semana\/","url_meta":{"origin":73617,"position":3},"title":"Cine Cauim exibe \u2018A Batalha da Rua Maria Ant\u00f4nia\u2019 nesta semana","author":"noticiasribeiraopreto.com.br","date":"14 de April de 2025","format":false,"excerpt":"O Cineclube Cauim, em Ribeir\u00e3o Preto, exibe nesta quinta-feira (17), o filme de 2025 \u201cA Batalha da Rua Maria Ant\u00f4nia\u201d, a partir das 20h. Ingressos podem ser adquiridos a partir de R$ 10. O filme se passa em outubro de 1968, durante a ditadura militar brasileira, na Faculdade de Filosofia\u2026","rel":"","context":"In &quot;Not\u00edcias de Ribeir\u00e3o Preto-SP e Regi\u00e3o&quot;","block_context":{"text":"Not\u00edcias de Ribeir\u00e3o Preto-SP e Regi\u00e3o","link":"https:\/\/noticiasribeiraopreto.com.br\/index.php\/category\/noticias-de-ribeirao-preto-sp-e-regiao-ismael-colosi\/"},"img":{"alt_text":"","src":"https:\/\/i0.wp.com\/noticiasribeiraopreto.com.br\/wp-content\/uploads\/2025\/04\/batalha_da_rua_2025-04-14_15-16-06.webp.webp?fit=1170%2C700&ssl=1&resize=350%2C200","width":350,"height":200,"srcset":"https:\/\/i0.wp.com\/noticiasribeiraopreto.com.br\/wp-content\/uploads\/2025\/04\/batalha_da_rua_2025-04-14_15-16-06.webp.webp?fit=1170%2C700&ssl=1&resize=350%2C200 1x, https:\/\/i0.wp.com\/noticiasribeiraopreto.com.br\/wp-content\/uploads\/2025\/04\/batalha_da_rua_2025-04-14_15-16-06.webp.webp?fit=1170%2C700&ssl=1&resize=525%2C300 1.5x, https:\/\/i0.wp.com\/noticiasribeiraopreto.com.br\/wp-content\/uploads\/2025\/04\/batalha_da_rua_2025-04-14_15-16-06.webp.webp?fit=1170%2C700&ssl=1&resize=700%2C400 2x, https:\/\/i0.wp.com\/noticiasribeiraopreto.com.br\/wp-content\/uploads\/2025\/04\/batalha_da_rua_2025-04-14_15-16-06.webp.webp?fit=1170%2C700&ssl=1&resize=1050%2C600 3x"},"classes":[]},{"id":38787,"url":"https:\/\/noticiasribeiraopreto.com.br\/index.php\/2024\/02\/21\/ribeirao-recebe-evento-que-reune-musica-ao-vivo-em-sala-de-cinema-veja-quando\/","url_meta":{"origin":73617,"position":4},"title":"Ribeir\u00e3o recebe evento que re\u00fane m\u00fasica ao vivo em sala de cinema; Veja quando","author":"noticiasribeiraopreto.com.br","date":"21 de February de 2024","format":false,"excerpt":"Ribeir\u00e3o Preto recebe, nesta quinta-feira (22), um evento que re\u00fane m\u00fasica ao vivo em uma das salas de cinema do Cineclube Cauim, que fica na rua Olavo Bilac, 135, na Vila Seixas, \u00e0s 18h. O local receber\u00e1 show do grupo \u2018Choro da Casa\u2019 e, em seguida, ser\u00e1 exibido o document\u00e1rio\u2026","rel":"","context":"In &quot;Not\u00edcias de Ribeir\u00e3o Preto-SP e Regi\u00e3o&quot;","block_context":{"text":"Not\u00edcias de Ribeir\u00e3o Preto-SP e Regi\u00e3o","link":"https:\/\/noticiasribeiraopreto.com.br\/index.php\/category\/noticias-de-ribeirao-preto-sp-e-regiao-ismael-colosi\/"},"img":{"alt_text":"","src":"https:\/\/i0.wp.com\/noticiasribeiraopreto.com.br\/wp-content\/uploads\/2024\/02\/Choro-da-Casa-Foto-Marcos-Weisk.jpeg?fit=1200%2C800&ssl=1&resize=350%2C200","width":350,"height":200,"srcset":"https:\/\/i0.wp.com\/noticiasribeiraopreto.com.br\/wp-content\/uploads\/2024\/02\/Choro-da-Casa-Foto-Marcos-Weisk.jpeg?fit=1200%2C800&ssl=1&resize=350%2C200 1x, https:\/\/i0.wp.com\/noticiasribeiraopreto.com.br\/wp-content\/uploads\/2024\/02\/Choro-da-Casa-Foto-Marcos-Weisk.jpeg?fit=1200%2C800&ssl=1&resize=525%2C300 1.5x, https:\/\/i0.wp.com\/noticiasribeiraopreto.com.br\/wp-content\/uploads\/2024\/02\/Choro-da-Casa-Foto-Marcos-Weisk.jpeg?fit=1200%2C800&ssl=1&resize=700%2C400 2x, https:\/\/i0.wp.com\/noticiasribeiraopreto.com.br\/wp-content\/uploads\/2024\/02\/Choro-da-Casa-Foto-Marcos-Weisk.jpeg?fit=1200%2C800&ssl=1&resize=1050%2C600 3x"},"classes":[]},{"id":43010,"url":"https:\/\/noticiasribeiraopreto.com.br\/index.php\/2024\/03\/18\/alunos-da-rede-municipal-participam-do-projeto-escola-vai-ao-cinema\/","url_meta":{"origin":73617,"position":5},"title":"Alunos da rede municipal participam do Projeto &#8220;Escola Vai ao Cinema&#8221;","author":"noticiasribeiraopreto.com.br","date":"18 de March de 2024","format":false,"excerpt":"18 de mar\u00e7o de 2024 | 17:0018 de mar\u00e7o de 2024 | 15:27 0A Secretaria da Educa\u00e7\u00e3o, em parceria com o CineClube Cauim, retomou o projeto anual \u201cEscola Vai ao Cinema\u201d, oferecendo aos estudantes da rede municipal uma oportunidade \u00fanica de desfrutar de produ\u00e7\u00f5es cinematogr\u00e1ficas gratuitamente.O projeto visa enriquecer a\u2026","rel":"","context":"In &quot;Not\u00edcias de Ribeir\u00e3o Preto-SP e Regi\u00e3o&quot;","block_context":{"text":"Not\u00edcias de Ribeir\u00e3o Preto-SP e Regi\u00e3o","link":"https:\/\/noticiasribeiraopreto.com.br\/index.php\/category\/noticias-de-ribeirao-preto-sp-e-regiao-ismael-colosi\/"},"img":{"alt_text":"","src":"https:\/\/i0.wp.com\/noticiasribeiraopreto.com.br\/wp-content\/uploads\/2024\/03\/cinema-scaled.jpeg?fit=958%2C645&ssl=1&resize=350%2C200","width":350,"height":200,"srcset":"https:\/\/i0.wp.com\/noticiasribeiraopreto.com.br\/wp-content\/uploads\/2024\/03\/cinema-scaled.jpeg?fit=958%2C645&ssl=1&resize=350%2C200 1x, https:\/\/i0.wp.com\/noticiasribeiraopreto.com.br\/wp-content\/uploads\/2024\/03\/cinema-scaled.jpeg?fit=958%2C645&ssl=1&resize=525%2C300 1.5x, https:\/\/i0.wp.com\/noticiasribeiraopreto.com.br\/wp-content\/uploads\/2024\/03\/cinema-scaled.jpeg?fit=958%2C645&ssl=1&resize=700%2C400 2x"},"classes":[]}],"jetpack_sharing_enabled":true,"jetpack_shortlink":"https:\/\/wp.me\/peQAOb-j9n","_links":{"self":[{"href":"https:\/\/noticiasribeiraopreto.com.br\/index.php\/wp-json\/wp\/v2\/posts\/73617","targetHints":{"allow":["GET"]}}],"collection":[{"href":"https:\/\/noticiasribeiraopreto.com.br\/index.php\/wp-json\/wp\/v2\/posts"}],"about":[{"href":"https:\/\/noticiasribeiraopreto.com.br\/index.php\/wp-json\/wp\/v2\/types\/post"}],"author":[{"embeddable":true,"href":"https:\/\/noticiasribeiraopreto.com.br\/index.php\/wp-json\/wp\/v2\/users\/1"}],"replies":[{"embeddable":true,"href":"https:\/\/noticiasribeiraopreto.com.br\/index.php\/wp-json\/wp\/v2\/comments?post=73617"}],"version-history":[{"count":0,"href":"https:\/\/noticiasribeiraopreto.com.br\/index.php\/wp-json\/wp\/v2\/posts\/73617\/revisions"}],"wp:featuredmedia":[{"embeddable":true,"href":"https:\/\/noticiasribeiraopreto.com.br\/index.php\/wp-json\/wp\/v2\/media\/73618"}],"wp:attachment":[{"href":"https:\/\/noticiasribeiraopreto.com.br\/index.php\/wp-json\/wp\/v2\/media?parent=73617"}],"wp:term":[{"taxonomy":"category","embeddable":true,"href":"https:\/\/noticiasribeiraopreto.com.br\/index.php\/wp-json\/wp\/v2\/categories?post=73617"},{"taxonomy":"post_tag","embeddable":true,"href":"https:\/\/noticiasribeiraopreto.com.br\/index.php\/wp-json\/wp\/v2\/tags?post=73617"}],"curies":[{"name":"wp","href":"https:\/\/api.w.org\/{rel}","templated":true}]}}