{"id":73621,"date":"2025-07-06T10:00:46","date_gmt":"2025-07-06T13:00:46","guid":{"rendered":"https:\/\/noticiasribeiraopreto.com.br\/index.php\/2025\/07\/06\/kits-comecam-a-ser-entregues-na-sexta-feira\/"},"modified":"2025-07-06T10:00:46","modified_gmt":"2025-07-06T13:00:46","slug":"kits-comecam-a-ser-entregues-na-sexta-feira","status":"publish","type":"post","link":"https:\/\/noticiasribeiraopreto.com.br\/index.php\/2025\/07\/06\/kits-comecam-a-ser-entregues-na-sexta-feira\/","title":{"rendered":"Kits come\u00e7am a ser entregues na sexta-feira"},"content":{"rendered":"<div class='code-block code-block-1' style='margin: 8px 0 8px auto; text-align: right; display: block; clear: both;'>\n<p><a href=\"https:\/\/wa.link\/vpicfd\"><img data-recalc-dims=\"1\" class=\"wp-image-4922\" style=\"aspect-ratio: 2.0253164556962027; width: 561px; height: auto;\" src=\"https:\/\/i0.wp.com\/ismaelcolosi.com.br\/wp-content\/uploads\/2023\/11\/grupo-de-empregos-whatsapp-e-facebook-ismael-colosi-vagas.jpg?ssl=1\" alt=\"\" \/><\/a><\/p>\n<!-- \/wp:image -->\n<\/div>\n<p> <br \/>\n<\/p>\n<div>\n<p>A entrega dos kits da 13\u00aa Meia Maratona Internacional de Ribeir\u00e3o Preto (MMIRP), a Corrida do Dino, acontecer\u00e1 nos dias 11 e 12 de julho (sexta-feira e s\u00e1bado), no Setor Imigrantes (pr\u00f3ximo \u00e0 Starbucks) do Ribeir\u00e3oShopping, Av. Cel. Fernando Ferreira Leite 1540, Ribeir\u00e3o Preto. As provas de 21km, 5km e revezamento acontece no pr\u00f3ximo domingo, 13 de julho. A MMIRP \u00e9 considerada um dos principais eventos esportivos do interior paulista, o evento re\u00fane estrutura profissional, a\u00e7\u00f5es sociais e a presen\u00e7a de grandes nomes do atletismo brasileiro.<\/p>\n<p>Ser\u00e3o dois dias de entrega. Na sexta-feira, das 12h \u00e0s 20 horas e no s\u00e1bado das 10h \u00e0s 18 horas. Ser\u00e1 necess\u00e1rio levar documento oficial com foto, comprovante de inscri\u00e7\u00e3o e termo de responsabilidade assinado. O termo est\u00e1 dispon\u00edvel no site www.mmirp.com.br.<\/p>\n<p><strong>A prova<\/strong><\/p>\n<p>A prova ter\u00e1 largada e chegada tamb\u00e9m no Ribeir\u00e3oShopping. Neste ano acontecer\u00e1 no estacionamento descoberto do Carrefour. Os percursos s\u00e3o planos e urbanos, com aferi\u00e7\u00e3o oficial da Confedera\u00e7\u00e3o Brasileira de Atletismo (CBAt) e da World Athletics. A prova tem supervis\u00e3o da Federa\u00e7\u00e3o Paulista de Atletismo. O trajeto favorece marcas expressivas, o que atrai corredores de elite em busca de desempenho competitivo.<\/p>\n<p>A elite da prova largar\u00e1 \u00e0s 6 horas. Logo em seguida, \u00e0s 6h05 acontece a largada dos PCDs e \u00e0s 6h10 os demais atletas.<\/p>\n<p>Em 2024 a prova contou com atletas inscritos de sete pa\u00edses, 15 estados brasileiros e o Distrito Federal, representando 173 cidades.<\/p>\n<p>Mais uma vez a prova distribuir\u00e1 premia\u00e7\u00e3o em dinheiro para os dez primeiros colocados da elite nos 21 km e para os cinco primeiros colocados da categoria amadora geral, nos 21km. Os tr\u00eas melhores atletas por faixa et\u00e1ria na meia maratona receber\u00e3o medalh\u00f5es personalizados.<\/p>\n<p><strong>Compromisso social<\/strong><\/p>\n<p>A Meia Maratona de Ribeir\u00e3o tamb\u00e9m \u00e9 marcada por iniciativas de responsabilidade social e ambiental. A organiza\u00e7\u00e3o promove a\u00e7\u00f5es de ESG (sigla em ingl\u00eas para ambiental, social e governan\u00e7a), como campanhas de reciclagem, arrecada\u00e7\u00e3o de alimentos, feira de ado\u00e7\u00e3o de c\u00e3es e gatos, e atividades educativas em parceria com a RP Mobi e o Corpo de Bombeiros, por exemplo.<\/p>\n<p>Durante o evento, tamb\u00e9m s\u00e3o realizadas campanhas de doa\u00e7\u00e3o de sangue para os bancos da cidade e arrecada\u00e7\u00e3o de recursos para o Hospital do C\u00e2ncer de Ribeir\u00e3o Preto. Em 2025, uma das novidades ser\u00e1 a campanha de arrecada\u00e7\u00e3o de t\u00eanis em bom estado, destinados a projetos sociais ligados ao esporte. A inclus\u00e3o de atletas com defici\u00eancia e o combate ao racismo tamb\u00e9m integram o compromisso da prova com a diversidade.<\/p>\n<p><strong>Calend\u00e1rios oficiais<\/strong><\/p>\n<p>A Meia Maratona Internacional de Ribeir\u00e3o Preto est\u00e1, por lei, nos calend\u00e1rios de eventos esportivos de Ribeir\u00e3o Preto (Lei 12.686, de 27 de outubro de 2011, de autoria do vereador Jos\u00e9 Carlos de Oliveira) e do estado de S\u00e3o Paulo (Lei 15.894, de 17 de setembro de 2015, de autoria do deputado Baleia Rossi).<\/p>\n<p>A Meia de Ribeir\u00e3o re\u00fane patrocinadores tradicionais e de peso, como o Ribeir\u00e3oShopping e CAIXA \u2013 Governo Federal, Brasil \u2013 Uni\u00e3o e Reconstru\u00e7\u00e3o, na categoria Master e GS Inima Brasil, Rede Ideal, Savoy Leil\u00f5es na categoria Premium, al\u00e9m de uma grande rede de apoio log\u00edstico e parceiros de m\u00eddia como Viva M\u00eddia OOH, r\u00e1dio Di\u00e1rio FM, gr\u00e1fica New Cores, DTP Comunica\u00e7\u00e3o Visual e Fonte Assessoria de Imprensa.<\/p>\n<p>A prova tamb\u00e9m mant\u00e9m uma parceria com o Convention &amp; Visitors Bureau, entidade presente em 140 cidades brasileiras. Al\u00e9m disso, tem apoio log\u00edstico da Pol\u00edcia Militar, Secretaria de Esportes, RP Mobi, Guarda Civil Metropolitana, Estre e KA2RP Eventos.<\/p>\n<p>\u00a0<\/p>\n<p><strong>Revezamento nos 21 km: corrida em dupla, emo\u00e7\u00e3o dobrada<\/strong><\/p>\n<p><em>Novidade ser\u00e1 para duplas masculinas, femininas ou mistas<\/em><\/p>\n<p>A 13\u00aa Meia Maratona Internacional de Ribeir\u00e3o Preto tamb\u00e9m \u00e9 espa\u00e7o para quem prefere dividir a dist\u00e2ncia, mas n\u00e3o a emo\u00e7\u00e3o da conquista. A prova contar\u00e1 com a modalidade revezamento em duplas nos 21 km, para duplas masculinas, femininas ou mistas. Haver\u00e1 premia\u00e7\u00e3o com trof\u00e9us para os cinco primeiros colocados (tempo bruto).<\/p>\n<p>\u00a0<\/p>\n<p><strong>FORMATO<\/strong><\/p>\n<p>O formato \u00e9 simples, mas exige aten\u00e7\u00e3o \u00e0s regras de transi\u00e7\u00e3o para garantir o bom andamento da prova e a seguran\u00e7a dos atletas.<\/p>\n<p>A largada ser\u00e1 feita normalmente pelo Corredor 1, que iniciar\u00e1 o percurso. Enquanto isso, o Corredor 2 dever\u00e1 se dirigir diretamente ao ponto de transi\u00e7\u00e3o, localizado na Avenida Presidente Vargas, antes do port\u00e3o que d\u00e1 acesso ao p\u00f3rtico de largada e chegada. O local estar\u00e1 sinalizado e fechado.<\/p>\n<p><strong>Aten\u00e7\u00e3o<\/strong>: o Corredor 2 deve obrigatoriamente estar na \u00e1rea de transi\u00e7\u00e3o at\u00e9 \u00e0s <strong>6h40<\/strong>, meia hora ap\u00f3s a largada da categoria amador. Ap\u00f3s esse hor\u00e1rio, n\u00e3o ser\u00e1 mais permitido o acesso e a dupla ser\u00e1 automaticamente desclassificada.<\/p>\n<p>Depois de completar sua parte, o Corredor 1 poder\u00e1, se desejar, sair momentaneamente da \u00e1rea de transi\u00e7\u00e3o \u2014 por exemplo, para descansar ou ir at\u00e9 a tenda de sua assessoria. No entanto, \u00e9 obrigat\u00f3rio que ele retorne \u00e0 \u00e1rea de transi\u00e7\u00e3o a tempo de acompanhar o Corredor 2 no trecho final. A dupla dever\u00e1 cruzar o p\u00f3rtico de chegada junta, selando a parceria do in\u00edcio ao fim.<\/p>\n<p>O revezamento \u00e9 ideal para amigos, casais e colegas de equipe que querem viver a experi\u00eancia da Meia de Ribeir\u00e3o dividindo esfor\u00e7os, mas multiplicando as emo\u00e7\u00f5es.<\/p>\n<p>\u00a0<\/p>\n<p><strong>Inscri\u00e7\u00f5es at\u00e9 este domingo<\/strong><\/p>\n<p>As inscri\u00e7\u00f5es para a 13\u00aa MMIRP se encerram neste domingo e podem ser feitas pelo site <a href=\"http:\/\/www.mmirp.com.br\">www.mmirp.com.br<\/a>. Caso haja desist\u00eancia ou vagas remanescentes novas inscri\u00e7\u00f5es ser\u00e3o abertas, no entanto, estas s\u00f3 poder\u00e3o ser solicitadas pelo e-mail <span class=\"__cf_email__\" data-cfemail=\"cda0a8a4aca0acbfacb9a2a3ac8db9bfa4afb8a3acbfa4afa8a4bfaca2e3aea2a0e3afbf\">[email\u00a0protected]<\/span> e sujeitas a disponibilidade.<\/p>\n<p><strong>\u00a0<\/strong><\/p>\n<p><strong>\u00a0<\/strong><\/p>\n<\/div>\n<p><br \/>\n<br \/><a href=\"https:\/\/www.tribunaribeirao.com.br\/kits-comecam-a-ser-entregues-na-sexta-feira\/\">Source link <\/a><\/p>\n<!-- CONTENT END 1 -->\n","protected":false},"excerpt":{"rendered":"<p>A entrega dos kits da 13\u00aa Meia Maratona Internacional de Ribeir\u00e3o Preto (MMIRP), a Corrida do Dino, acontecer\u00e1 nos dias 11 e 12 de julho&#8230;<\/p>\n","protected":false},"author":1,"featured_media":73622,"comment_status":"open","ping_status":"open","sticky":false,"template":"","format":"standard","meta":{"advanced_seo_description":"","jetpack_seo_html_title":"","jetpack_seo_noindex":false,"jetpack_post_was_ever_published":false,"_jetpack_newsletter_access":"","_jetpack_dont_email_post_to_subs":false,"_jetpack_newsletter_tier_id":0,"_jetpack_memberships_contains_paywalled_content":false,"_jetpack_memberships_contains_paid_content":false,"footnotes":"","jetpack_publicize_message":"","jetpack_publicize_feature_enabled":true,"jetpack_social_post_already_shared":true,"jetpack_social_options":{"image_generator_settings":{"template":"highway","default_image_id":0,"font":"","enabled":false},"version":2}},"categories":[11],"tags":[],"class_list":["post-73621","post","type-post","status-publish","format-standard","has-post-thumbnail","hentry","category-noticias-de-ribeirao-preto-sp-e-regiao-ismael-colosi"],"jetpack_publicize_connections":[],"jetpack_featured_media_url":"https:\/\/i0.wp.com\/noticiasribeiraopreto.com.br\/wp-content\/uploads\/2025\/07\/1-tillmannfotografia-meiarp2024-r6-1722_156955_103796-scaled.jpg?fit=2560%2C1707&ssl=1","jetpack-related-posts":[{"id":73582,"url":"https:\/\/noticiasribeiraopreto.com.br\/index.php\/2025\/07\/05\/ultimo-dia-para-retirada-dos-kits-da-meia-internacional-de-rp\/","url_meta":{"origin":73621,"position":0},"title":"\u00daltimo dia para retirada dos kits da Meia Internacional de RP","author":"noticiasribeiraopreto.com.br","date":"5 de July de 2025","format":false,"excerpt":"5 de julho de 2025 09:304 de julho de 2025 17:198 Compartilhar0 A retirada dos kits da 13\u00aa edi\u00e7\u00e3o da Meia Maratona Internacional de Ribeir\u00e3o Preto (MMIRP) termina neste s\u00e1bado (5). Os atletas inscritos devem comparecer ao Ribeir\u00e3oShopping, no Setor Imigrantes, das 10h \u00e0s 18h. Para a retirada, \u00e9 necess\u00e1rio\u2026","rel":"","context":"In &quot;Not\u00edcias de Ribeir\u00e3o Preto-SP e Regi\u00e3o&quot;","block_context":{"text":"Not\u00edcias de Ribeir\u00e3o Preto-SP e Regi\u00e3o","link":"https:\/\/noticiasribeiraopreto.com.br\/index.php\/category\/noticias-de-ribeirao-preto-sp-e-regiao-ismael-colosi\/"},"img":{"alt_text":"","src":"https:\/\/i0.wp.com\/noticiasribeiraopreto.com.br\/wp-content\/uploads\/2025\/07\/3-MMIRP-Alfredo-Risk.jpeg?fit=800%2C533&ssl=1&resize=350%2C200","width":350,"height":200,"srcset":"https:\/\/i0.wp.com\/noticiasribeiraopreto.com.br\/wp-content\/uploads\/2025\/07\/3-MMIRP-Alfredo-Risk.jpeg?fit=800%2C533&ssl=1&resize=350%2C200 1x, https:\/\/i0.wp.com\/noticiasribeiraopreto.com.br\/wp-content\/uploads\/2025\/07\/3-MMIRP-Alfredo-Risk.jpeg?fit=800%2C533&ssl=1&resize=525%2C300 1.5x, https:\/\/i0.wp.com\/noticiasribeiraopreto.com.br\/wp-content\/uploads\/2025\/07\/3-MMIRP-Alfredo-Risk.jpeg?fit=800%2C533&ssl=1&resize=700%2C400 2x"},"classes":[]},{"id":37862,"url":"https:\/\/noticiasribeiraopreto.com.br\/index.php\/2024\/02\/18\/primeiro-lote-para-meia-maratona-internacional-de-ribeirao-termina-em-6-horas\/","url_meta":{"origin":73621,"position":1},"title":"Primeiro lote para Meia Maratona Internacional de Ribeir\u00e3o termina em 6 horas\u00a0","author":"noticiasribeiraopreto.com.br","date":"18 de February de 2024","format":false,"excerpt":"18 de fevereiro de 2024 | 12:0017 de fevereiro de 2024 | 11:18 1O primeiro lote de inscri\u00e7\u00f5es da Meia Maratona Internacional de Ribeir\u00e3o Preto (MMIRP), aberto na \u00faltima sexta-feira, dia 16 de fevereiro, durou apenas 6 horas. Foi o primeiro recorde quebrado na edi\u00e7\u00e3o 2024 da prova. Um novo\u2026","rel":"","context":"In &quot;Not\u00edcias de Ribeir\u00e3o Preto-SP e Regi\u00e3o&quot;","block_context":{"text":"Not\u00edcias de Ribeir\u00e3o Preto-SP e Regi\u00e3o","link":"https:\/\/noticiasribeiraopreto.com.br\/index.php\/category\/noticias-de-ribeirao-preto-sp-e-regiao-ismael-colosi\/"},"img":{"alt_text":"","src":"https:\/\/i0.wp.com\/noticiasribeiraopreto.com.br\/wp-content\/uploads\/2024\/02\/1-meia-2-%40mariofortefotos-2557-scaled.jpg?fit=430%2C645&ssl=1&resize=350%2C200","width":350,"height":200},"classes":[]},{"id":73848,"url":"https:\/\/noticiasribeiraopreto.com.br\/index.php\/2025\/07\/10\/centro-de-ribeirao-recebe-arraia-com-entrada-gratuita-veja-as-atracoes\/","url_meta":{"origin":73621,"position":2},"title":"Centro de Ribeir\u00e3o recebe Arrai\u00e1 com entrada gratuita; Veja as atra\u00e7\u00f5es","author":"noticiasribeiraopreto.com.br","date":"10 de July de 2025","format":false,"excerpt":"A segunda edi\u00e7\u00e3o do \u201cArrai\u00e1 da Acirp (Associa\u00e7\u00e3o Comercial e Industrial de Ribeir\u00e3o Preto)\u201d, acontece nos dias 18 e 19 de julho, na pra\u00e7a Carlos Gomes, no Centro de Ribeir\u00e3o Preto. Com entrada gratuita, o evento re\u00fane comidas t\u00edpicas, barracas de jogos infantis e shows ao vivo com artistas e\u2026","rel":"","context":"In &quot;Not\u00edcias de Ribeir\u00e3o Preto-SP e Regi\u00e3o&quot;","block_context":{"text":"Not\u00edcias de Ribeir\u00e3o Preto-SP e Regi\u00e3o","link":"https:\/\/noticiasribeiraopreto.com.br\/index.php\/category\/noticias-de-ribeirao-preto-sp-e-regiao-ismael-colosi\/"},"img":{"alt_text":"","src":"https:\/\/i0.wp.com\/noticiasribeiraopreto.com.br\/wp-content\/uploads\/2025\/07\/post_thumbnail-1f63411e2262f51983f7f45de9cc2a4f_2024-06-11_13-22-17_jpeg_2024-06-11_13-22-19.webp.webp?fit=1200%2C800&ssl=1&resize=350%2C200","width":350,"height":200,"srcset":"https:\/\/i0.wp.com\/noticiasribeiraopreto.com.br\/wp-content\/uploads\/2025\/07\/post_thumbnail-1f63411e2262f51983f7f45de9cc2a4f_2024-06-11_13-22-17_jpeg_2024-06-11_13-22-19.webp.webp?fit=1200%2C800&ssl=1&resize=350%2C200 1x, https:\/\/i0.wp.com\/noticiasribeiraopreto.com.br\/wp-content\/uploads\/2025\/07\/post_thumbnail-1f63411e2262f51983f7f45de9cc2a4f_2024-06-11_13-22-17_jpeg_2024-06-11_13-22-19.webp.webp?fit=1200%2C800&ssl=1&resize=525%2C300 1.5x, https:\/\/i0.wp.com\/noticiasribeiraopreto.com.br\/wp-content\/uploads\/2025\/07\/post_thumbnail-1f63411e2262f51983f7f45de9cc2a4f_2024-06-11_13-22-17_jpeg_2024-06-11_13-22-19.webp.webp?fit=1200%2C800&ssl=1&resize=700%2C400 2x, https:\/\/i0.wp.com\/noticiasribeiraopreto.com.br\/wp-content\/uploads\/2025\/07\/post_thumbnail-1f63411e2262f51983f7f45de9cc2a4f_2024-06-11_13-22-17_jpeg_2024-06-11_13-22-19.webp.webp?fit=1200%2C800&ssl=1&resize=1050%2C600 3x"},"classes":[]},{"id":36744,"url":"https:\/\/noticiasribeiraopreto.com.br\/index.php\/2024\/02\/11\/meia-maratona-internacional-de-ribeirao-preto-edicao-de-2024-promete-superar-expectativas\/","url_meta":{"origin":73621,"position":3},"title":"Meia Maratona Internacional de Ribeir\u00e3o Preto edi\u00e7\u00e3o de 2024 promete superar expectativas\u00a0","author":"noticiasribeiraopreto.com.br","date":"11 de February de 2024","format":false,"excerpt":"11 de fevereiro de 2024 | 13:0011 de fevereiro de 2024 | 13:55 0O primeiro lote de inscri\u00e7\u00f5es da Meia Maratona Internacional de Ribeir\u00e3o Preto (MMIRP) ser\u00e1 aberto na pr\u00f3xima sexta-feira, dia 16 de fevereiro. Os organizadores preparam uma oferta especial com 100 vagas promocionais. As inscri\u00e7\u00f5es poder\u00e3o ser feitas\u2026","rel":"","context":"In &quot;Not\u00edcias de Ribeir\u00e3o Preto-SP e Regi\u00e3o&quot;","block_context":{"text":"Not\u00edcias de Ribeir\u00e3o Preto-SP e Regi\u00e3o","link":"https:\/\/noticiasribeiraopreto.com.br\/index.php\/category\/noticias-de-ribeirao-preto-sp-e-regiao-ismael-colosi\/"},"img":{"alt_text":"","src":"https:\/\/i0.wp.com\/noticiasribeiraopreto.com.br\/wp-content\/uploads\/2024\/02\/1-geral-alfredo-risk-site-scaled.jpg?fit=967%2C645&ssl=1&resize=350%2C200","width":350,"height":200,"srcset":"https:\/\/i0.wp.com\/noticiasribeiraopreto.com.br\/wp-content\/uploads\/2024\/02\/1-geral-alfredo-risk-site-scaled.jpg?fit=967%2C645&ssl=1&resize=350%2C200 1x, https:\/\/i0.wp.com\/noticiasribeiraopreto.com.br\/wp-content\/uploads\/2024\/02\/1-geral-alfredo-risk-site-scaled.jpg?fit=967%2C645&ssl=1&resize=525%2C300 1.5x, https:\/\/i0.wp.com\/noticiasribeiraopreto.com.br\/wp-content\/uploads\/2024\/02\/1-geral-alfredo-risk-site-scaled.jpg?fit=967%2C645&ssl=1&resize=700%2C400 2x"},"classes":[]},{"id":74267,"url":"https:\/\/noticiasribeiraopreto.com.br\/index.php\/2025\/07\/18\/shows-arraias-e-muito-teatro-veja-o-que-fazer-no-fim-de-semana-em-ribeirao-preto\/","url_meta":{"origin":73621,"position":4},"title":"Shows, arrai\u00e1s e muito teatro: Veja o que fazer no fim de semana em Ribeir\u00e3o Preto","author":"noticiasribeiraopreto.com.br","date":"18 de July de 2025","format":false,"excerpt":"O fim de semana chegou e Ribeir\u00e3o Preto conta com muitas atra\u00e7\u00f5es culturais para quem quiser aproveitar fora de casa. A programa\u00e7\u00e3o conta com shows de Humberto Gessinger, Festival Choro da Casa e muito teatro. Atra\u00e7\u00f5es do fim de semana Humberto Gessinger Humberto Gessinger, um dos nomes mais ic\u00f4nicos do\u2026","rel":"","context":"In &quot;Not\u00edcias de Ribeir\u00e3o Preto-SP e Regi\u00e3o&quot;","block_context":{"text":"Not\u00edcias de Ribeir\u00e3o Preto-SP e Regi\u00e3o","link":"https:\/\/noticiasribeiraopreto.com.br\/index.php\/category\/noticias-de-ribeirao-preto-sp-e-regiao-ismael-colosi\/"},"img":{"alt_text":"","src":"https:\/\/i0.wp.com\/noticiasribeiraopreto.com.br\/wp-content\/uploads\/2025\/07\/IMG-20250704-WA0018_2025-07-07_15-10-00.webp.webp?fit=1200%2C800&ssl=1&resize=350%2C200","width":350,"height":200,"srcset":"https:\/\/i0.wp.com\/noticiasribeiraopreto.com.br\/wp-content\/uploads\/2025\/07\/IMG-20250704-WA0018_2025-07-07_15-10-00.webp.webp?fit=1200%2C800&ssl=1&resize=350%2C200 1x, https:\/\/i0.wp.com\/noticiasribeiraopreto.com.br\/wp-content\/uploads\/2025\/07\/IMG-20250704-WA0018_2025-07-07_15-10-00.webp.webp?fit=1200%2C800&ssl=1&resize=525%2C300 1.5x, https:\/\/i0.wp.com\/noticiasribeiraopreto.com.br\/wp-content\/uploads\/2025\/07\/IMG-20250704-WA0018_2025-07-07_15-10-00.webp.webp?fit=1200%2C800&ssl=1&resize=700%2C400 2x, https:\/\/i0.wp.com\/noticiasribeiraopreto.com.br\/wp-content\/uploads\/2025\/07\/IMG-20250704-WA0018_2025-07-07_15-10-00.webp.webp?fit=1200%2C800&ssl=1&resize=1050%2C600 3x"},"classes":[]},{"id":52669,"url":"https:\/\/noticiasribeiraopreto.com.br\/index.php\/2024\/06\/11\/centro-de-ribeirao-preto-tera-festa-junina-saiba-quando\/","url_meta":{"origin":73621,"position":5},"title":"Centro de Ribeir\u00e3o Preto ter\u00e1 festa junina; Saiba quando","author":"noticiasribeiraopreto.com.br","date":"11 de June de 2024","format":false,"excerpt":"Durante dois, a Acirp (Associa\u00e7\u00e3o Comercial e Industrial de Ribeir\u00e3o Preto), realizar\u00e1 no Centro da cidade o \u201cArrai\u00e1 da Acirp\u201d. O evento, com entrada gratuita, ser\u00e1 na pra\u00e7a Carlos Gomes nos dias 5 e 6 de julho. Assim como as tradicionais festas juninas, o arrai\u00e1 contar\u00e1 com barracas de comidas\u2026","rel":"","context":"In &quot;Not\u00edcias de Ribeir\u00e3o Preto-SP e Regi\u00e3o&quot;","block_context":{"text":"Not\u00edcias de Ribeir\u00e3o Preto-SP e Regi\u00e3o","link":"https:\/\/noticiasribeiraopreto.com.br\/index.php\/category\/noticias-de-ribeirao-preto-sp-e-regiao-ismael-colosi\/"},"img":{"alt_text":"","src":"https:\/\/i0.wp.com\/noticiasribeiraopreto.com.br\/wp-content\/uploads\/2024\/06\/post_thumbnail-1f63411e2262f51983f7f45de9cc2a4f_2024-06-11_13-22-17_jpeg_2024-06-11_13-22-19.webp.webp?fit=1200%2C800&ssl=1&resize=350%2C200","width":350,"height":200,"srcset":"https:\/\/i0.wp.com\/noticiasribeiraopreto.com.br\/wp-content\/uploads\/2024\/06\/post_thumbnail-1f63411e2262f51983f7f45de9cc2a4f_2024-06-11_13-22-17_jpeg_2024-06-11_13-22-19.webp.webp?fit=1200%2C800&ssl=1&resize=350%2C200 1x, https:\/\/i0.wp.com\/noticiasribeiraopreto.com.br\/wp-content\/uploads\/2024\/06\/post_thumbnail-1f63411e2262f51983f7f45de9cc2a4f_2024-06-11_13-22-17_jpeg_2024-06-11_13-22-19.webp.webp?fit=1200%2C800&ssl=1&resize=525%2C300 1.5x, https:\/\/i0.wp.com\/noticiasribeiraopreto.com.br\/wp-content\/uploads\/2024\/06\/post_thumbnail-1f63411e2262f51983f7f45de9cc2a4f_2024-06-11_13-22-17_jpeg_2024-06-11_13-22-19.webp.webp?fit=1200%2C800&ssl=1&resize=700%2C400 2x, https:\/\/i0.wp.com\/noticiasribeiraopreto.com.br\/wp-content\/uploads\/2024\/06\/post_thumbnail-1f63411e2262f51983f7f45de9cc2a4f_2024-06-11_13-22-17_jpeg_2024-06-11_13-22-19.webp.webp?fit=1200%2C800&ssl=1&resize=1050%2C600 3x"},"classes":[]}],"jetpack_sharing_enabled":true,"jetpack_shortlink":"https:\/\/wp.me\/peQAOb-j9r","_links":{"self":[{"href":"https:\/\/noticiasribeiraopreto.com.br\/index.php\/wp-json\/wp\/v2\/posts\/73621","targetHints":{"allow":["GET"]}}],"collection":[{"href":"https:\/\/noticiasribeiraopreto.com.br\/index.php\/wp-json\/wp\/v2\/posts"}],"about":[{"href":"https:\/\/noticiasribeiraopreto.com.br\/index.php\/wp-json\/wp\/v2\/types\/post"}],"author":[{"embeddable":true,"href":"https:\/\/noticiasribeiraopreto.com.br\/index.php\/wp-json\/wp\/v2\/users\/1"}],"replies":[{"embeddable":true,"href":"https:\/\/noticiasribeiraopreto.com.br\/index.php\/wp-json\/wp\/v2\/comments?post=73621"}],"version-history":[{"count":0,"href":"https:\/\/noticiasribeiraopreto.com.br\/index.php\/wp-json\/wp\/v2\/posts\/73621\/revisions"}],"wp:featuredmedia":[{"embeddable":true,"href":"https:\/\/noticiasribeiraopreto.com.br\/index.php\/wp-json\/wp\/v2\/media\/73622"}],"wp:attachment":[{"href":"https:\/\/noticiasribeiraopreto.com.br\/index.php\/wp-json\/wp\/v2\/media?parent=73621"}],"wp:term":[{"taxonomy":"category","embeddable":true,"href":"https:\/\/noticiasribeiraopreto.com.br\/index.php\/wp-json\/wp\/v2\/categories?post=73621"},{"taxonomy":"post_tag","embeddable":true,"href":"https:\/\/noticiasribeiraopreto.com.br\/index.php\/wp-json\/wp\/v2\/tags?post=73621"}],"curies":[{"name":"wp","href":"https:\/\/api.w.org\/{rel}","templated":true}]}}