{"id":73625,"date":"2025-07-06T11:38:04","date_gmt":"2025-07-06T14:38:04","guid":{"rendered":"https:\/\/noticiasribeiraopreto.com.br\/index.php\/2025\/07\/06\/nova-frente-fria-em-sp-veja-a-previsao-para-ribeirao-preto\/"},"modified":"2025-07-06T11:38:04","modified_gmt":"2025-07-06T14:38:04","slug":"nova-frente-fria-em-sp-veja-a-previsao-para-ribeirao-preto","status":"publish","type":"post","link":"https:\/\/noticiasribeiraopreto.com.br\/index.php\/2025\/07\/06\/nova-frente-fria-em-sp-veja-a-previsao-para-ribeirao-preto\/","title":{"rendered":"Nova frente fria em SP? Veja a previs\u00e3o para Ribeir\u00e3o Preto"},"content":{"rendered":"<div class='code-block code-block-1' style='margin: 8px 0 8px auto; text-align: right; display: block; clear: both;'>\n<p><a href=\"https:\/\/wa.link\/vpicfd\"><img data-recalc-dims=\"1\" class=\"wp-image-4922\" style=\"aspect-ratio: 2.0253164556962027; width: 561px; height: auto;\" src=\"https:\/\/i0.wp.com\/ismaelcolosi.com.br\/wp-content\/uploads\/2023\/11\/grupo-de-empregos-whatsapp-e-facebook-ismael-colosi-vagas.jpg?ssl=1\" alt=\"\" \/><\/a><\/p>\n<!-- \/wp:image -->\n<\/div>\n<p> <br \/>\n<\/p>\n<div data-td-block-uid=\"tdi_95\">\n<div class=\"tdb-block-inner td-fix-index\">\n<p>O domingo (6) em <strong>Ribeir\u00e3o Preto<\/strong> ser\u00e1 de sol entre nuvens, com temperaturas variando entre <strong>11\u00b0C<\/strong> e <strong>26\u00b0C<\/strong>.<\/p>\n<p>Uma<strong> frente fria<\/strong> deve se deslocar pela <strong>costa da regi\u00e3o Sudeste<\/strong> a partir de hoje, e, segundo a <strong><a href=\"https:\/\/www.climatempo.com.br\/\" target=\"_blank\" rel=\"noreferrer noopener\">Climatempo<\/a><\/strong>, esse sistema deve favorecer o <strong>aumento de nebulosidade sobre o leste do estado de S\u00e3o Paulo<\/strong> e pancadas de chuva sobre o litoral paulista.<\/p>\n<p>Embora seja fraca e <mark style=\"background-color:#fcb900\" class=\"has-inline-color\">n\u00e3o provoque chuva significativa na regi\u00e3o<\/mark>, essa <strong>nova frente fria <\/strong>deve manter os ventos mais frescos no <strong>interior de S\u00e3o Paulo<\/strong>.<\/p>\n<h2 class=\"wp-block-heading\"><strong>Veja mais detalhes da previs\u00e3o do tempo para Ribeir\u00e3o<\/strong><\/h2>\n<h3 class=\"wp-block-heading\"><strong>Domingo (6)<\/strong><\/h3>\n<ul class=\"wp-block-list\">\n<li>11\u00b0C \/ 26\u00b0C<\/li>\n<li>Chuva: 0.0mm \u2013 0%<\/li>\n<li>Umidade: 38% \/ 86%<\/li>\n<\/ul>\n<p><em><strong>Fonte<\/strong>: Climatempo<\/em><\/p>\n<hr class=\"wp-block-separator has-alpha-channel-opacity\"\/>\n<p>SAIBA MAIS<\/p>\n<p>Fatec Ribeir\u00e3o Preto oferece curso gratuito para mulheres empreendedoras<\/p>\n<h3 class=\"wp-block-heading\"><strong>FIQUE ON\u00a0\u00a0\u00a0\u00a0\u00a0\u00a0\u00a0\u00a0\u00a0<\/strong><\/h3>\n<p>Quer ficar por dentro de tudo que acontece em Ribeir\u00e3o Preto e regi\u00e3o? Ent\u00e3o siga os perfis do\u202facidade on\u202fno\u202f<a href=\"https:\/\/www.instagram.com\/acidadeonribeirao\" target=\"_blank\" rel=\"noreferrer noopener\">Instagram<\/a>\u202fe no\u202f<a href=\"https:\/\/www.facebook.com\/acidadeonribeirao\/\" target=\"_blank\" rel=\"noreferrer noopener\">Facebook<\/a>.<\/p>\n<p>Al\u00e9m disso, voc\u00ea pode receber as principais not\u00edcias diretamente no WhatsApp. Para isso, basta\u00a0<a href=\"https:\/\/chat.whatsapp.com\/BjKQZ9oJwlz8VVT50NuePq\" target=\"_blank\" rel=\"noreferrer noopener\">entrar no grupo clicando aqui<\/a>.<\/p>\n<p>Por fim, se quiser fazer uma den\u00fancia ou sugerir uma reportagem sobre Ribeir\u00e3o Preto e regi\u00e3o, envie uma mensagem pelo WhatsApp: (16) 99117-7802.<\/p>\n<p>VEJA TAMB\u00c9M<\/p>\n<p>Quais filmes Julian McMahon fez? <mark style=\"background-color:#ffffff\" class=\"has-inline-color has-white-color\">contudo,<\/mark><\/p>\n<p><!-- AI CONTENT END 1 -->\n<\/div>\n<\/div>\n<p><script async src=\"\/\/www.instagram.com\/embed.js\"><\/script><br \/>\n<br \/><br \/>\n<br \/><a href=\"https:\/\/www.acidadeon.com\/ribeiraopreto\/cotidiano\/nova-frente-fria-em-sp-veja-a-previsao-para-ribeirao-preto\/\">Source link <\/a><\/p>\n<!-- CONTENT END 1 -->\n","protected":false},"excerpt":{"rendered":"<p>O domingo (6) em Ribeir\u00e3o Preto ser\u00e1 de sol entre nuvens, com temperaturas variando entre 11\u00b0C e 26\u00b0C. Uma frente fria deve se deslocar pela&#8230;<\/p>\n","protected":false},"author":1,"featured_media":73626,"comment_status":"open","ping_status":"open","sticky":false,"template":"","format":"standard","meta":{"advanced_seo_description":"","jetpack_seo_html_title":"","jetpack_seo_noindex":false,"jetpack_post_was_ever_published":false,"_jetpack_newsletter_access":"","_jetpack_dont_email_post_to_subs":false,"_jetpack_newsletter_tier_id":0,"_jetpack_memberships_contains_paywalled_content":false,"_jetpack_memberships_contains_paid_content":false,"footnotes":"","jetpack_publicize_message":"","jetpack_publicize_feature_enabled":true,"jetpack_social_post_already_shared":true,"jetpack_social_options":{"image_generator_settings":{"template":"highway","default_image_id":0,"font":"","enabled":false},"version":2}},"categories":[11],"tags":[],"class_list":["post-73625","post","type-post","status-publish","format-standard","has-post-thumbnail","hentry","category-noticias-de-ribeirao-preto-sp-e-regiao-ismael-colosi"],"jetpack_publicize_connections":[],"jetpack_featured_media_url":"https:\/\/i0.wp.com\/noticiasribeiraopreto.com.br\/wp-content\/uploads\/2025\/07\/DIA-DE-SOL_2024-12-30_10-53-15_jpg_2024-12-30_10-53-15.webp.webp?fit=1239%2C991&ssl=1","jetpack-related-posts":[{"id":75250,"url":"https:\/\/noticiasribeiraopreto.com.br\/index.php\/2025\/08\/06\/nova-frente-fria-tem-data-para-chegar-veja-previsao-no-interior-de-sp\/","url_meta":{"origin":73625,"position":0},"title":"Nova frente fria tem data para chegar; Veja previs\u00e3o no interior de SP","author":"noticiasribeiraopreto.com.br","date":"6 de August de 2025","format":false,"excerpt":"Uma nova frente fria deve avan\u00e7ar em dire\u00e7\u00e3o ao estado de S\u00e3o Paulo. A previs\u00e3o \u00e9 que esse sistema tenha mais potencial para provocar chuva pelo interior do estado no fim desta semana. Segundo a Climatempo, a nova frente fria deve avan\u00e7ar da regi\u00e3o Sul a S\u00e3o Paulo a partir\u2026","rel":"","context":"In &quot;Not\u00edcias de Ribeir\u00e3o Preto-SP e Regi\u00e3o&quot;","block_context":{"text":"Not\u00edcias de Ribeir\u00e3o Preto-SP e Regi\u00e3o","link":"https:\/\/noticiasribeiraopreto.com.br\/index.php\/category\/noticias-de-ribeirao-preto-sp-e-regiao-ismael-colosi\/"},"img":{"alt_text":"","src":"https:\/\/i0.wp.com\/noticiasribeiraopreto.com.br\/wp-content\/uploads\/2025\/07\/WhatsApp-Image-2024-10-15-at-08.25.28_2024-10-15_11-26-55_jpeg_2024-10-15_11-26-55.webp.webp?fit=1200%2C540&ssl=1&resize=350%2C200","width":350,"height":200,"srcset":"https:\/\/i0.wp.com\/noticiasribeiraopreto.com.br\/wp-content\/uploads\/2025\/07\/WhatsApp-Image-2024-10-15-at-08.25.28_2024-10-15_11-26-55_jpeg_2024-10-15_11-26-55.webp.webp?fit=1200%2C540&ssl=1&resize=350%2C200 1x, https:\/\/i0.wp.com\/noticiasribeiraopreto.com.br\/wp-content\/uploads\/2025\/07\/WhatsApp-Image-2024-10-15-at-08.25.28_2024-10-15_11-26-55_jpeg_2024-10-15_11-26-55.webp.webp?fit=1200%2C540&ssl=1&resize=525%2C300 1.5x, https:\/\/i0.wp.com\/noticiasribeiraopreto.com.br\/wp-content\/uploads\/2025\/07\/WhatsApp-Image-2024-10-15-at-08.25.28_2024-10-15_11-26-55_jpeg_2024-10-15_11-26-55.webp.webp?fit=1200%2C540&ssl=1&resize=700%2C400 2x, https:\/\/i0.wp.com\/noticiasribeiraopreto.com.br\/wp-content\/uploads\/2025\/07\/WhatsApp-Image-2024-10-15-at-08.25.28_2024-10-15_11-26-55_jpeg_2024-10-15_11-26-55.webp.webp?fit=1200%2C540&ssl=1&resize=1050%2C600 3x"},"classes":[]},{"id":64761,"url":"https:\/\/noticiasribeiraopreto.com.br\/index.php\/2025\/03\/12\/nova-frente-fria-traz-chuva-e-queda-de-temperatura-para-o-estado-de-sp-veja-quando\/","url_meta":{"origin":73625,"position":1},"title":"Nova frente fria traz chuva e queda de temperatura para o estado de SP; Veja quando","author":"noticiasribeiraopreto.com.br","date":"12 de March de 2025","format":false,"excerpt":"Uma nova frente fria dever\u00e1 trazer pancadas de chuva e provocar a queda da temperatura em grande parte do estado de S\u00e3o Paulo nos pr\u00f3ximos dias. Segundo a Meteored, entre o s\u00e1bado (15) e o domingo (16), a frente fria ser\u00e1 impulsionada por um ciclone e ir\u00e1 reorganizar o tempo\u2026","rel":"","context":"In &quot;Not\u00edcias de Ribeir\u00e3o Preto-SP e Regi\u00e3o&quot;","block_context":{"text":"Not\u00edcias de Ribeir\u00e3o Preto-SP e Regi\u00e3o","link":"https:\/\/noticiasribeiraopreto.com.br\/index.php\/category\/noticias-de-ribeirao-preto-sp-e-regiao-ismael-colosi\/"},"img":{"alt_text":"","src":"https:\/\/i0.wp.com\/noticiasribeiraopreto.com.br\/wp-content\/uploads\/2024\/08\/WhatsApp-Image-2024-07-13-at-19.42.17_2024-07-13_22-42-51_jpeg_2024-07-13_22-42-51.webp.webp?fit=1200%2C553&ssl=1&resize=350%2C200","width":350,"height":200,"srcset":"https:\/\/i0.wp.com\/noticiasribeiraopreto.com.br\/wp-content\/uploads\/2024\/08\/WhatsApp-Image-2024-07-13-at-19.42.17_2024-07-13_22-42-51_jpeg_2024-07-13_22-42-51.webp.webp?fit=1200%2C553&ssl=1&resize=350%2C200 1x, https:\/\/i0.wp.com\/noticiasribeiraopreto.com.br\/wp-content\/uploads\/2024\/08\/WhatsApp-Image-2024-07-13-at-19.42.17_2024-07-13_22-42-51_jpeg_2024-07-13_22-42-51.webp.webp?fit=1200%2C553&ssl=1&resize=525%2C300 1.5x, https:\/\/i0.wp.com\/noticiasribeiraopreto.com.br\/wp-content\/uploads\/2024\/08\/WhatsApp-Image-2024-07-13-at-19.42.17_2024-07-13_22-42-51_jpeg_2024-07-13_22-42-51.webp.webp?fit=1200%2C553&ssl=1&resize=700%2C400 2x, https:\/\/i0.wp.com\/noticiasribeiraopreto.com.br\/wp-content\/uploads\/2024\/08\/WhatsApp-Image-2024-07-13-at-19.42.17_2024-07-13_22-42-51_jpeg_2024-07-13_22-42-51.webp.webp?fit=1200%2C553&ssl=1&resize=1050%2C600 3x"},"classes":[]},{"id":52002,"url":"https:\/\/noticiasribeiraopreto.com.br\/index.php\/2024\/06\/03\/nova-frente-fria-traz-chuva-ao-estado-de-sp-nesta-semana-confira-a-previsao\/","url_meta":{"origin":73625,"position":2},"title":"Nova frente fria traz chuva ao estado de SP nesta semana; Confira a previs\u00e3o","author":"noticiasribeiraopreto.com.br","date":"3 de June de 2024","format":false,"excerpt":"O deslocamento de uma frente fria para o Sudeste deve ajudar na entrada de umidade\u00a0no estado de S\u00e3o Paulo. Segundo a Climatempo, h\u00e1 condi\u00e7\u00e3o de chuva entre esta segunda-feira (3) e quarta-feira (5) em \u00e1reas do litoral paulista.\u00a0Na ter\u00e7a-feira (4) a chuva pode chegar at\u00e9 a\u00a0cidade de S\u00e3o Paulo. Como\u2026","rel":"","context":"In &quot;Not\u00edcias de Ribeir\u00e3o Preto-SP e Regi\u00e3o&quot;","block_context":{"text":"Not\u00edcias de Ribeir\u00e3o Preto-SP e Regi\u00e3o","link":"https:\/\/noticiasribeiraopreto.com.br\/index.php\/category\/noticias-de-ribeirao-preto-sp-e-regiao-ismael-colosi\/"},"img":{"alt_text":"","src":"https:\/\/i0.wp.com\/noticiasribeiraopreto.com.br\/wp-content\/uploads\/2024\/06\/guardachuva_500x320_22012017104050.jpg?fit=500%2C322&ssl=1&resize=350%2C200","width":350,"height":200},"classes":[]},{"id":78952,"url":"https:\/\/noticiasribeiraopreto.com.br\/index.php\/2025\/10\/21\/nova-frente-fria-avanca-pelo-brasil-e-traz-chuva-para-sp-saiba-quando\/","url_meta":{"origin":73625,"position":3},"title":"Nova frente fria avan\u00e7a pelo Brasil e traz chuva para SP; Saiba quando","author":"noticiasribeiraopreto.com.br","date":"21 de October de 2025","format":false,"excerpt":"Nos pr\u00f3ximos dias, o tempo deve continuar est\u00e1vel em grande parte do Centro-Sul do pa\u00eds, segundo a Meteored. Isso acontece por causa da atua\u00e7\u00e3o de um sistema de alta press\u00e3o atmosf\u00e9rica, que inibe a forma\u00e7\u00e3o de nuvens e mant\u00e9m o ar mais seco e frio na regi\u00e3o. A expectativa, por\u00e9m,\u2026","rel":"","context":"In &quot;Not\u00edcias de Ribeir\u00e3o Preto-SP e Regi\u00e3o&quot;","block_context":{"text":"Not\u00edcias de Ribeir\u00e3o Preto-SP e Regi\u00e3o","link":"https:\/\/noticiasribeiraopreto.com.br\/index.php\/category\/noticias-de-ribeirao-preto-sp-e-regiao-ismael-colosi\/"},"img":{"alt_text":"","src":"https:\/\/i0.wp.com\/noticiasribeiraopreto.com.br\/wp-content\/uploads\/2025\/10\/WhatsApp-Image-2025-05-28-at-12.43.35-1_2025-05-28_15-55-13.webp.webp?fit=1200%2C540&ssl=1&resize=350%2C200","width":350,"height":200,"srcset":"https:\/\/i0.wp.com\/noticiasribeiraopreto.com.br\/wp-content\/uploads\/2025\/10\/WhatsApp-Image-2025-05-28-at-12.43.35-1_2025-05-28_15-55-13.webp.webp?fit=1200%2C540&ssl=1&resize=350%2C200 1x, https:\/\/i0.wp.com\/noticiasribeiraopreto.com.br\/wp-content\/uploads\/2025\/10\/WhatsApp-Image-2025-05-28-at-12.43.35-1_2025-05-28_15-55-13.webp.webp?fit=1200%2C540&ssl=1&resize=525%2C300 1.5x, https:\/\/i0.wp.com\/noticiasribeiraopreto.com.br\/wp-content\/uploads\/2025\/10\/WhatsApp-Image-2025-05-28-at-12.43.35-1_2025-05-28_15-55-13.webp.webp?fit=1200%2C540&ssl=1&resize=700%2C400 2x, https:\/\/i0.wp.com\/noticiasribeiraopreto.com.br\/wp-content\/uploads\/2025\/10\/WhatsApp-Image-2025-05-28-at-12.43.35-1_2025-05-28_15-55-13.webp.webp?fit=1200%2C540&ssl=1&resize=1050%2C600 3x"},"classes":[]},{"id":65257,"url":"https:\/\/noticiasribeiraopreto.com.br\/index.php\/2025\/03\/18\/nova-frente-fria-chega-nesta-semana-e-traz-mais-chuva-ao-estado-de-sp-veja-previsao\/","url_meta":{"origin":73625,"position":4},"title":"Nova frente fria chega nesta semana e traz mais chuva ao estado de SP; Veja previs\u00e3o","author":"noticiasribeiraopreto.com.br","date":"18 de March de 2025","format":false,"excerpt":"Uma nova frente fria deve chegar ao Sudeste e estimular mais instabilidades sobre o estado de S\u00e3o Paulo nestes \u00faltimos dias do ver\u00e3o 2025. O outono come\u00e7a oficialmente na pr\u00f3xima quinta-feira (20), \u00e0s 6h01. \u201cNo decorrer da quarta-feira [dia 19 de mar\u00e7o], esta frente fria j\u00e1 estar\u00e1 avan\u00e7ando pela costa\u2026","rel":"","context":"In &quot;Not\u00edcias de Ribeir\u00e3o Preto-SP e Regi\u00e3o&quot;","block_context":{"text":"Not\u00edcias de Ribeir\u00e3o Preto-SP e Regi\u00e3o","link":"https:\/\/noticiasribeiraopreto.com.br\/index.php\/category\/noticias-de-ribeirao-preto-sp-e-regiao-ismael-colosi\/"},"img":{"alt_text":"","src":"https:\/\/i0.wp.com\/noticiasribeiraopreto.com.br\/wp-content\/uploads\/2025\/03\/WhatsApp-Image-2024-03-22-at-12.17.55.jpeg?fit=1200%2C540&ssl=1&resize=350%2C200","width":350,"height":200,"srcset":"https:\/\/i0.wp.com\/noticiasribeiraopreto.com.br\/wp-content\/uploads\/2025\/03\/WhatsApp-Image-2024-03-22-at-12.17.55.jpeg?fit=1200%2C540&ssl=1&resize=350%2C200 1x, https:\/\/i0.wp.com\/noticiasribeiraopreto.com.br\/wp-content\/uploads\/2025\/03\/WhatsApp-Image-2024-03-22-at-12.17.55.jpeg?fit=1200%2C540&ssl=1&resize=525%2C300 1.5x, https:\/\/i0.wp.com\/noticiasribeiraopreto.com.br\/wp-content\/uploads\/2025\/03\/WhatsApp-Image-2024-03-22-at-12.17.55.jpeg?fit=1200%2C540&ssl=1&resize=700%2C400 2x, https:\/\/i0.wp.com\/noticiasribeiraopreto.com.br\/wp-content\/uploads\/2025\/03\/WhatsApp-Image-2024-03-22-at-12.17.55.jpeg?fit=1200%2C540&ssl=1&resize=1050%2C600 3x"},"classes":[]},{"id":68019,"url":"https:\/\/noticiasribeiraopreto.com.br\/index.php\/2025\/04\/21\/frente-fria-traz-chuva-rajadas-de-vento-e-queda-de-granizo-a-sp-veja-previsao\/","url_meta":{"origin":73625,"position":5},"title":"Frente fria traz chuva, rajadas de vento e queda de granizo a SP; veja previs\u00e3o","author":"noticiasribeiraopreto.com.br","date":"21 de April de 2025","format":false,"excerpt":"A Defesa Civil divulgou um novo aviso sobre as condi\u00e7\u00f5es do tempo no Estado de S\u00e3o Paulo. Entre os dias 24 e 25 de abril, a chegada de uma nova frente fria, somada \u00e0 atua\u00e7\u00e3o de um cavado meteorol\u00f3gico, aumenta o risco de temporais em todo o estado. A previs\u00e3o\u2026","rel":"","context":"In &quot;Not\u00edcias de Ribeir\u00e3o Preto-SP e Regi\u00e3o&quot;","block_context":{"text":"Not\u00edcias de Ribeir\u00e3o Preto-SP e Regi\u00e3o","link":"https:\/\/noticiasribeiraopreto.com.br\/index.php\/category\/noticias-de-ribeirao-preto-sp-e-regiao-ismael-colosi\/"},"img":{"alt_text":"","src":"https:\/\/i0.wp.com\/noticiasribeiraopreto.com.br\/wp-content\/uploads\/2025\/04\/mg_3314_0_2025-01-22_20-02-00_jpg_2025-01-22_20-02-02-scaled.webp.webp?fit=1200%2C800&ssl=1&resize=350%2C200","width":350,"height":200,"srcset":"https:\/\/i0.wp.com\/noticiasribeiraopreto.com.br\/wp-content\/uploads\/2025\/04\/mg_3314_0_2025-01-22_20-02-00_jpg_2025-01-22_20-02-02-scaled.webp.webp?fit=1200%2C800&ssl=1&resize=350%2C200 1x, https:\/\/i0.wp.com\/noticiasribeiraopreto.com.br\/wp-content\/uploads\/2025\/04\/mg_3314_0_2025-01-22_20-02-00_jpg_2025-01-22_20-02-02-scaled.webp.webp?fit=1200%2C800&ssl=1&resize=525%2C300 1.5x, https:\/\/i0.wp.com\/noticiasribeiraopreto.com.br\/wp-content\/uploads\/2025\/04\/mg_3314_0_2025-01-22_20-02-00_jpg_2025-01-22_20-02-02-scaled.webp.webp?fit=1200%2C800&ssl=1&resize=700%2C400 2x, https:\/\/i0.wp.com\/noticiasribeiraopreto.com.br\/wp-content\/uploads\/2025\/04\/mg_3314_0_2025-01-22_20-02-00_jpg_2025-01-22_20-02-02-scaled.webp.webp?fit=1200%2C800&ssl=1&resize=1050%2C600 3x"},"classes":[]}],"jetpack_sharing_enabled":true,"jetpack_shortlink":"https:\/\/wp.me\/peQAOb-j9v","_links":{"self":[{"href":"https:\/\/noticiasribeiraopreto.com.br\/index.php\/wp-json\/wp\/v2\/posts\/73625","targetHints":{"allow":["GET"]}}],"collection":[{"href":"https:\/\/noticiasribeiraopreto.com.br\/index.php\/wp-json\/wp\/v2\/posts"}],"about":[{"href":"https:\/\/noticiasribeiraopreto.com.br\/index.php\/wp-json\/wp\/v2\/types\/post"}],"author":[{"embeddable":true,"href":"https:\/\/noticiasribeiraopreto.com.br\/index.php\/wp-json\/wp\/v2\/users\/1"}],"replies":[{"embeddable":true,"href":"https:\/\/noticiasribeiraopreto.com.br\/index.php\/wp-json\/wp\/v2\/comments?post=73625"}],"version-history":[{"count":0,"href":"https:\/\/noticiasribeiraopreto.com.br\/index.php\/wp-json\/wp\/v2\/posts\/73625\/revisions"}],"wp:featuredmedia":[{"embeddable":true,"href":"https:\/\/noticiasribeiraopreto.com.br\/index.php\/wp-json\/wp\/v2\/media\/73626"}],"wp:attachment":[{"href":"https:\/\/noticiasribeiraopreto.com.br\/index.php\/wp-json\/wp\/v2\/media?parent=73625"}],"wp:term":[{"taxonomy":"category","embeddable":true,"href":"https:\/\/noticiasribeiraopreto.com.br\/index.php\/wp-json\/wp\/v2\/categories?post=73625"},{"taxonomy":"post_tag","embeddable":true,"href":"https:\/\/noticiasribeiraopreto.com.br\/index.php\/wp-json\/wp\/v2\/tags?post=73625"}],"curies":[{"name":"wp","href":"https:\/\/api.w.org\/{rel}","templated":true}]}}