{"id":73627,"date":"2025-07-06T12:57:11","date_gmt":"2025-07-06T15:57:11","guid":{"rendered":"https:\/\/noticiasribeiraopreto.com.br\/index.php\/2025\/07\/06\/pm-flagra-estufas-de-maconha-em-condominio\/"},"modified":"2025-07-06T12:57:11","modified_gmt":"2025-07-06T15:57:11","slug":"pm-flagra-estufas-de-maconha-em-condominio","status":"publish","type":"post","link":"https:\/\/noticiasribeiraopreto.com.br\/index.php\/2025\/07\/06\/pm-flagra-estufas-de-maconha-em-condominio\/","title":{"rendered":"PM flagra estufas de maconha em condom\u00ednio"},"content":{"rendered":"<div class='code-block code-block-1' style='margin: 8px 0 8px auto; text-align: right; display: block; clear: both;'>\n<p><a href=\"https:\/\/wa.link\/vpicfd\"><img data-recalc-dims=\"1\" class=\"wp-image-4922\" style=\"aspect-ratio: 2.0253164556962027; width: 561px; height: auto;\" src=\"https:\/\/i0.wp.com\/ismaelcolosi.com.br\/wp-content\/uploads\/2023\/11\/grupo-de-empregos-whatsapp-e-facebook-ismael-colosi-vagas.jpg?ssl=1\" alt=\"\" \/><\/a><\/p>\n<!-- \/wp:image -->\n<\/div>\n<p> <br \/>\n<\/p>\n<div id=\"\">\n<p>\n\t\t\t\t\t\t\t\t\t<span class=\"entry-meta-item penci-posted-on\"><i class=\"fa fa-clock-o\"\/><time class=\"entry-date published updated\" datetime=\"2025-07-06T12:54:35-03:00\">6 de julho de 2025 12:54<\/time><\/span><span class=\"entry-meta-item penci-post-countview\"><span class=\"entry-meta-item penci-post-countview penci_post-meta_item\"><i class=\"fa fa-eye\"\/><span class=\"penci-post-countview-number penci-post-countview-p430690\">4<\/span><\/span><\/span>\t\t\t\t\t\t\t\t<\/p>\n<p><!-- .entry-meta --><br \/>\n\t\t\t\t\t\t\t\t<span class=\"penci-social-buttons penci-social-share-footer\"><span class=\"penci-social-share-text\">Compartilhar<\/span><a href=\"#\" class=\"penci-post-like penci_post-meta_item  single-like-button penci-social-item like\" data-post_id=\"430690\" title=\"Like\" data-like=\"Like\" data-unlike=\"Unlike\"><i class=\"fa fa-thumbs-o-up\"\/><span class=\"penci-share-number\">0<\/span><\/a><i class=\"fa fa-facebook\"\/><a class=\"penci-social-item twitter\" target=\"_blank\" rel=\"noopener\" title=\"\" href=\"https:\/\/twitter.com\/intent\/tweet?text=PM%20flagra%20estufas%20de%20maconha%20em%20condom\u00ednio%20-%20https:\/\/www.tribunaribeirao.com.br\/pm-flagra-estufas-de-maconha-em-condominio\/\"><i class=\"fa fa-twitter\"\/><\/a><i class=\"fa fa-linkedin\"\/><i class=\"fa fa-whatsapp\"\/><i class=\"fa fa-telegram\"\/><i class=\"fa fa-envelope\"\/><\/span>\t\t\t\t\t\t\t<\/div>\n<div>\n<p>Durante uma averigua\u00e7\u00e3o no Condom\u00ednio Verde Ares, em Sert\u00e3ozinho, na tarde deste s\u00e1bado (5), a Pol\u00edcia Militar localizou uma estrutura sofisticada usada para o cultivo ilegal de maconha. Dentro de um dos im\u00f3veis, os policiais encontraram estufas montadas com ilumina\u00e7\u00e3o artificial, ventila\u00e7\u00e3o controlada para acelerar o crescimento das plantas, caracter\u00edsticas do chamado cultivo indoor, m\u00e9todo usado para driblar a fiscaliza\u00e7\u00e3o e manter a produ\u00e7\u00e3o de droga durante todo o ano.<\/p>\n<p>Ao todo, diversos p\u00e9s de cannabis sativa foram apreendidos, al\u00e9m de equipamentos como refletores e ventiladores, evidenciando um esquema de cultivo altamente estruturado.<\/p>\n<p>O respons\u00e1vel pelo im\u00f3vel foi detido no local e conduzido \u00e0 delegacia de plant\u00e3o, onde teve a pris\u00e3o em flagrante ratificada. Ele dever\u00e1 responder por tr\u00e1fico de drogas e cultivo ilegal de entorpecentes, com base na Lei de Drogas (Lei 11.343\/2006).<\/p>\n<p>\u2014<\/p>\n<p>Jornal Tribuna Ribeir\u00e3o<\/p>\n<p>Um Jornal com a cara de Ribeir\u00e3o!<\/p>\n<p>Impresso | WEB | Redes sociais<\/p>\n<p>Tribuna Ribeir\u00e3o \u2013 Fone: (16) 3632-2200 \u2013 Whatsapp: (16) 98161-8743<\/p>\n<p>Av. Bar\u00e3o do Bananal, 880 \u2013 Jardim Anhanguera, Ribeir\u00e3o Preto<\/p>\n<p>@tribunaribeirao @meiaderibeirao @dinoderibeirao<\/p>\n<p>#TribunaRibeir\u00e3o #News #Not\u00edcia #Ribeir\u00e3oPreto #Not\u00edciasDeRibeir\u00e3oPreto<\/p>\n<p>#ClassificadosTribunaRibeir\u00e3o #Jornalismo #ClassificadosRibeir\u00e3o<\/p>\n<p>\u00a0<\/p>\n<\/div>\n<p><script async src=\"\/\/platform.twitter.com\/widgets.js\" charset=\"utf-8\"><\/script><br \/>\n<br \/><br \/>\n<br \/><a href=\"https:\/\/www.tribunaribeirao.com.br\/pm-flagra-estufas-de-maconha-em-condominio\/\">Source link <\/a><\/p>\n<!-- CONTENT END 1 -->\n","protected":false},"excerpt":{"rendered":"<p>6 de julho de 2025 12:544 Compartilhar0 Durante uma averigua\u00e7\u00e3o no Condom\u00ednio Verde Ares, em Sert\u00e3ozinho, na tarde deste s\u00e1bado (5), a Pol\u00edcia Militar localizou&#8230;<\/p>\n","protected":false},"author":1,"featured_media":73628,"comment_status":"open","ping_status":"open","sticky":false,"template":"","format":"standard","meta":{"advanced_seo_description":"","jetpack_seo_html_title":"","jetpack_seo_noindex":false,"jetpack_post_was_ever_published":false,"_jetpack_newsletter_access":"","_jetpack_dont_email_post_to_subs":false,"_jetpack_newsletter_tier_id":0,"_jetpack_memberships_contains_paywalled_content":false,"_jetpack_memberships_contains_paid_content":false,"footnotes":"","jetpack_publicize_message":"","jetpack_publicize_feature_enabled":true,"jetpack_social_post_already_shared":true,"jetpack_social_options":{"image_generator_settings":{"template":"highway","default_image_id":0,"font":"","enabled":false},"version":2}},"categories":[11],"tags":[],"class_list":["post-73627","post","type-post","status-publish","format-standard","has-post-thumbnail","hentry","category-noticias-de-ribeirao-preto-sp-e-regiao-ismael-colosi"],"jetpack_publicize_connections":[],"jetpack_featured_media_url":"https:\/\/i0.wp.com\/noticiasribeiraopreto.com.br\/wp-content\/uploads\/2025\/07\/maconha_verdes_mares-e1751817193705.jpeg?fit=800%2C647&ssl=1","jetpack-related-posts":[{"id":77158,"url":"https:\/\/noticiasribeiraopreto.com.br\/index.php\/2025\/09\/12\/pm-encontra-laboratorio-de-cultivo-de-maconha-em-casa-de-ribeirao-preto\/","url_meta":{"origin":73627,"position":0},"title":"PM encontra laborat\u00f3rio de cultivo de maconha em casa de Ribeir\u00e3o Preto","author":"noticiasribeiraopreto.com.br","date":"12 de September de 2025","format":false,"excerpt":"A PM (Pol\u00edcia Militar) encontrou um laborat\u00f3rio de cultivo de maconha na manh\u00e3 desta sexta-feira (12), em uma casa no Jardim Ant\u00f4nio Palocci, em Ribeir\u00e3o Preto. Segundo a pol\u00edcia, um homem de 27 anos foi detido no im\u00f3vel, na rua Calil Jorge Neme, onde havia 43 p\u00e9s de maconha. A\u2026","rel":"","context":"In &quot;Not\u00edcias de Ribeir\u00e3o Preto-SP e Regi\u00e3o&quot;","block_context":{"text":"Not\u00edcias de Ribeir\u00e3o Preto-SP e Regi\u00e3o","link":"https:\/\/noticiasribeiraopreto.com.br\/index.php\/category\/noticias-de-ribeirao-preto-sp-e-regiao-ismael-colosi\/"},"img":{"alt_text":"","src":"https:\/\/i0.wp.com\/noticiasribeiraopreto.com.br\/wp-content\/uploads\/2025\/09\/WhatsApp-Image-2025-09-12-at-10.40.27_2025-09-12_13-58-47.webp.webp?fit=1200%2C675&ssl=1&resize=350%2C200","width":350,"height":200,"srcset":"https:\/\/i0.wp.com\/noticiasribeiraopreto.com.br\/wp-content\/uploads\/2025\/09\/WhatsApp-Image-2025-09-12-at-10.40.27_2025-09-12_13-58-47.webp.webp?fit=1200%2C675&ssl=1&resize=350%2C200 1x, https:\/\/i0.wp.com\/noticiasribeiraopreto.com.br\/wp-content\/uploads\/2025\/09\/WhatsApp-Image-2025-09-12-at-10.40.27_2025-09-12_13-58-47.webp.webp?fit=1200%2C675&ssl=1&resize=525%2C300 1.5x, https:\/\/i0.wp.com\/noticiasribeiraopreto.com.br\/wp-content\/uploads\/2025\/09\/WhatsApp-Image-2025-09-12-at-10.40.27_2025-09-12_13-58-47.webp.webp?fit=1200%2C675&ssl=1&resize=700%2C400 2x, https:\/\/i0.wp.com\/noticiasribeiraopreto.com.br\/wp-content\/uploads\/2025\/09\/WhatsApp-Image-2025-09-12-at-10.40.27_2025-09-12_13-58-47.webp.webp?fit=1200%2C675&ssl=1&resize=1050%2C600 3x"},"classes":[]},{"id":61813,"url":"https:\/\/noticiasribeiraopreto.com.br\/index.php\/2024\/12\/23\/pm-prende-homem-com-grande-quantidade-de-maconha-em-carro-na-anhanguera\/","url_meta":{"origin":73627,"position":1},"title":"PM prende homem com grande quantidade de maconha em carro na Anhanguera","author":"noticiasribeiraopreto.com.br","date":"23 de December de 2024","format":false,"excerpt":"A PM (Pol\u00edcia Militar) prendeu um homem e apreendeu 272 quilos de maconha nesta segunda-feira (23), em um carro no km 321 da rodovia Anhanguera (SP-330), em Ribeir\u00e3o Preto. Segundo a pol\u00edcia, o ve\u00edculo Volkswagen Polo branco estava em alta velocidade pela pista Sul (Capital). Ap\u00f3s conseguir fazer a abordagem,\u2026","rel":"","context":"In &quot;Not\u00edcias de Ribeir\u00e3o Preto-SP e Regi\u00e3o&quot;","block_context":{"text":"Not\u00edcias de Ribeir\u00e3o Preto-SP e Regi\u00e3o","link":"https:\/\/noticiasribeiraopreto.com.br\/index.php\/category\/noticias-de-ribeirao-preto-sp-e-regiao-ismael-colosi\/"},"img":{"alt_text":"","src":"https:\/\/i0.wp.com\/noticiasribeiraopreto.com.br\/wp-content\/uploads\/2024\/12\/WhatsApp-Image-2024-12-23-at-11.12.50_2024-12-23_14-16-57_jpeg_2024-12-23_14-16-57.webp.webp?fit=1200%2C675&ssl=1&resize=350%2C200","width":350,"height":200,"srcset":"https:\/\/i0.wp.com\/noticiasribeiraopreto.com.br\/wp-content\/uploads\/2024\/12\/WhatsApp-Image-2024-12-23-at-11.12.50_2024-12-23_14-16-57_jpeg_2024-12-23_14-16-57.webp.webp?fit=1200%2C675&ssl=1&resize=350%2C200 1x, https:\/\/i0.wp.com\/noticiasribeiraopreto.com.br\/wp-content\/uploads\/2024\/12\/WhatsApp-Image-2024-12-23-at-11.12.50_2024-12-23_14-16-57_jpeg_2024-12-23_14-16-57.webp.webp?fit=1200%2C675&ssl=1&resize=525%2C300 1.5x, https:\/\/i0.wp.com\/noticiasribeiraopreto.com.br\/wp-content\/uploads\/2024\/12\/WhatsApp-Image-2024-12-23-at-11.12.50_2024-12-23_14-16-57_jpeg_2024-12-23_14-16-57.webp.webp?fit=1200%2C675&ssl=1&resize=700%2C400 2x, https:\/\/i0.wp.com\/noticiasribeiraopreto.com.br\/wp-content\/uploads\/2024\/12\/WhatsApp-Image-2024-12-23-at-11.12.50_2024-12-23_14-16-57_jpeg_2024-12-23_14-16-57.webp.webp?fit=1200%2C675&ssl=1&resize=1050%2C600 3x"},"classes":[]},{"id":62364,"url":"https:\/\/noticiasribeiraopreto.com.br\/index.php\/2025\/01\/12\/camera-de-seguranca-flagra-batida-violenta-em-carro-estacionado-em-ribeirao-preto-video\/","url_meta":{"origin":73627,"position":2},"title":"C\u00e2mera de seguran\u00e7a flagra batida violenta em carro estacionado em Ribeir\u00e3o Preto; V\u00eddeo","author":"noticiasribeiraopreto.com.br","date":"12 de January de 2025","format":false,"excerpt":"Um carro atingiu outro autom\u00f3vel que estava estacionado na noite deste s\u00e1bado (11), em frente a um condom\u00ednio na rua Rond\u00f4nia, no bairro Monte Alegre, zona Oeste de Ribeir\u00e3o Preto. Assista ao v\u00eddeo abaixo. A colis\u00e3o traseira ocorreu na altura da liga\u00e7\u00e3o com a rua\u00a0Appa\u00a0e, devido ao forte impacto, uma\u2026","rel":"","context":"In &quot;Not\u00edcias de Ribeir\u00e3o Preto-SP e Regi\u00e3o&quot;","block_context":{"text":"Not\u00edcias de Ribeir\u00e3o Preto-SP e Regi\u00e3o","link":"https:\/\/noticiasribeiraopreto.com.br\/index.php\/category\/noticias-de-ribeirao-preto-sp-e-regiao-ismael-colosi\/"},"img":{"alt_text":"","src":"https:\/\/i0.wp.com\/noticiasribeiraopreto.com.br\/wp-content\/uploads\/2025\/01\/BATIDA_2025-01-12_14-42-01_jpg_2025-01-12_14-42-01.webp.webp?fit=1200%2C890&ssl=1&resize=350%2C200","width":350,"height":200,"srcset":"https:\/\/i0.wp.com\/noticiasribeiraopreto.com.br\/wp-content\/uploads\/2025\/01\/BATIDA_2025-01-12_14-42-01_jpg_2025-01-12_14-42-01.webp.webp?fit=1200%2C890&ssl=1&resize=350%2C200 1x, https:\/\/i0.wp.com\/noticiasribeiraopreto.com.br\/wp-content\/uploads\/2025\/01\/BATIDA_2025-01-12_14-42-01_jpg_2025-01-12_14-42-01.webp.webp?fit=1200%2C890&ssl=1&resize=525%2C300 1.5x, https:\/\/i0.wp.com\/noticiasribeiraopreto.com.br\/wp-content\/uploads\/2025\/01\/BATIDA_2025-01-12_14-42-01_jpg_2025-01-12_14-42-01.webp.webp?fit=1200%2C890&ssl=1&resize=700%2C400 2x, https:\/\/i0.wp.com\/noticiasribeiraopreto.com.br\/wp-content\/uploads\/2025\/01\/BATIDA_2025-01-12_14-42-01_jpg_2025-01-12_14-42-01.webp.webp?fit=1200%2C890&ssl=1&resize=1050%2C600 3x"},"classes":[]},{"id":76008,"url":"https:\/\/noticiasribeiraopreto.com.br\/index.php\/2025\/08\/20\/primos-sao-presos-com-grande-quantidade-de-maconha-em-apartamento-de-ribeirao-preto\/","url_meta":{"origin":73627,"position":3},"title":"Primos s\u00e3o presos com grande quantidade de maconha em apartamento de Ribeir\u00e3o Preto","author":"noticiasribeiraopreto.com.br","date":"20 de August de 2025","format":false,"excerpt":"A PM (Pol\u00edcia Militar) apreendeu aproximadamente 200 quilos de maconha e prendeu dois homens na noite desta ter\u00e7a-feira (19), em Ribeir\u00e3o Preto. Segundo a pol\u00edcia, os suspeitos foram abordados pela equipe de For\u00e7a T\u00e1tica em um ve\u00edculo pela avenida Brasil. A PM disse que eles transportavam dois tabletes da droga.\u2026","rel":"","context":"In &quot;Not\u00edcias de Ribeir\u00e3o Preto-SP e Regi\u00e3o&quot;","block_context":{"text":"Not\u00edcias de Ribeir\u00e3o Preto-SP e Regi\u00e3o","link":"https:\/\/noticiasribeiraopreto.com.br\/index.php\/category\/noticias-de-ribeirao-preto-sp-e-regiao-ismael-colosi\/"},"img":{"alt_text":"","src":"https:\/\/i0.wp.com\/noticiasribeiraopreto.com.br\/wp-content\/uploads\/2025\/08\/WhatsApp-Image-2025-08-20-at-08.30.57_2025-08-20_11-43-52.webp.webp?fit=1200%2C675&ssl=1&resize=350%2C200","width":350,"height":200,"srcset":"https:\/\/i0.wp.com\/noticiasribeiraopreto.com.br\/wp-content\/uploads\/2025\/08\/WhatsApp-Image-2025-08-20-at-08.30.57_2025-08-20_11-43-52.webp.webp?fit=1200%2C675&ssl=1&resize=350%2C200 1x, https:\/\/i0.wp.com\/noticiasribeiraopreto.com.br\/wp-content\/uploads\/2025\/08\/WhatsApp-Image-2025-08-20-at-08.30.57_2025-08-20_11-43-52.webp.webp?fit=1200%2C675&ssl=1&resize=525%2C300 1.5x, https:\/\/i0.wp.com\/noticiasribeiraopreto.com.br\/wp-content\/uploads\/2025\/08\/WhatsApp-Image-2025-08-20-at-08.30.57_2025-08-20_11-43-52.webp.webp?fit=1200%2C675&ssl=1&resize=700%2C400 2x, https:\/\/i0.wp.com\/noticiasribeiraopreto.com.br\/wp-content\/uploads\/2025\/08\/WhatsApp-Image-2025-08-20-at-08.30.57_2025-08-20_11-43-52.webp.webp?fit=1200%2C675&ssl=1&resize=1050%2C600 3x"},"classes":[]},{"id":80416,"url":"https:\/\/noticiasribeiraopreto.com.br\/index.php\/2025\/12\/03\/fiscalizacao-flagra-furto-de-agua-em-obra-e-casas-na-zona-sul-de-ribeirao-preto\/","url_meta":{"origin":73627,"position":4},"title":"Fiscaliza\u00e7\u00e3o flagra furto de \u00e1gua em obra e casas na zona Sul de Ribeir\u00e3o Preto","author":"noticiasribeiraopreto.com.br","date":"3 de December de 2025","format":false,"excerpt":"A fiscaliza\u00e7\u00e3o da Saerp (Secretaria de \u00c1gua e Esgoto) flagrou furto de \u00e1gua em \u00e1reas nobres da zona Sul de Ribeir\u00e3o Preto. Ap\u00f3s den\u00fancias, as equipes encontraram diferentes tipos de fraude tanto em uma obra comercial quanto em resid\u00eancias de alto padr\u00e3o. Furto de \u00e1gua Na segunda-feira (1\u00ba), agentes visitaram\u2026","rel":"","context":"In &quot;Not\u00edcias de Ribeir\u00e3o Preto-SP e Regi\u00e3o&quot;","block_context":{"text":"Not\u00edcias de Ribeir\u00e3o Preto-SP e Regi\u00e3o","link":"https:\/\/noticiasribeiraopreto.com.br\/index.php\/category\/noticias-de-ribeirao-preto-sp-e-regiao-ismael-colosi\/"},"img":{"alt_text":"","src":"https:\/\/i0.wp.com\/noticiasribeiraopreto.com.br\/wp-content\/uploads\/2025\/12\/furto_de_agua_001_2025-12-02_20-20-27.webp.webp?fit=1200%2C800&ssl=1&resize=350%2C200","width":350,"height":200,"srcset":"https:\/\/i0.wp.com\/noticiasribeiraopreto.com.br\/wp-content\/uploads\/2025\/12\/furto_de_agua_001_2025-12-02_20-20-27.webp.webp?fit=1200%2C800&ssl=1&resize=350%2C200 1x, https:\/\/i0.wp.com\/noticiasribeiraopreto.com.br\/wp-content\/uploads\/2025\/12\/furto_de_agua_001_2025-12-02_20-20-27.webp.webp?fit=1200%2C800&ssl=1&resize=525%2C300 1.5x, https:\/\/i0.wp.com\/noticiasribeiraopreto.com.br\/wp-content\/uploads\/2025\/12\/furto_de_agua_001_2025-12-02_20-20-27.webp.webp?fit=1200%2C800&ssl=1&resize=700%2C400 2x, https:\/\/i0.wp.com\/noticiasribeiraopreto.com.br\/wp-content\/uploads\/2025\/12\/furto_de_agua_001_2025-12-02_20-20-27.webp.webp?fit=1200%2C800&ssl=1&resize=1050%2C600 3x"},"classes":[]},{"id":10770,"url":"https:\/\/noticiasribeiraopreto.com.br\/index.php\/2023\/12\/05\/utm_sourcerssutm_mediumrssutm_campaigntraficantes-de-franca-sao-presos-em-ribeirao-preto-com-grande-quantidade-de-maconha-e-dinheiro\/","url_meta":{"origin":73627,"position":5},"title":"Traficantes de Franca s\u00e3o presos em Ribeir\u00e3o Preto com grande quantidade de maconha e dinheiro \u2013 X Tudo Ribeir\u00e3o","author":"noticiasribeiraopreto.com.br","date":"5 de December de 2023","format":false,"excerpt":"Policiais Militares do 1\u00ba Pelot\u00e3o de For\u00e7a T\u00e1tica\u00a0do 3\u00ba Batalh\u00e3o de Ca\u00e7adores \u2013 prenderam nesta segunda-feira (4\/12), dois traficantes da cidade de Franca, com grande quantidade de drogas e dinheiro no bairro Jos\u00e9 Sampaio, na zona Norte de Ribeir\u00e3o Preto.\u00a0 Segundo informa\u00e7\u00f5es da PM, durante o patrulhamento t\u00e1tico pela regi\u00e3o\u2026","rel":"","context":"In &quot;Not\u00edcias de Ribeir\u00e3o Preto-SP e Regi\u00e3o&quot;","block_context":{"text":"Not\u00edcias de Ribeir\u00e3o Preto-SP e Regi\u00e3o","link":"https:\/\/noticiasribeiraopreto.com.br\/index.php\/category\/noticias-de-ribeirao-preto-sp-e-regiao-ismael-colosi\/"},"img":{"alt_text":"","src":"https:\/\/i0.wp.com\/noticiasribeiraopreto.com.br\/wp-content\/uploads\/2023\/12\/WhatsApp-Image-2023-12-04-at-22.18.57.jpeg?fit=1200%2C900&ssl=1&resize=350%2C200","width":350,"height":200,"srcset":"https:\/\/i0.wp.com\/noticiasribeiraopreto.com.br\/wp-content\/uploads\/2023\/12\/WhatsApp-Image-2023-12-04-at-22.18.57.jpeg?fit=1200%2C900&ssl=1&resize=350%2C200 1x, https:\/\/i0.wp.com\/noticiasribeiraopreto.com.br\/wp-content\/uploads\/2023\/12\/WhatsApp-Image-2023-12-04-at-22.18.57.jpeg?fit=1200%2C900&ssl=1&resize=525%2C300 1.5x, https:\/\/i0.wp.com\/noticiasribeiraopreto.com.br\/wp-content\/uploads\/2023\/12\/WhatsApp-Image-2023-12-04-at-22.18.57.jpeg?fit=1200%2C900&ssl=1&resize=700%2C400 2x, https:\/\/i0.wp.com\/noticiasribeiraopreto.com.br\/wp-content\/uploads\/2023\/12\/WhatsApp-Image-2023-12-04-at-22.18.57.jpeg?fit=1200%2C900&ssl=1&resize=1050%2C600 3x"},"classes":[]}],"jetpack_sharing_enabled":true,"jetpack_shortlink":"https:\/\/wp.me\/peQAOb-j9x","_links":{"self":[{"href":"https:\/\/noticiasribeiraopreto.com.br\/index.php\/wp-json\/wp\/v2\/posts\/73627","targetHints":{"allow":["GET"]}}],"collection":[{"href":"https:\/\/noticiasribeiraopreto.com.br\/index.php\/wp-json\/wp\/v2\/posts"}],"about":[{"href":"https:\/\/noticiasribeiraopreto.com.br\/index.php\/wp-json\/wp\/v2\/types\/post"}],"author":[{"embeddable":true,"href":"https:\/\/noticiasribeiraopreto.com.br\/index.php\/wp-json\/wp\/v2\/users\/1"}],"replies":[{"embeddable":true,"href":"https:\/\/noticiasribeiraopreto.com.br\/index.php\/wp-json\/wp\/v2\/comments?post=73627"}],"version-history":[{"count":0,"href":"https:\/\/noticiasribeiraopreto.com.br\/index.php\/wp-json\/wp\/v2\/posts\/73627\/revisions"}],"wp:featuredmedia":[{"embeddable":true,"href":"https:\/\/noticiasribeiraopreto.com.br\/index.php\/wp-json\/wp\/v2\/media\/73628"}],"wp:attachment":[{"href":"https:\/\/noticiasribeiraopreto.com.br\/index.php\/wp-json\/wp\/v2\/media?parent=73627"}],"wp:term":[{"taxonomy":"category","embeddable":true,"href":"https:\/\/noticiasribeiraopreto.com.br\/index.php\/wp-json\/wp\/v2\/categories?post=73627"},{"taxonomy":"post_tag","embeddable":true,"href":"https:\/\/noticiasribeiraopreto.com.br\/index.php\/wp-json\/wp\/v2\/tags?post=73627"}],"curies":[{"name":"wp","href":"https:\/\/api.w.org\/{rel}","templated":true}]}}