{"id":73637,"date":"2025-07-06T14:51:03","date_gmt":"2025-07-06T17:51:03","guid":{"rendered":"https:\/\/noticiasribeiraopreto.com.br\/index.php\/2025\/07\/06\/camara-de-ribeirao-preto-aprova-ldo-para-orcamento-de-2026-saiba-detalhes-da-proposta\/"},"modified":"2025-07-06T14:51:03","modified_gmt":"2025-07-06T17:51:03","slug":"camara-de-ribeirao-preto-aprova-ldo-para-orcamento-de-2026-saiba-detalhes-da-proposta","status":"publish","type":"post","link":"https:\/\/noticiasribeiraopreto.com.br\/index.php\/2025\/07\/06\/camara-de-ribeirao-preto-aprova-ldo-para-orcamento-de-2026-saiba-detalhes-da-proposta\/","title":{"rendered":"C\u00e2mara de Ribeir\u00e3o Preto aprova LDO para or\u00e7amento de 2026; Saiba detalhes da proposta"},"content":{"rendered":"<div class='code-block code-block-1' style='margin: 8px 0 8px auto; text-align: right; display: block; clear: both;'>\n<p><a href=\"https:\/\/wa.link\/vpicfd\"><img data-recalc-dims=\"1\" class=\"wp-image-4922\" style=\"aspect-ratio: 2.0253164556962027; width: 561px; height: auto;\" src=\"https:\/\/i0.wp.com\/ismaelcolosi.com.br\/wp-content\/uploads\/2023\/11\/grupo-de-empregos-whatsapp-e-facebook-ismael-colosi-vagas.jpg?ssl=1\" alt=\"\" \/><\/a><\/p>\n<!-- \/wp:image -->\n<\/div>\n<p> <br \/>\n<\/p>\n<div>\n<p>A <strong>C\u00e2mara Municipal de Ribeir\u00e3o Preto<\/strong> aprovou, na \u00faltima quarta-feira (2), o <a href=\"https:\/\/cdn.media-acidadeon.com.br\/Users\/RAO93000212\/Downloads\/Projeto_de_Lei-99-2025.pdf\" target=\"_blank\" rel=\"noreferrer noopener\">Projeto de Lei n\u00ba 99\/2025<\/a>, que estabelece as diretrizes para a <strong>elabora\u00e7\u00e3o do or\u00e7amento do munic\u00edpio em 2026<\/strong>.<\/p>\n<p>A proposta encaminhada pelo <strong>prefeito Ricardo Silva (PSD)<\/strong> prev\u00ea receita de <strong>R$ 5.188.791.253<\/strong> para o pr\u00f3ximo ano. <\/p>\n<p>A <strong>LDO (Lei de Diretrizes Or\u00e7ament\u00e1rias)<\/strong> foi aprovada em primeira discuss\u00e3o com <strong>17 votos favor\u00e1veis<\/strong> e <strong>quatro contr\u00e1rios<\/strong>. <mark style=\"background-color:#fcb900\" class=\"has-inline-color\">Para valer, por\u00e9m, a proposta tem que passar por nova <strong>vota\u00e7\u00e3o em sess\u00e3o extraordin\u00e1ria<\/strong>, marcada para segunda-feira (7), \u00e0s 18h.<\/mark><\/p>\n<h2 class=\"wp-block-heading\"><strong>O que \u00e9 a LDO?<\/strong><\/h2>\n<p>A <strong>LDO <\/strong>estabelece as regras para elabora\u00e7\u00e3o da <strong>LOA (Lei Or\u00e7ament\u00e1ria Anual) do ano seguinte<\/strong>. A proposta determina o n\u00edvel de equil\u00edbrio das <strong>receitas <\/strong>e <strong>despesas<\/strong>, tra\u00e7a regras para despesas dos poderes Executivo, Legislativo e Judici\u00e1rio, indica prioridades de financiamento, entre outras.<\/p>\n<h2 class=\"wp-block-heading\"><strong>Principais pontos<\/strong><\/h2>\n<p>Entre os principais pontos do projeto aprovado pela <strong>C\u00e2mara<\/strong>, est\u00e1 a previs\u00e3o de que, em 2026, o munic\u00edpio destine pelo menos <strong>25% da receita de impostos para a educa\u00e7\u00e3o<\/strong> e <strong>15% para a sa\u00fade<\/strong>, conforme determina a legisla\u00e7\u00e3o federal.<\/p>\n<p>A proposta tamb\u00e9m <strong>prioriza a conclus\u00e3o de obras em andamento antes do in\u00edcio de novos projetos<\/strong> e garante aos cidad\u00e3os a participa\u00e7\u00e3o no processo de <strong>elabora\u00e7\u00e3o <\/strong>e <strong>fiscaliza\u00e7\u00e3o <\/strong>do or\u00e7amento.<\/p>\n<p>O projeto ainda autoriza a <strong>Prefeitura de Ribeir\u00e3o Preto<\/strong> a <strong>remanejar at\u00e9 15% dos gastos previstos<\/strong>, desde que explique o motivo da mudan\u00e7a e siga a lei. <mark style=\"background-color:#fcb900\" class=\"has-inline-color\">Os valores exatos do or\u00e7amento ser\u00e3o definidos na LOA, que dever\u00e1 ser enviada \u00e0 C\u00e2mara at\u00e9 o dia <strong>30 de setembro de 2025<\/strong>.<\/mark><\/p>\n<h3 class=\"wp-block-heading\"><strong>Emendas<\/strong><\/h3>\n<p>Ao todo, foram apresentadas <strong>147 emendas pelos vereadores<\/strong>, das quais <strong>sete foram rejeitadas<\/strong>.<\/p>\n<p>Entre elas est\u00e3o propostas para <strong>dragagem e amplia\u00e7\u00e3o de canal do Ribeir\u00e3o Preto<\/strong>, <strong>constru\u00e7\u00e3o de um Centro Ol\u00edmpico<\/strong>, al\u00e9m da cria\u00e7\u00e3o de uma<strong> Secretaria de Seguran\u00e7a P\u00fablica<\/strong>.<\/p>\n<p>Tamb\u00e9m foi proposto a implanta\u00e7\u00e3o de um <strong>Centro Paraol\u00edmpico em Ribeir\u00e3o Preto nas instala\u00e7\u00f5es do Palestra It\u00e1lia Esporte Clube<\/strong>, no bairro dos Campos El\u00edseos. O tradicional clube est\u00e1 avaliado em <strong>R$ 17 milh\u00f5es<\/strong> e j\u00e1 foi a leil\u00e3o duas vezes, no entanto, n\u00e3o teve interessados.<\/p>\n<hr class=\"wp-block-separator has-alpha-channel-opacity\"\/>\n<p>SAIBA MAIS<\/p>\n<p>Jean Vicente \u00e9 nomeado novo secret\u00e1rio de Governo de Ribeir\u00e3o Preto<\/p>\n<h2 class=\"wp-block-heading\"><strong>FIQUE ON<\/strong><\/h2>\n<p>Quer ficar por dentro de tudo que acontece em Ribeir\u00e3o Preto e regi\u00e3o? Ent\u00e3o siga os perfis do\u202facidade on\u202fno\u202f<a href=\"https:\/\/www.instagram.com\/acidadeonribeirao\" target=\"_blank\" rel=\"noreferrer noopener\">Instagram<\/a>\u202fe no\u202f<a href=\"https:\/\/www.facebook.com\/acidadeonribeirao\/\" target=\"_blank\" rel=\"noreferrer noopener\">Facebook<\/a>.<\/p>\n<p>Al\u00e9m disso, voc\u00ea pode receber as principais not\u00edcias diretamente no WhatsApp. Para isso, basta\u00a0<a href=\"https:\/\/chat.whatsapp.com\/BjKQZ9oJwlz8VVT50NuePq\" target=\"_blank\" rel=\"noreferrer noopener\">entrar no grupo clicando aqui<\/a>.<\/p>\n<p>Por fim, se quiser fazer uma den\u00fancia ou sugerir uma reportagem sobre Ribeir\u00e3o Preto e regi\u00e3o, envie uma mensagem pelo WhatsApp: (16) 99117-7802.<\/p>\n<p>VEJA TAMB\u00c9M<\/p>\n<p>O que aconteceu com Julian McMahon?<\/p>\n<p><!-- AI CONTENT END 1 -->\n<\/div>\n<p><script async src=\"\/\/www.instagram.com\/embed.js\"><\/script><br \/>\n<br \/><br \/>\n<br \/><a href=\"https:\/\/www.acidadeon.com\/ribeiraopreto\/politica\/nevio-archibald\/camara-de-ribeirao-preto-aprova-ldo-para-orcamento-de-2026-saiba-detalhes-da-proposta\/\">Source link <\/a><\/p>\n<!-- CONTENT END 1 -->\n","protected":false},"excerpt":{"rendered":"<p>A C\u00e2mara Municipal de Ribeir\u00e3o Preto aprovou, na \u00faltima quarta-feira (2), o Projeto de Lei n\u00ba 99\/2025, que estabelece as diretrizes para a elabora\u00e7\u00e3o do&#8230;<\/p>\n","protected":false},"author":1,"featured_media":73638,"comment_status":"open","ping_status":"open","sticky":false,"template":"","format":"standard","meta":{"advanced_seo_description":"","jetpack_seo_html_title":"","jetpack_seo_noindex":false,"jetpack_post_was_ever_published":false,"_jetpack_newsletter_access":"","_jetpack_dont_email_post_to_subs":false,"_jetpack_newsletter_tier_id":0,"_jetpack_memberships_contains_paywalled_content":false,"_jetpack_memberships_contains_paid_content":false,"footnotes":"","jetpack_publicize_message":"","jetpack_publicize_feature_enabled":true,"jetpack_social_post_already_shared":true,"jetpack_social_options":{"image_generator_settings":{"template":"highway","default_image_id":0,"font":"","enabled":false},"version":2}},"categories":[11],"tags":[],"class_list":["post-73637","post","type-post","status-publish","format-standard","has-post-thumbnail","hentry","category-noticias-de-ribeirao-preto-sp-e-regiao-ismael-colosi"],"jetpack_publicize_connections":[],"jetpack_featured_media_url":"https:\/\/i0.wp.com\/noticiasribeiraopreto.com.br\/wp-content\/uploads\/2025\/07\/camara_de_1024x576_02022021150323.jpg?fit=1024%2C576&ssl=1","jetpack-related-posts":[{"id":54210,"url":"https:\/\/noticiasribeiraopreto.com.br\/index.php\/2024\/07\/05\/camara-aprova-diretrizes-orcamentarias-de-r-49-bilhoes-para-o-proximo-prefeito-de-ribeirao\/","url_meta":{"origin":73637,"position":0},"title":"C\u00e2mara aprova diretrizes or\u00e7ament\u00e1rias de R$ 4,9 bilh\u00f5es para o pr\u00f3ximo prefeito de Ribeir\u00e3o","author":"noticiasribeiraopreto.com.br","date":"5 de July de 2024","format":false,"excerpt":"A C\u00e2mara Municipal de Ribeir\u00e3o Preto aprovou na \u00faltima quinta-feira (4), em primeira discuss\u00e3o, o projeto de LDO (Lei das Diretrizes Or\u00e7ament\u00e1rias) para 2025, quando assume o pr\u00f3ximo prefeito de Ribeir\u00e3o Preto. Segundo a proposta, a LDO prev\u00ea or\u00e7amento de R$ 4.934.477.341,00, o que representa um aumento na estimativa de\u2026","rel":"","context":"In &quot;Not\u00edcias de Ribeir\u00e3o Preto-SP e Regi\u00e3o&quot;","block_context":{"text":"Not\u00edcias de Ribeir\u00e3o Preto-SP e Regi\u00e3o","link":"https:\/\/noticiasribeiraopreto.com.br\/index.php\/category\/noticias-de-ribeirao-preto-sp-e-regiao-ismael-colosi\/"},"img":{"alt_text":"","src":"https:\/\/i0.wp.com\/noticiasribeiraopreto.com.br\/wp-content\/uploads\/2024\/07\/camara-de-ribeirao-preto_2024-07-05_18-35-41_jpg_2024-07-05_18-35-42-scaled.webp.webp?fit=1200%2C800&ssl=1&resize=350%2C200","width":350,"height":200,"srcset":"https:\/\/i0.wp.com\/noticiasribeiraopreto.com.br\/wp-content\/uploads\/2024\/07\/camara-de-ribeirao-preto_2024-07-05_18-35-41_jpg_2024-07-05_18-35-42-scaled.webp.webp?fit=1200%2C800&ssl=1&resize=350%2C200 1x, https:\/\/i0.wp.com\/noticiasribeiraopreto.com.br\/wp-content\/uploads\/2024\/07\/camara-de-ribeirao-preto_2024-07-05_18-35-41_jpg_2024-07-05_18-35-42-scaled.webp.webp?fit=1200%2C800&ssl=1&resize=525%2C300 1.5x, https:\/\/i0.wp.com\/noticiasribeiraopreto.com.br\/wp-content\/uploads\/2024\/07\/camara-de-ribeirao-preto_2024-07-05_18-35-41_jpg_2024-07-05_18-35-42-scaled.webp.webp?fit=1200%2C800&ssl=1&resize=700%2C400 2x, https:\/\/i0.wp.com\/noticiasribeiraopreto.com.br\/wp-content\/uploads\/2024\/07\/camara-de-ribeirao-preto_2024-07-05_18-35-41_jpg_2024-07-05_18-35-42-scaled.webp.webp?fit=1200%2C800&ssl=1&resize=1050%2C600 3x"},"classes":[]},{"id":69799,"url":"https:\/\/noticiasribeiraopreto.com.br\/index.php\/2025\/05\/09\/camara-de-ribeirao-preto-realiza-audiencia-para-discutir-a-ldo-entenda-a-importancia-do-projeto\/","url_meta":{"origin":73637,"position":1},"title":"C\u00e2mara de Ribeir\u00e3o Preto realiza audi\u00eancia para discutir a LDO; entenda a import\u00e2ncia do projeto","author":"noticiasribeiraopreto.com.br","date":"9 de May de 2025","format":false,"excerpt":"A C\u00e2mara de Ribeir\u00e3o Preto realiza nesta sexta-feira (9) uma audi\u00eancia p\u00fablica para debater o projeto da LDO (Lei de Diretrizes Or\u00e7ament\u00e1rias) de 2026. A audi\u00eancia est\u00e1 marcada para come\u00e7ar \u00e0s 18h30. A proposta encaminhada pelo prefeito Ricardo Silva (PSD) prev\u00ea receita de R$ 5.188.791.253 para o pr\u00f3ximo ano. O\u2026","rel":"","context":"In &quot;Not\u00edcias de Ribeir\u00e3o Preto-SP e Regi\u00e3o&quot;","block_context":{"text":"Not\u00edcias de Ribeir\u00e3o Preto-SP e Regi\u00e3o","link":"https:\/\/noticiasribeiraopreto.com.br\/index.php\/category\/noticias-de-ribeirao-preto-sp-e-regiao-ismael-colosi\/"},"img":{"alt_text":"","src":"https:\/\/i0.wp.com\/noticiasribeiraopreto.com.br\/wp-content\/uploads\/2025\/05\/Camara-de-Ribeirao-Preto.jpg?fit=1200%2C675&ssl=1&resize=350%2C200","width":350,"height":200,"srcset":"https:\/\/i0.wp.com\/noticiasribeiraopreto.com.br\/wp-content\/uploads\/2025\/05\/Camara-de-Ribeirao-Preto.jpg?fit=1200%2C675&ssl=1&resize=350%2C200 1x, https:\/\/i0.wp.com\/noticiasribeiraopreto.com.br\/wp-content\/uploads\/2025\/05\/Camara-de-Ribeirao-Preto.jpg?fit=1200%2C675&ssl=1&resize=525%2C300 1.5x, https:\/\/i0.wp.com\/noticiasribeiraopreto.com.br\/wp-content\/uploads\/2025\/05\/Camara-de-Ribeirao-Preto.jpg?fit=1200%2C675&ssl=1&resize=700%2C400 2x, https:\/\/i0.wp.com\/noticiasribeiraopreto.com.br\/wp-content\/uploads\/2025\/05\/Camara-de-Ribeirao-Preto.jpg?fit=1200%2C675&ssl=1&resize=1050%2C600 3x"},"classes":[]},{"id":70908,"url":"https:\/\/noticiasribeiraopreto.com.br\/index.php\/2025\/05\/31\/emendas-a-ldo-aumentam-357\/","url_meta":{"origin":73637,"position":2},"title":"Emendas a LDO aumentam 357% \u00a0","author":"noticiasribeiraopreto.com.br","date":"31 de May de 2025","format":false,"excerpt":"A Lei de Diretrizes Or\u00e7ament\u00e1rias (LDO) de 2026 recebeu 128 emendas de vereadores e da Comiss\u00e3o de Finan\u00e7as, Or\u00e7amento, Fiscaliza\u00e7\u00e3o, Controle e Tribut\u00e1ria. O n\u00famero \u00e9 357,1% superior as 28 apresentadas \u00e0 pe\u00e7a deste ano, aprovada C\u00e2mara de Ribeir\u00e3o Preto em 2024. Em 2023 foram apenas oito. A prefeitura de\u2026","rel":"","context":"In &quot;Not\u00edcias de Ribeir\u00e3o Preto-SP e Regi\u00e3o&quot;","block_context":{"text":"Not\u00edcias de Ribeir\u00e3o Preto-SP e Regi\u00e3o","link":"https:\/\/noticiasribeiraopreto.com.br\/index.php\/category\/noticias-de-ribeirao-preto-sp-e-regiao-ismael-colosi\/"},"img":{"alt_text":"","src":"https:\/\/i0.wp.com\/noticiasribeiraopreto.com.br\/wp-content\/uploads\/2025\/05\/PlanoLDO-Alfredo-Risk-02-scaled.jpg?fit=1200%2C675&ssl=1&resize=350%2C200","width":350,"height":200,"srcset":"https:\/\/i0.wp.com\/noticiasribeiraopreto.com.br\/wp-content\/uploads\/2025\/05\/PlanoLDO-Alfredo-Risk-02-scaled.jpg?fit=1200%2C675&ssl=1&resize=350%2C200 1x, https:\/\/i0.wp.com\/noticiasribeiraopreto.com.br\/wp-content\/uploads\/2025\/05\/PlanoLDO-Alfredo-Risk-02-scaled.jpg?fit=1200%2C675&ssl=1&resize=525%2C300 1.5x, https:\/\/i0.wp.com\/noticiasribeiraopreto.com.br\/wp-content\/uploads\/2025\/05\/PlanoLDO-Alfredo-Risk-02-scaled.jpg?fit=1200%2C675&ssl=1&resize=700%2C400 2x, https:\/\/i0.wp.com\/noticiasribeiraopreto.com.br\/wp-content\/uploads\/2025\/05\/PlanoLDO-Alfredo-Risk-02-scaled.jpg?fit=1200%2C675&ssl=1&resize=1050%2C600 3x"},"classes":[]},{"id":73470,"url":"https:\/\/noticiasribeiraopreto.com.br\/index.php\/2025\/07\/03\/vereadores-aprovam-ldo-recorde-tribuna-ribeirao\/","url_meta":{"origin":73637,"position":3},"title":"Vereadores aprovam LDO recorde &#8211; Tribuna Ribeir\u00e3o","author":"noticiasribeiraopreto.com.br","date":"3 de July de 2025","format":false,"excerpt":"A C\u00e2mara de Vereadores aprovou, na sess\u00e3o desta quarta-feira, 2 de julho, em primeira discuss\u00e3o, por 17 votos a quatro, a Lei de Diretrizes Or\u00e7ament\u00e1rias (LDO) de 2026. A prefeitura de Ribeir\u00e3o Preto projeta um total de R$ 5.563.935.161 no ano que vem, segundo o projeto de n\u00famero 99\/2025. \u00c9\u2026","rel":"","context":"In &quot;Not\u00edcias de Ribeir\u00e3o Preto-SP e Regi\u00e3o&quot;","block_context":{"text":"Not\u00edcias de Ribeir\u00e3o Preto-SP e Regi\u00e3o","link":"https:\/\/noticiasribeiraopreto.com.br\/index.php\/category\/noticias-de-ribeirao-preto-sp-e-regiao-ismael-colosi\/"},"img":{"alt_text":"","src":"https:\/\/i0.wp.com\/noticiasribeiraopreto.com.br\/wp-content\/uploads\/2025\/07\/PlanoLDO-Cam-Divulgacao.jpg?fit=1171%2C878&ssl=1&resize=350%2C200","width":350,"height":200,"srcset":"https:\/\/i0.wp.com\/noticiasribeiraopreto.com.br\/wp-content\/uploads\/2025\/07\/PlanoLDO-Cam-Divulgacao.jpg?fit=1171%2C878&ssl=1&resize=350%2C200 1x, https:\/\/i0.wp.com\/noticiasribeiraopreto.com.br\/wp-content\/uploads\/2025\/07\/PlanoLDO-Cam-Divulgacao.jpg?fit=1171%2C878&ssl=1&resize=525%2C300 1.5x, https:\/\/i0.wp.com\/noticiasribeiraopreto.com.br\/wp-content\/uploads\/2025\/07\/PlanoLDO-Cam-Divulgacao.jpg?fit=1171%2C878&ssl=1&resize=700%2C400 2x, https:\/\/i0.wp.com\/noticiasribeiraopreto.com.br\/wp-content\/uploads\/2025\/07\/PlanoLDO-Cam-Divulgacao.jpg?fit=1171%2C878&ssl=1&resize=1050%2C600 3x"},"classes":[]},{"id":69885,"url":"https:\/\/noticiasribeiraopreto.com.br\/index.php\/2025\/05\/10\/ldo-projeta-receita-de-r-55-bi\/","url_meta":{"origin":73637,"position":4},"title":"LDO projeta receita de R$ 5,5 bi \u00a0","author":"noticiasribeiraopreto.com.br","date":"10 de May de 2025","format":false,"excerpt":"A Lei de Diretrizes Or\u00e7ament\u00e1rias (LDO) de 2026 tem previs\u00e3o de receita recorde, segundo dados da Secretaria Municipal da Fazenda. A prefeitura de Ribeir\u00e3o Preto projeta um total de R$ 5.563.935.161 no ano que vem, segundo o projeto (n\u00famero 99\/2025) enviado para a C\u00e2mara de Vereadores. \u00c9 a primeira vez\u2026","rel":"","context":"In &quot;Not\u00edcias de Ribeir\u00e3o Preto-SP e Regi\u00e3o&quot;","block_context":{"text":"Not\u00edcias de Ribeir\u00e3o Preto-SP e Regi\u00e3o","link":"https:\/\/noticiasribeiraopreto.com.br\/index.php\/category\/noticias-de-ribeirao-preto-sp-e-regiao-ismael-colosi\/"},"img":{"alt_text":"","src":"https:\/\/i0.wp.com\/noticiasribeiraopreto.com.br\/wp-content\/uploads\/2025\/05\/PlanoLDO-Max-Gallao-Mesquita-Arquivo.jpg?fit=1200%2C790&ssl=1&resize=350%2C200","width":350,"height":200,"srcset":"https:\/\/i0.wp.com\/noticiasribeiraopreto.com.br\/wp-content\/uploads\/2025\/05\/PlanoLDO-Max-Gallao-Mesquita-Arquivo.jpg?fit=1200%2C790&ssl=1&resize=350%2C200 1x, https:\/\/i0.wp.com\/noticiasribeiraopreto.com.br\/wp-content\/uploads\/2025\/05\/PlanoLDO-Max-Gallao-Mesquita-Arquivo.jpg?fit=1200%2C790&ssl=1&resize=525%2C300 1.5x, https:\/\/i0.wp.com\/noticiasribeiraopreto.com.br\/wp-content\/uploads\/2025\/05\/PlanoLDO-Max-Gallao-Mesquita-Arquivo.jpg?fit=1200%2C790&ssl=1&resize=700%2C400 2x, https:\/\/i0.wp.com\/noticiasribeiraopreto.com.br\/wp-content\/uploads\/2025\/05\/PlanoLDO-Max-Gallao-Mesquita-Arquivo.jpg?fit=1200%2C790&ssl=1&resize=1050%2C600 3x"},"classes":[]},{"id":74961,"url":"https:\/\/noticiasribeiraopreto.com.br\/index.php\/2025\/07\/31\/ricardo-sanciona-diretrizes-do-orcamento-de-ribeirao-preto-com-140-vetos\/","url_meta":{"origin":73637,"position":5},"title":"Ricardo sanciona diretrizes do or\u00e7amento de Ribeir\u00e3o Preto com 140 vetos","author":"noticiasribeiraopreto.com.br","date":"31 de July de 2025","format":false,"excerpt":"O prefeito de Ribeir\u00e3o Preto, Ricardo Silva (PSD), sancionou a LDO (Lei de Diretrizes Or\u00e7ament\u00e1rias) de 2026 com 140 vetos de emendas aprovadas pelos vereadores. As diretrizes or\u00e7ament\u00e1rias de Ribeir\u00e3o Preto preveem or\u00e7amento de R$ 5.563.935.161 para o pr\u00f3ximo ano. Entre os destaques da LDO est\u00e3o projetos priorit\u00e1rios, como a\u2026","rel":"","context":"In &quot;Not\u00edcias de Ribeir\u00e3o Preto-SP e Regi\u00e3o&quot;","block_context":{"text":"Not\u00edcias de Ribeir\u00e3o Preto-SP e Regi\u00e3o","link":"https:\/\/noticiasribeiraopreto.com.br\/index.php\/category\/noticias-de-ribeirao-preto-sp-e-regiao-ismael-colosi\/"},"img":{"alt_text":"","src":"https:\/\/i0.wp.com\/noticiasribeiraopreto.com.br\/wp-content\/uploads\/2025\/07\/prefeito-ricardo-silva_2025-07-31_20-57-54.webp.webp?fit=1200%2C800&ssl=1&resize=350%2C200","width":350,"height":200,"srcset":"https:\/\/i0.wp.com\/noticiasribeiraopreto.com.br\/wp-content\/uploads\/2025\/07\/prefeito-ricardo-silva_2025-07-31_20-57-54.webp.webp?fit=1200%2C800&ssl=1&resize=350%2C200 1x, https:\/\/i0.wp.com\/noticiasribeiraopreto.com.br\/wp-content\/uploads\/2025\/07\/prefeito-ricardo-silva_2025-07-31_20-57-54.webp.webp?fit=1200%2C800&ssl=1&resize=525%2C300 1.5x, https:\/\/i0.wp.com\/noticiasribeiraopreto.com.br\/wp-content\/uploads\/2025\/07\/prefeito-ricardo-silva_2025-07-31_20-57-54.webp.webp?fit=1200%2C800&ssl=1&resize=700%2C400 2x, https:\/\/i0.wp.com\/noticiasribeiraopreto.com.br\/wp-content\/uploads\/2025\/07\/prefeito-ricardo-silva_2025-07-31_20-57-54.webp.webp?fit=1200%2C800&ssl=1&resize=1050%2C600 3x"},"classes":[]}],"jetpack_sharing_enabled":true,"jetpack_shortlink":"https:\/\/wp.me\/peQAOb-j9H","_links":{"self":[{"href":"https:\/\/noticiasribeiraopreto.com.br\/index.php\/wp-json\/wp\/v2\/posts\/73637","targetHints":{"allow":["GET"]}}],"collection":[{"href":"https:\/\/noticiasribeiraopreto.com.br\/index.php\/wp-json\/wp\/v2\/posts"}],"about":[{"href":"https:\/\/noticiasribeiraopreto.com.br\/index.php\/wp-json\/wp\/v2\/types\/post"}],"author":[{"embeddable":true,"href":"https:\/\/noticiasribeiraopreto.com.br\/index.php\/wp-json\/wp\/v2\/users\/1"}],"replies":[{"embeddable":true,"href":"https:\/\/noticiasribeiraopreto.com.br\/index.php\/wp-json\/wp\/v2\/comments?post=73637"}],"version-history":[{"count":0,"href":"https:\/\/noticiasribeiraopreto.com.br\/index.php\/wp-json\/wp\/v2\/posts\/73637\/revisions"}],"wp:featuredmedia":[{"embeddable":true,"href":"https:\/\/noticiasribeiraopreto.com.br\/index.php\/wp-json\/wp\/v2\/media\/73638"}],"wp:attachment":[{"href":"https:\/\/noticiasribeiraopreto.com.br\/index.php\/wp-json\/wp\/v2\/media?parent=73637"}],"wp:term":[{"taxonomy":"category","embeddable":true,"href":"https:\/\/noticiasribeiraopreto.com.br\/index.php\/wp-json\/wp\/v2\/categories?post=73637"},{"taxonomy":"post_tag","embeddable":true,"href":"https:\/\/noticiasribeiraopreto.com.br\/index.php\/wp-json\/wp\/v2\/tags?post=73637"}],"curies":[{"name":"wp","href":"https:\/\/api.w.org\/{rel}","templated":true}]}}