{"id":73642,"date":"2025-07-06T20:39:17","date_gmt":"2025-07-06T23:39:17","guid":{"rendered":"https:\/\/noticiasribeiraopreto.com.br\/index.php\/2025\/07\/06\/botafogo-e-novorizontino-ficam-no-0-a-0-em-ribeirao-preto-pela-serie-b\/"},"modified":"2025-07-06T20:39:17","modified_gmt":"2025-07-06T23:39:17","slug":"botafogo-e-novorizontino-ficam-no-0-a-0-em-ribeirao-preto-pela-serie-b","status":"publish","type":"post","link":"https:\/\/noticiasribeiraopreto.com.br\/index.php\/2025\/07\/06\/botafogo-e-novorizontino-ficam-no-0-a-0-em-ribeirao-preto-pela-serie-b\/","title":{"rendered":"Botafogo e Novorizontino ficam no 0 a 0 em Ribeir\u00e3o Preto pela S\u00e9rie B"},"content":{"rendered":"<div class='code-block code-block-1' style='margin: 8px 0 8px auto; text-align: right; display: block; clear: both;'>\n<p><a href=\"https:\/\/wa.link\/vpicfd\"><img data-recalc-dims=\"1\" class=\"wp-image-4922\" style=\"aspect-ratio: 2.0253164556962027; width: 561px; height: auto;\" src=\"https:\/\/i0.wp.com\/ismaelcolosi.com.br\/wp-content\/uploads\/2023\/11\/grupo-de-empregos-whatsapp-e-facebook-ismael-colosi-vagas.jpg?ssl=1\" alt=\"\" \/><\/a><\/p>\n<!-- \/wp:image -->\n<\/div>\n<p> <br \/>\n<\/p>\n<p>O <strong>Botafogo <\/strong>empatou em 0 a 0 com o <strong>Novorizontino<\/strong>, na noite deste domingo (6), em disputa realizada no est\u00e1dio Santa Cruz Arena Nicnet, em <strong>Ribeir\u00e3o Preto<\/strong>. <\/p>\n<ul class=\"wp-block-list\">\n<li><a href=\"https:\/\/whatsapp.com\/channel\/0029Vb6IQl1JENyAeS57fk2p\"><strong><em>Entre agora no canal do acidade on Ribeir\u00e3o Preto e fique por dentro das principais not\u00edcias da regi\u00e3o<\/em><\/strong><\/a><\/li>\n<\/ul>\n<p>Essa foi a 15\u00aa rodada da <strong>S\u00e9rie B do Campeonato Brasileiro<\/strong>. O resultado interrompeu a s\u00e9rie de duas vit\u00f3rias do time ribeir\u00e3o-pretano com o t\u00e9cnico Allan Aal. <\/p>\n<p>Com o resultado, o <strong>Pantera <\/strong>est\u00e1 em 15\u00ba lugar com 17 pontos na competi\u00e7\u00e3o. O <strong>Novorizontino <\/strong>ocupa a terceira posi\u00e7\u00e3o na tabela, com 27 pontos.<\/p>\n<hr class=\"wp-block-separator has-alpha-channel-opacity\" \/>\n<p>SAIBA MAIS<\/p>\n<p>Criminosos invadem resid\u00eancia e roubam R$ 1 milh\u00e3o em joias e R$ 180 mil dinheiro; V\u00eddeo<\/p>\n<p><strong>FIQUE ON<\/strong><\/p>\n<p>Quer ficar por dentro de tudo que acontece em Ribeir\u00e3o Preto e regi\u00e3o? Ent\u00e3o siga os perfis do\u202facidade on\u202fno\u202f<a href=\"https:\/\/www.instagram.com\/acidadeonribeirao\" target=\"_blank\" rel=\"noreferrer noopener\">Instagram<\/a>\u202fe no\u202f<a href=\"https:\/\/www.facebook.com\/acidadeonribeirao\/\" target=\"_blank\" rel=\"noreferrer noopener\">Facebook<\/a>.<\/p>\n<p>Al\u00e9m disso, voc\u00ea pode receber as principais not\u00edcias diretamente no WhatsApp. Para isso, basta&nbsp;<a href=\"https:\/\/chat.whatsapp.com\/BjKQZ9oJwlz8VVT50NuePq\" target=\"_blank\" rel=\"noreferrer noopener\">entrar no grupo clicando aqui<\/a>.<\/p>\n<p>Por fim, se quiser fazer uma den\u00fancia ou sugerir uma reportagem sobre Ribeir\u00e3o Preto e regi\u00e3o, envie uma mensagem pelo WhatsApp: (16) 99117-7802.<\/p>\n<p>VEJA TAMB\u00c9M<\/p>\n<p>Sagat chegar\u00e1 ao Street Fighter 6 em agosto<\/p>\n<p>O post Botafogo e Novorizontino ficam no 0 a 0 em Ribeir\u00e3o Preto pela S\u00e9rie B apareceu primeiro em ACidade ON Ribeir\u00e3o Preto.<\/p>\n<p><script async src=\"\/\/www.instagram.com\/embed.js\"><\/script><br \/>\n<br \/><br \/>\n<br \/><a href=\"https:\/\/www.acidadeon.com\/ribeiraopreto\/esportes\/botafogo-e-novorizontino-ficam-no-0-a-0-em-ribeirao-preto-pela-serie-b\/\">Source link <\/a><\/p>\n<!-- CONTENT END 1 -->\n","protected":false},"excerpt":{"rendered":"<p>O Botafogo empatou em 0 a 0 com o Novorizontino, na noite deste domingo (6), em disputa realizada no est\u00e1dio Santa Cruz Arena Nicnet, em&#8230;<\/p>\n","protected":false},"author":1,"featured_media":73643,"comment_status":"open","ping_status":"open","sticky":false,"template":"","format":"standard","meta":{"advanced_seo_description":"","jetpack_seo_html_title":"","jetpack_seo_noindex":false,"jetpack_post_was_ever_published":false,"_jetpack_newsletter_access":"","_jetpack_dont_email_post_to_subs":false,"_jetpack_newsletter_tier_id":0,"_jetpack_memberships_contains_paywalled_content":false,"_jetpack_memberships_contains_paid_content":false,"footnotes":"","jetpack_publicize_message":"","jetpack_publicize_feature_enabled":true,"jetpack_social_post_already_shared":true,"jetpack_social_options":{"image_generator_settings":{"template":"highway","default_image_id":0,"font":"","enabled":false},"version":2}},"categories":[11],"tags":[],"class_list":["post-73642","post","type-post","status-publish","format-standard","has-post-thumbnail","hentry","category-noticias-de-ribeirao-preto-sp-e-regiao-ismael-colosi"],"jetpack_publicize_connections":[],"jetpack_featured_media_url":"https:\/\/i0.wp.com\/noticiasribeiraopreto.com.br\/wp-content\/uploads\/2025\/07\/acidadeon_logos_Prancheta-1-copia-12_edited.jpg?fit=2250%2C2251&ssl=1","jetpack-related-posts":[{"id":51543,"url":"https:\/\/noticiasribeiraopreto.com.br\/index.php\/2024\/05\/27\/botafogo-perde-para-o-novorizontino-com-gol-contra-em-ribeirao-preto\/","url_meta":{"origin":73642,"position":0},"title":"Botafogo perde para o Novorizontino com gol contra em Ribeir\u00e3o Preto","author":"noticiasribeiraopreto.com.br","date":"27 de May de 2024","format":false,"excerpt":"O Botafogo perdeu para o Novorizontino por 1 x 0, em partida realizada na noite desta segunda-feira (27), no est\u00e1dio Santa Cruz Arena Nicnet, em Ribeir\u00e3o Preto. Essa foi a 7\u00aa rodada do Campeonato Brasileiro da S\u00e9rie B. O volante Carlos Emanuel marcou um gol contra aos 43 minutos do\u2026","rel":"","context":"In &quot;Not\u00edcias de Ribeir\u00e3o Preto-SP e Regi\u00e3o&quot;","block_context":{"text":"Not\u00edcias de Ribeir\u00e3o Preto-SP e Regi\u00e3o","link":"https:\/\/noticiasribeiraopreto.com.br\/index.php\/category\/noticias-de-ribeirao-preto-sp-e-regiao-ismael-colosi\/"},"img":{"alt_text":"","src":"https:\/\/i0.wp.com\/noticiasribeiraopreto.com.br\/wp-content\/uploads\/2024\/05\/4bcf6887-4d56-4500-828b-163502cfbaa6_2024-05-28_01-00-14_jpeg_2024-05-28_01-00-14.webp.webp?fit=1200%2C800&ssl=1&resize=350%2C200","width":350,"height":200,"srcset":"https:\/\/i0.wp.com\/noticiasribeiraopreto.com.br\/wp-content\/uploads\/2024\/05\/4bcf6887-4d56-4500-828b-163502cfbaa6_2024-05-28_01-00-14_jpeg_2024-05-28_01-00-14.webp.webp?fit=1200%2C800&ssl=1&resize=350%2C200 1x, https:\/\/i0.wp.com\/noticiasribeiraopreto.com.br\/wp-content\/uploads\/2024\/05\/4bcf6887-4d56-4500-828b-163502cfbaa6_2024-05-28_01-00-14_jpeg_2024-05-28_01-00-14.webp.webp?fit=1200%2C800&ssl=1&resize=525%2C300 1.5x, https:\/\/i0.wp.com\/noticiasribeiraopreto.com.br\/wp-content\/uploads\/2024\/05\/4bcf6887-4d56-4500-828b-163502cfbaa6_2024-05-28_01-00-14_jpeg_2024-05-28_01-00-14.webp.webp?fit=1200%2C800&ssl=1&resize=700%2C400 2x, https:\/\/i0.wp.com\/noticiasribeiraopreto.com.br\/wp-content\/uploads\/2024\/05\/4bcf6887-4d56-4500-828b-163502cfbaa6_2024-05-28_01-00-14_jpeg_2024-05-28_01-00-14.webp.webp?fit=1200%2C800&ssl=1&resize=1050%2C600 3x"},"classes":[]},{"id":51547,"url":"https:\/\/noticiasribeiraopreto.com.br\/index.php\/2024\/05\/28\/botafogo-perde-para-o-novorizontino-com-gol-contra-em-ribeirao-preto-2\/","url_meta":{"origin":73642,"position":1},"title":"Botafogo perde para o Novorizontino com gol contra em Ribeir\u00e3o Preto","author":"noticiasribeiraopreto.com.br","date":"28 de May de 2024","format":false,"excerpt":"O Botafogo perdeu para o Novorizontino por 1 x 0, em partida realizada na noite desta segunda-feira (27), no est\u00e1dio Santa Cruz Arena Nicnet, em Ribeir\u00e3o Preto. Essa foi a 7\u00aa rodada do Campeonato Brasileiro da S\u00e9rie B. O volante Carlos Emanuel marcou um gol contra aos 43 minutos do\u2026","rel":"","context":"In &quot;Not\u00edcias de Ribeir\u00e3o Preto-SP e Regi\u00e3o&quot;","block_context":{"text":"Not\u00edcias de Ribeir\u00e3o Preto-SP e Regi\u00e3o","link":"https:\/\/noticiasribeiraopreto.com.br\/index.php\/category\/noticias-de-ribeirao-preto-sp-e-regiao-ismael-colosi\/"},"img":{"alt_text":"","src":"https:\/\/i0.wp.com\/noticiasribeiraopreto.com.br\/wp-content\/uploads\/2024\/05\/4bcf6887-4d56-4500-828b-163502cfbaa6_2024-05-28_01-00-14_jpeg_2024-05-28_01-00-14.webp.webp?fit=1200%2C800&ssl=1&resize=350%2C200","width":350,"height":200,"srcset":"https:\/\/i0.wp.com\/noticiasribeiraopreto.com.br\/wp-content\/uploads\/2024\/05\/4bcf6887-4d56-4500-828b-163502cfbaa6_2024-05-28_01-00-14_jpeg_2024-05-28_01-00-14.webp.webp?fit=1200%2C800&ssl=1&resize=350%2C200 1x, https:\/\/i0.wp.com\/noticiasribeiraopreto.com.br\/wp-content\/uploads\/2024\/05\/4bcf6887-4d56-4500-828b-163502cfbaa6_2024-05-28_01-00-14_jpeg_2024-05-28_01-00-14.webp.webp?fit=1200%2C800&ssl=1&resize=525%2C300 1.5x, https:\/\/i0.wp.com\/noticiasribeiraopreto.com.br\/wp-content\/uploads\/2024\/05\/4bcf6887-4d56-4500-828b-163502cfbaa6_2024-05-28_01-00-14_jpeg_2024-05-28_01-00-14.webp.webp?fit=1200%2C800&ssl=1&resize=700%2C400 2x, https:\/\/i0.wp.com\/noticiasribeiraopreto.com.br\/wp-content\/uploads\/2024\/05\/4bcf6887-4d56-4500-828b-163502cfbaa6_2024-05-28_01-00-14_jpeg_2024-05-28_01-00-14.webp.webp?fit=1200%2C800&ssl=1&resize=1050%2C600 3x"},"classes":[]},{"id":57933,"url":"https:\/\/noticiasribeiraopreto.com.br\/index.php\/2024\/09\/13\/com-tres-a-menos-novorizontino-vence-o-botafogo-por-2-a-0\/","url_meta":{"origin":73642,"position":2},"title":"Com tr\u00eas a menos, Novorizontino vence o Botafogo por 2 a 0","author":"noticiasribeiraopreto.com.br","date":"13 de September de 2024","format":false,"excerpt":"O Botafogo perdeu por 2 a 0 para o Novorizontino, na noite desta sexta-feira (13), pela 26\u00aa rodada da S\u00e9rie B do Campeonato Brasileiro. A partida foi realizada no est\u00e1dio Jorge Ismael de Biasi, em Novo Horizonte. Quem abriu o placar para o Tigre do Vale foi o lateral Waguininho,\u2026","rel":"","context":"In &quot;Not\u00edcias de Ribeir\u00e3o Preto-SP e Regi\u00e3o&quot;","block_context":{"text":"Not\u00edcias de Ribeir\u00e3o Preto-SP e Regi\u00e3o","link":"https:\/\/noticiasribeiraopreto.com.br\/index.php\/category\/noticias-de-ribeirao-preto-sp-e-regiao-ismael-colosi\/"},"img":{"alt_text":"","src":"https:\/\/i0.wp.com\/noticiasribeiraopreto.com.br\/wp-content\/uploads\/2024\/09\/WhatsApp-Image-2024-09-13-at-19.58.57_2024-09-13_23-53-29_jpeg_2024-09-13_23-53-29.webp.webp?fit=1200%2C800&ssl=1&resize=350%2C200","width":350,"height":200,"srcset":"https:\/\/i0.wp.com\/noticiasribeiraopreto.com.br\/wp-content\/uploads\/2024\/09\/WhatsApp-Image-2024-09-13-at-19.58.57_2024-09-13_23-53-29_jpeg_2024-09-13_23-53-29.webp.webp?fit=1200%2C800&ssl=1&resize=350%2C200 1x, https:\/\/i0.wp.com\/noticiasribeiraopreto.com.br\/wp-content\/uploads\/2024\/09\/WhatsApp-Image-2024-09-13-at-19.58.57_2024-09-13_23-53-29_jpeg_2024-09-13_23-53-29.webp.webp?fit=1200%2C800&ssl=1&resize=525%2C300 1.5x, https:\/\/i0.wp.com\/noticiasribeiraopreto.com.br\/wp-content\/uploads\/2024\/09\/WhatsApp-Image-2024-09-13-at-19.58.57_2024-09-13_23-53-29_jpeg_2024-09-13_23-53-29.webp.webp?fit=1200%2C800&ssl=1&resize=700%2C400 2x, https:\/\/i0.wp.com\/noticiasribeiraopreto.com.br\/wp-content\/uploads\/2024\/09\/WhatsApp-Image-2024-09-13-at-19.58.57_2024-09-13_23-53-29_jpeg_2024-09-13_23-53-29.webp.webp?fit=1200%2C800&ssl=1&resize=1050%2C600 3x"},"classes":[]},{"id":79136,"url":"https:\/\/noticiasribeiraopreto.com.br\/index.php\/2025\/10\/24\/botafogo-empata-com-novorizontino-e-segue-na-luta-contra-o-rebaixamento-na-serie-b\/","url_meta":{"origin":73642,"position":3},"title":"Botafogo empata com Novorizontino e segue na luta contra o rebaixamento na S\u00e9rie B","author":"noticiasribeiraopreto.com.br","date":"24 de October de 2025","format":false,"excerpt":"O Botafogo arrancou um empate por 1 a 1 contra o Novorizontino na noite desta sexta-feira (24), no est\u00e1dio Doutor Jorge Ismael de Biasi, em Novorizonte, em partida v\u00e1lida pela 34\u00aa rodada da S\u00e9rie B. Com o ponto conquistado, o Pantera subiu para a 17\u00aa posi\u00e7\u00e3o, com 35 pontos, mantendo\u2026","rel":"","context":"In &quot;Not\u00edcias de Ribeir\u00e3o Preto-SP e Regi\u00e3o&quot;","block_context":{"text":"Not\u00edcias de Ribeir\u00e3o Preto-SP e Regi\u00e3o","link":"https:\/\/noticiasribeiraopreto.com.br\/index.php\/category\/noticias-de-ribeirao-preto-sp-e-regiao-ismael-colosi\/"},"img":{"alt_text":"","src":"https:\/\/i0.wp.com\/noticiasribeiraopreto.com.br\/wp-content\/uploads\/2025\/10\/Copia-de-Copia-de-Copia-de-TAMANHO-EXATO-PARA-FOTOS-NO-SISTEMA-NOVO-2025-10-24T205409.763_2025-10-24_23-55-35.webp.webp?fit=1200%2C675&ssl=1&resize=350%2C200","width":350,"height":200,"srcset":"https:\/\/i0.wp.com\/noticiasribeiraopreto.com.br\/wp-content\/uploads\/2025\/10\/Copia-de-Copia-de-Copia-de-TAMANHO-EXATO-PARA-FOTOS-NO-SISTEMA-NOVO-2025-10-24T205409.763_2025-10-24_23-55-35.webp.webp?fit=1200%2C675&ssl=1&resize=350%2C200 1x, https:\/\/i0.wp.com\/noticiasribeiraopreto.com.br\/wp-content\/uploads\/2025\/10\/Copia-de-Copia-de-Copia-de-TAMANHO-EXATO-PARA-FOTOS-NO-SISTEMA-NOVO-2025-10-24T205409.763_2025-10-24_23-55-35.webp.webp?fit=1200%2C675&ssl=1&resize=525%2C300 1.5x, https:\/\/i0.wp.com\/noticiasribeiraopreto.com.br\/wp-content\/uploads\/2025\/10\/Copia-de-Copia-de-Copia-de-TAMANHO-EXATO-PARA-FOTOS-NO-SISTEMA-NOVO-2025-10-24T205409.763_2025-10-24_23-55-35.webp.webp?fit=1200%2C675&ssl=1&resize=700%2C400 2x, https:\/\/i0.wp.com\/noticiasribeiraopreto.com.br\/wp-content\/uploads\/2025\/10\/Copia-de-Copia-de-Copia-de-TAMANHO-EXATO-PARA-FOTOS-NO-SISTEMA-NOVO-2025-10-24T205409.763_2025-10-24_23-55-35.webp.webp?fit=1200%2C675&ssl=1&resize=1050%2C600 3x"},"classes":[]},{"id":63842,"url":"https:\/\/noticiasribeiraopreto.com.br\/index.php\/2025\/02\/23\/ja-eliminado-botafogo-perde-para-o-novorizontino-em-ribeirao-preto\/","url_meta":{"origin":73642,"position":4},"title":"J\u00e1 eliminado, Botafogo perde para o Novorizontino em Ribeir\u00e3o Preto","author":"noticiasribeiraopreto.com.br","date":"23 de February de 2025","format":false,"excerpt":"Na despedida da primeira fase do Campeonato Paulista 2025, o Botafogo entrou em campo no est\u00e1dio Santa Cruz, em Ribeir\u00e3o Preto, j\u00e1 eliminado e foi derrotado por 2 a 1 para o Novorizontino na noite deste domingo (23). Os gols O Botafogo abriu o placar aos 6 minutos, com o\u2026","rel":"","context":"In &quot;Not\u00edcias de Ribeir\u00e3o Preto-SP e Regi\u00e3o&quot;","block_context":{"text":"Not\u00edcias de Ribeir\u00e3o Preto-SP e Regi\u00e3o","link":"https:\/\/noticiasribeiraopreto.com.br\/index.php\/category\/noticias-de-ribeirao-preto-sp-e-regiao-ismael-colosi\/"},"img":{"alt_text":"","src":"https:\/\/i0.wp.com\/noticiasribeiraopreto.com.br\/wp-content\/uploads\/2025\/02\/botafogo-novorizontino_2025-02-23_23-17-00_jpeg_2025-02-23_23-17-00.webp.webp?fit=1200%2C800&ssl=1&resize=350%2C200","width":350,"height":200,"srcset":"https:\/\/i0.wp.com\/noticiasribeiraopreto.com.br\/wp-content\/uploads\/2025\/02\/botafogo-novorizontino_2025-02-23_23-17-00_jpeg_2025-02-23_23-17-00.webp.webp?fit=1200%2C800&ssl=1&resize=350%2C200 1x, https:\/\/i0.wp.com\/noticiasribeiraopreto.com.br\/wp-content\/uploads\/2025\/02\/botafogo-novorizontino_2025-02-23_23-17-00_jpeg_2025-02-23_23-17-00.webp.webp?fit=1200%2C800&ssl=1&resize=525%2C300 1.5x, https:\/\/i0.wp.com\/noticiasribeiraopreto.com.br\/wp-content\/uploads\/2025\/02\/botafogo-novorizontino_2025-02-23_23-17-00_jpeg_2025-02-23_23-17-00.webp.webp?fit=1200%2C800&ssl=1&resize=700%2C400 2x, https:\/\/i0.wp.com\/noticiasribeiraopreto.com.br\/wp-content\/uploads\/2025\/02\/botafogo-novorizontino_2025-02-23_23-17-00_jpeg_2025-02-23_23-17-00.webp.webp?fit=1200%2C800&ssl=1&resize=1050%2C600 3x"},"classes":[]},{"id":50762,"url":"https:\/\/noticiasribeiraopreto.com.br\/index.php\/2024\/05\/18\/botafogo-e-goleado-pelo-goias-no-brasileiro-da-serie-b\/","url_meta":{"origin":73642,"position":5},"title":"Botafogo \u00e9 goleado pelo Goi\u00e1s no Brasileiro da S\u00e9rie B","author":"noticiasribeiraopreto.com.br","date":"18 de May de 2024","format":false,"excerpt":"O Botafogo foi goleado por 4 a 0 pelo Goi\u00e1s, na noite deste s\u00e1bado (18), pela 6\u00aa rodada do Campeonato Brasileiro da S\u00e9rie B. A equipe de Ribeir\u00e3o Preto viajou para enfrentar o Goi\u00e1s no est\u00e1dio Hail\u00e9 Pinheiro, em Goi\u00e2nia. Os gols do Goi\u00e1s foram marcados por Marc\u00e3o, aos 24\u2026","rel":"","context":"In &quot;Not\u00edcias de Ribeir\u00e3o Preto-SP e Regi\u00e3o&quot;","block_context":{"text":"Not\u00edcias de Ribeir\u00e3o Preto-SP e Regi\u00e3o","link":"https:\/\/noticiasribeiraopreto.com.br\/index.php\/category\/noticias-de-ribeirao-preto-sp-e-regiao-ismael-colosi\/"},"img":{"alt_text":"","src":"https:\/\/i0.wp.com\/noticiasribeiraopreto.com.br\/wp-content\/uploads\/2024\/05\/goias-botafogo_2024-05-18_23-24-11_jpeg_2024-05-18_23-24-12.webp.webp?fit=1200%2C866&ssl=1&resize=350%2C200","width":350,"height":200,"srcset":"https:\/\/i0.wp.com\/noticiasribeiraopreto.com.br\/wp-content\/uploads\/2024\/05\/goias-botafogo_2024-05-18_23-24-11_jpeg_2024-05-18_23-24-12.webp.webp?fit=1200%2C866&ssl=1&resize=350%2C200 1x, https:\/\/i0.wp.com\/noticiasribeiraopreto.com.br\/wp-content\/uploads\/2024\/05\/goias-botafogo_2024-05-18_23-24-11_jpeg_2024-05-18_23-24-12.webp.webp?fit=1200%2C866&ssl=1&resize=525%2C300 1.5x, https:\/\/i0.wp.com\/noticiasribeiraopreto.com.br\/wp-content\/uploads\/2024\/05\/goias-botafogo_2024-05-18_23-24-11_jpeg_2024-05-18_23-24-12.webp.webp?fit=1200%2C866&ssl=1&resize=700%2C400 2x, https:\/\/i0.wp.com\/noticiasribeiraopreto.com.br\/wp-content\/uploads\/2024\/05\/goias-botafogo_2024-05-18_23-24-11_jpeg_2024-05-18_23-24-12.webp.webp?fit=1200%2C866&ssl=1&resize=1050%2C600 3x"},"classes":[]}],"jetpack_sharing_enabled":true,"jetpack_shortlink":"https:\/\/wp.me\/peQAOb-j9M","_links":{"self":[{"href":"https:\/\/noticiasribeiraopreto.com.br\/index.php\/wp-json\/wp\/v2\/posts\/73642","targetHints":{"allow":["GET"]}}],"collection":[{"href":"https:\/\/noticiasribeiraopreto.com.br\/index.php\/wp-json\/wp\/v2\/posts"}],"about":[{"href":"https:\/\/noticiasribeiraopreto.com.br\/index.php\/wp-json\/wp\/v2\/types\/post"}],"author":[{"embeddable":true,"href":"https:\/\/noticiasribeiraopreto.com.br\/index.php\/wp-json\/wp\/v2\/users\/1"}],"replies":[{"embeddable":true,"href":"https:\/\/noticiasribeiraopreto.com.br\/index.php\/wp-json\/wp\/v2\/comments?post=73642"}],"version-history":[{"count":0,"href":"https:\/\/noticiasribeiraopreto.com.br\/index.php\/wp-json\/wp\/v2\/posts\/73642\/revisions"}],"wp:featuredmedia":[{"embeddable":true,"href":"https:\/\/noticiasribeiraopreto.com.br\/index.php\/wp-json\/wp\/v2\/media\/73643"}],"wp:attachment":[{"href":"https:\/\/noticiasribeiraopreto.com.br\/index.php\/wp-json\/wp\/v2\/media?parent=73642"}],"wp:term":[{"taxonomy":"category","embeddable":true,"href":"https:\/\/noticiasribeiraopreto.com.br\/index.php\/wp-json\/wp\/v2\/categories?post=73642"},{"taxonomy":"post_tag","embeddable":true,"href":"https:\/\/noticiasribeiraopreto.com.br\/index.php\/wp-json\/wp\/v2\/tags?post=73642"}],"curies":[{"name":"wp","href":"https:\/\/api.w.org\/{rel}","templated":true}]}}