{"id":73644,"date":"2025-07-06T20:45:43","date_gmt":"2025-07-06T23:45:43","guid":{"rendered":"https:\/\/noticiasribeiraopreto.com.br\/index.php\/2025\/07\/06\/residencias-lideram-autuacoes-da-saerp-por-irregularidades-em-ribeirao-veja-os-numeros\/"},"modified":"2025-07-06T20:45:43","modified_gmt":"2025-07-06T23:45:43","slug":"residencias-lideram-autuacoes-da-saerp-por-irregularidades-em-ribeirao-veja-os-numeros","status":"publish","type":"post","link":"https:\/\/noticiasribeiraopreto.com.br\/index.php\/2025\/07\/06\/residencias-lideram-autuacoes-da-saerp-por-irregularidades-em-ribeirao-veja-os-numeros\/","title":{"rendered":"Resid\u00eancias lideram autua\u00e7\u00f5es da Saerp por irregularidades em Ribeir\u00e3o; Veja os n\u00fameros"},"content":{"rendered":"<div class='code-block code-block-1' style='margin: 8px 0 8px auto; text-align: right; display: block; clear: both;'>\n<p><a href=\"https:\/\/wa.link\/vpicfd\"><img data-recalc-dims=\"1\" class=\"wp-image-4922\" style=\"aspect-ratio: 2.0253164556962027; width: 561px; height: auto;\" src=\"https:\/\/i0.wp.com\/ismaelcolosi.com.br\/wp-content\/uploads\/2023\/11\/grupo-de-empregos-whatsapp-e-facebook-ismael-colosi-vagas.jpg?ssl=1\" alt=\"\" \/><\/a><\/p>\n<!-- \/wp:image -->\n<\/div>\n<p> <br \/>\n<\/p>\n<div>\n<p>A <strong>Saerp (Secret\u00e1ria de \u00e1gua e Esgoto de Ribeir\u00e3o Preto) <\/strong>informou que realizou <strong>699 autua\u00e7\u00f5es por irregularidades <\/strong>de janeiro a junho deste ano. A maioria, segundo o \u00f3rg\u00e3o, foi em <strong>resid\u00eancias<\/strong>.<\/p>\n<p>O balan\u00e7o das equipes de fiscaliza\u00e7\u00e3o da <strong>Saerp <\/strong>aponta que as <strong>resid\u00eancias <\/strong>concentram <strong>545 autua\u00e7\u00f5es<\/strong>, seguido por <strong>estabelecimentos comerciais<\/strong>, com <strong>117 multas<\/strong>, e<strong> im\u00f3veis de uso misto<\/strong>, com <strong>33 infra\u00e7\u00f5es<\/strong>. <mark style=\"background-color:#fcb900\" class=\"has-inline-color\">O valor das multas, contudo, n\u00e3o foi informado.<\/mark><\/p>\n<p>Entre as principais irregularidades est\u00e3o o <strong>n\u00e3o cumprimento de notifica\u00e7\u00f5es<\/strong>, uso de \u2018<strong>super\u00edm\u00e3s<\/strong>\u2019 para adulterar hidr\u00f4metros, <strong>equipamentos danificados ou travados<\/strong>, <strong>liga\u00e7\u00f5es irregulares ap\u00f3s corte<\/strong> no fornecimento e <strong>manipula\u00e7\u00e3o indevida<\/strong> de caixas ou cavaletes.<\/p>\n<h2 class=\"wp-block-heading\"><strong>Infra\u00e7\u00f5es graves<\/strong><\/h2>\n<p>Ainda de acordo com a <strong>Prefeitura de Ribeir\u00e3o Preto<\/strong>, infra\u00e7\u00f5es mais graves tamb\u00e9m foram identificadas pelas equipes de fiscaliza\u00e7\u00e3o, sendo:<\/p>\n<ul class=\"wp-block-list\">\n<li>34 casos de liga\u00e7\u00f5es clandestinas<\/li>\n<li>29 casos de instala\u00e7\u00e3o de bypass para desvio de medi\u00e7\u00e3o<\/li>\n<li>14 casos de impedimento \u00e0 fiscaliza\u00e7\u00e3o<\/li>\n<\/ul>\n<p>Al\u00e9m disso, foram constatadas ainda <strong>14 situa\u00e7\u00f5es de adultera\u00e7\u00e3o proposital de hidr\u00f4metros<\/strong>, com equipamentos invertidos.<\/p>\n<p>\u201cO setor comercial tamb\u00e9m foi alvo de fiscaliza\u00e7\u00e3o, com 117 infra\u00e7\u00f5es, cujo destaque s\u00e3o de sal\u00f5es, que somam 62 multas, restaurantes e bares, com 28 multas, al\u00e9m de casas de repouso, oficinas, sal\u00f5es de beleza, lava-r\u00e1pidos, cl\u00ednicas veterin\u00e1rias, academias e escolas\u201d.<\/p>\n<h2 class=\"wp-block-heading\"><strong>Den\u00fancias<\/strong><\/h2>\n<p>Den\u00fancias de fraudes ou irregularidades podem ser feitas de forma an\u00f4nima pelo <strong>Canal de Atendimento<\/strong> no telefone 0800 115 0 115.<\/p>\n<hr class=\"wp-block-separator has-alpha-channel-opacity\"\/>\n<p>SAIBA MAIS<\/p>\n<p>C\u00e2mara de Ribeir\u00e3o Preto aprova LDO para or\u00e7amento de 2026; Saiba detalhes da proposta<\/p>\n<h2 class=\"wp-block-heading\"><strong>FIQUE ON<\/strong><\/h2>\n<p>Quer ficar por dentro de tudo que acontece em Ribeir\u00e3o Preto e regi\u00e3o? Ent\u00e3o siga os perfis do\u202facidade on\u202fno\u202f<a href=\"https:\/\/www.instagram.com\/acidadeonribeirao\" target=\"_blank\" rel=\"noreferrer noopener\">Instagram<\/a>\u202fe no\u202f<a href=\"https:\/\/www.facebook.com\/acidadeonribeirao\/\" target=\"_blank\" rel=\"noreferrer noopener\">Facebook<\/a>.<\/p>\n<p>Al\u00e9m disso, voc\u00ea pode receber as principais not\u00edcias diretamente no WhatsApp. Para isso, basta\u00a0<a href=\"https:\/\/chat.whatsapp.com\/BjKQZ9oJwlz8VVT50NuePq\" target=\"_blank\" rel=\"noreferrer noopener\">entrar no grupo clicando aqui<\/a>.<\/p>\n<p>Por fim, se quiser fazer uma den\u00fancia ou sugerir uma reportagem sobre Ribeir\u00e3o Preto e regi\u00e3o, envie uma mensagem pelo WhatsApp: (16) 99117-7802.<\/p>\n<p>VEJA TAMB\u00c9M<\/p>\n<p><!-- AI CONTENT END 1 -->\n<\/div>\n<p><script async src=\"\/\/www.instagram.com\/embed.js\"><\/script><br \/>\n<br \/><br \/>\n<br \/><a href=\"https:\/\/www.acidadeon.com\/ribeiraopreto\/cotidiano\/residencias-lideram-autuacoes-da-saerp-por-irregularidades-em-ribeirao-veja-os-numeros\/\">Source link <\/a><\/p>\n<!-- CONTENT END 1 -->\n","protected":false},"excerpt":{"rendered":"<p>A Saerp (Secret\u00e1ria de \u00e1gua e Esgoto de Ribeir\u00e3o Preto) informou que realizou 699 autua\u00e7\u00f5es por irregularidades de janeiro a junho deste ano. A maioria,&#8230;<\/p>\n","protected":false},"author":1,"featured_media":73645,"comment_status":"open","ping_status":"open","sticky":false,"template":"","format":"standard","meta":{"advanced_seo_description":"","jetpack_seo_html_title":"","jetpack_seo_noindex":false,"jetpack_post_was_ever_published":false,"_jetpack_newsletter_access":"","_jetpack_dont_email_post_to_subs":false,"_jetpack_newsletter_tier_id":0,"_jetpack_memberships_contains_paywalled_content":false,"_jetpack_memberships_contains_paid_content":false,"footnotes":"","jetpack_publicize_message":"","jetpack_publicize_feature_enabled":true,"jetpack_social_post_already_shared":true,"jetpack_social_options":{"image_generator_settings":{"template":"highway","default_image_id":0,"font":"","enabled":false},"version":2}},"categories":[11],"tags":[],"class_list":["post-73644","post","type-post","status-publish","format-standard","has-post-thumbnail","hentry","category-noticias-de-ribeirao-preto-sp-e-regiao-ismael-colosi"],"jetpack_publicize_connections":[],"jetpack_featured_media_url":"https:\/\/i0.wp.com\/noticiasribeiraopreto.com.br\/wp-content\/uploads\/2025\/07\/a.ok_.balancofiscalizacao_1_1_2025-07-06_18-31-00.webp.webp?fit=1000%2C666&ssl=1","jetpack-related-posts":[{"id":84293,"url":"https:\/\/noticiasribeiraopreto.com.br\/index.php\/2026\/04\/07\/saerp-faz-360-autuacoes-por-fraudes\/","url_meta":{"origin":73644,"position":0},"title":"Saerp faz 360 autua\u00e7\u00f5es por fraudes","author":"noticiasribeiraopreto.com.br","date":"7 de April de 2026","format":false,"excerpt":"Uso de \u201csuper\u00edm\u00e3s\u201d para adulterar hidr\u00f4metros e o descumprimento de notifica\u00e7\u00f5es lideram as infra\u00e7\u00f5es entre janeiro e mar\u00e7o A Secretaria de \u00c1gua e Esgoto de Ribeir\u00e3o Preto (Saerp) fez 360 autua\u00e7\u00f5es entre os meses de janeiro e mar\u00e7o deste ano, referentes a diversas infra\u00e7\u00f5es que podem comprometer o sistema de\u2026","rel":"","context":"In &quot;Not\u00edcias de Ribeir\u00e3o Preto-SP e Regi\u00e3o&quot;","block_context":{"text":"Not\u00edcias de Ribeir\u00e3o Preto-SP e Regi\u00e3o","link":"https:\/\/noticiasribeiraopreto.com.br\/index.php\/category\/noticias-de-ribeirao-preto-sp-e-regiao-ismael-colosi\/"},"img":{"alt_text":"","src":"https:\/\/i0.wp.com\/noticiasribeiraopreto.com.br\/wp-content\/uploads\/2026\/04\/Saerp-Divulgacao-scaled.jpg?fit=1170%2C780&ssl=1&resize=350%2C200","width":350,"height":200,"srcset":"https:\/\/i0.wp.com\/noticiasribeiraopreto.com.br\/wp-content\/uploads\/2026\/04\/Saerp-Divulgacao-scaled.jpg?fit=1170%2C780&ssl=1&resize=350%2C200 1x, https:\/\/i0.wp.com\/noticiasribeiraopreto.com.br\/wp-content\/uploads\/2026\/04\/Saerp-Divulgacao-scaled.jpg?fit=1170%2C780&ssl=1&resize=525%2C300 1.5x, https:\/\/i0.wp.com\/noticiasribeiraopreto.com.br\/wp-content\/uploads\/2026\/04\/Saerp-Divulgacao-scaled.jpg?fit=1170%2C780&ssl=1&resize=700%2C400 2x, https:\/\/i0.wp.com\/noticiasribeiraopreto.com.br\/wp-content\/uploads\/2026\/04\/Saerp-Divulgacao-scaled.jpg?fit=1170%2C780&ssl=1&resize=1050%2C600 3x"},"classes":[]},{"id":84268,"url":"https:\/\/noticiasribeiraopreto.com.br\/index.php\/2026\/04\/06\/ribeirao-preto-registra-mais-de-300-autuacoes-por-irregularidades-na-agua\/","url_meta":{"origin":73644,"position":1},"title":"Ribeir\u00e3o Preto registra mais de 300 autua\u00e7\u00f5es por irregularidades na \u00e1gua","author":"noticiasribeiraopreto.com.br","date":"6 de April de 2026","format":false,"excerpt":"Ler o resumo da not\u00edcia Ribeir\u00e3o Preto registra mais de 300 autua\u00e7\u00f5es por irregularidades na \u00e1gua Ribeir\u00e3o Preto contabilizou 360 autua\u00e7\u00f5es entre janeiro e mar\u00e7o deste ano por infra\u00e7\u00f5es que podem comprometer o sistema de abastecimento de \u00e1gua. Os dados fazem parte de um balan\u00e7o trimestral das a\u00e7\u00f5es de fiscaliza\u00e7\u00e3o\u2026","rel":"","context":"In &quot;Not\u00edcias de Ribeir\u00e3o Preto-SP e Regi\u00e3o&quot;","block_context":{"text":"Not\u00edcias de Ribeir\u00e3o Preto-SP e Regi\u00e3o","link":"https:\/\/noticiasribeiraopreto.com.br\/index.php\/category\/noticias-de-ribeirao-preto-sp-e-regiao-ismael-colosi\/"},"img":{"alt_text":"","src":"https:\/\/i0.wp.com\/noticiasribeiraopreto.com.br\/wp-content\/uploads\/2026\/04\/balanco_fiscalizacao_0206_2026-04-06_18-09-44.webp.webp?fit=1200%2C800&ssl=1&resize=350%2C200","width":350,"height":200,"srcset":"https:\/\/i0.wp.com\/noticiasribeiraopreto.com.br\/wp-content\/uploads\/2026\/04\/balanco_fiscalizacao_0206_2026-04-06_18-09-44.webp.webp?fit=1200%2C800&ssl=1&resize=350%2C200 1x, https:\/\/i0.wp.com\/noticiasribeiraopreto.com.br\/wp-content\/uploads\/2026\/04\/balanco_fiscalizacao_0206_2026-04-06_18-09-44.webp.webp?fit=1200%2C800&ssl=1&resize=525%2C300 1.5x, https:\/\/i0.wp.com\/noticiasribeiraopreto.com.br\/wp-content\/uploads\/2026\/04\/balanco_fiscalizacao_0206_2026-04-06_18-09-44.webp.webp?fit=1200%2C800&ssl=1&resize=700%2C400 2x, https:\/\/i0.wp.com\/noticiasribeiraopreto.com.br\/wp-content\/uploads\/2026\/04\/balanco_fiscalizacao_0206_2026-04-06_18-09-44.webp.webp?fit=1200%2C800&ssl=1&resize=1050%2C600 3x"},"classes":[]},{"id":77049,"url":"https:\/\/noticiasribeiraopreto.com.br\/index.php\/2025\/09\/10\/restaurante-japones-na-zona-sul-e-multado-por-furto-de-agua\/","url_meta":{"origin":73644,"position":2},"title":"Restaurante japon\u00eas na Zona Sul \u00e9 multado por furto de \u00e1gua","author":"noticiasribeiraopreto.com.br","date":"10 de September de 2025","format":false,"excerpt":"10 de setembro de 2025 17:406 Compartilhar0 Esta foi a segunda irregularidade cometida pelo estabelecimento A Prefeitura de Ribeir\u00e3o Preto, por meio da Secretaria de \u00c1gua e Esgoto (Saerp), multou um restaurante japon\u00eas localizado no bairro Jardim Bot\u00e2nico, zona sul da cidade, por furto de \u00e1gua. O flagrante ocorreu no\u2026","rel":"","context":"In &quot;Not\u00edcias de Ribeir\u00e3o Preto-SP e Regi\u00e3o&quot;","block_context":{"text":"Not\u00edcias de Ribeir\u00e3o Preto-SP e Regi\u00e3o","link":"https:\/\/noticiasribeiraopreto.com.br\/index.php\/category\/noticias-de-ribeirao-preto-sp-e-regiao-ismael-colosi\/"},"img":{"alt_text":"","src":"https:\/\/i0.wp.com\/noticiasribeiraopreto.com.br\/wp-content\/uploads\/2025\/09\/furto_agua_01-scaled.jpg?fit=1171%2C780&ssl=1&resize=350%2C200","width":350,"height":200,"srcset":"https:\/\/i0.wp.com\/noticiasribeiraopreto.com.br\/wp-content\/uploads\/2025\/09\/furto_agua_01-scaled.jpg?fit=1171%2C780&ssl=1&resize=350%2C200 1x, https:\/\/i0.wp.com\/noticiasribeiraopreto.com.br\/wp-content\/uploads\/2025\/09\/furto_agua_01-scaled.jpg?fit=1171%2C780&ssl=1&resize=525%2C300 1.5x, https:\/\/i0.wp.com\/noticiasribeiraopreto.com.br\/wp-content\/uploads\/2025\/09\/furto_agua_01-scaled.jpg?fit=1171%2C780&ssl=1&resize=700%2C400 2x, https:\/\/i0.wp.com\/noticiasribeiraopreto.com.br\/wp-content\/uploads\/2025\/09\/furto_agua_01-scaled.jpg?fit=1171%2C780&ssl=1&resize=1050%2C600 3x"},"classes":[]},{"id":77057,"url":"https:\/\/noticiasribeiraopreto.com.br\/index.php\/2025\/09\/10\/restaurante-da-zona-sul-de-ribeirao-preto-e-multado-por-furto-de-agua-entenda\/","url_meta":{"origin":73644,"position":3},"title":"Restaurante da zona sul de Ribeir\u00e3o Preto \u00e9 multado por furto de \u00e1gua; Entenda","author":"noticiasribeiraopreto.com.br","date":"10 de September de 2025","format":false,"excerpt":"Um restaurante de comida japonesa, localizado no Jardim Bot\u00e2nico, zona Sul de Ribeir\u00e3o Preto, foi multado por furto de \u00e1gua pela Saerp (Secretaria de \u00c1gua e Esgoto de Ribeir\u00e3o Preto). De acordo com a pasta, o flagrante ocorreu no in\u00edcio de setembro, durante uma fiscaliza\u00e7\u00e3o que constatou viola\u00e7\u00e3o no hidr\u00f4metro\u2026","rel":"","context":"In &quot;Not\u00edcias de Ribeir\u00e3o Preto-SP e Regi\u00e3o&quot;","block_context":{"text":"Not\u00edcias de Ribeir\u00e3o Preto-SP e Regi\u00e3o","link":"https:\/\/noticiasribeiraopreto.com.br\/index.php\/category\/noticias-de-ribeirao-preto-sp-e-regiao-ismael-colosi\/"},"img":{"alt_text":"","src":"https:\/\/i0.wp.com\/noticiasribeiraopreto.com.br\/wp-content\/uploads\/2025\/09\/furto_agua_01_2025-09-10_19-29-22.webp.webp?fit=1200%2C799&ssl=1&resize=350%2C200","width":350,"height":200,"srcset":"https:\/\/i0.wp.com\/noticiasribeiraopreto.com.br\/wp-content\/uploads\/2025\/09\/furto_agua_01_2025-09-10_19-29-22.webp.webp?fit=1200%2C799&ssl=1&resize=350%2C200 1x, https:\/\/i0.wp.com\/noticiasribeiraopreto.com.br\/wp-content\/uploads\/2025\/09\/furto_agua_01_2025-09-10_19-29-22.webp.webp?fit=1200%2C799&ssl=1&resize=525%2C300 1.5x, https:\/\/i0.wp.com\/noticiasribeiraopreto.com.br\/wp-content\/uploads\/2025\/09\/furto_agua_01_2025-09-10_19-29-22.webp.webp?fit=1200%2C799&ssl=1&resize=700%2C400 2x, https:\/\/i0.wp.com\/noticiasribeiraopreto.com.br\/wp-content\/uploads\/2025\/09\/furto_agua_01_2025-09-10_19-29-22.webp.webp?fit=1200%2C799&ssl=1&resize=1050%2C600 3x"},"classes":[]},{"id":82312,"url":"https:\/\/noticiasribeiraopreto.com.br\/index.php\/2026\/02\/10\/tres-suspeitos-sao-detidos-por-furto-de-agua-com-retroescavadeira-em-ribeirao-preto\/","url_meta":{"origin":73644,"position":4},"title":"Tr\u00eas suspeitos s\u00e3o detidos por furto de \u00e1gua com retroescavadeira em Ribeir\u00e3o Preto","author":"noticiasribeiraopreto.com.br","date":"10 de February de 2026","format":false,"excerpt":"Tr\u00eas homens foram detidos pela Guarda Civil Metropolitana (GCM) no s\u00e1bado (7), suspeitos de tentar furtar \u00e1gua da rede p\u00fablica em Ribeir\u00e3o Preto. De acordo com a GCM, o trio utilizou uma retroescavadeira e chegou a cortar o asfalto para tentar desviar \u00e1gua na rua Conselheiro Ferreira Viana, no bairro\u2026","rel":"","context":"In &quot;Not\u00edcias de Ribeir\u00e3o Preto-SP e Regi\u00e3o&quot;","block_context":{"text":"Not\u00edcias de Ribeir\u00e3o Preto-SP e Regi\u00e3o","link":"https:\/\/noticiasribeiraopreto.com.br\/index.php\/category\/noticias-de-ribeirao-preto-sp-e-regiao-ismael-colosi\/"},"img":{"alt_text":"","src":"https:\/\/i0.wp.com\/noticiasribeiraopreto.com.br\/wp-content\/uploads\/2026\/02\/furto_agua_01_2026-02-09_21-15-22.webp.webp?fit=1119%2C746&ssl=1&resize=350%2C200","width":350,"height":200,"srcset":"https:\/\/i0.wp.com\/noticiasribeiraopreto.com.br\/wp-content\/uploads\/2026\/02\/furto_agua_01_2026-02-09_21-15-22.webp.webp?fit=1119%2C746&ssl=1&resize=350%2C200 1x, https:\/\/i0.wp.com\/noticiasribeiraopreto.com.br\/wp-content\/uploads\/2026\/02\/furto_agua_01_2026-02-09_21-15-22.webp.webp?fit=1119%2C746&ssl=1&resize=525%2C300 1.5x, https:\/\/i0.wp.com\/noticiasribeiraopreto.com.br\/wp-content\/uploads\/2026\/02\/furto_agua_01_2026-02-09_21-15-22.webp.webp?fit=1119%2C746&ssl=1&resize=700%2C400 2x, https:\/\/i0.wp.com\/noticiasribeiraopreto.com.br\/wp-content\/uploads\/2026\/02\/furto_agua_01_2026-02-09_21-15-22.webp.webp?fit=1119%2C746&ssl=1&resize=1050%2C600 3x"},"classes":[]},{"id":63240,"url":"https:\/\/noticiasribeiraopreto.com.br\/index.php\/2025\/02\/06\/condominios-na-zona-sul-de-ribeirao-sao-multados-por-ligacoes-clandestinas-de-agua\/","url_meta":{"origin":73644,"position":5},"title":"Condom\u00ednios na zona Sul de Ribeir\u00e3o s\u00e3o multados por liga\u00e7\u00f5es clandestinas de \u00e1gua","author":"noticiasribeiraopreto.com.br","date":"6 de February de 2025","format":false,"excerpt":"Em janeiro deste ano, durante vistorias realizadas pelos fiscais da Saerp (Secretaria de \u00c1gua e Esgoto de Ribeir\u00e3o Preto), foram encontradas 10 liga\u00e7\u00f5es clandestinas de \u00e1gua em \u00e1reas verdes de condom\u00ednios na zona Sul da cidade. As irregularidades foram encontradas em pontos de \u00e1gua n\u00e3o hidrometrados, incluindo sete torneiras e\u2026","rel":"","context":"In &quot;Not\u00edcias de Ribeir\u00e3o Preto-SP e Regi\u00e3o&quot;","block_context":{"text":"Not\u00edcias de Ribeir\u00e3o Preto-SP e Regi\u00e3o","link":"https:\/\/noticiasribeiraopreto.com.br\/index.php\/category\/noticias-de-ribeirao-preto-sp-e-regiao-ismael-colosi\/"},"img":{"alt_text":"","src":"https:\/\/i0.wp.com\/noticiasribeiraopreto.com.br\/wp-content\/uploads\/2024\/07\/Copia-de-Copia-de-TAMANHO-EXATO-PARA-FOTOS-NO-SISTEMA-NOVO-11_2024-07-29_20-40-13_jpg_2024-07-29_20-40-13.webp.webp?fit=1200%2C675&ssl=1&resize=350%2C200","width":350,"height":200,"srcset":"https:\/\/i0.wp.com\/noticiasribeiraopreto.com.br\/wp-content\/uploads\/2024\/07\/Copia-de-Copia-de-TAMANHO-EXATO-PARA-FOTOS-NO-SISTEMA-NOVO-11_2024-07-29_20-40-13_jpg_2024-07-29_20-40-13.webp.webp?fit=1200%2C675&ssl=1&resize=350%2C200 1x, https:\/\/i0.wp.com\/noticiasribeiraopreto.com.br\/wp-content\/uploads\/2024\/07\/Copia-de-Copia-de-TAMANHO-EXATO-PARA-FOTOS-NO-SISTEMA-NOVO-11_2024-07-29_20-40-13_jpg_2024-07-29_20-40-13.webp.webp?fit=1200%2C675&ssl=1&resize=525%2C300 1.5x, https:\/\/i0.wp.com\/noticiasribeiraopreto.com.br\/wp-content\/uploads\/2024\/07\/Copia-de-Copia-de-TAMANHO-EXATO-PARA-FOTOS-NO-SISTEMA-NOVO-11_2024-07-29_20-40-13_jpg_2024-07-29_20-40-13.webp.webp?fit=1200%2C675&ssl=1&resize=700%2C400 2x, https:\/\/i0.wp.com\/noticiasribeiraopreto.com.br\/wp-content\/uploads\/2024\/07\/Copia-de-Copia-de-TAMANHO-EXATO-PARA-FOTOS-NO-SISTEMA-NOVO-11_2024-07-29_20-40-13_jpg_2024-07-29_20-40-13.webp.webp?fit=1200%2C675&ssl=1&resize=1050%2C600 3x"},"classes":[]}],"jetpack_sharing_enabled":true,"jetpack_shortlink":"https:\/\/wp.me\/peQAOb-j9O","_links":{"self":[{"href":"https:\/\/noticiasribeiraopreto.com.br\/index.php\/wp-json\/wp\/v2\/posts\/73644","targetHints":{"allow":["GET"]}}],"collection":[{"href":"https:\/\/noticiasribeiraopreto.com.br\/index.php\/wp-json\/wp\/v2\/posts"}],"about":[{"href":"https:\/\/noticiasribeiraopreto.com.br\/index.php\/wp-json\/wp\/v2\/types\/post"}],"author":[{"embeddable":true,"href":"https:\/\/noticiasribeiraopreto.com.br\/index.php\/wp-json\/wp\/v2\/users\/1"}],"replies":[{"embeddable":true,"href":"https:\/\/noticiasribeiraopreto.com.br\/index.php\/wp-json\/wp\/v2\/comments?post=73644"}],"version-history":[{"count":0,"href":"https:\/\/noticiasribeiraopreto.com.br\/index.php\/wp-json\/wp\/v2\/posts\/73644\/revisions"}],"wp:featuredmedia":[{"embeddable":true,"href":"https:\/\/noticiasribeiraopreto.com.br\/index.php\/wp-json\/wp\/v2\/media\/73645"}],"wp:attachment":[{"href":"https:\/\/noticiasribeiraopreto.com.br\/index.php\/wp-json\/wp\/v2\/media?parent=73644"}],"wp:term":[{"taxonomy":"category","embeddable":true,"href":"https:\/\/noticiasribeiraopreto.com.br\/index.php\/wp-json\/wp\/v2\/categories?post=73644"},{"taxonomy":"post_tag","embeddable":true,"href":"https:\/\/noticiasribeiraopreto.com.br\/index.php\/wp-json\/wp\/v2\/tags?post=73644"}],"curies":[{"name":"wp","href":"https:\/\/api.w.org\/{rel}","templated":true}]}}