{"id":73646,"date":"2025-07-06T20:53:57","date_gmt":"2025-07-06T23:53:57","guid":{"rendered":"https:\/\/noticiasribeiraopreto.com.br\/index.php\/2025\/07\/06\/botafogo-domina-mas-empata-com-novorizontino\/"},"modified":"2025-07-06T20:53:57","modified_gmt":"2025-07-06T23:53:57","slug":"botafogo-domina-mas-empata-com-novorizontino","status":"publish","type":"post","link":"https:\/\/noticiasribeiraopreto.com.br\/index.php\/2025\/07\/06\/botafogo-domina-mas-empata-com-novorizontino\/","title":{"rendered":"Botafogo domina, mas empata com Novorizontino"},"content":{"rendered":"<div class='code-block code-block-1' style='margin: 8px 0 8px auto; text-align: right; display: block; clear: both;'>\n<p><a href=\"https:\/\/wa.link\/vpicfd\"><img data-recalc-dims=\"1\" class=\"wp-image-4922\" style=\"aspect-ratio: 2.0253164556962027; width: 561px; height: auto;\" src=\"https:\/\/i0.wp.com\/ismaelcolosi.com.br\/wp-content\/uploads\/2023\/11\/grupo-de-empregos-whatsapp-e-facebook-ismael-colosi-vagas.jpg?ssl=1\" alt=\"\" \/><\/a><\/p>\n<!-- \/wp:image -->\n<\/div>\n<p> <br \/>\n<\/p>\n<div id=\"\">\n<h2 class=\"penci-post-subtitle\">Pantera finaliza mais, mas n\u00e3o sai do zero em casa<\/h2>\n<p>\n\t\t\t\t\t\t\t\t\t<span class=\"entry-meta-item penci-posted-on\"><i class=\"fa fa-clock-o\"\/><time class=\"entry-date published\" datetime=\"2025-07-06T20:49:01-03:00\">6 de julho de 2025 20:49<\/time><time class=\"updated\" datetime=\"2025-07-06T20:50:05-03:00\">6 de julho de 2025 20:50<\/time><\/span><span class=\"entry-meta-item penci-post-countview\"><span class=\"entry-meta-item penci-post-countview penci_post-meta_item\"><i class=\"fa fa-eye\"\/><span class=\"penci-post-countview-number penci-post-countview-p430707\">7<\/span><\/span><\/span>\t\t\t\t\t\t\t\t<\/p>\n<p><!-- .entry-meta --><br \/>\n\t\t\t\t\t\t\t\t<span class=\"penci-social-buttons penci-social-share-footer\"><span class=\"penci-social-share-text\">Compartilhar<\/span><a href=\"#\" class=\"penci-post-like penci_post-meta_item  single-like-button penci-social-item like\" data-post_id=\"430707\" title=\"Like\" data-like=\"Like\" data-unlike=\"Unlike\"><i class=\"fa fa-thumbs-o-up\"\/><span class=\"penci-share-number\">1<\/span><\/a><i class=\"fa fa-facebook\"\/><a class=\"penci-social-item twitter\" target=\"_blank\" rel=\"noopener\" title=\"\" href=\"https:\/\/twitter.com\/intent\/tweet?text=Botafogo%20domina,%20mas%20empata%20com%20Novorizontino%20-%20https:\/\/www.tribunaribeirao.com.br\/botafogo-domina-mas-empata-com-novorizontino\/\"><i class=\"fa fa-twitter\"\/><\/a><i class=\"fa fa-linkedin\"\/><i class=\"fa fa-whatsapp\"\/><i class=\"fa fa-telegram\"\/><i class=\"fa fa-envelope\"\/><\/span>\t\t\t\t\t\t\t<\/div>\n<div>\n<p><em><strong>Por Hugo Luque<\/strong><\/em><\/p>\n<p>Posse de bola, troca de passes, dom\u00ednio das a\u00e7\u00f5es e mais finaliza\u00e7\u00f5es. Cada vez mais com a cara do t\u00e9cnico Allan Aal, o Botafogo ficou no empate em 0 a 0 com o Novorizontino, neste domingo (6), apesar da boa partida no Est\u00e1dio Santa Cruz\/Arena Nicnet.<\/p>\n<p>O duelo, v\u00e1lido pela 15\u00aa rodada da S\u00e9rie B do Campeonato Brasileiro, deu a impress\u00e3o de que o Pantera estava acima na tabela. Entretanto, \u00e9 o Novorizontino que briga pelo acesso e at\u00e9 mesmo pelo t\u00edtulo, enquanto os ribeir\u00e3o-pretanos fogem do rebaixamento. Faltou concluir em gol.<\/p>\n<p>Ao todo, foram 18 finaliza\u00e7\u00f5es tricolores, seis na dire\u00e7\u00e3o do gol, contra tr\u00eas aurinegras, duas delas no rumo da meta de Victor Souza.<\/p>\n<p>O resultado mant\u00e9m o Botafogo fora da zona de rebaixamento, com 17 pontos, agora na 15\u00aa posi\u00e7\u00e3o, enquanto o Novorizontino estacionou em terceiro, com 27. Na pr\u00f3xima rodada, o advers\u00e1rio \u00e9 o Volta Redonda, rival direto na luta contra o descenso, \u00e0s 21h30 do dia 14, novamente em Ribeir\u00e3o.<\/p>\n<p>Antes, o \u201ctime B\u201d do Pantera busca a recupera\u00e7\u00e3o na Copa Paulista, nesta quarta-feira, \u00e0s 15h, no Sant\u00e3o, contra a Itapirense.<\/p>\n<p><strong>O jogo<\/strong><\/p>\n<p>Os 2.231 torcedores que foram ao Santa Cruz na noite fria de inverno viram o Bota \u201cpegar fogo\u201d desde o in\u00edcio. Com um minuto, Leandro Maciel deixou Jefferson Nem na cara do gol, mas a primeira chance foi desperdi\u00e7ada quando o ponta parou no goleiro. O Novorizontino pouco chegava ao ataque e precisava contar com tentativas de longe, mas Victor Souza demonstrou seguran\u00e7a quando necess\u00e1rio.<\/p>\n<p>Diferente dos \u00faltimos t\u00e9cnicos, Aal tem apostado na ofensividade. Prova disso foi, mais uma vez, a entrada de Marquinho para fazer dupla na cria\u00e7\u00e3o de jogadas com Maciel. Os meias levaram perigo e tentaram colocar o Tigre do Vale contra as cordas, mas o segundo tempo foi menos agitado, com poucas oportunidades claras.<\/p>\n<p>Quem n\u00e3o fez quase levou na reta final, mas Robson parou em Victor Souza, novamente o her\u00f3i botafoguense. S\u00f3lida defensivamente, a equipe chegou a tr\u00eas jogos sem derrota e tamb\u00e9m sem levar gol.<\/p>\n<pre>Jornal Tribuna Ribeir\u00e3o&#13;\nUm Jornal com a cara de Ribeir\u00e3o!&#13;\nImpresso | WEB | Redes sociais&#13;\n&#13;\nTribuna Ribeir\u00e3o - Fone: (16) 3632-2200 - Whatsapp: (16) 98161-8743&#13;\nAv. Bar\u00e3o do Bananal, 880 - Jardim Anhanguera, Ribeir\u00e3o Preto&#13;\n&#13;\n@tribunaribeirao @jornaltribuna&#13;\n@jornaltribunaribeirao @jornalribeiraopreto&#13;\n@noticiasribeiraopreto @meiamaratona&#13;\n@meiamaratonainternacionalderibeiraopreto&#13;\n@meiamaratonatribunaribeirao&#13;\n&#13;\n#TribunaRibeir\u00e3o #News #Not\u00edcia #Ribeir\u00e3oPreto #Not\u00edciasDeRibeir\u00e3oPreto #ClassificadosTribunaRibeir\u00e3o #Jornalismo #ClassificadosRibeir\u00e3o<\/pre>\n<\/div>\n<p><script async src=\"\/\/platform.twitter.com\/widgets.js\" charset=\"utf-8\"><\/script><br \/>\n<br \/><br \/>\n<br \/><a href=\"https:\/\/www.tribunaribeirao.com.br\/botafogo-domina-mas-empata-com-novorizontino\/\">Source link <\/a><\/p>\n<!-- CONTENT END 1 -->\n","protected":false},"excerpt":{"rendered":"<p>Pantera finaliza mais, mas n\u00e3o sai do zero em casa 6 de julho de 2025 20:496 de julho de 2025 20:507 Compartilhar1 Por Hugo Luque&#8230;<\/p>\n","protected":false},"author":1,"featured_media":73647,"comment_status":"open","ping_status":"open","sticky":false,"template":"","format":"standard","meta":{"advanced_seo_description":"","jetpack_seo_html_title":"","jetpack_seo_noindex":false,"jetpack_post_was_ever_published":false,"_jetpack_newsletter_access":"","_jetpack_dont_email_post_to_subs":false,"_jetpack_newsletter_tier_id":0,"_jetpack_memberships_contains_paywalled_content":false,"_jetpack_memberships_contains_paid_content":false,"footnotes":"","jetpack_publicize_message":"","jetpack_publicize_feature_enabled":true,"jetpack_social_post_already_shared":true,"jetpack_social_options":{"image_generator_settings":{"template":"highway","default_image_id":0,"font":"","enabled":false},"version":2}},"categories":[11],"tags":[],"class_list":["post-73646","post","type-post","status-publish","format-standard","has-post-thumbnail","hentry","category-noticias-de-ribeirao-preto-sp-e-regiao-ismael-colosi"],"jetpack_publicize_connections":[],"jetpack_featured_media_url":"https:\/\/i0.wp.com\/noticiasribeiraopreto.com.br\/wp-content\/uploads\/2025\/07\/Botafogo-x-Novorizontino-Raul-Ramos-scaled.jpg?fit=2560%2C1708&ssl=1","jetpack-related-posts":[{"id":73283,"url":"https:\/\/noticiasribeiraopreto.com.br\/index.php\/2025\/06\/28\/museu-casa-de-portinari-tem-programacao-especial-nas-ferias-de-julho-confira\/","url_meta":{"origin":73646,"position":0},"title":"Museu Casa de Portinari tem programa\u00e7\u00e3o especial nas f\u00e9rias de julho; Confira","author":"noticiasribeiraopreto.com.br","date":"28 de June de 2025","format":false,"excerpt":"O Museu Casa de Portinari, em Brodowski, na regi\u00e3o de Ribeir\u00e3o Preto, oferece uma programa\u00e7\u00e3o especial de f\u00e9rias gratuita com oficinas, brincadeiras, jogos e espa\u00e7os de leitura. O projeto \u201cF\u00e9rias no Museu\u201d estimula a criatividade e aproxima as crian\u00e7as do universo art\u00edstico de Portinari. As atividades acontecem na esplanada do\u2026","rel":"","context":"In &quot;Not\u00edcias de Ribeir\u00e3o Preto-SP e Regi\u00e3o&quot;","block_context":{"text":"Not\u00edcias de Ribeir\u00e3o Preto-SP e Regi\u00e3o","link":"https:\/\/noticiasribeiraopreto.com.br\/index.php\/category\/noticias-de-ribeirao-preto-sp-e-regiao-ismael-colosi\/"},"img":{"alt_text":"","src":"https:\/\/i0.wp.com\/noticiasribeiraopreto.com.br\/wp-content\/uploads\/2025\/06\/5b6b7a56-6e5e-497d-8fe3-fe7aeed37d26_2025-06-28_17-41-04.webp.webp?fit=1200%2C728&ssl=1&resize=350%2C200","width":350,"height":200,"srcset":"https:\/\/i0.wp.com\/noticiasribeiraopreto.com.br\/wp-content\/uploads\/2025\/06\/5b6b7a56-6e5e-497d-8fe3-fe7aeed37d26_2025-06-28_17-41-04.webp.webp?fit=1200%2C728&ssl=1&resize=350%2C200 1x, https:\/\/i0.wp.com\/noticiasribeiraopreto.com.br\/wp-content\/uploads\/2025\/06\/5b6b7a56-6e5e-497d-8fe3-fe7aeed37d26_2025-06-28_17-41-04.webp.webp?fit=1200%2C728&ssl=1&resize=525%2C300 1.5x, https:\/\/i0.wp.com\/noticiasribeiraopreto.com.br\/wp-content\/uploads\/2025\/06\/5b6b7a56-6e5e-497d-8fe3-fe7aeed37d26_2025-06-28_17-41-04.webp.webp?fit=1200%2C728&ssl=1&resize=700%2C400 2x, https:\/\/i0.wp.com\/noticiasribeiraopreto.com.br\/wp-content\/uploads\/2025\/06\/5b6b7a56-6e5e-497d-8fe3-fe7aeed37d26_2025-06-28_17-41-04.webp.webp?fit=1200%2C728&ssl=1&resize=1050%2C600 3x"},"classes":[]},{"id":54137,"url":"https:\/\/noticiasribeiraopreto.com.br\/index.php\/2024\/06\/29\/governo-anuncia-3-beneficios-do-bolsa-familia-em-julho-com-pagamentos-juntos-confira\/","url_meta":{"origin":73646,"position":1},"title":"Governo Anuncia 3 Benef\u00edcios do Bolsa Fam\u00edlia em JULHO com Pagamentos Juntos; Confira!","author":"noticiasribeiraopreto.com.br","date":"29 de June de 2024","format":false,"excerpt":"O Governo Federal anunciou recentemente que implementar\u00e1 tr\u00eas novos benef\u00edcios dentro do programa Bolsa Fam\u00edlia, que tem lan\u00e7amento previsto para Julho. Esses acr\u00e9scimos visam fornecer apoio financeiro adicional \u00e0s fam\u00edlias de baixa renda, com foco em crian\u00e7as pequenas, adolescentes e gestantes. O pagamento desses novos benef\u00edcios ser\u00e1 feito ao mesmo\u2026","rel":"","context":"In &quot;Dinheiro e Investimento&quot;","block_context":{"text":"Dinheiro e Investimento","link":"https:\/\/noticiasribeiraopreto.com.br\/index.php\/category\/dinheiro-e-investimento-como-fazer-como-ganhar\/"},"img":{"alt_text":"","src":"https:\/\/i0.wp.com\/noticiasribeiraopreto.com.br\/wp-content\/uploads\/2024\/06\/www.Financasbrasil.org-1-1.webp.webp?fit=1200%2C630&ssl=1&resize=350%2C200","width":350,"height":200,"srcset":"https:\/\/i0.wp.com\/noticiasribeiraopreto.com.br\/wp-content\/uploads\/2024\/06\/www.Financasbrasil.org-1-1.webp.webp?fit=1200%2C630&ssl=1&resize=350%2C200 1x, https:\/\/i0.wp.com\/noticiasribeiraopreto.com.br\/wp-content\/uploads\/2024\/06\/www.Financasbrasil.org-1-1.webp.webp?fit=1200%2C630&ssl=1&resize=525%2C300 1.5x, https:\/\/i0.wp.com\/noticiasribeiraopreto.com.br\/wp-content\/uploads\/2024\/06\/www.Financasbrasil.org-1-1.webp.webp?fit=1200%2C630&ssl=1&resize=700%2C400 2x, https:\/\/i0.wp.com\/noticiasribeiraopreto.com.br\/wp-content\/uploads\/2024\/06\/www.Financasbrasil.org-1-1.webp.webp?fit=1200%2C630&ssl=1&resize=1050%2C600 3x"},"classes":[]},{"id":17918,"url":"https:\/\/noticiasribeiraopreto.com.br\/index.php\/2023\/12\/19\/utm_sourcerssutm_mediumrssutm_campaignbandido-que-esfaqueou-e-roubou-taxista-em-julho-e-condenado-a-mais-de-20-anos-de-cadeia-em-ribeirao-preto\/","url_meta":{"origin":73646,"position":2},"title":"Bandido que esfaqueou e roubou taxista em julho \u00e9 condenado a mais de 20 anos de CADEIA em Ribeir\u00e3o Preto \u2013 X Tudo Ribeir\u00e3o","author":"noticiasribeiraopreto.com.br","date":"19 de December de 2023","format":false,"excerpt":"A Justi\u00e7a condenou na \u00faltima sexta-feira (15\/12), a mais de 20 anos de CADEIA o bandido que roubou e esfaqueou um taxista de 76 anos, no m\u00eas de julho, pr\u00f3ximo da mini-rodovi\u00e1ria no Jardim Paulista, em Ribeir\u00e3o Preto.\u00a0 Segundo informa\u00e7\u00f5es apuradas pela reportagem do X Tudo Ribeir\u00e3o, o bandido identificado\u2026","rel":"","context":"In &quot;Not\u00edcias de Ribeir\u00e3o Preto-SP e Regi\u00e3o&quot;","block_context":{"text":"Not\u00edcias de Ribeir\u00e3o Preto-SP e Regi\u00e3o","link":"https:\/\/noticiasribeiraopreto.com.br\/index.php\/category\/noticias-de-ribeirao-preto-sp-e-regiao-ismael-colosi\/"},"img":{"alt_text":"","src":"https:\/\/i0.wp.com\/noticiasribeiraopreto.com.br\/wp-content\/uploads\/2023\/12\/WhatsApp-Image-2023-12-19-at-10.42.54.jpeg?fit=1200%2C918&ssl=1&resize=350%2C200","width":350,"height":200,"srcset":"https:\/\/i0.wp.com\/noticiasribeiraopreto.com.br\/wp-content\/uploads\/2023\/12\/WhatsApp-Image-2023-12-19-at-10.42.54.jpeg?fit=1200%2C918&ssl=1&resize=350%2C200 1x, https:\/\/i0.wp.com\/noticiasribeiraopreto.com.br\/wp-content\/uploads\/2023\/12\/WhatsApp-Image-2023-12-19-at-10.42.54.jpeg?fit=1200%2C918&ssl=1&resize=525%2C300 1.5x, https:\/\/i0.wp.com\/noticiasribeiraopreto.com.br\/wp-content\/uploads\/2023\/12\/WhatsApp-Image-2023-12-19-at-10.42.54.jpeg?fit=1200%2C918&ssl=1&resize=700%2C400 2x, https:\/\/i0.wp.com\/noticiasribeiraopreto.com.br\/wp-content\/uploads\/2023\/12\/WhatsApp-Image-2023-12-19-at-10.42.54.jpeg?fit=1200%2C918&ssl=1&resize=1050%2C600 3x"},"classes":[]},{"id":18395,"url":"https:\/\/noticiasribeiraopreto.com.br\/index.php\/2023\/12\/20\/prefeitura-de-ribeirao-preto-vai-fazer-nova-licitacao-para-obra-da-nove-de-julho\/","url_meta":{"origin":73646,"position":3},"title":"Prefeitura de Ribeir\u00e3o Preto vai fazer nova licita\u00e7\u00e3o para obra da Nove de Julho","author":"noticiasribeiraopreto.com.br","date":"20 de December de 2023","format":false,"excerpt":"A Prefeitura de Ribeir\u00e3o Preto vai precisar fazer uma nova licita\u00e7\u00e3o para concluir a obra da avenida Nove de Julho, na regi\u00e3o central da cidade. A Construtora Metropolitana, que venceu a primeira licita\u00e7\u00e3o j\u00e1 foi, inclusive, multada pela Prefeitura de Ribeir\u00e3o Preto por n\u00e3o respeitar o cronograma \u2013 contrato tamb\u00e9m\u2026","rel":"","context":"In &quot;Not\u00edcias de Ribeir\u00e3o Preto-SP e Regi\u00e3o&quot;","block_context":{"text":"Not\u00edcias de Ribeir\u00e3o Preto-SP e Regi\u00e3o","link":"https:\/\/noticiasribeiraopreto.com.br\/index.php\/category\/noticias-de-ribeirao-preto-sp-e-regiao-ismael-colosi\/"},"img":{"alt_text":"","src":"https:\/\/i0.wp.com\/noticiasribeiraopreto.com.br\/wp-content\/uploads\/2023\/12\/WhatsApp-Image-2023-12-20-at-10.47.41.jpeg?fit=1200%2C675&ssl=1&resize=350%2C200","width":350,"height":200,"srcset":"https:\/\/i0.wp.com\/noticiasribeiraopreto.com.br\/wp-content\/uploads\/2023\/12\/WhatsApp-Image-2023-12-20-at-10.47.41.jpeg?fit=1200%2C675&ssl=1&resize=350%2C200 1x, https:\/\/i0.wp.com\/noticiasribeiraopreto.com.br\/wp-content\/uploads\/2023\/12\/WhatsApp-Image-2023-12-20-at-10.47.41.jpeg?fit=1200%2C675&ssl=1&resize=525%2C300 1.5x, https:\/\/i0.wp.com\/noticiasribeiraopreto.com.br\/wp-content\/uploads\/2023\/12\/WhatsApp-Image-2023-12-20-at-10.47.41.jpeg?fit=1200%2C675&ssl=1&resize=700%2C400 2x, https:\/\/i0.wp.com\/noticiasribeiraopreto.com.br\/wp-content\/uploads\/2023\/12\/WhatsApp-Image-2023-12-20-at-10.47.41.jpeg?fit=1200%2C675&ssl=1&resize=1050%2C600 3x"},"classes":[]},{"id":74243,"url":"https:\/\/noticiasribeiraopreto.com.br\/index.php\/2025\/07\/18\/hc-ribeirao-preto-abre-concurso-publico-com-14-vagas-veja-como-participar\/","url_meta":{"origin":73646,"position":4},"title":"HC Ribeir\u00e3o Preto abre concurso p\u00fablico com 14 vagas; Veja como participar","author":"noticiasribeiraopreto.com.br","date":"18 de July de 2025","format":false,"excerpt":"O Hospital das Cl\u00ednicas de Ribeir\u00e3o Preto abriu concurso p\u00fablico com 14 vagas de n\u00edvel superior. Os sal\u00e1rios variam entre R$ 2,9 mil e R$ 5,9 mil para jornadas de 20 horas e 30 horas. Confira as oportunidades e como se inscrever. Veja as vagas Edital 38\/2025 1 vaga para\u2026","rel":"","context":"In &quot;Not\u00edcias de Ribeir\u00e3o Preto-SP e Regi\u00e3o&quot;","block_context":{"text":"Not\u00edcias de Ribeir\u00e3o Preto-SP e Regi\u00e3o","link":"https:\/\/noticiasribeiraopreto.com.br\/index.php\/category\/noticias-de-ribeirao-preto-sp-e-regiao-ismael-colosi\/"},"img":{"alt_text":"","src":"https:\/\/i0.wp.com\/noticiasribeiraopreto.com.br\/wp-content\/uploads\/2025\/07\/Copia-de-Copia-de-TAMANHO-EXATO-PARA-FOTOS-NO-SISTEMA-NOVO_2024-07-10_14-29-47_jpg_2024-07-10_14-29-47.webp.webp?fit=1200%2C675&ssl=1&resize=350%2C200","width":350,"height":200,"srcset":"https:\/\/i0.wp.com\/noticiasribeiraopreto.com.br\/wp-content\/uploads\/2025\/07\/Copia-de-Copia-de-TAMANHO-EXATO-PARA-FOTOS-NO-SISTEMA-NOVO_2024-07-10_14-29-47_jpg_2024-07-10_14-29-47.webp.webp?fit=1200%2C675&ssl=1&resize=350%2C200 1x, https:\/\/i0.wp.com\/noticiasribeiraopreto.com.br\/wp-content\/uploads\/2025\/07\/Copia-de-Copia-de-TAMANHO-EXATO-PARA-FOTOS-NO-SISTEMA-NOVO_2024-07-10_14-29-47_jpg_2024-07-10_14-29-47.webp.webp?fit=1200%2C675&ssl=1&resize=525%2C300 1.5x, https:\/\/i0.wp.com\/noticiasribeiraopreto.com.br\/wp-content\/uploads\/2025\/07\/Copia-de-Copia-de-TAMANHO-EXATO-PARA-FOTOS-NO-SISTEMA-NOVO_2024-07-10_14-29-47_jpg_2024-07-10_14-29-47.webp.webp?fit=1200%2C675&ssl=1&resize=700%2C400 2x, https:\/\/i0.wp.com\/noticiasribeiraopreto.com.br\/wp-content\/uploads\/2025\/07\/Copia-de-Copia-de-TAMANHO-EXATO-PARA-FOTOS-NO-SISTEMA-NOVO_2024-07-10_14-29-47_jpg_2024-07-10_14-29-47.webp.webp?fit=1200%2C675&ssl=1&resize=1050%2C600 3x"},"classes":[]},{"id":69608,"url":"https:\/\/noticiasribeiraopreto.com.br\/index.php\/2025\/05\/07\/xico-sa-e-luciana-mello-participam-de-feira-do-livro-na-regiao-de-ribeirao-preto\/","url_meta":{"origin":73646,"position":5},"title":"Xico S\u00e1 e Luciana Mello participam de feira do livro na regi\u00e3o de Ribeir\u00e3o Preto","author":"noticiasribeiraopreto.com.br","date":"7 de May de 2025","format":false,"excerpt":"Entre os dias 8 e 11 de maio, Guar\u00e1, cidade na regi\u00e3o de Ribeir\u00e3o Preto, recebe a 7\u00aa edi\u00e7\u00e3o da Feira do Livro. Neste ano, a obra do escritor e desenhista Mauricio de Sousa \u00e9 homenageada. A programa\u00e7\u00e3o \u00e9 gratuita e acontece na pra\u00e7a Nove de Julho. O evento receber\u00e1\u2026","rel":"","context":"In &quot;Not\u00edcias de Ribeir\u00e3o Preto-SP e Regi\u00e3o&quot;","block_context":{"text":"Not\u00edcias de Ribeir\u00e3o Preto-SP e Regi\u00e3o","link":"https:\/\/noticiasribeiraopreto.com.br\/index.php\/category\/noticias-de-ribeirao-preto-sp-e-regiao-ismael-colosi\/"},"img":{"alt_text":"","src":"https:\/\/i0.wp.com\/noticiasribeiraopreto.com.br\/wp-content\/uploads\/2025\/05\/xico-sa-e-luciana-mello_2025-05-07_14-01-07.webp.webp?fit=1200%2C674&ssl=1&resize=350%2C200","width":350,"height":200,"srcset":"https:\/\/i0.wp.com\/noticiasribeiraopreto.com.br\/wp-content\/uploads\/2025\/05\/xico-sa-e-luciana-mello_2025-05-07_14-01-07.webp.webp?fit=1200%2C674&ssl=1&resize=350%2C200 1x, https:\/\/i0.wp.com\/noticiasribeiraopreto.com.br\/wp-content\/uploads\/2025\/05\/xico-sa-e-luciana-mello_2025-05-07_14-01-07.webp.webp?fit=1200%2C674&ssl=1&resize=525%2C300 1.5x, https:\/\/i0.wp.com\/noticiasribeiraopreto.com.br\/wp-content\/uploads\/2025\/05\/xico-sa-e-luciana-mello_2025-05-07_14-01-07.webp.webp?fit=1200%2C674&ssl=1&resize=700%2C400 2x, https:\/\/i0.wp.com\/noticiasribeiraopreto.com.br\/wp-content\/uploads\/2025\/05\/xico-sa-e-luciana-mello_2025-05-07_14-01-07.webp.webp?fit=1200%2C674&ssl=1&resize=1050%2C600 3x"},"classes":[]}],"jetpack_sharing_enabled":true,"jetpack_shortlink":"https:\/\/wp.me\/peQAOb-j9Q","_links":{"self":[{"href":"https:\/\/noticiasribeiraopreto.com.br\/index.php\/wp-json\/wp\/v2\/posts\/73646","targetHints":{"allow":["GET"]}}],"collection":[{"href":"https:\/\/noticiasribeiraopreto.com.br\/index.php\/wp-json\/wp\/v2\/posts"}],"about":[{"href":"https:\/\/noticiasribeiraopreto.com.br\/index.php\/wp-json\/wp\/v2\/types\/post"}],"author":[{"embeddable":true,"href":"https:\/\/noticiasribeiraopreto.com.br\/index.php\/wp-json\/wp\/v2\/users\/1"}],"replies":[{"embeddable":true,"href":"https:\/\/noticiasribeiraopreto.com.br\/index.php\/wp-json\/wp\/v2\/comments?post=73646"}],"version-history":[{"count":0,"href":"https:\/\/noticiasribeiraopreto.com.br\/index.php\/wp-json\/wp\/v2\/posts\/73646\/revisions"}],"wp:featuredmedia":[{"embeddable":true,"href":"https:\/\/noticiasribeiraopreto.com.br\/index.php\/wp-json\/wp\/v2\/media\/73647"}],"wp:attachment":[{"href":"https:\/\/noticiasribeiraopreto.com.br\/index.php\/wp-json\/wp\/v2\/media?parent=73646"}],"wp:term":[{"taxonomy":"category","embeddable":true,"href":"https:\/\/noticiasribeiraopreto.com.br\/index.php\/wp-json\/wp\/v2\/categories?post=73646"},{"taxonomy":"post_tag","embeddable":true,"href":"https:\/\/noticiasribeiraopreto.com.br\/index.php\/wp-json\/wp\/v2\/tags?post=73646"}],"curies":[{"name":"wp","href":"https:\/\/api.w.org\/{rel}","templated":true}]}}