{"id":73650,"date":"2025-07-06T21:03:59","date_gmt":"2025-07-07T00:03:59","guid":{"rendered":"https:\/\/noticiasribeiraopreto.com.br\/index.php\/2025\/07\/06\/concurso-da-unesp-41-vagas-com-salarios-ate-r-124-mil-saiba-como-se-inscrever\/"},"modified":"2025-07-06T21:03:59","modified_gmt":"2025-07-07T00:03:59","slug":"concurso-da-unesp-41-vagas-com-salarios-ate-r-124-mil-saiba-como-se-inscrever","status":"publish","type":"post","link":"https:\/\/noticiasribeiraopreto.com.br\/index.php\/2025\/07\/06\/concurso-da-unesp-41-vagas-com-salarios-ate-r-124-mil-saiba-como-se-inscrever\/","title":{"rendered":"Concurso da Unesp: 41 vagas com sal\u00e1rios at\u00e9 R$ 12,4 mil; saiba como se inscrever"},"content":{"rendered":"<div class='code-block code-block-1' style='margin: 8px 0 8px auto; text-align: right; display: block; clear: both;'>\n<p><a href=\"https:\/\/wa.link\/vpicfd\"><img data-recalc-dims=\"1\" class=\"wp-image-4922\" style=\"aspect-ratio: 2.0253164556962027; width: 561px; height: auto;\" src=\"https:\/\/i0.wp.com\/ismaelcolosi.com.br\/wp-content\/uploads\/2023\/11\/grupo-de-empregos-whatsapp-e-facebook-ismael-colosi-vagas.jpg?ssl=1\" alt=\"\" \/><\/a><\/p>\n<!-- \/wp:image -->\n<\/div>\n<p> <br \/>\n<\/p>\n<div data-td-block-uid=\"tdi_95\">\n<div class=\"tdb-block-inner td-fix-index\">\n<p>As inscri\u00e7\u00f5es para o <strong>concurso p\u00fablico <\/strong>da <strong>Unesp<\/strong>, que pretende contratar 41 profissionais de n\u00edveis fundamental, m\u00e9dio e superior, come\u00e7am nesta <strong>segunda-feira (7)<\/strong>.<\/p>\n<p>Os <strong>sal\u00e1rios <\/strong>para as fun\u00e7\u00f5es variam entre <strong>R$ 4,2 mil <\/strong>e <strong>R$ 12,4 mil<\/strong>. As oportunidades s\u00e3o para os campi de Bauru, Rio Claro, Dracena, Araraquara, Presidente Prudente, S\u00e3o Paulo, Botucatu, Franca, Sorocaba, Jaboticabal e Assis \u2013 veja abaixo.<\/p>\n<h2 class=\"wp-block-heading\"><strong>Como se inscrever?<\/strong><\/h2>\n<p>As inscri\u00e7\u00f5es devem ser realizadas at\u00e9 o dia<strong> 5 de agosto de 2025<\/strong>, no site da\u00a0<strong>Funda\u00e7\u00e3o Vunesp (<a href=\"https:\/\/www.vunesp.com.br\/busca\/concurso\/proximo\" target=\"_blank\" rel=\"noreferrer noopener\">clique aqui para acessar<\/a>)<\/strong>.\u00a0<mark style=\"background-color:#fcb900\" class=\"has-inline-color\">A taxa de inscri\u00e7\u00e3o varia entre\u00a0<strong>R$ 96<\/strong>\u00a0e\u00a0<strong>R$ 202<\/strong>.<\/mark><\/p>\n<h2 class=\"wp-block-heading\"><strong>Confira as oportunidades<\/strong><\/h2>\n<h3 class=\"wp-block-heading\"><strong>Araraquara<\/strong><\/h3>\n<ul class=\"wp-block-list\">\n<li>Assistente de Suporte Acad\u00eamico II (\u00c1rea de atua\u00e7\u00e3o: An\u00e1lises Cl\u00ednicas e Bromatol\u00f3gicas)<\/li>\n<li>Assistente de Suporte Acad\u00eamico II (\u00c1rea de atua\u00e7\u00e3o: Laborat\u00f3rio de Investiga\u00e7\u00e3o de Paternidade)<\/li>\n<li>Assistente de Suporte Acad\u00eamico II (\u00c1rea de atua\u00e7\u00e3o: Mec\u00e2nica de M\u00e1quinas)<\/li>\n<li>Assistente Administrativo II (\u00c1rea de atua\u00e7\u00e3o: Materiais)<\/li>\n<li>Assistente de Inform\u00e1tica II (\u00c1rea de atua\u00e7\u00e3o: Redes, Infraestrutura e Suporte ao Usu\u00e1rio)<\/li>\n<li>M\u00e9dico (\u00c1rea de atua\u00e7\u00e3o: Medicina do Trabalho)<\/li>\n<li>Motorista<\/li>\n<\/ul>\n<h3 class=\"wp-block-heading\"><strong>Assis<\/strong><\/h3>\n<ul class=\"wp-block-list\">\n<li>M\u00e9dico (\u00c1rea de atua\u00e7\u00e3o: Medicina do Trabalho)<\/li>\n<\/ul>\n<h3 class=\"wp-block-heading\"><strong>Bauru<\/strong><\/h3>\n<ul class=\"wp-block-list\">\n<li>Assistente de Suporte Acad\u00eamico II (\u00c1rea de atua\u00e7\u00e3o: Ambientes de Inform\u00e1tica para Ensino e Pesquisa)<\/li>\n<li>Assistente de Suporte Acad\u00eamico II (\u00c1rea de atua\u00e7\u00e3o: Biblioteca)<\/li>\n<li>Assistente de Suporte Acad\u00eamico IV (\u00c1rea de atua\u00e7\u00e3o: Ci\u00eancia dos Materiais)<\/li>\n<li>Assistente de Suporte Acad\u00eamico IV (\u00c1rea de atua\u00e7\u00e3o: Cromatografia e Espectrometria de Massas)<\/li>\n<\/ul>\n<h3 class=\"wp-block-heading\"><strong>Botucatu<\/strong><\/h3>\n<ul class=\"wp-block-list\">\n<li>Assistente de Suporte Acad\u00eamico IV (\u00c1rea de atua\u00e7\u00e3o: Pesquisa Cl\u00ednica em Doen\u00e7as Infecciosas)<\/li>\n<li>M\u00e9dico (\u00c1rea de atua\u00e7\u00e3o: Sa\u00fade da Fam\u00edlia e Comunidade)<\/li>\n<\/ul>\n<h3 class=\"wp-block-heading\"><strong>Dracena<\/strong><\/h3>\n<h3 class=\"wp-block-heading\"><strong>Franca<\/strong><\/h3>\n<ul class=\"wp-block-list\">\n<li>Assistente de Suporte Acad\u00eamico II (\u00c1rea de atua\u00e7\u00e3o: Biblioteca)<\/li>\n<li>Assistente de Suporte Acad\u00eamico IV (\u00c1rea de atua\u00e7\u00e3o: Centro de Pesquisa Pol\u00edtica e Social)<\/li>\n<li>M\u00e9dico (\u00c1rea de atua\u00e7\u00e3o: Medicina do Trabalho e Cl\u00ednica Geral)<\/li>\n<li>Pedagogo (\u00c1rea de atua\u00e7\u00e3o: Psicopedagogia)<\/li>\n<\/ul>\n<h3 class=\"wp-block-heading\"><strong>Jaboticabal<\/strong><\/h3>\n<ul class=\"wp-block-list\">\n<li>Assistente Operacional II (\u00c1rea de atua\u00e7\u00e3o: Conserva\u00e7\u00e3o e Manuten\u00e7\u00e3o)<\/li>\n<li>Assistente de Inform\u00e1tica II (\u00c1rea de atua\u00e7\u00e3o: Redes, Infraestrutura e Suporte ao Usu\u00e1rio)<\/li>\n<li>Assistente de Suporte Acad\u00eamico II (\u00c1rea de atua\u00e7\u00e3o: Biblioteca)<\/li>\n<li>Assistente Operacional III (\u00c1rea de atua\u00e7\u00e3o: Manuten\u00e7\u00e3o Predial)<\/li>\n<li>Motorista<\/li>\n<\/ul>\n<h3 class=\"wp-block-heading\"><strong>Presidente Prudente<\/strong><\/h3>\n<ul class=\"wp-block-list\">\n<li>Assistente de Suporte Acad\u00eamico II (\u00c1rea de atua\u00e7\u00e3o: Arquitetura, Urbanismo e Engenharia Ambiental)<\/li>\n<li>Assistente de Suporte Acad\u00eamico II (\u00c1rea de atua\u00e7\u00e3o: Ci\u00eancias Humanas e \u00e1reas afins)<\/li>\n<li>Assistente de Suporte Acad\u00eamico II (\u00c1rea de atua\u00e7\u00e3o: Educa\u00e7\u00e3o F\u00edsica)<\/li>\n<li>Assistente de Suporte Acad\u00eamico II (\u00c1rea de atua\u00e7\u00e3o: Fisioterapia)<\/li>\n<li>Assistente de Suporte Acad\u00eamico II (\u00c1rea de atua\u00e7\u00e3o: Geografia)<\/li>\n<li>M\u00e9dico (\u00c1rea de atua\u00e7\u00e3o: Medicina do Trabalho)<\/li>\n<\/ul>\n<h3 class=\"wp-block-heading\"><strong>Rio Claro<\/strong><\/h3>\n<ul class=\"wp-block-list\">\n<li>Assistente de Suporte Acad\u00eamico II (\u00c1rea de atua\u00e7\u00e3o: Ambientes de Inform\u00e1tica para Ensino e Pesquisa)<\/li>\n<li>Assistente de Suporte Acad\u00eamico II (\u00c1rea de atua\u00e7\u00e3o: Prepara\u00e7\u00e3o e Processamento de Materiais Geol\u00f3gicos)<\/li>\n<li>M\u00e9dico (\u00c1rea de atua\u00e7\u00e3o: Medicina do Trabalho)<\/li>\n<\/ul>\n<h3 class=\"wp-block-heading\"><strong>S\u00e3o Paulo<\/strong><\/h3>\n<ul class=\"wp-block-list\">\n<li>Assistente Administrativo II (\u00c1rea de atua\u00e7\u00e3o: Contratos, Licita\u00e7\u00e3o e Patrim\u00f4nio)<\/li>\n<li>Assistente Administrativo II (\u00c1rea de atua\u00e7\u00e3o: Gest\u00e3o de Pessoas)<\/li>\n<li>Assistente de Suporte Acad\u00eamico III (\u00c1rea de atua\u00e7\u00e3o: Correpetidor)<\/li>\n<\/ul>\n<h3 class=\"wp-block-heading\"><strong>Sorocaba<\/strong><\/h3>\n<ul class=\"wp-block-list\">\n<li>Assistente Operacional III (\u00c1rea de atua\u00e7\u00e3o: Conserva\u00e7\u00e3o e Manuten\u00e7\u00e3o)<\/li>\n<\/ul>\n<hr class=\"wp-block-separator has-alpha-channel-opacity\"\/>\n<p>SAIBA MAIS<\/p>\n<p>Mega-Sena premia moradores do interior de SP; Veja n\u00fameros sorteados<\/p>\n<h3 class=\"wp-block-heading\"><strong>FIQUE ON\u00a0\u00a0\u00a0\u00a0\u00a0\u00a0\u00a0\u00a0\u00a0<\/strong><\/h3>\n<p>Quer ficar por dentro de tudo que acontece em Ribeir\u00e3o Preto e regi\u00e3o? Ent\u00e3o siga os perfis do\u202facidade on\u202fno\u202f<a href=\"https:\/\/www.instagram.com\/acidadeonribeirao\" target=\"_blank\" rel=\"noreferrer noopener\">Instagram<\/a>\u202fe no\u202f<a href=\"https:\/\/www.facebook.com\/acidadeonribeirao\/\" target=\"_blank\" rel=\"noreferrer noopener\">Facebook<\/a>.<\/p>\n<p>Al\u00e9m disso, voc\u00ea pode receber as principais not\u00edcias diretamente no WhatsApp. Para isso, basta\u00a0<a href=\"https:\/\/chat.whatsapp.com\/BjKQZ9oJwlz8VVT50NuePq\" target=\"_blank\" rel=\"noreferrer noopener\">entrar no grupo clicando aqui<\/a>.<\/p>\n<p>Por fim, se quiser fazer uma den\u00fancia ou sugerir uma reportagem sobre Ribeir\u00e3o Preto e regi\u00e3o, envie uma mensagem pelo WhatsApp: (16) 99117-7802.<\/p>\n<p>VEJA TAMB\u00c9M<\/p>\n<p>Quais filmes Julian McMahon fez?<\/p>\n<p><!-- AI CONTENT END 1 -->\n<\/div>\n<\/div>\n<p><script async src=\"\/\/www.instagram.com\/embed.js\"><\/script><br \/>\n<br \/><br \/>\n<br \/><a href=\"https:\/\/www.acidadeon.com\/ribeiraopreto\/economia\/concurso-da-unesp-41-vagas-com-salarios-ate-r-124-mil-saiba-como-se-inscrever\/\">Source link <\/a><\/p>\n<!-- CONTENT END 1 -->\n","protected":false},"excerpt":{"rendered":"<p>As inscri\u00e7\u00f5es para o concurso p\u00fablico da Unesp, que pretende contratar 41 profissionais de n\u00edveis fundamental, m\u00e9dio e superior, come\u00e7am nesta segunda-feira (7). Os sal\u00e1rios&#8230;<\/p>\n","protected":false},"author":1,"featured_media":73651,"comment_status":"open","ping_status":"open","sticky":false,"template":"","format":"standard","meta":{"advanced_seo_description":"","jetpack_seo_html_title":"","jetpack_seo_noindex":false,"jetpack_post_was_ever_published":false,"_jetpack_newsletter_access":"","_jetpack_dont_email_post_to_subs":false,"_jetpack_newsletter_tier_id":0,"_jetpack_memberships_contains_paywalled_content":false,"_jetpack_memberships_contains_paid_content":false,"footnotes":"","jetpack_publicize_message":"","jetpack_publicize_feature_enabled":true,"jetpack_social_post_already_shared":true,"jetpack_social_options":{"image_generator_settings":{"template":"highway","default_image_id":0,"font":"","enabled":false},"version":2}},"categories":[11],"tags":[],"class_list":["post-73650","post","type-post","status-publish","format-standard","has-post-thumbnail","hentry","category-noticias-de-ribeirao-preto-sp-e-regiao-ismael-colosi"],"jetpack_publicize_connections":[],"jetpack_featured_media_url":"https:\/\/i0.wp.com\/noticiasribeiraopreto.com.br\/wp-content\/uploads\/2025\/07\/Copia-de-Copia-de-TAMANHO-EXATO-PARA-FOTOS-NO-SISTEMA-NOVO-26_2024-07-16_14-33-48_jpg_2024-07-16_14-33-48.webp.webp?fit=1200%2C675&ssl=1","jetpack-related-posts":[{"id":61481,"url":"https:\/\/noticiasribeiraopreto.com.br\/index.php\/2024\/12\/13\/inscricoes-para-concurso-com-salarios-de-r-11-mil-terminam-na-quarta-feira\/","url_meta":{"origin":73650,"position":0},"title":"Inscri\u00e7\u00f5es para concurso com sal\u00e1rios de R$ 11 mil terminam na quarta-feira","author":"noticiasribeiraopreto.com.br","date":"13 de December de 2024","format":false,"excerpt":"As inscri\u00e7\u00f5es para o concurso p\u00fablico da Unesp (Universidade Estadual Paulista), terminam na pr\u00f3xima quarta-feira (18). As vagas s\u00e3o para diferentes campi no interior de S\u00e3o Paulo \u2013 veja abaixo. As oportunidades s\u00e3o de n\u00edvel m\u00e9dio e superior com sal\u00e1rios entre R$ 4.671,89 e R$ 11.243,46. Al\u00e9m disso, a Unesp\u2026","rel":"","context":"In &quot;Not\u00edcias de Ribeir\u00e3o Preto-SP e Regi\u00e3o&quot;","block_context":{"text":"Not\u00edcias de Ribeir\u00e3o Preto-SP e Regi\u00e3o","link":"https:\/\/noticiasribeiraopreto.com.br\/index.php\/category\/noticias-de-ribeirao-preto-sp-e-regiao-ismael-colosi\/"},"img":{"alt_text":"","src":"https:\/\/i0.wp.com\/noticiasribeiraopreto.com.br\/wp-content\/uploads\/2024\/05\/AnyConv.com__concurso-publico-5.webp.webp?fit=1200%2C800&ssl=1&resize=350%2C200","width":350,"height":200,"srcset":"https:\/\/i0.wp.com\/noticiasribeiraopreto.com.br\/wp-content\/uploads\/2024\/05\/AnyConv.com__concurso-publico-5.webp.webp?fit=1200%2C800&ssl=1&resize=350%2C200 1x, https:\/\/i0.wp.com\/noticiasribeiraopreto.com.br\/wp-content\/uploads\/2024\/05\/AnyConv.com__concurso-publico-5.webp.webp?fit=1200%2C800&ssl=1&resize=525%2C300 1.5x, https:\/\/i0.wp.com\/noticiasribeiraopreto.com.br\/wp-content\/uploads\/2024\/05\/AnyConv.com__concurso-publico-5.webp.webp?fit=1200%2C800&ssl=1&resize=700%2C400 2x, https:\/\/i0.wp.com\/noticiasribeiraopreto.com.br\/wp-content\/uploads\/2024\/05\/AnyConv.com__concurso-publico-5.webp.webp?fit=1200%2C800&ssl=1&resize=1050%2C600 3x"},"classes":[]},{"id":70466,"url":"https:\/\/noticiasribeiraopreto.com.br\/index.php\/2025\/05\/26\/unesp-abre-56-vagas-de-concurso-publico-com-salarios-de-ate-r-6-mil-veja-como-se-inscrever\/","url_meta":{"origin":73650,"position":1},"title":"Unesp abre 56 vagas de concurso p\u00fablico com sal\u00e1rios de at\u00e9 R$ 6 mil; veja como se inscrever","author":"noticiasribeiraopreto.com.br","date":"26 de May de 2025","format":false,"excerpt":"A Unesp publicou tr\u00eas editais de concurso p\u00fablico com 56 vagas de n\u00edvel superior. Os sal\u00e1rios variam entre R$ 2.987,04 e R$ 6.586,38. As oportunidades s\u00e3o para os campi de Jaboticabal, Guaratinguet\u00e1 e Bauru. As inscri\u00e7\u00f5es devem ser realizadas no per\u00edodo entre 10h do dia 29 de maio e 23h59\u2026","rel":"","context":"In &quot;Not\u00edcias de Ribeir\u00e3o Preto-SP e Regi\u00e3o&quot;","block_context":{"text":"Not\u00edcias de Ribeir\u00e3o Preto-SP e Regi\u00e3o","link":"https:\/\/noticiasribeiraopreto.com.br\/index.php\/category\/noticias-de-ribeirao-preto-sp-e-regiao-ismael-colosi\/"},"img":{"alt_text":"","src":"https:\/\/i0.wp.com\/noticiasribeiraopreto.com.br\/wp-content\/uploads\/2025\/01\/concurso_2025-01-07_18-14-44_jpg_2025-01-07_18-14-45.webp.webp?fit=1200%2C800&ssl=1&resize=350%2C200","width":350,"height":200,"srcset":"https:\/\/i0.wp.com\/noticiasribeiraopreto.com.br\/wp-content\/uploads\/2025\/01\/concurso_2025-01-07_18-14-44_jpg_2025-01-07_18-14-45.webp.webp?fit=1200%2C800&ssl=1&resize=350%2C200 1x, https:\/\/i0.wp.com\/noticiasribeiraopreto.com.br\/wp-content\/uploads\/2025\/01\/concurso_2025-01-07_18-14-44_jpg_2025-01-07_18-14-45.webp.webp?fit=1200%2C800&ssl=1&resize=525%2C300 1.5x, https:\/\/i0.wp.com\/noticiasribeiraopreto.com.br\/wp-content\/uploads\/2025\/01\/concurso_2025-01-07_18-14-44_jpg_2025-01-07_18-14-45.webp.webp?fit=1200%2C800&ssl=1&resize=700%2C400 2x, https:\/\/i0.wp.com\/noticiasribeiraopreto.com.br\/wp-content\/uploads\/2025\/01\/concurso_2025-01-07_18-14-44_jpg_2025-01-07_18-14-45.webp.webp?fit=1200%2C800&ssl=1&resize=1050%2C600 3x"},"classes":[]},{"id":83622,"url":"https:\/\/noticiasribeiraopreto.com.br\/index.php\/2026\/03\/22\/unesp-abre-concurso-publico-com-14-vagas-e-salarios-de-ate-r-12-mil\/","url_meta":{"origin":73650,"position":2},"title":"Unesp abre concurso p\u00fablico com 14 vagas e sal\u00e1rios de at\u00e9 R$ 12 mil","author":"noticiasribeiraopreto.com.br","date":"22 de March de 2026","format":false,"excerpt":"A Unesp (Universidade Estadual Paulista) abriu concurso p\u00fablico com 14 vagas para diversos campi espalhados por S\u00e3o Paulo. Os sal\u00e1rios variam entre R$4.258,11 e R$12.456,12. As oportunidades s\u00e3o para diversas \u00e1reas nos campi de S\u00e3o Paulo (capital), Araraquara, Bauru, Rio Claro, Registro, Sorocaba, Botucatu e Tup\u00e3. As inscri\u00e7\u00f5es devem ser\u2026","rel":"","context":"In &quot;Not\u00edcias de Ribeir\u00e3o Preto-SP e Regi\u00e3o&quot;","block_context":{"text":"Not\u00edcias de Ribeir\u00e3o Preto-SP e Regi\u00e3o","link":"https:\/\/noticiasribeiraopreto.com.br\/index.php\/category\/noticias-de-ribeirao-preto-sp-e-regiao-ismael-colosi\/"},"img":{"alt_text":"","src":"https:\/\/i0.wp.com\/noticiasribeiraopreto.com.br\/wp-content\/uploads\/2026\/03\/concurso_2025-10-10_18-32-50.webp.webp?fit=1200%2C963&ssl=1&resize=350%2C200","width":350,"height":200,"srcset":"https:\/\/i0.wp.com\/noticiasribeiraopreto.com.br\/wp-content\/uploads\/2026\/03\/concurso_2025-10-10_18-32-50.webp.webp?fit=1200%2C963&ssl=1&resize=350%2C200 1x, https:\/\/i0.wp.com\/noticiasribeiraopreto.com.br\/wp-content\/uploads\/2026\/03\/concurso_2025-10-10_18-32-50.webp.webp?fit=1200%2C963&ssl=1&resize=525%2C300 1.5x, https:\/\/i0.wp.com\/noticiasribeiraopreto.com.br\/wp-content\/uploads\/2026\/03\/concurso_2025-10-10_18-32-50.webp.webp?fit=1200%2C963&ssl=1&resize=700%2C400 2x, https:\/\/i0.wp.com\/noticiasribeiraopreto.com.br\/wp-content\/uploads\/2026\/03\/concurso_2025-10-10_18-32-50.webp.webp?fit=1200%2C963&ssl=1&resize=1050%2C600 3x"},"classes":[]},{"id":60366,"url":"https:\/\/noticiasribeiraopreto.com.br\/index.php\/2024\/11\/12\/unesp-abre-concurso-publico-com-salarios-de-ate-r-11-mil-veja-como-participar\/","url_meta":{"origin":73650,"position":3},"title":"Unesp abre concurso p\u00fablico com sal\u00e1rios de at\u00e9 R$ 11 mil; Veja como participar","author":"noticiasribeiraopreto.com.br","date":"12 de November de 2024","format":false,"excerpt":"A Unesp (Universidade Estadual Paulista) publicou nesta ter\u00e7a-feira a abertura de concurso p\u00fablico com vagas de n\u00edvel m\u00e9dio e superior com sal\u00e1rios entre R$ 4.671,89 e R$ 11.243,46. As oportunidades s\u00e3o para diversos campi no interior de S\u00e3o Paulo. As inscri\u00e7\u00f5es devem ser realizadas no per\u00edodo entre 19 de novembro\u2026","rel":"","context":"In &quot;Not\u00edcias de Ribeir\u00e3o Preto-SP e Regi\u00e3o&quot;","block_context":{"text":"Not\u00edcias de Ribeir\u00e3o Preto-SP e Regi\u00e3o","link":"https:\/\/noticiasribeiraopreto.com.br\/index.php\/category\/noticias-de-ribeirao-preto-sp-e-regiao-ismael-colosi\/"},"img":{"alt_text":"","src":"https:\/\/i0.wp.com\/noticiasribeiraopreto.com.br\/wp-content\/uploads\/2024\/03\/AnyConv.com__concurso-publico-2.webp.webp?fit=1200%2C800&ssl=1&resize=350%2C200","width":350,"height":200,"srcset":"https:\/\/i0.wp.com\/noticiasribeiraopreto.com.br\/wp-content\/uploads\/2024\/03\/AnyConv.com__concurso-publico-2.webp.webp?fit=1200%2C800&ssl=1&resize=350%2C200 1x, https:\/\/i0.wp.com\/noticiasribeiraopreto.com.br\/wp-content\/uploads\/2024\/03\/AnyConv.com__concurso-publico-2.webp.webp?fit=1200%2C800&ssl=1&resize=525%2C300 1.5x, https:\/\/i0.wp.com\/noticiasribeiraopreto.com.br\/wp-content\/uploads\/2024\/03\/AnyConv.com__concurso-publico-2.webp.webp?fit=1200%2C800&ssl=1&resize=700%2C400 2x, https:\/\/i0.wp.com\/noticiasribeiraopreto.com.br\/wp-content\/uploads\/2024\/03\/AnyConv.com__concurso-publico-2.webp.webp?fit=1200%2C800&ssl=1&resize=1050%2C600 3x"},"classes":[]},{"id":70078,"url":"https:\/\/noticiasribeiraopreto.com.br\/index.php\/2025\/05\/22\/unesp-publica-editais-de-concurso-com-salarios-de-ate-r-155-mil-confira-as-vagas\/","url_meta":{"origin":73650,"position":4},"title":"Unesp p\u00fablica editais de concurso com sal\u00e1rios de at\u00e9 R$ 15,5 mil; Confira as vagas","author":"noticiasribeiraopreto.com.br","date":"22 de May de 2025","format":false,"excerpt":"A Unesp (Universidade Estadual Paulista) publicou sete editais de concurso p\u00fablico de n\u00edvel superior e sal\u00e1rios entre R$ 2,6 mil e R$ 15,5 mil. As oportunidades s\u00e3o para diversos campi no interior de S\u00e3o Paulo. Como se inscrever? As inscri\u00e7\u00f5es devem ser realizadas pela internet, no site da Unesp Concurso\u2026","rel":"","context":"In &quot;Not\u00edcias de Ribeir\u00e3o Preto-SP e Regi\u00e3o&quot;","block_context":{"text":"Not\u00edcias de Ribeir\u00e3o Preto-SP e Regi\u00e3o","link":"https:\/\/noticiasribeiraopreto.com.br\/index.php\/category\/noticias-de-ribeirao-preto-sp-e-regiao-ismael-colosi\/"},"img":{"alt_text":"","src":"https:\/\/i0.wp.com\/noticiasribeiraopreto.com.br\/wp-content\/uploads\/2024\/10\/close-up-woman-filling-application-form_2024-10-02_18-06-48_jpg_2024-10-02_18-06-50-scaled.webp.webp?fit=1200%2C800&ssl=1&resize=350%2C200","width":350,"height":200,"srcset":"https:\/\/i0.wp.com\/noticiasribeiraopreto.com.br\/wp-content\/uploads\/2024\/10\/close-up-woman-filling-application-form_2024-10-02_18-06-48_jpg_2024-10-02_18-06-50-scaled.webp.webp?fit=1200%2C800&ssl=1&resize=350%2C200 1x, https:\/\/i0.wp.com\/noticiasribeiraopreto.com.br\/wp-content\/uploads\/2024\/10\/close-up-woman-filling-application-form_2024-10-02_18-06-48_jpg_2024-10-02_18-06-50-scaled.webp.webp?fit=1200%2C800&ssl=1&resize=525%2C300 1.5x, https:\/\/i0.wp.com\/noticiasribeiraopreto.com.br\/wp-content\/uploads\/2024\/10\/close-up-woman-filling-application-form_2024-10-02_18-06-48_jpg_2024-10-02_18-06-50-scaled.webp.webp?fit=1200%2C800&ssl=1&resize=700%2C400 2x, https:\/\/i0.wp.com\/noticiasribeiraopreto.com.br\/wp-content\/uploads\/2024\/10\/close-up-woman-filling-application-form_2024-10-02_18-06-48_jpg_2024-10-02_18-06-50-scaled.webp.webp?fit=1200%2C800&ssl=1&resize=1050%2C600 3x"},"classes":[]},{"id":59197,"url":"https:\/\/noticiasribeiraopreto.com.br\/index.php\/2024\/10\/17\/unesp-abre-concurso-publico-com-salarios-de-ate-r-8-mil-no-interior-de-sp\/","url_meta":{"origin":73650,"position":5},"title":"Unesp abre concurso p\u00fablico com sal\u00e1rios de at\u00e9 R$ 8 mil no interior de SP","author":"noticiasribeiraopreto.com.br","date":"17 de October de 2024","format":false,"excerpt":"A Unesp (Universidade Estadual Paulista) publicou edital de concurso p\u00fablico para o cargo de professor substituto para o campus de Franca, no interior de S\u00e3o Paulo. Os sal\u00e1rios para o cargo variam entre R$ 4,8 mil e R$ 8,1 mil, conforme a titula\u00e7\u00e3o do profissional aprovado. A vaga \u00e9 para\u2026","rel":"","context":"In &quot;Not\u00edcias de Ribeir\u00e3o Preto-SP e Regi\u00e3o&quot;","block_context":{"text":"Not\u00edcias de Ribeir\u00e3o Preto-SP e Regi\u00e3o","link":"https:\/\/noticiasribeiraopreto.com.br\/index.php\/category\/noticias-de-ribeirao-preto-sp-e-regiao-ismael-colosi\/"},"img":{"alt_text":"","src":"https:\/\/i0.wp.com\/noticiasribeiraopreto.com.br\/wp-content\/uploads\/2024\/10\/concurso-publico.jpg?fit=1200%2C800&ssl=1&resize=350%2C200","width":350,"height":200,"srcset":"https:\/\/i0.wp.com\/noticiasribeiraopreto.com.br\/wp-content\/uploads\/2024\/10\/concurso-publico.jpg?fit=1200%2C800&ssl=1&resize=350%2C200 1x, https:\/\/i0.wp.com\/noticiasribeiraopreto.com.br\/wp-content\/uploads\/2024\/10\/concurso-publico.jpg?fit=1200%2C800&ssl=1&resize=525%2C300 1.5x, https:\/\/i0.wp.com\/noticiasribeiraopreto.com.br\/wp-content\/uploads\/2024\/10\/concurso-publico.jpg?fit=1200%2C800&ssl=1&resize=700%2C400 2x, https:\/\/i0.wp.com\/noticiasribeiraopreto.com.br\/wp-content\/uploads\/2024\/10\/concurso-publico.jpg?fit=1200%2C800&ssl=1&resize=1050%2C600 3x"},"classes":[]}],"jetpack_sharing_enabled":true,"jetpack_shortlink":"https:\/\/wp.me\/peQAOb-j9U","_links":{"self":[{"href":"https:\/\/noticiasribeiraopreto.com.br\/index.php\/wp-json\/wp\/v2\/posts\/73650","targetHints":{"allow":["GET"]}}],"collection":[{"href":"https:\/\/noticiasribeiraopreto.com.br\/index.php\/wp-json\/wp\/v2\/posts"}],"about":[{"href":"https:\/\/noticiasribeiraopreto.com.br\/index.php\/wp-json\/wp\/v2\/types\/post"}],"author":[{"embeddable":true,"href":"https:\/\/noticiasribeiraopreto.com.br\/index.php\/wp-json\/wp\/v2\/users\/1"}],"replies":[{"embeddable":true,"href":"https:\/\/noticiasribeiraopreto.com.br\/index.php\/wp-json\/wp\/v2\/comments?post=73650"}],"version-history":[{"count":0,"href":"https:\/\/noticiasribeiraopreto.com.br\/index.php\/wp-json\/wp\/v2\/posts\/73650\/revisions"}],"wp:featuredmedia":[{"embeddable":true,"href":"https:\/\/noticiasribeiraopreto.com.br\/index.php\/wp-json\/wp\/v2\/media\/73651"}],"wp:attachment":[{"href":"https:\/\/noticiasribeiraopreto.com.br\/index.php\/wp-json\/wp\/v2\/media?parent=73650"}],"wp:term":[{"taxonomy":"category","embeddable":true,"href":"https:\/\/noticiasribeiraopreto.com.br\/index.php\/wp-json\/wp\/v2\/categories?post=73650"},{"taxonomy":"post_tag","embeddable":true,"href":"https:\/\/noticiasribeiraopreto.com.br\/index.php\/wp-json\/wp\/v2\/tags?post=73650"}],"curies":[{"name":"wp","href":"https:\/\/api.w.org\/{rel}","templated":true}]}}