{"id":73652,"date":"2025-07-06T21:11:42","date_gmt":"2025-07-07T00:11:42","guid":{"rendered":"https:\/\/noticiasribeiraopreto.com.br\/index.php\/2025\/07\/06\/ribeirao-preto-recebe-congresso-para-discutir-desafios-da-educacao-e-praticas-inovadoras\/"},"modified":"2025-07-06T21:11:42","modified_gmt":"2025-07-07T00:11:42","slug":"ribeirao-preto-recebe-congresso-para-discutir-desafios-da-educacao-e-praticas-inovadoras","status":"publish","type":"post","link":"https:\/\/noticiasribeiraopreto.com.br\/index.php\/2025\/07\/06\/ribeirao-preto-recebe-congresso-para-discutir-desafios-da-educacao-e-praticas-inovadoras\/","title":{"rendered":"Ribeir\u00e3o Preto recebe congresso para discutir desafios da educa\u00e7\u00e3o e pr\u00e1ticas inovadoras"},"content":{"rendered":"<div class='code-block code-block-1' style='margin: 8px 0 8px auto; text-align: right; display: block; clear: both;'>\n<p><a href=\"https:\/\/wa.link\/vpicfd\"><img data-recalc-dims=\"1\" class=\"wp-image-4922\" style=\"aspect-ratio: 2.0253164556962027; width: 561px; height: auto;\" src=\"https:\/\/i0.wp.com\/ismaelcolosi.com.br\/wp-content\/uploads\/2023\/11\/grupo-de-empregos-whatsapp-e-facebook-ismael-colosi-vagas.jpg?ssl=1\" alt=\"\" \/><\/a><\/p>\n<!-- \/wp:image -->\n<\/div>\n<p> <br \/>\n<\/p>\n<div>\n<p><strong>Ribeir\u00e3o Preto<\/strong> vai receber nesta segunda (7) e ter\u00e7a-feira (8), um congresso que reunir\u00e1 <strong>secret\u00e1rios de Educa\u00e7\u00e3o<\/strong>, <strong>gestores<\/strong>, <strong>especialistas <\/strong>e <strong>educadores<\/strong> do pa\u00eds para discutir como enfrentar os principais desafios da educa\u00e7\u00e3o na \u00faltima d\u00e9cada.<\/p>\n<p>Na programa\u00e7\u00e3o do evento est\u00e3o <strong>pain\u00e9is<\/strong>, <strong>rodas de conversa<\/strong>, <strong>oficinas <\/strong>e <strong>apresenta\u00e7\u00f5es culturais<\/strong>, com foco em pr\u00e1ticas aplicadas \u00e0 recomposi\u00e7\u00e3o da aprendizagem e ao desenvolvimento da flu\u00eancia leitora.<\/p>\n<p>O \u201c<strong>Congresso Educalovers pelo Brasil \u2013 Cap\u00edtulo S\u00e3o Paulo<\/strong>\u201d acontece no mesmo ano em que os alunos do 5\u00ba ano do ensino fundamental v\u00e3o participar do <strong>SAEB (Sistema de Avalia\u00e7\u00e3o da Educa\u00e7\u00e3o B\u00e1sica)<\/strong>.<\/p>\n<p>Estes alunos iniciaram a alfabetiza\u00e7\u00e3o em 2020, durante o per\u00edodo mais cr\u00edtico da pandemia de <strong>Covid-19<\/strong>, per\u00edodo marcado por escolas fechadas e a utiliza\u00e7\u00e3o do ensino remoto emergencial.<\/p>\n<p>O encontro \u00e9 promovido pela <strong>Educacross<\/strong>, EdTech nascida no campus da <strong>USP (Universidade de S\u00e3o Paulo) de Ribeir\u00e3o Preto<\/strong>. \u201cA Educacross leva \u00e0 programa\u00e7\u00e3o n\u00e3o apenas reflex\u00f5es, mas pr\u00e1ticas j\u00e1 testadas e aprovadas que ajudam as redes municipais a acelerar resultados\u201d, diz a organiza\u00e7\u00e3o.<\/p>\n<h2 class=\"wp-block-heading\"><strong>Servi\u00e7o<\/strong><\/h2>\n<p><em>\u201cEducalovers pelo Brasil \u2013 Cap\u00edtulo S\u00e3o Paulo\u201d<\/em><\/p>\n<p>Quando: dias 7 e 8 de julho<\/p>\n<p>Onde: Mont Blanc Premium Hotel \u2013 avenida Maur\u00edlio Biagi, 1577 \u2013 Ribeir\u00e2nia<\/p>\n<hr class=\"wp-block-separator has-alpha-channel-opacity\"\/>\n<p>SAIBA MAIS<\/p>\n<p>Mostra de cinema italiano \u00e9 prorrogada em Ribeir\u00e3o Preto; Veja quais filmes assistir<\/p>\n<h3 class=\"wp-block-heading\"><strong>FIQUE ON<\/strong><\/h3>\n<p>Quer ficar por dentro de tudo que acontece em Ribeir\u00e3o Preto e regi\u00e3o? Ent\u00e3o siga os perfis do\u202facidade on\u202fno\u202f<a href=\"https:\/\/www.instagram.com\/acidadeonribeirao\" target=\"_blank\" rel=\"noreferrer noopener\">Instagram<\/a>\u202fe no\u202f<a href=\"https:\/\/www.facebook.com\/acidadeonribeirao\/\" target=\"_blank\" rel=\"noreferrer noopener\">Facebook<\/a>.<\/p>\n<p>Al\u00e9m disso, voc\u00ea pode receber as principais not\u00edcias diretamente no WhatsApp. Para isso, basta\u00a0<a href=\"https:\/\/chat.whatsapp.com\/BjKQZ9oJwlz8VVT50NuePq\" target=\"_blank\" rel=\"noreferrer noopener\">entrar no grupo clicando aqui<\/a>.<\/p>\n<p>Por fim, se quiser fazer uma den\u00fancia ou sugerir uma reportagem sobre Ribeir\u00e3o Preto e regi\u00e3o, envie uma mensagem pelo WhatsApp: (16) 99117-7802.<\/p>\n<p>VEJA TAMB\u00c9M<\/p>\n<p>Quais filmes Julian McMahon fez?<\/p>\n<p><!-- AI CONTENT END 1 -->\n<\/div>\n<p><script async src=\"\/\/www.instagram.com\/embed.js\"><\/script><br \/>\n<br \/><br \/>\n<br \/><a href=\"https:\/\/www.acidadeon.com\/ribeiraopreto\/lazer-e-cultura\/giro-lazer-e-cultura\/ribeirao-preto-recebe-congresso-para-discutir-desafios-da-educacao-e-praticas-inovadoras\/\">Source link <\/a><\/p>\n<!-- CONTENT END 1 -->\n","protected":false},"excerpt":{"rendered":"<p>Ribeir\u00e3o Preto vai receber nesta segunda (7) e ter\u00e7a-feira (8), um congresso que reunir\u00e1 secret\u00e1rios de Educa\u00e7\u00e3o, gestores, especialistas e educadores do pa\u00eds para discutir&#8230;<\/p>\n","protected":false},"author":1,"featured_media":73653,"comment_status":"open","ping_status":"open","sticky":false,"template":"","format":"standard","meta":{"advanced_seo_description":"","jetpack_seo_html_title":"","jetpack_seo_noindex":false,"jetpack_post_was_ever_published":false,"_jetpack_newsletter_access":"","_jetpack_dont_email_post_to_subs":false,"_jetpack_newsletter_tier_id":0,"_jetpack_memberships_contains_paywalled_content":false,"_jetpack_memberships_contains_paid_content":false,"footnotes":"","jetpack_publicize_message":"","jetpack_publicize_feature_enabled":true,"jetpack_social_post_already_shared":true,"jetpack_social_options":{"image_generator_settings":{"template":"highway","default_image_id":0,"font":"","enabled":false},"version":2}},"categories":[11],"tags":[],"class_list":["post-73652","post","type-post","status-publish","format-standard","has-post-thumbnail","hentry","category-noticias-de-ribeirao-preto-sp-e-regiao-ismael-colosi"],"jetpack_publicize_connections":[],"jetpack_featured_media_url":"https:\/\/i0.wp.com\/noticiasribeiraopreto.com.br\/wp-content\/uploads\/2025\/07\/escola-infantil-ribeirao-preto_2024-09-03_19-11-33_jpg_2024-09-03_19-11-33.webp.webp?fit=1200%2C675&ssl=1","jetpack-related-posts":[{"id":73658,"url":"https:\/\/noticiasribeiraopreto.com.br\/index.php\/2025\/07\/07\/ferias-comecam-amanha-em-rp\/","url_meta":{"origin":73652,"position":0},"title":"F\u00e9rias come\u00e7am amanh\u00e3 em RP","author":"noticiasribeiraopreto.com.br","date":"7 de July de 2025","format":false,"excerpt":"7 de julho de 2025 09:006 de julho de 2025 17:5211 Compartilhar0 A pr\u00f3xima segunda-feira, 7 de julho, ser\u00e1 o \u00faltimo dia de aula para os cerca de 50 mil alunos da rede municipal de ensino de Ribeir\u00e3o Preto. A pausa marca o in\u00edcio do recesso escolar, com retorno das\u2026","rel":"","context":"In &quot;Not\u00edcias de Ribeir\u00e3o Preto-SP e Regi\u00e3o&quot;","block_context":{"text":"Not\u00edcias de Ribeir\u00e3o Preto-SP e Regi\u00e3o","link":"https:\/\/noticiasribeiraopreto.com.br\/index.php\/category\/noticias-de-ribeirao-preto-sp-e-regiao-ismael-colosi\/"},"img":{"alt_text":"","src":"https:\/\/i0.wp.com\/noticiasribeiraopreto.com.br\/wp-content\/uploads\/2025\/07\/AulaRP-Divulgacao.jpeg?fit=1000%2C666&ssl=1&resize=350%2C200","width":350,"height":200,"srcset":"https:\/\/i0.wp.com\/noticiasribeiraopreto.com.br\/wp-content\/uploads\/2025\/07\/AulaRP-Divulgacao.jpeg?fit=1000%2C666&ssl=1&resize=350%2C200 1x, https:\/\/i0.wp.com\/noticiasribeiraopreto.com.br\/wp-content\/uploads\/2025\/07\/AulaRP-Divulgacao.jpeg?fit=1000%2C666&ssl=1&resize=525%2C300 1.5x, https:\/\/i0.wp.com\/noticiasribeiraopreto.com.br\/wp-content\/uploads\/2025\/07\/AulaRP-Divulgacao.jpeg?fit=1000%2C666&ssl=1&resize=700%2C400 2x"},"classes":[]},{"id":65497,"url":"https:\/\/noticiasribeiraopreto.com.br\/index.php\/2025\/03\/20\/boas-praticas-na-educacao-instituto-ep-abre-inscricoes-para-concurso-com-tema-humanizar-para-se-entender\/","url_meta":{"origin":73652,"position":1},"title":"Boas pr\u00e1ticas na educa\u00e7\u00e3o: Instituto EP abre inscri\u00e7\u00f5es para concurso com tema \u2018Humanizar para se entender\u2019","author":"noticiasribeiraopreto.com.br","date":"20 de March de 2025","format":false,"excerpt":"Est\u00e3o abertas as inscri\u00e7\u00f5es para o concurso cultural do Instituto EP que busca valorizar as boas pr\u00e1ticas na educa\u00e7\u00e3o. O tema deste ano \u00e9 \u201chumanizar para se entender\u201d e podem participar educadores da rede p\u00fablica que atuam no ensino infantil e fundamental. Os projetos podem ser inscritos at\u00e9 30 de\u2026","rel":"","context":"In &quot;Not\u00edcias de Ribeir\u00e3o Preto-SP e Regi\u00e3o&quot;","block_context":{"text":"Not\u00edcias de Ribeir\u00e3o Preto-SP e Regi\u00e3o","link":"https:\/\/noticiasribeiraopreto.com.br\/index.php\/category\/noticias-de-ribeirao-preto-sp-e-regiao-ismael-colosi\/"},"img":{"alt_text":"","src":"https:\/\/i0.wp.com\/noticiasribeiraopreto.com.br\/wp-content\/uploads\/2025\/03\/instituto-ep_2025-03-20_19-46-55_jpg_2025-03-20_19-46-55.webp.webp?fit=984%2C554&ssl=1&resize=350%2C200","width":350,"height":200,"srcset":"https:\/\/i0.wp.com\/noticiasribeiraopreto.com.br\/wp-content\/uploads\/2025\/03\/instituto-ep_2025-03-20_19-46-55_jpg_2025-03-20_19-46-55.webp.webp?fit=984%2C554&ssl=1&resize=350%2C200 1x, https:\/\/i0.wp.com\/noticiasribeiraopreto.com.br\/wp-content\/uploads\/2025\/03\/instituto-ep_2025-03-20_19-46-55_jpg_2025-03-20_19-46-55.webp.webp?fit=984%2C554&ssl=1&resize=525%2C300 1.5x, https:\/\/i0.wp.com\/noticiasribeiraopreto.com.br\/wp-content\/uploads\/2025\/03\/instituto-ep_2025-03-20_19-46-55_jpg_2025-03-20_19-46-55.webp.webp?fit=984%2C554&ssl=1&resize=700%2C400 2x"},"classes":[]},{"id":40302,"url":"https:\/\/noticiasribeiraopreto.com.br\/index.php\/2024\/03\/02\/vereadores-barram-ideologia-de-genero-na-educacao-municipal\/","url_meta":{"origin":73652,"position":2},"title":"Vereadores barram\u00a0ideologia de g\u00eanero\u00a0na educa\u00e7\u00e3o municipal","author":"noticiasribeiraopreto.com.br","date":"2 de March de 2024","format":false,"excerpt":"2 de mar\u00e7o de 2024 | 10:001 de mar\u00e7o de 2024 | 19:13 0A C\u00e2mara de Ribeir\u00e3o Preto aprovou, na quinta-feira, 29 de fevereiro, projeto do Executivo que cria o Plano Municipal da Educa\u00e7\u00e3o (PME), com 13 emendas da Comiss\u00e3o de Constitui\u00e7\u00e3o, Justi\u00e7a e Reda\u00e7\u00e3o (CCJ). Quinze vereadores votaram pela\u2026","rel":"","context":"In &quot;Not\u00edcias de Ribeir\u00e3o Preto-SP e Regi\u00e3o&quot;","block_context":{"text":"Not\u00edcias de Ribeir\u00e3o Preto-SP e Regi\u00e3o","link":"https:\/\/noticiasribeiraopreto.com.br\/index.php\/category\/noticias-de-ribeirao-preto-sp-e-regiao-ismael-colosi\/"},"img":{"alt_text":"","src":"https:\/\/i0.wp.com\/noticiasribeiraopreto.com.br\/wp-content\/uploads\/2024\/03\/EducaPME-Thaisa-Cororado-Camara-scaled.jpg?fit=1000%2C641&ssl=1&resize=350%2C200","width":350,"height":200,"srcset":"https:\/\/i0.wp.com\/noticiasribeiraopreto.com.br\/wp-content\/uploads\/2024\/03\/EducaPME-Thaisa-Cororado-Camara-scaled.jpg?fit=1000%2C641&ssl=1&resize=350%2C200 1x, https:\/\/i0.wp.com\/noticiasribeiraopreto.com.br\/wp-content\/uploads\/2024\/03\/EducaPME-Thaisa-Cororado-Camara-scaled.jpg?fit=1000%2C641&ssl=1&resize=525%2C300 1.5x, https:\/\/i0.wp.com\/noticiasribeiraopreto.com.br\/wp-content\/uploads\/2024\/03\/EducaPME-Thaisa-Cororado-Camara-scaled.jpg?fit=1000%2C641&ssl=1&resize=700%2C400 2x"},"classes":[]},{"id":80546,"url":"https:\/\/noticiasribeiraopreto.com.br\/index.php\/2025\/12\/05\/saiba-as-principais-preocupacoes-de-pais-professores-e-alunos-de-ribeirao-preto-na-internet\/","url_meta":{"origin":73652,"position":3},"title":"Saiba as principais preocupa\u00e7\u00f5es de pais, professores e alunos de Ribeir\u00e3o Preto na internet","author":"noticiasribeiraopreto.com.br","date":"5 de December de 2025","format":false,"excerpt":"A Secretaria de Educa\u00e7\u00e3o de Ribeir\u00e3o Preto divulgou nesta quinta-feira (4) o resultado parcial da Consulta P\u00fablica que integra o processo de constru\u00e7\u00e3o do Plano Municipal de Educa\u00e7\u00e3o Digital (PMED). Entre as principais preocupa\u00e7\u00f5es apontadas pelos pais est\u00e3o enfrentamento ao cyberbullying e a necessidade de apoiar crian\u00e7as e jovens no\u2026","rel":"","context":"In &quot;Not\u00edcias de Ribeir\u00e3o Preto-SP e Regi\u00e3o&quot;","block_context":{"text":"Not\u00edcias de Ribeir\u00e3o Preto-SP e Regi\u00e3o","link":"https:\/\/noticiasribeiraopreto.com.br\/index.php\/category\/noticias-de-ribeirao-preto-sp-e-regiao-ismael-colosi\/"},"img":{"alt_text":"","src":"https:\/\/i0.wp.com\/noticiasribeiraopreto.com.br\/wp-content\/uploads\/2025\/12\/plano-educacao-digital_2025-12-04_20-38-48.webp.webp?fit=1200%2C800&ssl=1&resize=350%2C200","width":350,"height":200,"srcset":"https:\/\/i0.wp.com\/noticiasribeiraopreto.com.br\/wp-content\/uploads\/2025\/12\/plano-educacao-digital_2025-12-04_20-38-48.webp.webp?fit=1200%2C800&ssl=1&resize=350%2C200 1x, https:\/\/i0.wp.com\/noticiasribeiraopreto.com.br\/wp-content\/uploads\/2025\/12\/plano-educacao-digital_2025-12-04_20-38-48.webp.webp?fit=1200%2C800&ssl=1&resize=525%2C300 1.5x, https:\/\/i0.wp.com\/noticiasribeiraopreto.com.br\/wp-content\/uploads\/2025\/12\/plano-educacao-digital_2025-12-04_20-38-48.webp.webp?fit=1200%2C800&ssl=1&resize=700%2C400 2x, https:\/\/i0.wp.com\/noticiasribeiraopreto.com.br\/wp-content\/uploads\/2025\/12\/plano-educacao-digital_2025-12-04_20-38-48.webp.webp?fit=1200%2C800&ssl=1&resize=1050%2C600 3x"},"classes":[]},{"id":74697,"url":"https:\/\/noticiasribeiraopreto.com.br\/index.php\/2025\/07\/27\/50-mil-alunos-voltam-as-aulas-nesta-segunda-na-rede-municipal-de-ribeirao-preto\/","url_meta":{"origin":73652,"position":4},"title":"50 mil alunos voltam \u00e0s aulas nesta segunda na rede municipal de Ribeir\u00e3o Preto","author":"noticiasribeiraopreto.com.br","date":"27 de July de 2025","format":false,"excerpt":"As aulas do segundo semestre letivo ser\u00e3o retornadas nesta segunda-feira (28), a partir das 7h, em 146 escolas da rede municipal de ensino de Ribeir\u00e3o Preto. Aproximadamente 50 mil alunos da Educa\u00e7\u00e3o Infantil, Ensino Fundamental e Educa\u00e7\u00e3o de Jovens e Adultos (EJA) devem voltar \u00e0s atividades ap\u00f3s o per\u00edodo de\u2026","rel":"","context":"In &quot;Not\u00edcias de Ribeir\u00e3o Preto-SP e Regi\u00e3o&quot;","block_context":{"text":"Not\u00edcias de Ribeir\u00e3o Preto-SP e Regi\u00e3o","link":"https:\/\/noticiasribeiraopreto.com.br\/index.php\/category\/noticias-de-ribeirao-preto-sp-e-regiao-ismael-colosi\/"},"img":{"alt_text":"","src":"https:\/\/i0.wp.com\/noticiasribeiraopreto.com.br\/wp-content\/uploads\/2025\/07\/a.ok_.educacao_volta_as_aulas_2025_-_foto_guilherme_sircili_18_2025-07-27_20-59-52.webp.webp?fit=1200%2C799&ssl=1&resize=350%2C200","width":350,"height":200,"srcset":"https:\/\/i0.wp.com\/noticiasribeiraopreto.com.br\/wp-content\/uploads\/2025\/07\/a.ok_.educacao_volta_as_aulas_2025_-_foto_guilherme_sircili_18_2025-07-27_20-59-52.webp.webp?fit=1200%2C799&ssl=1&resize=350%2C200 1x, https:\/\/i0.wp.com\/noticiasribeiraopreto.com.br\/wp-content\/uploads\/2025\/07\/a.ok_.educacao_volta_as_aulas_2025_-_foto_guilherme_sircili_18_2025-07-27_20-59-52.webp.webp?fit=1200%2C799&ssl=1&resize=525%2C300 1.5x, https:\/\/i0.wp.com\/noticiasribeiraopreto.com.br\/wp-content\/uploads\/2025\/07\/a.ok_.educacao_volta_as_aulas_2025_-_foto_guilherme_sircili_18_2025-07-27_20-59-52.webp.webp?fit=1200%2C799&ssl=1&resize=700%2C400 2x, https:\/\/i0.wp.com\/noticiasribeiraopreto.com.br\/wp-content\/uploads\/2025\/07\/a.ok_.educacao_volta_as_aulas_2025_-_foto_guilherme_sircili_18_2025-07-27_20-59-52.webp.webp?fit=1200%2C799&ssl=1&resize=1050%2C600 3x"},"classes":[]},{"id":71754,"url":"https:\/\/noticiasribeiraopreto.com.br\/index.php\/2025\/06\/09\/ribeirao-recebe-projeto-gratuito-de-educacao-financeira-veja-quem-pode-participar\/","url_meta":{"origin":73652,"position":5},"title":"Ribeir\u00e3o recebe projeto gratuito de educa\u00e7\u00e3o financeira; Veja quem pode participar","author":"noticiasribeiraopreto.com.br","date":"9 de June de 2025","format":false,"excerpt":"A EMEF Prof. Honorato de Lucca, na zona Norte de Ribeir\u00e3o Preto, promove at\u00e9 s\u00e1bado (14) uma s\u00e9rie de atividades gratuitas para ensinar educa\u00e7\u00e3o financeira a alunos da institui\u00e7\u00e3o e moradores da comunidade. A carreta itinerante \u201cEscola do Dinheiro\u201d integra o curr\u00edculo escolar e tem como objetivo ensinar crian\u00e7as, jovens\u2026","rel":"","context":"In &quot;Not\u00edcias de Ribeir\u00e3o Preto-SP e Regi\u00e3o&quot;","block_context":{"text":"Not\u00edcias de Ribeir\u00e3o Preto-SP e Regi\u00e3o","link":"https:\/\/noticiasribeiraopreto.com.br\/index.php\/category\/noticias-de-ribeirao-preto-sp-e-regiao-ismael-colosi\/"},"img":{"alt_text":"","src":"https:\/\/i0.wp.com\/noticiasribeiraopreto.com.br\/wp-content\/uploads\/2025\/06\/a.ok_.carretaescola_2_1_2025-06-09_20-01-35.webp.webp?fit=1000%2C666&ssl=1&resize=350%2C200","width":350,"height":200,"srcset":"https:\/\/i0.wp.com\/noticiasribeiraopreto.com.br\/wp-content\/uploads\/2025\/06\/a.ok_.carretaescola_2_1_2025-06-09_20-01-35.webp.webp?fit=1000%2C666&ssl=1&resize=350%2C200 1x, https:\/\/i0.wp.com\/noticiasribeiraopreto.com.br\/wp-content\/uploads\/2025\/06\/a.ok_.carretaescola_2_1_2025-06-09_20-01-35.webp.webp?fit=1000%2C666&ssl=1&resize=525%2C300 1.5x, https:\/\/i0.wp.com\/noticiasribeiraopreto.com.br\/wp-content\/uploads\/2025\/06\/a.ok_.carretaescola_2_1_2025-06-09_20-01-35.webp.webp?fit=1000%2C666&ssl=1&resize=700%2C400 2x"},"classes":[]}],"jetpack_sharing_enabled":true,"jetpack_shortlink":"https:\/\/wp.me\/peQAOb-j9W","_links":{"self":[{"href":"https:\/\/noticiasribeiraopreto.com.br\/index.php\/wp-json\/wp\/v2\/posts\/73652","targetHints":{"allow":["GET"]}}],"collection":[{"href":"https:\/\/noticiasribeiraopreto.com.br\/index.php\/wp-json\/wp\/v2\/posts"}],"about":[{"href":"https:\/\/noticiasribeiraopreto.com.br\/index.php\/wp-json\/wp\/v2\/types\/post"}],"author":[{"embeddable":true,"href":"https:\/\/noticiasribeiraopreto.com.br\/index.php\/wp-json\/wp\/v2\/users\/1"}],"replies":[{"embeddable":true,"href":"https:\/\/noticiasribeiraopreto.com.br\/index.php\/wp-json\/wp\/v2\/comments?post=73652"}],"version-history":[{"count":0,"href":"https:\/\/noticiasribeiraopreto.com.br\/index.php\/wp-json\/wp\/v2\/posts\/73652\/revisions"}],"wp:featuredmedia":[{"embeddable":true,"href":"https:\/\/noticiasribeiraopreto.com.br\/index.php\/wp-json\/wp\/v2\/media\/73653"}],"wp:attachment":[{"href":"https:\/\/noticiasribeiraopreto.com.br\/index.php\/wp-json\/wp\/v2\/media?parent=73652"}],"wp:term":[{"taxonomy":"category","embeddable":true,"href":"https:\/\/noticiasribeiraopreto.com.br\/index.php\/wp-json\/wp\/v2\/categories?post=73652"},{"taxonomy":"post_tag","embeddable":true,"href":"https:\/\/noticiasribeiraopreto.com.br\/index.php\/wp-json\/wp\/v2\/tags?post=73652"}],"curies":[{"name":"wp","href":"https:\/\/api.w.org\/{rel}","templated":true}]}}