{"id":73905,"date":"2025-07-11T19:26:37","date_gmt":"2025-07-11T22:26:37","guid":{"rendered":"https:\/\/noticiasribeiraopreto.com.br\/index.php\/2025\/07\/11\/justica-condena-prefeitura-a-pagar-r-400-mil-por-morte-de-aluno-em-escola-de-ribeirao\/"},"modified":"2025-07-11T19:26:37","modified_gmt":"2025-07-11T22:26:37","slug":"justica-condena-prefeitura-a-pagar-r-400-mil-por-morte-de-aluno-em-escola-de-ribeirao","status":"publish","type":"post","link":"https:\/\/noticiasribeiraopreto.com.br\/index.php\/2025\/07\/11\/justica-condena-prefeitura-a-pagar-r-400-mil-por-morte-de-aluno-em-escola-de-ribeirao\/","title":{"rendered":"Justi\u00e7a condena Prefeitura a pagar R$ 400 mil por morte de aluno em escola de Ribeir\u00e3o"},"content":{"rendered":"<div class='code-block code-block-1' style='margin: 8px 0 8px auto; text-align: right; display: block; clear: both;'>\n<p><a href=\"https:\/\/wa.link\/vpicfd\"><img data-recalc-dims=\"1\" class=\"wp-image-4922\" style=\"aspect-ratio: 2.0253164556962027; width: 561px; height: auto;\" src=\"https:\/\/i0.wp.com\/ismaelcolosi.com.br\/wp-content\/uploads\/2023\/11\/grupo-de-empregos-whatsapp-e-facebook-ismael-colosi-vagas.jpg?ssl=1\" alt=\"\" \/><\/a><\/p>\n<!-- \/wp:image -->\n<\/div>\n<p> <br \/>\n<\/p>\n<div>\n<p>A <strong>Prefeitura de Ribeir\u00e3o Preto<\/strong> foi condenada, em 3 de julho, ao pagamento de uma <strong>indeniza\u00e7\u00e3o por danos morais difusos<\/strong> no valor de<strong> R$ 400 mil<\/strong>, em decorr\u00eancia da <strong>morte de um aluno <\/strong>dentro de uma escola da <strong>rede municipal em 2018<\/strong>.<\/p>\n<p>A a\u00e7\u00e3o civil p\u00fablica foi proposta pelo promotor <strong>Naul Luiz Felca<\/strong>, do <strong>Grupo de Atua\u00e7\u00e3o Especial de Educa\u00e7\u00e3o (Geduc)<\/strong>, do <strong>Minist\u00e9rio P\u00fablico de S\u00e3o Paulo (MP-SP)<\/strong>, em setembro de 2023. <mark style=\"background-color:#fcb900\" class=\"has-inline-color\">A a\u00e7\u00e3o n\u00e3o tem rela\u00e7\u00e3o com o <\/mark><mark style=\"background-color:#fcb900;color:#077bbe\" class=\"has-inline-color\">processo individual movido pela fam\u00edlia do adolescente<\/mark><mark style=\"background-color:#fcb900\" class=\"has-inline-color\">.<\/mark><\/p>\n<p>Em nota, a <strong>Prefeitura de Ribeir\u00e3o Preto<\/strong> informou que a \u201cdecis\u00e3o recente refere-se a um pedido de indeniza\u00e7\u00e3o por danos morais coletivos, <strong>sendo que o processo ainda est\u00e1 em fase de discuss\u00e3o judicial<\/strong>. O Munic\u00edpio, atrav\u00e9s da Procuradoria Geral, <strong>interp\u00f4s recurso em face da decis\u00e3o<\/strong>, conforme previsto na legisla\u00e7\u00e3o\u201d.<\/p>\n<h2 class=\"wp-block-heading\"><strong>A\u00e7\u00e3o civil p\u00fablica<\/strong><\/h2>\n<p>Na a\u00e7\u00e3o civil p\u00fablica, <strong>Naul <\/strong>alega que, em novembro de 2018, a <strong>EMEF Eduardo Romualdo de Souza<\/strong>, onde aconteceu o acidente que resultou na morte de <strong>Lucas da Costa Souza, de 13 anos<\/strong>, estava com o<strong> Auto de Vistoria do Corpo de Bombeiros (AVCB) <\/strong>vencido.<\/p>\n<p><mark style=\"background-color:#fcb900\" class=\"has-inline-color\">O adolescente morreu ap\u00f3s receber uma descarga el\u00e9trica e cair da laje ap\u00f3s subir em uma grade.<\/mark><\/p>\n<p>Segundo o promotor, o laudo do <strong>Centro de Apoio \u00e0 Execu\u00e7\u00e3o (Caex)<\/strong> e do <strong>Instituto de Criminal\u00edstica<\/strong> apurou que, al\u00e9m de aus\u00eancia de <strong>AVCB<\/strong>, n\u00e3o houve a manuten\u00e7\u00e3o necess\u00e1ria e adequada da parte el\u00e9trica da escola.<\/p>\n<p>Ainda de acordo com ele, <strong>neglig\u00eancia <\/strong>e <strong>omiss\u00e3o <\/strong>permitiram que o adolescente sofresse o choque, sem possibilidade de socorro.<\/p>\n<p>De acordo com o <strong>MP<\/strong>, a indeniza\u00e7\u00e3o ser\u00e1 <strong>revertida <\/strong>ao <strong>Fundo Municipal<\/strong> gerido pelo<strong> Conselho Municipal dos Direitos da Crian\u00e7a e do Adolescente de Ribeir\u00e3o Preto<\/strong>, para implementa\u00e7\u00e3o de projetos de interesse da comunidade.<\/p>\n<hr class=\"wp-block-separator has-alpha-channel-opacity\"\/>\n<p>SAIBA MAIS<\/p>\n<p>Acusado de matar jogador com 10 tiros envia carta e diz que vai comparecer ao j\u00fari<\/p>\n<p><strong>FIQUE ON\u00a0\u00a0\u00a0\u00a0\u00a0\u00a0\u00a0\u00a0\u00a0<\/strong><\/p>\n<p>Quer ficar por dentro de tudo que acontece em Ribeir\u00e3o Preto e regi\u00e3o? Ent\u00e3o siga os perfis do\u202facidade on\u202fno\u202f<a href=\"https:\/\/www.instagram.com\/acidadeonribeirao\" target=\"_blank\" rel=\"noreferrer noopener\">Instagram<\/a>\u202fe no\u202f<a href=\"https:\/\/www.facebook.com\/acidadeonribeirao\/\" target=\"_blank\" rel=\"noreferrer noopener\">Facebook<\/a>.<\/p>\n<p>Al\u00e9m disso, voc\u00ea pode receber as principais not\u00edcias diretamente no WhatsApp. Para isso, basta\u00a0<a href=\"https:\/\/chat.whatsapp.com\/BjKQZ9oJwlz8VVT50NuePq\" target=\"_blank\" rel=\"noreferrer noopener\">entrar no grupo clicando aqui<\/a>.<\/p>\n<p>Por fim, se quiser fazer uma den\u00fancia ou sugerir uma reportagem sobre Ribeir\u00e3o Preto e regi\u00e3o, envie uma mensagem pelo WhatsApp: (16) 99117-7802.<\/p>\n<p>VEJA TAMB\u00c9M<\/p>\n<p>Fortnite recebe conte\u00fado do Superman<\/p>\n<p><!-- AI CONTENT END 1 -->\n<\/div>\n<p><script async src=\"\/\/www.instagram.com\/embed.js\"><\/script><br \/>\n<br \/><br \/>\n<br \/><a href=\"https:\/\/www.acidadeon.com\/ribeiraopreto\/cotidiano\/justica-condena-prefeitura-a-pagar-r-400-mil-por-morte-de-aluno-em-escola-de-ribeirao\/\">Source link <\/a><\/p>\n<!-- CONTENT END 1 -->\n","protected":false},"excerpt":{"rendered":"<p>A Prefeitura de Ribeir\u00e3o Preto foi condenada, em 3 de julho, ao pagamento de uma indeniza\u00e7\u00e3o por danos morais difusos no valor de R$ 400&#8230;<\/p>\n","protected":false},"author":1,"featured_media":73906,"comment_status":"open","ping_status":"open","sticky":false,"template":"","format":"standard","meta":{"advanced_seo_description":"","jetpack_seo_html_title":"","jetpack_seo_noindex":false,"jetpack_post_was_ever_published":false,"_jetpack_newsletter_access":"","_jetpack_dont_email_post_to_subs":false,"_jetpack_newsletter_tier_id":0,"_jetpack_memberships_contains_paywalled_content":false,"_jetpack_memberships_contains_paid_content":false,"footnotes":"","jetpack_publicize_message":"","jetpack_publicize_feature_enabled":true,"jetpack_social_post_already_shared":true,"jetpack_social_options":{"image_generator_settings":{"template":"highway","default_image_id":0,"font":"","enabled":false},"version":2}},"categories":[11],"tags":[],"class_list":["post-73905","post","type-post","status-publish","format-standard","has-post-thumbnail","hentry","category-noticias-de-ribeirao-preto-sp-e-regiao-ismael-colosi"],"jetpack_publicize_connections":[],"jetpack_featured_media_url":"https:\/\/i0.wp.com\/noticiasribeiraopreto.com.br\/wp-content\/uploads\/2025\/07\/grade-escola-eduardo-romualdo-de-souza.jpg?fit=984%2C656&ssl=1","jetpack-related-posts":[{"id":73915,"url":"https:\/\/noticiasribeiraopreto.com.br\/index.php\/2025\/07\/12\/morte-de-aluno-gera-condenacao\/","url_meta":{"origin":73905,"position":0},"title":"Morte de aluno gera condena\u00e7\u00e3o","author":"noticiasribeiraopreto.com.br","date":"12 de July de 2025","format":false,"excerpt":"O Grupo de Atua\u00e7\u00e3o Especial da Educa\u00e7\u00e3o (Geduc) obteve, em 3 de julho, a condena\u00e7\u00e3o da prefeitura de Ribeir\u00e3o Preto ao pagamento de indeniza\u00e7\u00e3o por danos morais difusos no valor de R$ 400 mil em decorr\u00eancia da morte de um aluno nas depend\u00eancias de uma escola municipal. A senten\u00e7a \u00e9\u2026","rel":"","context":"In &quot;Not\u00edcias de Ribeir\u00e3o Preto-SP e Regi\u00e3o&quot;","block_context":{"text":"Not\u00edcias de Ribeir\u00e3o Preto-SP e Regi\u00e3o","link":"https:\/\/noticiasribeiraopreto.com.br\/index.php\/category\/noticias-de-ribeirao-preto-sp-e-regiao-ismael-colosi\/"},"img":{"alt_text":"","src":"https:\/\/i0.wp.com\/noticiasribeiraopreto.com.br\/wp-content\/uploads\/2025\/07\/MorteCPI-Detalhe-Reproducao-scaled.jpg?fit=800%2C446&ssl=1&resize=350%2C200","width":350,"height":200,"srcset":"https:\/\/i0.wp.com\/noticiasribeiraopreto.com.br\/wp-content\/uploads\/2025\/07\/MorteCPI-Detalhe-Reproducao-scaled.jpg?fit=800%2C446&ssl=1&resize=350%2C200 1x, https:\/\/i0.wp.com\/noticiasribeiraopreto.com.br\/wp-content\/uploads\/2025\/07\/MorteCPI-Detalhe-Reproducao-scaled.jpg?fit=800%2C446&ssl=1&resize=525%2C300 1.5x, https:\/\/i0.wp.com\/noticiasribeiraopreto.com.br\/wp-content\/uploads\/2025\/07\/MorteCPI-Detalhe-Reproducao-scaled.jpg?fit=800%2C446&ssl=1&resize=700%2C400 2x"},"classes":[]},{"id":47486,"url":"https:\/\/noticiasribeiraopreto.com.br\/index.php\/2024\/04\/25\/prefeitura-e-condenada-a-pagar-r-200-mil-por-morte-apos-atendimento-em-ubds-de-ribeirao\/","url_meta":{"origin":73905,"position":1},"title":"Prefeitura \u00e9 condenada a pagar R$ 200 mil por morte ap\u00f3s atendimento em UBDS de Ribeir\u00e3o","author":"noticiasribeiraopreto.com.br","date":"25 de April de 2024","format":false,"excerpt":"A Prefeitura de Ribeir\u00e3o Preto foi condenada nesta quinta-feira (25) a pagar indeniza\u00e7\u00e3o de R$ 200 mil ao vi\u00favo de uma paciente que morreu ap\u00f3s falha no atendimento na UBDS (Unidade B\u00e1sica Distrital de Sa\u00fade) Vila Virg\u00ednia. O caso aconteceu em fevereiro de 2018. Segundo a decis\u00e3o da ju\u00edza Luisa\u2026","rel":"","context":"In &quot;Not\u00edcias de Ribeir\u00e3o Preto-SP e Regi\u00e3o&quot;","block_context":{"text":"Not\u00edcias de Ribeir\u00e3o Preto-SP e Regi\u00e3o","link":"https:\/\/noticiasribeiraopreto.com.br\/index.php\/category\/noticias-de-ribeirao-preto-sp-e-regiao-ismael-colosi\/"},"img":{"alt_text":"","src":"https:\/\/i0.wp.com\/noticiasribeiraopreto.com.br\/wp-content\/uploads\/2024\/04\/Copia-de-Copia-de-TAMANHO-EXATO-PARA-FOTOS-NO-SISTEMA-NOVO-9-2_2024-04-25_21-12-22_jpg.webp.webp?fit=1200%2C675&ssl=1&resize=350%2C200","width":350,"height":200,"srcset":"https:\/\/i0.wp.com\/noticiasribeiraopreto.com.br\/wp-content\/uploads\/2024\/04\/Copia-de-Copia-de-TAMANHO-EXATO-PARA-FOTOS-NO-SISTEMA-NOVO-9-2_2024-04-25_21-12-22_jpg.webp.webp?fit=1200%2C675&ssl=1&resize=350%2C200 1x, https:\/\/i0.wp.com\/noticiasribeiraopreto.com.br\/wp-content\/uploads\/2024\/04\/Copia-de-Copia-de-TAMANHO-EXATO-PARA-FOTOS-NO-SISTEMA-NOVO-9-2_2024-04-25_21-12-22_jpg.webp.webp?fit=1200%2C675&ssl=1&resize=525%2C300 1.5x, https:\/\/i0.wp.com\/noticiasribeiraopreto.com.br\/wp-content\/uploads\/2024\/04\/Copia-de-Copia-de-TAMANHO-EXATO-PARA-FOTOS-NO-SISTEMA-NOVO-9-2_2024-04-25_21-12-22_jpg.webp.webp?fit=1200%2C675&ssl=1&resize=700%2C400 2x, https:\/\/i0.wp.com\/noticiasribeiraopreto.com.br\/wp-content\/uploads\/2024\/04\/Copia-de-Copia-de-TAMANHO-EXATO-PARA-FOTOS-NO-SISTEMA-NOVO-9-2_2024-04-25_21-12-22_jpg.webp.webp?fit=1200%2C675&ssl=1&resize=1050%2C600 3x"},"classes":[]},{"id":47492,"url":"https:\/\/noticiasribeiraopreto.com.br\/index.php\/2024\/04\/25\/prefeitura-e-condenada-a-pagar-r-200-mil-por-morte-apos-atendimento-em-ubds-de-ribeirao-2\/","url_meta":{"origin":73905,"position":2},"title":"Prefeitura \u00e9 condenada a pagar R$ 200 mil por morte ap\u00f3s atendimento em UBDS de Ribeir\u00e3o","author":"noticiasribeiraopreto.com.br","date":"25 de April de 2024","format":false,"excerpt":"A Prefeitura de Ribeir\u00e3o Preto foi condenada nesta quinta-feira (25) a pagar indeniza\u00e7\u00e3o de R$ 200 mil ao vi\u00favo de uma paciente que morreu ap\u00f3s falha no atendimento na UBDS (Unidade B\u00e1sica Distrital de Sa\u00fade) Vila Virg\u00ednia. O caso aconteceu em fevereiro de 2018. Segundo a decis\u00e3o da ju\u00edza Luisa\u2026","rel":"","context":"In &quot;Not\u00edcias de Ribeir\u00e3o Preto-SP e Regi\u00e3o&quot;","block_context":{"text":"Not\u00edcias de Ribeir\u00e3o Preto-SP e Regi\u00e3o","link":"https:\/\/noticiasribeiraopreto.com.br\/index.php\/category\/noticias-de-ribeirao-preto-sp-e-regiao-ismael-colosi\/"},"img":{"alt_text":"","src":"https:\/\/i0.wp.com\/noticiasribeiraopreto.com.br\/wp-content\/uploads\/2024\/04\/Copia-de-Copia-de-TAMANHO-EXATO-PARA-FOTOS-NO-SISTEMA-NOVO-10-1_2024-04-25_22-07-57_jpg.webp.webp?fit=1200%2C675&ssl=1&resize=350%2C200","width":350,"height":200,"srcset":"https:\/\/i0.wp.com\/noticiasribeiraopreto.com.br\/wp-content\/uploads\/2024\/04\/Copia-de-Copia-de-TAMANHO-EXATO-PARA-FOTOS-NO-SISTEMA-NOVO-10-1_2024-04-25_22-07-57_jpg.webp.webp?fit=1200%2C675&ssl=1&resize=350%2C200 1x, https:\/\/i0.wp.com\/noticiasribeiraopreto.com.br\/wp-content\/uploads\/2024\/04\/Copia-de-Copia-de-TAMANHO-EXATO-PARA-FOTOS-NO-SISTEMA-NOVO-10-1_2024-04-25_22-07-57_jpg.webp.webp?fit=1200%2C675&ssl=1&resize=525%2C300 1.5x, https:\/\/i0.wp.com\/noticiasribeiraopreto.com.br\/wp-content\/uploads\/2024\/04\/Copia-de-Copia-de-TAMANHO-EXATO-PARA-FOTOS-NO-SISTEMA-NOVO-10-1_2024-04-25_22-07-57_jpg.webp.webp?fit=1200%2C675&ssl=1&resize=700%2C400 2x, https:\/\/i0.wp.com\/noticiasribeiraopreto.com.br\/wp-content\/uploads\/2024\/04\/Copia-de-Copia-de-TAMANHO-EXATO-PARA-FOTOS-NO-SISTEMA-NOVO-10-1_2024-04-25_22-07-57_jpg.webp.webp?fit=1200%2C675&ssl=1&resize=1050%2C600 3x"},"classes":[]},{"id":43657,"url":"https:\/\/noticiasribeiraopreto.com.br\/index.php\/2024\/03\/22\/rede-de-ensino-estadual-e-condenada-a-pagar-indenizacao-de-r-10-mil-a-estudante-de-ribeirao-preto\/","url_meta":{"origin":73905,"position":3},"title":"Rede de ensino estadual \u00e9 condenada a pagar indeniza\u00e7\u00e3o de R$ 10 mil a estudante de Ribeir\u00e3o Preto","author":"noticiasribeiraopreto.com.br","date":"22 de March de 2024","format":false,"excerpt":"A Justi\u00e7a condenou o Estado a pagar uma indeniza\u00e7\u00e3o de R$ 10 mil para a fam\u00edlia de um estudante de Ribeir\u00e3o Preto, depois que ele disse ter sido agredido por uma professora da rede estadual Dr. Edgardo Cajado, que fica na zona Norte da cidade. O caso aconteceu em agosto\u2026","rel":"","context":"In &quot;Not\u00edcias de Ribeir\u00e3o Preto-SP e Regi\u00e3o&quot;","block_context":{"text":"Not\u00edcias de Ribeir\u00e3o Preto-SP e Regi\u00e3o","link":"https:\/\/noticiasribeiraopreto.com.br\/index.php\/category\/noticias-de-ribeirao-preto-sp-e-regiao-ismael-colosi\/"},"img":{"alt_text":"","src":"https:\/\/i0.wp.com\/noticiasribeiraopreto.com.br\/wp-content\/uploads\/2024\/03\/escola_estadual_1200x675_25102023100240.jpg?fit=1200%2C675&ssl=1&resize=350%2C200","width":350,"height":200,"srcset":"https:\/\/i0.wp.com\/noticiasribeiraopreto.com.br\/wp-content\/uploads\/2024\/03\/escola_estadual_1200x675_25102023100240.jpg?fit=1200%2C675&ssl=1&resize=350%2C200 1x, https:\/\/i0.wp.com\/noticiasribeiraopreto.com.br\/wp-content\/uploads\/2024\/03\/escola_estadual_1200x675_25102023100240.jpg?fit=1200%2C675&ssl=1&resize=525%2C300 1.5x, https:\/\/i0.wp.com\/noticiasribeiraopreto.com.br\/wp-content\/uploads\/2024\/03\/escola_estadual_1200x675_25102023100240.jpg?fit=1200%2C675&ssl=1&resize=700%2C400 2x, https:\/\/i0.wp.com\/noticiasribeiraopreto.com.br\/wp-content\/uploads\/2024\/03\/escola_estadual_1200x675_25102023100240.jpg?fit=1200%2C675&ssl=1&resize=1050%2C600 3x"},"classes":[]},{"id":80398,"url":"https:\/\/noticiasribeiraopreto.com.br\/index.php\/2025\/12\/03\/glaucia-berenice-sera-indenizada-por-danos-morais\/","url_meta":{"origin":73905,"position":4},"title":"Glaucia Berenice ser\u00e1 indenizada por danos morais","author":"noticiasribeiraopreto.com.br","date":"3 de December de 2025","format":false,"excerpt":"\r \r \r 2 de dezembro de 2025 11:41 \r Compartilhar0 Decis\u00e3o da Justi\u00e7a foi dada em a\u00e7\u00e3o contra o presidente da ONG Mudando Vidas, que a acusou de neglig\u00eancia criminosa quando era secret\u00e1ria municipal de Assist\u00eancia Social; ainda cabe recurso. A 12\u00aa Vara C\u00edvel de Ribeir\u00e3o Preto condenou o\u2026","rel":"","context":"In &quot;Not\u00edcias de Ribeir\u00e3o Preto-SP e Regi\u00e3o&quot;","block_context":{"text":"Not\u00edcias de Ribeir\u00e3o Preto-SP e Regi\u00e3o","link":"https:\/\/noticiasribeiraopreto.com.br\/index.php\/category\/noticias-de-ribeirao-preto-sp-e-regiao-ismael-colosi\/"},"img":{"alt_text":"","src":"https:\/\/i0.wp.com\/noticiasribeiraopreto.com.br\/wp-content\/uploads\/2025\/12\/Image1-258.jpg?fit=700%2C450&ssl=1&resize=350%2C200","width":350,"height":200,"srcset":"https:\/\/i0.wp.com\/noticiasribeiraopreto.com.br\/wp-content\/uploads\/2025\/12\/Image1-258.jpg?fit=700%2C450&ssl=1&resize=350%2C200 1x, https:\/\/i0.wp.com\/noticiasribeiraopreto.com.br\/wp-content\/uploads\/2025\/12\/Image1-258.jpg?fit=700%2C450&ssl=1&resize=525%2C300 1.5x, https:\/\/i0.wp.com\/noticiasribeiraopreto.com.br\/wp-content\/uploads\/2025\/12\/Image1-258.jpg?fit=700%2C450&ssl=1&resize=700%2C400 2x"},"classes":[]},{"id":61109,"url":"https:\/\/noticiasribeiraopreto.com.br\/index.php\/2024\/12\/03\/justica-determina-indenizacao-a-familia-de-homem-declarado-morto-em-upa-de-ribeirao\/","url_meta":{"origin":73905,"position":5},"title":"Justi\u00e7a determina indeniza\u00e7\u00e3o \u00e0 fam\u00edlia de homem declarado morto em UPA de Ribeir\u00e3o","author":"noticiasribeiraopreto.com.br","date":"3 de December de 2024","format":false,"excerpt":"A fam\u00edlia de Jos\u00e9 Roberto Pereira, que foi informada da morte do aposentado de forma equivocada em mar\u00e7o de 2023, ganhou na Justi\u00e7a o processo de indeniza\u00e7\u00e3o por danos morais e materiais contra a Funda\u00e7\u00e3o Hospital Santa Lydia. De acordo com a senten\u00e7a, cada familiar de Jos\u00e9 Roberto, que constar\u2026","rel":"","context":"In &quot;Not\u00edcias de Ribeir\u00e3o Preto-SP e Regi\u00e3o&quot;","block_context":{"text":"Not\u00edcias de Ribeir\u00e3o Preto-SP e Regi\u00e3o","link":"https:\/\/noticiasribeiraopreto.com.br\/index.php\/category\/noticias-de-ribeirao-preto-sp-e-regiao-ismael-colosi\/"},"img":{"alt_text":"","src":"https:\/\/i0.wp.com\/noticiasribeiraopreto.com.br\/wp-content\/uploads\/2024\/12\/Copia-de-Copia-de-Copia-de-TAMANHO-EXATO-PARA-FOTOS-NO-SISTEMA-NOVO-2024-12-03T173508.309_2024-12-03_20-36-15_png_2024-12-03_20-36-15.webp.webp?fit=1200%2C675&ssl=1&resize=350%2C200","width":350,"height":200,"srcset":"https:\/\/i0.wp.com\/noticiasribeiraopreto.com.br\/wp-content\/uploads\/2024\/12\/Copia-de-Copia-de-Copia-de-TAMANHO-EXATO-PARA-FOTOS-NO-SISTEMA-NOVO-2024-12-03T173508.309_2024-12-03_20-36-15_png_2024-12-03_20-36-15.webp.webp?fit=1200%2C675&ssl=1&resize=350%2C200 1x, https:\/\/i0.wp.com\/noticiasribeiraopreto.com.br\/wp-content\/uploads\/2024\/12\/Copia-de-Copia-de-Copia-de-TAMANHO-EXATO-PARA-FOTOS-NO-SISTEMA-NOVO-2024-12-03T173508.309_2024-12-03_20-36-15_png_2024-12-03_20-36-15.webp.webp?fit=1200%2C675&ssl=1&resize=525%2C300 1.5x, https:\/\/i0.wp.com\/noticiasribeiraopreto.com.br\/wp-content\/uploads\/2024\/12\/Copia-de-Copia-de-Copia-de-TAMANHO-EXATO-PARA-FOTOS-NO-SISTEMA-NOVO-2024-12-03T173508.309_2024-12-03_20-36-15_png_2024-12-03_20-36-15.webp.webp?fit=1200%2C675&ssl=1&resize=700%2C400 2x, https:\/\/i0.wp.com\/noticiasribeiraopreto.com.br\/wp-content\/uploads\/2024\/12\/Copia-de-Copia-de-Copia-de-TAMANHO-EXATO-PARA-FOTOS-NO-SISTEMA-NOVO-2024-12-03T173508.309_2024-12-03_20-36-15_png_2024-12-03_20-36-15.webp.webp?fit=1200%2C675&ssl=1&resize=1050%2C600 3x"},"classes":[]}],"jetpack_sharing_enabled":true,"jetpack_shortlink":"https:\/\/wp.me\/peQAOb-je1","_links":{"self":[{"href":"https:\/\/noticiasribeiraopreto.com.br\/index.php\/wp-json\/wp\/v2\/posts\/73905","targetHints":{"allow":["GET"]}}],"collection":[{"href":"https:\/\/noticiasribeiraopreto.com.br\/index.php\/wp-json\/wp\/v2\/posts"}],"about":[{"href":"https:\/\/noticiasribeiraopreto.com.br\/index.php\/wp-json\/wp\/v2\/types\/post"}],"author":[{"embeddable":true,"href":"https:\/\/noticiasribeiraopreto.com.br\/index.php\/wp-json\/wp\/v2\/users\/1"}],"replies":[{"embeddable":true,"href":"https:\/\/noticiasribeiraopreto.com.br\/index.php\/wp-json\/wp\/v2\/comments?post=73905"}],"version-history":[{"count":0,"href":"https:\/\/noticiasribeiraopreto.com.br\/index.php\/wp-json\/wp\/v2\/posts\/73905\/revisions"}],"wp:featuredmedia":[{"embeddable":true,"href":"https:\/\/noticiasribeiraopreto.com.br\/index.php\/wp-json\/wp\/v2\/media\/73906"}],"wp:attachment":[{"href":"https:\/\/noticiasribeiraopreto.com.br\/index.php\/wp-json\/wp\/v2\/media?parent=73905"}],"wp:term":[{"taxonomy":"category","embeddable":true,"href":"https:\/\/noticiasribeiraopreto.com.br\/index.php\/wp-json\/wp\/v2\/categories?post=73905"},{"taxonomy":"post_tag","embeddable":true,"href":"https:\/\/noticiasribeiraopreto.com.br\/index.php\/wp-json\/wp\/v2\/tags?post=73905"}],"curies":[{"name":"wp","href":"https:\/\/api.w.org\/{rel}","templated":true}]}}