{"id":73923,"date":"2025-07-12T10:53:44","date_gmt":"2025-07-12T13:53:44","guid":{"rendered":"https:\/\/noticiasribeiraopreto.com.br\/index.php\/2025\/07\/12\/bmw-bate-em-poste-e-deixa-bairro-sem-luz-veiculo-pertence-a-parente-de-eder-militao\/"},"modified":"2025-07-12T10:53:44","modified_gmt":"2025-07-12T13:53:44","slug":"bmw-bate-em-poste-e-deixa-bairro-sem-luz-veiculo-pertence-a-parente-de-eder-militao","status":"publish","type":"post","link":"https:\/\/noticiasribeiraopreto.com.br\/index.php\/2025\/07\/12\/bmw-bate-em-poste-e-deixa-bairro-sem-luz-veiculo-pertence-a-parente-de-eder-militao\/","title":{"rendered":"BMW bate em poste e deixa bairro sem luz; ve\u00edculo pertence a parente de \u00c9der Milit\u00e3o"},"content":{"rendered":"<div class='code-block code-block-1' style='margin: 8px 0 8px auto; text-align: right; display: block; clear: both;'>\n<p><a href=\"https:\/\/wa.link\/vpicfd\"><img data-recalc-dims=\"1\" class=\"wp-image-4922\" style=\"aspect-ratio: 2.0253164556962027; width: 561px; height: auto;\" src=\"https:\/\/i0.wp.com\/ismaelcolosi.com.br\/wp-content\/uploads\/2023\/11\/grupo-de-empregos-whatsapp-e-facebook-ismael-colosi-vagas.jpg?ssl=1\" alt=\"\" \/><\/a><\/p>\n<!-- \/wp:image -->\n<\/div>\n<p> <br \/>\n<\/p>\n<div data-td-block-uid=\"tdi_95\">\n<div class=\"tdb-block-inner td-fix-index\">\n<p>Na madrugada deste s\u00e1bado (12), <strong>uma BMW colidiu com um poste de ilumina\u00e7\u00e3o p\u00fablica<\/strong> na rua Pedro Bigheti, em <strong>Sert\u00e3ozinho<\/strong>, na regi\u00e3o de<strong> Ribeir\u00e3o Preto<\/strong>. O acidente n\u00e3o deixou v\u00edtimas, <strong>mas interrompeu o fornecimento de energia em parte do bairro<\/strong>. <mark style=\"background-color:#fcb900\" class=\"has-inline-color\">O condutor deixou o local antes da chegada das autoridades.<\/mark><\/p>\n<p>Horas depois, <strong>Edivaldo Milit\u00e3o se apresentou como respons\u00e1vel pelo ve\u00edculo.<\/strong> Ele informou que a BMW pertence a um de seus filhos e n\u00e3o quis fornecer outros detalhes. <strong>Edivaldo \u00e9 pai do zagueiro \u00c9der Milit\u00e3o<\/strong>, <strong>que atua pelo Real Madrid e pela Sele\u00e7\u00e3o Brasileira.<\/strong><\/p>\n<p>O impacto tamb\u00e9m provocou a queda do poste padr\u00e3o da Unidade B\u00e1sica de Sa\u00fade (UBS) Central, que segue sem energia el\u00e9trica at\u00e9 a publica\u00e7\u00e3o desta mat\u00e9ria.<\/p>\n<p>Equipes da Guarda Civil Municipal foram acionadas para apoiar a Pol\u00edcia Militar, que j\u00e1 registrava a ocorr\u00eancia. A via foi interditada por seguran\u00e7a.<\/p>\n<hr class=\"wp-block-separator has-alpha-channel-opacity\"\/>\n<p>SAIBA MAIS<\/p>\n<p>Acusado de matar jogador com 10 tiros envia carta e diz que vai comparecer ao j\u00fari<\/p>\n<p><strong>FIQUE ON\u00a0\u00a0\u00a0\u00a0\u00a0\u00a0\u00a0\u00a0\u00a0<\/strong><\/p>\n<p>Quer ficar por dentro de tudo que acontece em Ribeir\u00e3o Preto e regi\u00e3o? Ent\u00e3o siga os perfis do\u202facidade on\u202fno\u202f<a href=\"https:\/\/www.instagram.com\/acidadeonribeirao\" target=\"_blank\" rel=\"noreferrer noopener\">Instagram<\/a>\u202fe no\u202f<a href=\"https:\/\/www.facebook.com\/acidadeonribeirao\/\" target=\"_blank\" rel=\"noreferrer noopener\">Facebook<\/a>. <mark style=\"background-color:#ffffff\" class=\"has-inline-color has-white-color\">, contudo<\/mark><\/p>\n<p>Al\u00e9m disso, voc\u00ea pode receber as principais not\u00edcias diretamente no WhatsApp. Para isso, basta\u00a0<a href=\"https:\/\/chat.whatsapp.com\/BjKQZ9oJwlz8VVT50NuePq\" target=\"_blank\" rel=\"noreferrer noopener\">entrar no grupo clicando aqui<\/a>. <mark style=\"background-color:#ffffff\" class=\"has-inline-color has-white-color\">, no entanto<\/mark><\/p>\n<p>Por fim, se quiser fazer uma den\u00fancia ou sugerir uma reportagem sobre Ribeir\u00e3o Preto e regi\u00e3o, envie uma mensagem pelo WhatsApp: (16) 99117-7802. <mark style=\"background-color:#ffffff\" class=\"has-inline-color has-white-color\">, por\u00e9m<\/mark><\/p>\n<p>VEJA TAMB\u00c9M<\/p>\n<p>Fortnite recebe conte\u00fado do Superman<\/p>\n<p><!-- AI CONTENT END 1 -->\n<\/div>\n<\/div>\n<p><script async src=\"\/\/www.instagram.com\/embed.js\"><\/script><br \/>\n<br \/><br \/>\n<br \/><a href=\"https:\/\/www.acidadeon.com\/ribeiraopreto\/cotidiano\/bmw-bate-em-poste-e-deixa-bairro-sem-luz-veiculo-pertence-a-parente-de-eder-militao\/\">Source link <\/a><\/p>\n<!-- CONTENT END 1 -->\n","protected":false},"excerpt":{"rendered":"<p>Na madrugada deste s\u00e1bado (12), uma BMW colidiu com um poste de ilumina\u00e7\u00e3o p\u00fablica na rua Pedro Bigheti, em Sert\u00e3ozinho, na regi\u00e3o de Ribeir\u00e3o Preto&#8230;.<\/p>\n","protected":false},"author":1,"featured_media":73924,"comment_status":"open","ping_status":"open","sticky":false,"template":"","format":"standard","meta":{"advanced_seo_description":"","jetpack_seo_html_title":"","jetpack_seo_noindex":false,"jetpack_post_was_ever_published":false,"_jetpack_newsletter_access":"","_jetpack_dont_email_post_to_subs":false,"_jetpack_newsletter_tier_id":0,"_jetpack_memberships_contains_paywalled_content":false,"_jetpack_memberships_contains_paid_content":false,"footnotes":"","jetpack_publicize_message":"","jetpack_publicize_feature_enabled":true,"jetpack_social_post_already_shared":true,"jetpack_social_options":{"image_generator_settings":{"template":"highway","default_image_id":0,"font":"","enabled":false},"version":2}},"categories":[11],"tags":[],"class_list":["post-73923","post","type-post","status-publish","format-standard","has-post-thumbnail","hentry","category-noticias-de-ribeirao-preto-sp-e-regiao-ismael-colosi"],"jetpack_publicize_connections":[],"jetpack_featured_media_url":"https:\/\/i0.wp.com\/noticiasribeiraopreto.com.br\/wp-content\/uploads\/2025\/07\/Copia-de-Copia-de-Copia-de-TAMANHO-EXATO-PARA-FOTOS-NO-SISTEMA-NOVO-2025-07-12T094035.894_2025-07-12_12-40-46.webp.webp?fit=1200%2C675&ssl=1","jetpack-related-posts":[{"id":73966,"url":"https:\/\/noticiasribeiraopreto.com.br\/index.php\/2025\/07\/13\/esquadrilha-da-fumaca-se-apresenta-na-regiao-de-ribeirao-preto-veja-quando\/","url_meta":{"origin":73923,"position":0},"title":"Esquadrilha da Fuma\u00e7a se apresenta na regi\u00e3o de Ribeir\u00e3o Preto; Veja quando","author":"noticiasribeiraopreto.com.br","date":"13 de July de 2025","format":false,"excerpt":"A Esquadrilha da Fuma\u00e7a se apresenta em Jaboticabal, na regi\u00e3o de Ribeir\u00e3o Preto, no pr\u00f3ximo dia 26 de julho. O show a\u00e9reo come\u00e7a a partir das 16h no aeroporto municipal de Jaboticabal, ao lado do campus da Unesp (Universidade Estadual Paulista). A apresenta\u00e7\u00e3o retorna \u00e0 cidade ap\u00f3s 17 anos. A\u2026","rel":"","context":"In &quot;Not\u00edcias de Ribeir\u00e3o Preto-SP e Regi\u00e3o&quot;","block_context":{"text":"Not\u00edcias de Ribeir\u00e3o Preto-SP e Regi\u00e3o","link":"https:\/\/noticiasribeiraopreto.com.br\/index.php\/category\/noticias-de-ribeirao-preto-sp-e-regiao-ismael-colosi\/"},"img":{"alt_text":"","src":"https:\/\/i0.wp.com\/noticiasribeiraopreto.com.br\/wp-content\/uploads\/2025\/07\/AnyConv.com__esquadrilha-da-fumaca.webp.webp?fit=1200%2C800&ssl=1&resize=350%2C200","width":350,"height":200,"srcset":"https:\/\/i0.wp.com\/noticiasribeiraopreto.com.br\/wp-content\/uploads\/2025\/07\/AnyConv.com__esquadrilha-da-fumaca.webp.webp?fit=1200%2C800&ssl=1&resize=350%2C200 1x, https:\/\/i0.wp.com\/noticiasribeiraopreto.com.br\/wp-content\/uploads\/2025\/07\/AnyConv.com__esquadrilha-da-fumaca.webp.webp?fit=1200%2C800&ssl=1&resize=525%2C300 1.5x, https:\/\/i0.wp.com\/noticiasribeiraopreto.com.br\/wp-content\/uploads\/2025\/07\/AnyConv.com__esquadrilha-da-fumaca.webp.webp?fit=1200%2C800&ssl=1&resize=700%2C400 2x, https:\/\/i0.wp.com\/noticiasribeiraopreto.com.br\/wp-content\/uploads\/2025\/07\/AnyConv.com__esquadrilha-da-fumaca.webp.webp?fit=1200%2C800&ssl=1&resize=1050%2C600 3x"},"classes":[]},{"id":73970,"url":"https:\/\/noticiasribeiraopreto.com.br\/index.php\/2025\/07\/13\/o-que-e-sab-entenda-publicacao-misteriosa-nas-redes-sociais\/","url_meta":{"origin":73923,"position":1},"title":"O que \u00e9 SAB? Entenda publica\u00e7\u00e3o \u2018misteriosa\u2019 nas redes sociais","author":"noticiasribeiraopreto.com.br","date":"13 de July de 2025","format":false,"excerpt":"Diversos clubes de futebol publicaram neste domingo (13) nas redes sociais a mensagem de que agora s\u00e3o SAB. A postagem chamou a aten\u00e7\u00e3o de diversos torcedores de clubes como Flamengo, Corinthians, Ponte Preta, Cruzeiro e Atl\u00e9tico-MG, entre outros. At\u00e9 o ex-jogador Ronaldo fez um post no qual afirma ser o\u2026","rel":"","context":"In &quot;Not\u00edcias de Ribeir\u00e3o Preto-SP e Regi\u00e3o&quot;","block_context":{"text":"Not\u00edcias de Ribeir\u00e3o Preto-SP e Regi\u00e3o","link":"https:\/\/noticiasribeiraopreto.com.br\/index.php\/category\/noticias-de-ribeirao-preto-sp-e-regiao-ismael-colosi\/"},"img":{"alt_text":"","src":"https:\/\/i0.wp.com\/noticiasribeiraopreto.com.br\/wp-content\/uploads\/2025\/07\/sab_2025-07-13_16-08-33.webp.webp?fit=1200%2C674&ssl=1&resize=350%2C200","width":350,"height":200,"srcset":"https:\/\/i0.wp.com\/noticiasribeiraopreto.com.br\/wp-content\/uploads\/2025\/07\/sab_2025-07-13_16-08-33.webp.webp?fit=1200%2C674&ssl=1&resize=350%2C200 1x, https:\/\/i0.wp.com\/noticiasribeiraopreto.com.br\/wp-content\/uploads\/2025\/07\/sab_2025-07-13_16-08-33.webp.webp?fit=1200%2C674&ssl=1&resize=525%2C300 1.5x, https:\/\/i0.wp.com\/noticiasribeiraopreto.com.br\/wp-content\/uploads\/2025\/07\/sab_2025-07-13_16-08-33.webp.webp?fit=1200%2C674&ssl=1&resize=700%2C400 2x, https:\/\/i0.wp.com\/noticiasribeiraopreto.com.br\/wp-content\/uploads\/2025\/07\/sab_2025-07-13_16-08-33.webp.webp?fit=1200%2C674&ssl=1&resize=1050%2C600 3x"},"classes":[]},{"id":73974,"url":"https:\/\/noticiasribeiraopreto.com.br\/index.php\/2025\/07\/13\/bbb-nos-parques-de-ribeirao-preto-projeto-preve-instalacao-de-cameras\/","url_meta":{"origin":73923,"position":2},"title":"BBB nos parques de Ribeir\u00e3o Preto? Projeto prev\u00ea instala\u00e7\u00e3o de c\u00e2meras","author":"noticiasribeiraopreto.com.br","date":"13 de July de 2025","format":false,"excerpt":"A C\u00e2mara de Ribeir\u00e3o Preto vota nesta segunda-feira (14) um projeto de lei que prev\u00ea a instala\u00e7\u00e3o de c\u00e2meras de videomonitoramento nos parques p\u00fablicos da cidade. O projeto de lei \u00e9 de autoria do vereador Maur\u00edcio Gasparini (Uni\u00e3o). A proposta n\u00e3o informa como funcion\u00e1ria o programa \u201cParque Seguro\u201d, nem quantas\u2026","rel":"","context":"In &quot;Not\u00edcias de Ribeir\u00e3o Preto-SP e Regi\u00e3o&quot;","block_context":{"text":"Not\u00edcias de Ribeir\u00e3o Preto-SP e Regi\u00e3o","link":"https:\/\/noticiasribeiraopreto.com.br\/index.php\/category\/noticias-de-ribeirao-preto-sp-e-regiao-ismael-colosi\/"},"img":{"alt_text":"","src":"https:\/\/i0.wp.com\/noticiasribeiraopreto.com.br\/wp-content\/uploads\/2025\/07\/parque-curupira-tempo_2024-08-12_12-53-54_jpeg_2024-08-12_12-53-56-scaled.webp.webp?fit=1200%2C675&ssl=1&resize=350%2C200","width":350,"height":200,"srcset":"https:\/\/i0.wp.com\/noticiasribeiraopreto.com.br\/wp-content\/uploads\/2025\/07\/parque-curupira-tempo_2024-08-12_12-53-54_jpeg_2024-08-12_12-53-56-scaled.webp.webp?fit=1200%2C675&ssl=1&resize=350%2C200 1x, https:\/\/i0.wp.com\/noticiasribeiraopreto.com.br\/wp-content\/uploads\/2025\/07\/parque-curupira-tempo_2024-08-12_12-53-54_jpeg_2024-08-12_12-53-56-scaled.webp.webp?fit=1200%2C675&ssl=1&resize=525%2C300 1.5x, https:\/\/i0.wp.com\/noticiasribeiraopreto.com.br\/wp-content\/uploads\/2025\/07\/parque-curupira-tempo_2024-08-12_12-53-54_jpeg_2024-08-12_12-53-56-scaled.webp.webp?fit=1200%2C675&ssl=1&resize=700%2C400 2x, https:\/\/i0.wp.com\/noticiasribeiraopreto.com.br\/wp-content\/uploads\/2025\/07\/parque-curupira-tempo_2024-08-12_12-53-54_jpeg_2024-08-12_12-53-56-scaled.webp.webp?fit=1200%2C675&ssl=1&resize=1050%2C600 3x"},"classes":[]},{"id":73921,"url":"https:\/\/noticiasribeiraopreto.com.br\/index.php\/2025\/07\/12\/ribeirao-preto-tem-alerta-de-baixa-umidade-e-riscos-a-saude-veja-previsao\/","url_meta":{"origin":73923,"position":3},"title":"Ribeir\u00e3o Preto tem alerta de baixa umidade e riscos \u00e0 sa\u00fade; veja previs\u00e3o","author":"noticiasribeiraopreto.com.br","date":"12 de July de 2025","format":false,"excerpt":"Este s\u00e1bado (12) ser\u00e1 de tempo seco e varia\u00e7\u00e3o de nuvens em Ribeir\u00e3o Preto. O dia ter\u00e1 sol com muitas nuvens, al\u00e9m de per\u00edodos de c\u00e9u nublado. \u00c0 noite, o c\u00e9u segue com nebulosidade, mas n\u00e3o h\u00e1 previs\u00e3o de chuva. Apesar do clima est\u00e1vel, o Instituto Nacional de Meteorologia (Inmet)\u2026","rel":"","context":"In &quot;Not\u00edcias de Ribeir\u00e3o Preto-SP e Regi\u00e3o&quot;","block_context":{"text":"Not\u00edcias de Ribeir\u00e3o Preto-SP e Regi\u00e3o","link":"https:\/\/noticiasribeiraopreto.com.br\/index.php\/category\/noticias-de-ribeirao-preto-sp-e-regiao-ismael-colosi\/"},"img":{"alt_text":"","src":"https:\/\/i0.wp.com\/noticiasribeiraopreto.com.br\/wp-content\/uploads\/2025\/07\/Imagem-do-WhatsApp-de-2025-07-12-as-09.56.35_90c554d2_2025-07-12_13-12-16.webp.webp?fit=1200%2C900&ssl=1&resize=350%2C200","width":350,"height":200,"srcset":"https:\/\/i0.wp.com\/noticiasribeiraopreto.com.br\/wp-content\/uploads\/2025\/07\/Imagem-do-WhatsApp-de-2025-07-12-as-09.56.35_90c554d2_2025-07-12_13-12-16.webp.webp?fit=1200%2C900&ssl=1&resize=350%2C200 1x, https:\/\/i0.wp.com\/noticiasribeiraopreto.com.br\/wp-content\/uploads\/2025\/07\/Imagem-do-WhatsApp-de-2025-07-12-as-09.56.35_90c554d2_2025-07-12_13-12-16.webp.webp?fit=1200%2C900&ssl=1&resize=525%2C300 1.5x, https:\/\/i0.wp.com\/noticiasribeiraopreto.com.br\/wp-content\/uploads\/2025\/07\/Imagem-do-WhatsApp-de-2025-07-12-as-09.56.35_90c554d2_2025-07-12_13-12-16.webp.webp?fit=1200%2C900&ssl=1&resize=700%2C400 2x, https:\/\/i0.wp.com\/noticiasribeiraopreto.com.br\/wp-content\/uploads\/2025\/07\/Imagem-do-WhatsApp-de-2025-07-12-as-09.56.35_90c554d2_2025-07-12_13-12-16.webp.webp?fit=1200%2C900&ssl=1&resize=1050%2C600 3x"},"classes":[]},{"id":73976,"url":"https:\/\/noticiasribeiraopreto.com.br\/index.php\/2025\/07\/13\/frente-fria-e-ciclone-veja-como-fica-o-tempo-em-sp-na-proxima-semana\/","url_meta":{"origin":73923,"position":4},"title":"Frente fria e ciclone? Veja como fica o tempo em SP na pr\u00f3xima semana","author":"noticiasribeiraopreto.com.br","date":"13 de July de 2025","format":false,"excerpt":"Uma frente fria se aproxima a partir da pr\u00f3xima quinta-feira (17), contudo n\u00e3o dever\u00e1 alterar as temperaturas na maior parte do interior de S\u00e3o Paulo. Segundo o site meteorol\u00f3gico MetSul, a frente fria s\u00f3 deve ter impacto no sul do estado e o Sol aparece com temperaturas elevadas para esta\u2026","rel":"","context":"In &quot;Not\u00edcias de Ribeir\u00e3o Preto-SP e Regi\u00e3o&quot;","block_context":{"text":"Not\u00edcias de Ribeir\u00e3o Preto-SP e Regi\u00e3o","link":"https:\/\/noticiasribeiraopreto.com.br\/index.php\/category\/noticias-de-ribeirao-preto-sp-e-regiao-ismael-colosi\/"},"img":{"alt_text":"","src":"https:\/\/i0.wp.com\/noticiasribeiraopreto.com.br\/wp-content\/uploads\/2025\/07\/WhatsApp-Image-2025-02-04-at-07.07.27_2025-02-04_10-40-52_jpeg_2025-02-04_10-40-52.webp.webp?fit=1200%2C901&ssl=1&resize=350%2C200","width":350,"height":200,"srcset":"https:\/\/i0.wp.com\/noticiasribeiraopreto.com.br\/wp-content\/uploads\/2025\/07\/WhatsApp-Image-2025-02-04-at-07.07.27_2025-02-04_10-40-52_jpeg_2025-02-04_10-40-52.webp.webp?fit=1200%2C901&ssl=1&resize=350%2C200 1x, https:\/\/i0.wp.com\/noticiasribeiraopreto.com.br\/wp-content\/uploads\/2025\/07\/WhatsApp-Image-2025-02-04-at-07.07.27_2025-02-04_10-40-52_jpeg_2025-02-04_10-40-52.webp.webp?fit=1200%2C901&ssl=1&resize=525%2C300 1.5x, https:\/\/i0.wp.com\/noticiasribeiraopreto.com.br\/wp-content\/uploads\/2025\/07\/WhatsApp-Image-2025-02-04-at-07.07.27_2025-02-04_10-40-52_jpeg_2025-02-04_10-40-52.webp.webp?fit=1200%2C901&ssl=1&resize=700%2C400 2x, https:\/\/i0.wp.com\/noticiasribeiraopreto.com.br\/wp-content\/uploads\/2025\/07\/WhatsApp-Image-2025-02-04-at-07.07.27_2025-02-04_10-40-52_jpeg_2025-02-04_10-40-52.webp.webp?fit=1200%2C901&ssl=1&resize=1050%2C600 3x"},"classes":[]},{"id":80189,"url":"https:\/\/noticiasribeiraopreto.com.br\/index.php\/2025\/11\/17\/video-homem-derruba-poste-e-foge-deixando-bairro-sem-energia\/","url_meta":{"origin":73923,"position":5},"title":"V\u00cdDEO Homem derruba poste e foge, deixando bairro sem energia","author":"noticiasribeiraopreto.com.br","date":"17 de November de 2025","format":false,"excerpt":"Acidente ocorrido na manh\u00e3 de domingo (16) n\u00e3o deixou feridos, mas causou transtornos em v\u00e1rios pontos de Bonfim Paulista 17 de novembro de 2025 13:2817 de novembro de 2025 13:28 Compartilhar0Por: Adalberto LuqueUm motorista derrubou um poste, na manh\u00e3 deste domingo, 16 de novembro, ap\u00f3s um acidente. Ele colidiu com\u2026","rel":"","context":"In &quot;Not\u00edcias de Ribeir\u00e3o Preto-SP e Regi\u00e3o&quot;","block_context":{"text":"Not\u00edcias de Ribeir\u00e3o Preto-SP e Regi\u00e3o","link":"https:\/\/noticiasribeiraopreto.com.br\/index.php\/category\/noticias-de-ribeirao-preto-sp-e-regiao-ismael-colosi\/"},"img":{"alt_text":"","src":"https:\/\/i0.wp.com\/noticiasribeiraopreto.com.br\/wp-content\/uploads\/2025\/11\/17-nov-2025-carroposte1.jpg?fit=822%2C780&ssl=1&resize=350%2C200","width":350,"height":200,"srcset":"https:\/\/i0.wp.com\/noticiasribeiraopreto.com.br\/wp-content\/uploads\/2025\/11\/17-nov-2025-carroposte1.jpg?fit=822%2C780&ssl=1&resize=350%2C200 1x, https:\/\/i0.wp.com\/noticiasribeiraopreto.com.br\/wp-content\/uploads\/2025\/11\/17-nov-2025-carroposte1.jpg?fit=822%2C780&ssl=1&resize=525%2C300 1.5x, https:\/\/i0.wp.com\/noticiasribeiraopreto.com.br\/wp-content\/uploads\/2025\/11\/17-nov-2025-carroposte1.jpg?fit=822%2C780&ssl=1&resize=700%2C400 2x"},"classes":[]}],"jetpack_sharing_enabled":true,"jetpack_shortlink":"https:\/\/wp.me\/peQAOb-jej","_links":{"self":[{"href":"https:\/\/noticiasribeiraopreto.com.br\/index.php\/wp-json\/wp\/v2\/posts\/73923","targetHints":{"allow":["GET"]}}],"collection":[{"href":"https:\/\/noticiasribeiraopreto.com.br\/index.php\/wp-json\/wp\/v2\/posts"}],"about":[{"href":"https:\/\/noticiasribeiraopreto.com.br\/index.php\/wp-json\/wp\/v2\/types\/post"}],"author":[{"embeddable":true,"href":"https:\/\/noticiasribeiraopreto.com.br\/index.php\/wp-json\/wp\/v2\/users\/1"}],"replies":[{"embeddable":true,"href":"https:\/\/noticiasribeiraopreto.com.br\/index.php\/wp-json\/wp\/v2\/comments?post=73923"}],"version-history":[{"count":0,"href":"https:\/\/noticiasribeiraopreto.com.br\/index.php\/wp-json\/wp\/v2\/posts\/73923\/revisions"}],"wp:featuredmedia":[{"embeddable":true,"href":"https:\/\/noticiasribeiraopreto.com.br\/index.php\/wp-json\/wp\/v2\/media\/73924"}],"wp:attachment":[{"href":"https:\/\/noticiasribeiraopreto.com.br\/index.php\/wp-json\/wp\/v2\/media?parent=73923"}],"wp:term":[{"taxonomy":"category","embeddable":true,"href":"https:\/\/noticiasribeiraopreto.com.br\/index.php\/wp-json\/wp\/v2\/categories?post=73923"},{"taxonomy":"post_tag","embeddable":true,"href":"https:\/\/noticiasribeiraopreto.com.br\/index.php\/wp-json\/wp\/v2\/tags?post=73923"}],"curies":[{"name":"wp","href":"https:\/\/api.w.org\/{rel}","templated":true}]}}