{"id":73925,"date":"2025-07-12T13:48:48","date_gmt":"2025-07-12T16:48:48","guid":{"rendered":"https:\/\/noticiasribeiraopreto.com.br\/index.php\/2025\/07\/12\/shoppings-de-ribeirao-preto-oferecem-programacao-gratuita-de-ferias-confira\/"},"modified":"2025-07-12T13:48:48","modified_gmt":"2025-07-12T16:48:48","slug":"shoppings-de-ribeirao-preto-oferecem-programacao-gratuita-de-ferias-confira","status":"publish","type":"post","link":"https:\/\/noticiasribeiraopreto.com.br\/index.php\/2025\/07\/12\/shoppings-de-ribeirao-preto-oferecem-programacao-gratuita-de-ferias-confira\/","title":{"rendered":"Shoppings de Ribeir\u00e3o Preto oferecem programa\u00e7\u00e3o gratuita de f\u00e9rias; confira"},"content":{"rendered":"<div class='code-block code-block-1' style='margin: 8px 0 8px auto; text-align: right; display: block; clear: both;'>\n<p><a href=\"https:\/\/wa.link\/vpicfd\"><img data-recalc-dims=\"1\" class=\"wp-image-4922\" style=\"aspect-ratio: 2.0253164556962027; width: 561px; height: auto;\" src=\"https:\/\/i0.wp.com\/ismaelcolosi.com.br\/wp-content\/uploads\/2023\/11\/grupo-de-empregos-whatsapp-e-facebook-ismael-colosi-vagas.jpg?ssl=1\" alt=\"\" \/><\/a><\/p>\n<!-- \/wp:image -->\n<\/div>\n<p> <br \/>\n<\/p>\n<div>\n<p>Julho chegou e, com ele, as <strong>f\u00e9rias escolares<\/strong>. Para quem busca op\u00e7\u00f5es de lazer sem gastar, os shoppings de <strong>Ribeir\u00e3o Preto<\/strong> prepararam uma <strong>programa\u00e7\u00e3o especial e totalmente gratuita<\/strong> para crian\u00e7as e toda a fam\u00edlia aproveitarem juntos.<\/p>\n<p><strong>Ribeir\u00e3o Preto<\/strong> conta com <strong>quatro <\/strong>centro de compras espalhados pela cidade: sendo o <strong>Shopping Iguatemi<\/strong>, <strong>Novo Shopping<\/strong>, <strong>Ribeir\u00e3o Shopping <\/strong>e <strong>Shopping Santa \u00darsula.<\/strong><\/p>\n<h2 class=\"wp-block-heading\"><strong>Shopping Iguatemi<\/strong><\/h2>\n<p>No <strong>Shopping Iguatemi Ribeir\u00e3o Preto<\/strong>, as f\u00e9rias ganham um toque especial com atra\u00e7\u00f5es promovidas pelas pr\u00f3prias lojas. A programa\u00e7\u00e3o inclui oficinas e brincadeiras voltadas para o p\u00fablico infantil. Cada loja participante organiza a\u00e7\u00f5es independentes em diferentes pontos do shopping ao longo do m\u00eas. <\/p>\n<h2 class=\"wp-block-heading\"><strong>Novo Shopping<\/strong><\/h2>\n<p>No <strong>Novo Shopping<\/strong>, a grande atra\u00e7\u00e3o das f\u00e9rias \u00e9 o<strong style=\"font-weight: bold\"> Circuito Tecnol\u00f3gico<\/strong><strong><strong> de F\u00e9rias<\/strong><\/strong>, uma experi\u00eancia interativa.<strong><strong> <\/strong><\/strong>Um dos destaques \u00e9 a <strong style=\"font-weight: bold\">Arena Drone Soccer<\/strong>, onde o desafio \u00e9 pilotar drones envelopados como bolas em uma partida de \u201cfutebol a\u00e9reo\u201d, marcando gols em arcos suspensos. <\/p>\n<p>O espa\u00e7o ainda oferece <strong><strong>esta\u00e7\u00f5es de realidade virtual<\/strong><\/strong> com jogos imersivos e uma \u00e1rea equipada com <strong><strong>impressoras 3D<\/strong><\/strong>. Toda a programa\u00e7\u00e3o acontece diariamente, das<strong><strong> 13h \u00e0s 20h<\/strong><\/strong>, com <strong>entrada gratuita<\/strong>.<\/p>\n<h2 class=\"wp-block-heading\"><strong>Shopping Santa \u00darsula<\/strong><\/h2>\n<p>No <strong>Shopping Santa \u00darsula<\/strong>, as f\u00e9rias t\u00eam clima de aventura e muita imagina\u00e7\u00e3o. A principal atra\u00e7\u00e3o \u00e9 uma<strong><strong> <\/strong><\/strong>exposi\u00e7\u00e3o imersiva de animais selvagens em tamanho real. Com<strong><strong> 24 r\u00e9plicas <\/strong><\/strong>distribu\u00eddas em<strong><strong> quatro pontos <\/strong><\/strong>do shopping.<strong><strong> <\/strong><\/strong><\/p>\n<p>A exposi\u00e7\u00e3o fica dispon\u00edvel at\u00e9 o dia <strong>17 de agosto<\/strong>, durante todo o hor\u00e1rio de funcionamento do centro de compras.<\/p>\n<h2 class=\"wp-block-heading\"><strong>Ribeir\u00e3o Shopping<\/strong><\/h2>\n<p>O <strong>Ribeir\u00e3oShopping <\/strong>recebe a exposi\u00e7\u00e3o<strong><strong> Dino\u2019s Alive e Drag\u00f5es<\/strong><\/strong>,<strong><strong> <\/strong><\/strong>considerada a<strong><strong> maior mostra de dinossauros e drag\u00f5es do Brasil<\/strong><\/strong>.<strong><strong> <\/strong><\/strong>A atra\u00e7\u00e3o ocupa as<strong><strong> Pra\u00e7as de Eventos A e B,<\/strong><\/strong> onde h\u00e1 mais de <strong><strong>40 r\u00e9plicas animatr\u00f4nicas em tamanho real<\/strong><\/strong>. <\/p>\n<p>A experi\u00eancia acontece diariamente, das <strong><strong>10h \u00e0s 22h<\/strong><\/strong>, e ainda inclui oficinas infantis, dinos que caminham pelo mal, espa\u00e7os interativos e vantagens exclusivas para clientes.<\/p>\n<p>SAIBA MAIS<br \/>Aposta de Ribeir\u00e3o Preto leva pr\u00eamio na Mega-Sena; Veja os n\u00fameros<\/p>\n<h3 class=\"wp-block-heading\"><strong>FIQUE ON\u00a0\u00a0\u00a0\u00a0\u00a0\u00a0\u00a0\u00a0\u00a0<\/strong><\/h3>\n<p>Quer ficar por dentro de tudo que acontece em Ribeir\u00e3o Preto e regi\u00e3o? Ent\u00e3o siga os perfis do\u202facidade on\u202fno\u202f<a href=\"https:\/\/www.instagram.com\/acidadeonribeirao\" target=\"_blank\" rel=\"noreferrer noopener\">Instagram<\/a>\u202fe no\u202f<a href=\"https:\/\/www.facebook.com\/acidadeonribeirao\/\" target=\"_blank\" rel=\"noreferrer noopener\">Facebook<\/a>.<\/p>\n<p>Al\u00e9m disso, voc\u00ea pode receber as principais not\u00edcias diretamente no WhatsApp. Para isso, basta\u00a0<a href=\"https:\/\/chat.whatsapp.com\/BjKQZ9oJwlz8VVT50NuePq\" target=\"_blank\" rel=\"noreferrer noopener\">entrar no grupo clicando aqui<\/a>.<\/p>\n<p>Por fim, se quiser fazer uma den\u00fancia ou sugerir uma reportagem sobre Ribeir\u00e3o Preto e regi\u00e3o, envie uma mensagem pelo WhatsApp: (16) 99117-7802.<\/p>\n<p>VEJA TAMB\u00c9M<br \/>Quais s\u00e3o as m\u00fasicas do novo \u00e1lbum de Justin Bieber?<\/p>\n<p><!-- AI CONTENT END 1 -->\n<\/div>\n<p><script async src=\"\/\/www.instagram.com\/embed.js\"><\/script><br \/>\n<br \/><br \/>\n<br \/><a href=\"https:\/\/www.acidadeon.com\/ribeiraopreto\/lazer-e-cultura\/shoppings-de-ribeirao-preto-oferecem-programacao-gratuita-de-ferias-confira\/\">Source link <\/a><\/p>\n<!-- CONTENT END 1 -->\n","protected":false},"excerpt":{"rendered":"<p>Julho chegou e, com ele, as f\u00e9rias escolares. Para quem busca op\u00e7\u00f5es de lazer sem gastar, os shoppings de Ribeir\u00e3o Preto prepararam uma programa\u00e7\u00e3o especial&#8230;<\/p>\n","protected":false},"author":1,"featured_media":73926,"comment_status":"open","ping_status":"open","sticky":false,"template":"","format":"standard","meta":{"advanced_seo_description":"","jetpack_seo_html_title":"","jetpack_seo_noindex":false,"jetpack_post_was_ever_published":false,"_jetpack_newsletter_access":"","_jetpack_dont_email_post_to_subs":false,"_jetpack_newsletter_tier_id":0,"_jetpack_memberships_contains_paywalled_content":false,"_jetpack_memberships_contains_paid_content":false,"footnotes":"","jetpack_publicize_message":"","jetpack_publicize_feature_enabled":true,"jetpack_social_post_already_shared":true,"jetpack_social_options":{"image_generator_settings":{"template":"highway","default_image_id":0,"font":"","enabled":false},"version":2}},"categories":[11],"tags":[],"class_list":["post-73925","post","type-post","status-publish","format-standard","has-post-thumbnail","hentry","category-noticias-de-ribeirao-preto-sp-e-regiao-ismael-colosi"],"jetpack_publicize_connections":[],"jetpack_featured_media_url":"https:\/\/i0.wp.com\/noticiasribeiraopreto.com.br\/wp-content\/uploads\/2025\/07\/Imagem-do-WhatsApp-de-2025-07-12-as-12.58.36_9d2fcab0_2025-07-12_15-59-53.webp.webp?fit=1200%2C800&ssl=1","jetpack-related-posts":[{"id":27216,"url":"https:\/\/noticiasribeiraopreto.com.br\/index.php\/2024\/01\/11\/shopping-da-zona-sul-de-ribeirao-oferece-atividades-gratuitas-durante-as-ferias-veja-a-programacao\/","url_meta":{"origin":73925,"position":0},"title":"Shopping da zona Sul de Ribeir\u00e3o oferece atividades gratuitas durante as f\u00e9rias; Veja a programa\u00e7\u00e3o","author":"noticiasribeiraopreto.com.br","date":"11 de January de 2024","format":false,"excerpt":"A programa\u00e7\u00e3o especial de f\u00e9rias do Shopping Iguatemi, na zona Sul de Ribeir\u00e3o Preto, come\u00e7ou nesta quinta-feira (11). Com diversas atividades gratuitas e diferentes, as crian\u00e7as poder\u00e3o se divertir durante todo o m\u00eas de janeiro. Al\u00e9m disso, o projeto \u2018Domingo \u00e9 Dia de Teatro\u2019, ser\u00e1 respons\u00e1vel pela apresenta\u00e7\u00e3o de tr\u00eas\u2026","rel":"","context":"In &quot;Not\u00edcias de Ribeir\u00e3o Preto-SP e Regi\u00e3o&quot;","block_context":{"text":"Not\u00edcias de Ribeir\u00e3o Preto-SP e Regi\u00e3o","link":"https:\/\/noticiasribeiraopreto.com.br\/index.php\/category\/noticias-de-ribeirao-preto-sp-e-regiao-ismael-colosi\/"},"img":{"alt_text":"","src":"https:\/\/i0.wp.com\/noticiasribeiraopreto.com.br\/wp-content\/uploads\/2024\/01\/52e469f810c04d97c50c8bd28e7065b2low.jpeg?fit=800%2C533&ssl=1&resize=350%2C200","width":350,"height":200,"srcset":"https:\/\/i0.wp.com\/noticiasribeiraopreto.com.br\/wp-content\/uploads\/2024\/01\/52e469f810c04d97c50c8bd28e7065b2low.jpeg?fit=800%2C533&ssl=1&resize=350%2C200 1x, https:\/\/i0.wp.com\/noticiasribeiraopreto.com.br\/wp-content\/uploads\/2024\/01\/52e469f810c04d97c50c8bd28e7065b2low.jpeg?fit=800%2C533&ssl=1&resize=525%2C300 1.5x, https:\/\/i0.wp.com\/noticiasribeiraopreto.com.br\/wp-content\/uploads\/2024\/01\/52e469f810c04d97c50c8bd28e7065b2low.jpeg?fit=800%2C533&ssl=1&resize=700%2C400 2x"},"classes":[]},{"id":28066,"url":"https:\/\/noticiasribeiraopreto.com.br\/index.php\/2024\/01\/14\/casa-da-memoria-italiana-tem-programacao-gratuita-para-as-ferias-em-ribeirao-preto\/","url_meta":{"origin":73925,"position":1},"title":"Casa da Mem\u00f3ria Italiana tem programa\u00e7\u00e3o gratuita para as f\u00e9rias em Ribeir\u00e3o Preto","author":"noticiasribeiraopreto.com.br","date":"14 de January de 2024","format":false,"excerpt":"O Museu Casa da Mem\u00f3ria Italiana, em Ribeir\u00e3o Preto, anunciou uma programa\u00e7\u00e3o especial de f\u00e9rias nos dias 20 e 27 de janeiro. A a\u00e7\u00e3o faz parte do in\u00edcio da celebra\u00e7\u00e3o dos 150 anos da imigra\u00e7\u00e3o italiana no Brasil. Voltada para crian\u00e7as de 6 a 12 anos, o museu pretende unir\u2026","rel":"","context":"In &quot;Not\u00edcias de Ribeir\u00e3o Preto-SP e Regi\u00e3o&quot;","block_context":{"text":"Not\u00edcias de Ribeir\u00e3o Preto-SP e Regi\u00e3o","link":"https:\/\/noticiasribeiraopreto.com.br\/index.php\/category\/noticias-de-ribeirao-preto-sp-e-regiao-ismael-colosi\/"},"img":{"alt_text":"","src":"https:\/\/i0.wp.com\/noticiasribeiraopreto.com.br\/wp-content\/uploads\/2024\/01\/WhatsApp-Image-2024-01-12-at-15.11.37.jpeg?fit=1200%2C675&ssl=1&resize=350%2C200","width":350,"height":200,"srcset":"https:\/\/i0.wp.com\/noticiasribeiraopreto.com.br\/wp-content\/uploads\/2024\/01\/WhatsApp-Image-2024-01-12-at-15.11.37.jpeg?fit=1200%2C675&ssl=1&resize=350%2C200 1x, https:\/\/i0.wp.com\/noticiasribeiraopreto.com.br\/wp-content\/uploads\/2024\/01\/WhatsApp-Image-2024-01-12-at-15.11.37.jpeg?fit=1200%2C675&ssl=1&resize=525%2C300 1.5x, https:\/\/i0.wp.com\/noticiasribeiraopreto.com.br\/wp-content\/uploads\/2024\/01\/WhatsApp-Image-2024-01-12-at-15.11.37.jpeg?fit=1200%2C675&ssl=1&resize=700%2C400 2x, https:\/\/i0.wp.com\/noticiasribeiraopreto.com.br\/wp-content\/uploads\/2024\/01\/WhatsApp-Image-2024-01-12-at-15.11.37.jpeg?fit=1200%2C675&ssl=1&resize=1050%2C600 3x"},"classes":[]},{"id":81520,"url":"https:\/\/noticiasribeiraopreto.com.br\/index.php\/2026\/01\/08\/guia-de-ferias-veja-o-que-fazer-com-as-criancas-sem-sair-de-ribeirao-preto\/","url_meta":{"origin":73925,"position":2},"title":"Guia de f\u00e9rias: veja o que fazer com as crian\u00e7as sem sair de Ribeir\u00e3o Preto","author":"noticiasribeiraopreto.com.br","date":"8 de January de 2026","format":false,"excerpt":"As f\u00e9rias escolares j\u00e1 come\u00e7aram e muitos pais buscam alternativas para entreter as crian\u00e7as sem precisar viajar. Em Ribeir\u00e3o Preto, shoppings da cidade oferecem uma programa\u00e7\u00e3o especial com teatro infantil, conta\u00e7\u00e3o de hist\u00f3rias e jogos educativos, unindo divers\u00e3o, aprendizado e atividades longe das telas. Os parques municipais ampliam as op\u00e7\u00f5es\u2026","rel":"","context":"In &quot;Not\u00edcias de Ribeir\u00e3o Preto-SP e Regi\u00e3o&quot;","block_context":{"text":"Not\u00edcias de Ribeir\u00e3o Preto-SP e Regi\u00e3o","link":"https:\/\/noticiasribeiraopreto.com.br\/index.php\/category\/noticias-de-ribeirao-preto-sp-e-regiao-ismael-colosi\/"},"img":{"alt_text":"","src":"https:\/\/i0.wp.com\/noticiasribeiraopreto.com.br\/wp-content\/uploads\/2026\/01\/domingo-27_2026-01-07_19-12-03.webp.webp?fit=1200%2C675&ssl=1&resize=350%2C200","width":350,"height":200,"srcset":"https:\/\/i0.wp.com\/noticiasribeiraopreto.com.br\/wp-content\/uploads\/2026\/01\/domingo-27_2026-01-07_19-12-03.webp.webp?fit=1200%2C675&ssl=1&resize=350%2C200 1x, https:\/\/i0.wp.com\/noticiasribeiraopreto.com.br\/wp-content\/uploads\/2026\/01\/domingo-27_2026-01-07_19-12-03.webp.webp?fit=1200%2C675&ssl=1&resize=525%2C300 1.5x, https:\/\/i0.wp.com\/noticiasribeiraopreto.com.br\/wp-content\/uploads\/2026\/01\/domingo-27_2026-01-07_19-12-03.webp.webp?fit=1200%2C675&ssl=1&resize=700%2C400 2x, https:\/\/i0.wp.com\/noticiasribeiraopreto.com.br\/wp-content\/uploads\/2026\/01\/domingo-27_2026-01-07_19-12-03.webp.webp?fit=1200%2C675&ssl=1&resize=1050%2C600 3x"},"classes":[]},{"id":73721,"url":"https:\/\/noticiasribeiraopreto.com.br\/index.php\/2025\/07\/08\/museu-casa-da-memoria-italiana-oferece-programacao-gratuita-de-ferias\/","url_meta":{"origin":73925,"position":3},"title":"Museu Casa da Mem\u00f3ria Italiana oferece programa\u00e7\u00e3o gratuita de f\u00e9rias","author":"noticiasribeiraopreto.com.br","date":"8 de July de 2025","format":false,"excerpt":"Durante o m\u00eas de julho, o Museu Casa da Mem\u00f3ria Italiana oferece uma programa\u00e7\u00e3o gratuita e especial de f\u00e9rias para as crian\u00e7as. As atividades unem cultura, m\u00fasica e tradi\u00e7\u00e3o entre os dias 10 a 13 de julho. Com exce\u00e7\u00e3o do domingo (13), as vagas s\u00e3o limitadas, com agendamento pr\u00e9vio. F\u00e9rias\u2026","rel":"","context":"In &quot;Not\u00edcias de Ribeir\u00e3o Preto-SP e Regi\u00e3o&quot;","block_context":{"text":"Not\u00edcias de Ribeir\u00e3o Preto-SP e Regi\u00e3o","link":"https:\/\/noticiasribeiraopreto.com.br\/index.php\/category\/noticias-de-ribeirao-preto-sp-e-regiao-ismael-colosi\/"},"img":{"alt_text":"","src":"https:\/\/i0.wp.com\/noticiasribeiraopreto.com.br\/wp-content\/uploads\/2025\/07\/Atividade-com-criancas_2025-07-08_13-50-38.webp.webp?fit=1200%2C900&ssl=1&resize=350%2C200","width":350,"height":200,"srcset":"https:\/\/i0.wp.com\/noticiasribeiraopreto.com.br\/wp-content\/uploads\/2025\/07\/Atividade-com-criancas_2025-07-08_13-50-38.webp.webp?fit=1200%2C900&ssl=1&resize=350%2C200 1x, https:\/\/i0.wp.com\/noticiasribeiraopreto.com.br\/wp-content\/uploads\/2025\/07\/Atividade-com-criancas_2025-07-08_13-50-38.webp.webp?fit=1200%2C900&ssl=1&resize=525%2C300 1.5x, https:\/\/i0.wp.com\/noticiasribeiraopreto.com.br\/wp-content\/uploads\/2025\/07\/Atividade-com-criancas_2025-07-08_13-50-38.webp.webp?fit=1200%2C900&ssl=1&resize=700%2C400 2x, https:\/\/i0.wp.com\/noticiasribeiraopreto.com.br\/wp-content\/uploads\/2025\/07\/Atividade-com-criancas_2025-07-08_13-50-38.webp.webp?fit=1200%2C900&ssl=1&resize=1050%2C600 3x"},"classes":[]},{"id":36474,"url":"https:\/\/noticiasribeiraopreto.com.br\/index.php\/2024\/02\/09\/confira-a-programacao-de-carnaval-em-ribeirao-preto-neste-sabado\/","url_meta":{"origin":73925,"position":4},"title":"Confira a programa\u00e7\u00e3o de Carnaval em Ribeir\u00e3o Preto neste s\u00e1bado","author":"noticiasribeiraopreto.com.br","date":"9 de February de 2024","format":false,"excerpt":"Ribeir\u00e3o Preto se prepara para o final de semana de Carnaval com diversas op\u00e7\u00f5es de lazer, atividades tem\u00e1ticas, blocos e mais. Confira o que \u00e9 destaque na programa\u00e7\u00e3o de Carnaval neste s\u00e1bado (10): Shoppings em Ribeir\u00e3o e Franca A partir do deste s\u00e1bado (10), os shoppings de Ribeir\u00e3o Preto e\u2026","rel":"","context":"In &quot;Not\u00edcias de Ribeir\u00e3o Preto-SP e Regi\u00e3o&quot;","block_context":{"text":"Not\u00edcias de Ribeir\u00e3o Preto-SP e Regi\u00e3o","link":"https:\/\/noticiasribeiraopreto.com.br\/index.php\/category\/noticias-de-ribeirao-preto-sp-e-regiao-ismael-colosi\/"},"img":{"alt_text":"","src":"https:\/\/i0.wp.com\/noticiasribeiraopreto.com.br\/wp-content\/uploads\/2024\/02\/Capturar-6.jpg?fit=935%2C621&ssl=1&resize=350%2C200","width":350,"height":200,"srcset":"https:\/\/i0.wp.com\/noticiasribeiraopreto.com.br\/wp-content\/uploads\/2024\/02\/Capturar-6.jpg?fit=935%2C621&ssl=1&resize=350%2C200 1x, https:\/\/i0.wp.com\/noticiasribeiraopreto.com.br\/wp-content\/uploads\/2024\/02\/Capturar-6.jpg?fit=935%2C621&ssl=1&resize=525%2C300 1.5x, https:\/\/i0.wp.com\/noticiasribeiraopreto.com.br\/wp-content\/uploads\/2024\/02\/Capturar-6.jpg?fit=935%2C621&ssl=1&resize=700%2C400 2x"},"classes":[]},{"id":66706,"url":"https:\/\/noticiasribeiraopreto.com.br\/index.php\/2025\/04\/04\/shoppings-de-ribeirao-tem-programacao-gratuita-de-pascoa-veja-como-participar\/","url_meta":{"origin":73925,"position":5},"title":"Shoppings de Ribeir\u00e3o t\u00eam programa\u00e7\u00e3o gratuita de P\u00e1scoa; Veja como participar","author":"noticiasribeiraopreto.com.br","date":"4 de April de 2025","format":false,"excerpt":"Os shoppings de Ribeir\u00e3o Preto est\u00e3o se preparando para celebrar a P\u00e1scoa, que acontece no dia 20 de abril neste ano. Na programa\u00e7\u00e3o est\u00e3o oficinas especiais, pintura facial tem\u00e1tica, visita do \u2018Coelhinho da P\u00e1scoa\u2019, personaliza\u00e7\u00e3o de biscoitos amanteigados e parada especial de P\u00e1scoa. Confira: Ribeir\u00e3o Shopping At\u00e9 o dia 20\u2026","rel":"","context":"In &quot;Not\u00edcias de Ribeir\u00e3o Preto-SP e Regi\u00e3o&quot;","block_context":{"text":"Not\u00edcias de Ribeir\u00e3o Preto-SP e Regi\u00e3o","link":"https:\/\/noticiasribeiraopreto.com.br\/index.php\/category\/noticias-de-ribeirao-preto-sp-e-regiao-ismael-colosi\/"},"img":{"alt_text":"","src":"https:\/\/i0.wp.com\/noticiasribeiraopreto.com.br\/wp-content\/uploads\/2025\/04\/Copia-de-Copia-de-Copia-de-TAMANHO-EXATO-PARA-FOTOS-NO-SISTEMA-NOVO-2025-04-04T132036.531_2025-04-04_16-20-39_png_2025-04-04_16-20-39.webp.webp?fit=1200%2C675&ssl=1&resize=350%2C200","width":350,"height":200,"srcset":"https:\/\/i0.wp.com\/noticiasribeiraopreto.com.br\/wp-content\/uploads\/2025\/04\/Copia-de-Copia-de-Copia-de-TAMANHO-EXATO-PARA-FOTOS-NO-SISTEMA-NOVO-2025-04-04T132036.531_2025-04-04_16-20-39_png_2025-04-04_16-20-39.webp.webp?fit=1200%2C675&ssl=1&resize=350%2C200 1x, https:\/\/i0.wp.com\/noticiasribeiraopreto.com.br\/wp-content\/uploads\/2025\/04\/Copia-de-Copia-de-Copia-de-TAMANHO-EXATO-PARA-FOTOS-NO-SISTEMA-NOVO-2025-04-04T132036.531_2025-04-04_16-20-39_png_2025-04-04_16-20-39.webp.webp?fit=1200%2C675&ssl=1&resize=525%2C300 1.5x, https:\/\/i0.wp.com\/noticiasribeiraopreto.com.br\/wp-content\/uploads\/2025\/04\/Copia-de-Copia-de-Copia-de-TAMANHO-EXATO-PARA-FOTOS-NO-SISTEMA-NOVO-2025-04-04T132036.531_2025-04-04_16-20-39_png_2025-04-04_16-20-39.webp.webp?fit=1200%2C675&ssl=1&resize=700%2C400 2x, https:\/\/i0.wp.com\/noticiasribeiraopreto.com.br\/wp-content\/uploads\/2025\/04\/Copia-de-Copia-de-Copia-de-TAMANHO-EXATO-PARA-FOTOS-NO-SISTEMA-NOVO-2025-04-04T132036.531_2025-04-04_16-20-39_png_2025-04-04_16-20-39.webp.webp?fit=1200%2C675&ssl=1&resize=1050%2C600 3x"},"classes":[]}],"jetpack_sharing_enabled":true,"jetpack_shortlink":"https:\/\/wp.me\/peQAOb-jel","_links":{"self":[{"href":"https:\/\/noticiasribeiraopreto.com.br\/index.php\/wp-json\/wp\/v2\/posts\/73925","targetHints":{"allow":["GET"]}}],"collection":[{"href":"https:\/\/noticiasribeiraopreto.com.br\/index.php\/wp-json\/wp\/v2\/posts"}],"about":[{"href":"https:\/\/noticiasribeiraopreto.com.br\/index.php\/wp-json\/wp\/v2\/types\/post"}],"author":[{"embeddable":true,"href":"https:\/\/noticiasribeiraopreto.com.br\/index.php\/wp-json\/wp\/v2\/users\/1"}],"replies":[{"embeddable":true,"href":"https:\/\/noticiasribeiraopreto.com.br\/index.php\/wp-json\/wp\/v2\/comments?post=73925"}],"version-history":[{"count":0,"href":"https:\/\/noticiasribeiraopreto.com.br\/index.php\/wp-json\/wp\/v2\/posts\/73925\/revisions"}],"wp:featuredmedia":[{"embeddable":true,"href":"https:\/\/noticiasribeiraopreto.com.br\/index.php\/wp-json\/wp\/v2\/media\/73926"}],"wp:attachment":[{"href":"https:\/\/noticiasribeiraopreto.com.br\/index.php\/wp-json\/wp\/v2\/media?parent=73925"}],"wp:term":[{"taxonomy":"category","embeddable":true,"href":"https:\/\/noticiasribeiraopreto.com.br\/index.php\/wp-json\/wp\/v2\/categories?post=73925"},{"taxonomy":"post_tag","embeddable":true,"href":"https:\/\/noticiasribeiraopreto.com.br\/index.php\/wp-json\/wp\/v2\/tags?post=73925"}],"curies":[{"name":"wp","href":"https:\/\/api.w.org\/{rel}","templated":true}]}}