{"id":73927,"date":"2025-07-12T13:55:27","date_gmt":"2025-07-12T16:55:27","guid":{"rendered":"https:\/\/noticiasribeiraopreto.com.br\/index.php\/2025\/07\/12\/festival-traz-arte-e-atividades-gratuitas-para-o-sesc-ribeirao-preto\/"},"modified":"2025-07-12T13:55:27","modified_gmt":"2025-07-12T16:55:27","slug":"festival-traz-arte-e-atividades-gratuitas-para-o-sesc-ribeirao-preto","status":"publish","type":"post","link":"https:\/\/noticiasribeiraopreto.com.br\/index.php\/2025\/07\/12\/festival-traz-arte-e-atividades-gratuitas-para-o-sesc-ribeirao-preto\/","title":{"rendered":"Festival traz arte e atividades gratuitas para o Sesc Ribeir\u00e3o Preto"},"content":{"rendered":"<div class='code-block code-block-1' style='margin: 8px 0 8px auto; text-align: right; display: block; clear: both;'>\n<p><a href=\"https:\/\/wa.link\/vpicfd\"><img data-recalc-dims=\"1\" class=\"wp-image-4922\" style=\"aspect-ratio: 2.0253164556962027; width: 561px; height: auto;\" src=\"https:\/\/i0.wp.com\/ismaelcolosi.com.br\/wp-content\/uploads\/2023\/11\/grupo-de-empregos-whatsapp-e-facebook-ismael-colosi-vagas.jpg?ssl=1\" alt=\"\" \/><\/a><\/p>\n<!-- \/wp:image -->\n<\/div>\n<p> <br \/>\n<\/p>\n<div data-td-block-uid=\"tdi_95\">\n<div class=\"tdb-block-inner td-fix-index\">\n<p>Neste fim de semana, o <strong>Sesc Ribeir\u00e3o Preto<\/strong> realiza mais uma edi\u00e7\u00e3o do <strong>FestA! \u2013 Festival de Aprender 2025<\/strong>, que este ano celebra os <strong>10 anos do projeto<\/strong>. A programa\u00e7\u00e3o oferece atividades gratuitas, como oficinas, encontros, viv\u00eancias e exposi\u00e7\u00f5es de arte, com foco na troca de saberes, experimenta\u00e7\u00e3o e cria\u00e7\u00e3o coletiva.<\/p>\n<p>As atividades contam com diferentes linguagens e faixas et\u00e1rias. As senhas para participa\u00e7\u00e3o s\u00e3o distribu\u00eddas com <strong>30 minutos de anteced\u00eancia<\/strong> de cada turma. As atividades acontecem no <strong>Sesc<\/strong>.<\/p>\n<h2 class=\"wp-block-heading\"><strong>Programa\u00e7\u00e3o<\/strong><\/h2>\n<p><strong><mark style=\"background-color:#fcb900\" class=\"has-inline-color\">S\u00e1bado (12\/07)<\/mark><\/strong><\/p>\n<ul class=\"wp-block-list\">\n<li>Cart\u00e3o Pop-Up para Crian\u00e7as\u2013 10h<\/li>\n<li>Customiza\u00e7\u00e3o de Toy Art\u2013 10h, 11h, 14h, 15h e 16h<\/li>\n<li>Mini Terr\u00e1rios\u2013 10h, 11h, 14h, 15h e 16h<\/li>\n<li>Gravura em Caixa de Leite\u2013 10h, 11h, 14h, 15h e 16h<\/li>\n<li>Bordaboleta \u2013 10h, 11h, 13h e 14h<\/li>\n<li>Anima\u00e7\u00e3o com Zoot\u00f3pio \u2013 13h<\/li>\n<li>Games Interativos \u2013 13h (250 vagas por ordem de chegada)<\/li>\n<li>Viv\u00eancia na Marcenaria: Teoria e Pr\u00e1tica \u2013 13h e 15h (15 vagas por turma)<\/li>\n<li>Cora\u00e7\u00e3o Morada \u2013 15h30 e 16h30 (20 vagas por turma)<\/li>\n<\/ul>\n<p><strong><mark style=\"background-color:#fcb900\" class=\"has-inline-color\">Domingo (13\/07)<\/mark><\/strong><\/p>\n<ul class=\"wp-block-list\">\n<li>Arranjos com Flores Secas em Redoma de Vidro \u2013 10h \u00e0s 13h<\/li>\n<li>Criar nas Sombras \u2013 10h<\/li>\n<li>Machetaria em Forma de Estrelas \u2013 10h (12 vagas por turma)<\/li>\n<li>Cart\u00e3o Pop-Up para Crian\u00e7as \u2013 10h<\/li>\n<li>Enviando Postais Personalizados \u2013 10h (140 vagas por ordem de chegada)<\/li>\n<li>Customiza\u00e7\u00e3o de Toy Art \u2013 10h, 11h, 14h, 15h e 16h<\/li>\n<li>Mini Terr\u00e1rios \u2013 10h, 11h, 14h, 15h e 16h<\/li>\n<li>Gravura em Caixa de Leite \u2013 10h, 11h, 14h, 15h e 16h<\/li>\n<li>Bordaboleta \u2013 10h, 11h, 13h e 14h<\/li>\n<li>Anima\u00e7\u00e3o com Zootr\u00f3pio \u2013 13h (15 vagas por turma)<\/li>\n<li>Games Interativos \u2013 13h (250 vagas por ordem de chegada)<\/li>\n<li>Viv\u00eancia na Marcenaria: Teoria e Pr\u00e1tica \u2013 13h e 15h (15 vagas por turma)<\/li>\n<li>Cora\u00e7\u00e3o Morada \u2013 13h, 15h30 e 16h30 (20 vagas por turma)<\/li>\n<\/ul>\n<p>SAIBA MAIS<br \/>Espet\u00e1culo gratuito \u2018Cem Hist\u00f3rias Sem Palavras\u2019 acontece neste s\u00e1bado em Ribeir\u00e3o<\/p>\n<h3 class=\"wp-block-heading\"><strong>FIQUE ON\u00a0\u00a0\u00a0\u00a0\u00a0\u00a0\u00a0\u00a0\u00a0<\/strong><\/h3>\n<p>Quer ficar por dentro de tudo que acontece em Ribeir\u00e3o Preto e regi\u00e3o? Ent\u00e3o siga os perfis do\u202facidade on\u202fno\u202f<a href=\"https:\/\/www.instagram.com\/acidadeonribeirao\" target=\"_blank\" rel=\"noreferrer noopener\">Instagram<\/a>\u202fe no\u202f<a href=\"https:\/\/www.facebook.com\/acidadeonribeirao\/\" target=\"_blank\" rel=\"noreferrer noopener\">Facebook<\/a>.<\/p>\n<p>Al\u00e9m disso, voc\u00ea pode receber as principais not\u00edcias diretamente no WhatsApp. Para isso, basta\u00a0<a href=\"https:\/\/chat.whatsapp.com\/BjKQZ9oJwlz8VVT50NuePq\" target=\"_blank\" rel=\"noreferrer noopener\">entrar no grupo clicando aqui<\/a>.<\/p>\n<p>Por fim, se quiser fazer uma den\u00fancia ou sugerir uma reportagem sobre Ribeir\u00e3o Preto e regi\u00e3o, envie uma mensagem pelo WhatsApp: (16) 99117-7802.<\/p>\n<p>VEJA TAMB\u00c9M<br \/>Quando Camila Queiroz e Klebber Toledo se casaram?<\/p>\n<p><!-- AI CONTENT END 1 -->\n<\/div>\n<\/div>\n<p><script async src=\"\/\/www.instagram.com\/embed.js\"><\/script><br \/>\n<br \/><br \/>\n<br \/><a href=\"https:\/\/www.acidadeon.com\/ribeiraopreto\/lazer-e-cultura\/festival-traz-arte-e-atividades-gratuitas-para-o-sesc-ribeirao-preto\/\">Source link <\/a><\/p>\n<!-- CONTENT END 1 -->\n","protected":false},"excerpt":{"rendered":"<p>Neste fim de semana, o Sesc Ribeir\u00e3o Preto realiza mais uma edi\u00e7\u00e3o do FestA! \u2013 Festival de Aprender 2025, que este ano celebra os 10&#8230;<\/p>\n","protected":false},"author":1,"featured_media":73928,"comment_status":"open","ping_status":"open","sticky":false,"template":"","format":"standard","meta":{"advanced_seo_description":"","jetpack_seo_html_title":"","jetpack_seo_noindex":false,"jetpack_post_was_ever_published":false,"_jetpack_newsletter_access":"","_jetpack_dont_email_post_to_subs":false,"_jetpack_newsletter_tier_id":0,"_jetpack_memberships_contains_paywalled_content":false,"_jetpack_memberships_contains_paid_content":false,"footnotes":"","jetpack_publicize_message":"","jetpack_publicize_feature_enabled":true,"jetpack_social_post_already_shared":true,"jetpack_social_options":{"image_generator_settings":{"template":"highway","default_image_id":0,"font":"","enabled":false},"version":2}},"categories":[11],"tags":[],"class_list":["post-73927","post","type-post","status-publish","format-standard","has-post-thumbnail","hentry","category-noticias-de-ribeirao-preto-sp-e-regiao-ismael-colosi"],"jetpack_publicize_connections":[],"jetpack_featured_media_url":"https:\/\/i0.wp.com\/noticiasribeiraopreto.com.br\/wp-content\/uploads\/2025\/07\/Capturar_2025-07-12_14-14-51.webp.webp?fit=662%2C330&ssl=1","jetpack-related-posts":[{"id":24145,"url":"https:\/\/noticiasribeiraopreto.com.br\/index.php\/2024\/01\/03\/biblioteca-no-centro-de-ribeirao-preto-tem-atividades-especiais-para-as-ferias-veja-a-programacao\/","url_meta":{"origin":73927,"position":0},"title":"Biblioteca no Centro de Ribeir\u00e3o Preto tem atividades especiais para as f\u00e9rias; Veja a programa\u00e7\u00e3o","author":"noticiasribeiraopreto.com.br","date":"3 de January de 2024","format":false,"excerpt":"A Biblioteca Sinh\u00e1 Junqueira, localizada na rua Duque de Caxias, 547, no Centro de Ribeir\u00e3o Preto, promove no m\u00eas de janeiro uma programa\u00e7\u00e3o especial de f\u00e9rias com a tem\u00e1tica \u201cAventuras Culturais\u201d, com atividades para todas as idades. Entre as op\u00e7\u00f5es est\u00e3o clubes de leitura, m\u00fasica ao vivo, partidas de videogame,\u2026","rel":"","context":"In &quot;Not\u00edcias de Ribeir\u00e3o Preto-SP e Regi\u00e3o&quot;","block_context":{"text":"Not\u00edcias de Ribeir\u00e3o Preto-SP e Regi\u00e3o","link":"https:\/\/noticiasribeiraopreto.com.br\/index.php\/category\/noticias-de-ribeirao-preto-sp-e-regiao-ismael-colosi\/"},"img":{"alt_text":"","src":"https:\/\/i0.wp.com\/noticiasribeiraopreto.com.br\/wp-content\/uploads\/2024\/01\/biblioteca_sinha_1024x576_18032021112547.jpg?fit=1024%2C576&ssl=1&resize=350%2C200","width":350,"height":200,"srcset":"https:\/\/i0.wp.com\/noticiasribeiraopreto.com.br\/wp-content\/uploads\/2024\/01\/biblioteca_sinha_1024x576_18032021112547.jpg?fit=1024%2C576&ssl=1&resize=350%2C200 1x, https:\/\/i0.wp.com\/noticiasribeiraopreto.com.br\/wp-content\/uploads\/2024\/01\/biblioteca_sinha_1024x576_18032021112547.jpg?fit=1024%2C576&ssl=1&resize=525%2C300 1.5x, https:\/\/i0.wp.com\/noticiasribeiraopreto.com.br\/wp-content\/uploads\/2024\/01\/biblioteca_sinha_1024x576_18032021112547.jpg?fit=1024%2C576&ssl=1&resize=700%2C400 2x"},"classes":[]},{"id":64092,"url":"https:\/\/noticiasribeiraopreto.com.br\/index.php\/2025\/03\/01\/folia-no-bosque-veja-a-programacao-do-zoologico-de-ribeirao-preto\/","url_meta":{"origin":73927,"position":1},"title":"Folia no Bosque: Veja a programa\u00e7\u00e3o do zool\u00f3gico de Ribeir\u00e3o Preto","author":"noticiasribeiraopreto.com.br","date":"1 de March de 2025","format":false,"excerpt":"O Bosque Zool\u00f3gico Doutor F\u00e1bio Barreto, em Ribeir\u00e3o Preto, abre para visita\u00e7\u00e3o durante o feriado de Carnaval. Al\u00e9m disso, o local tamb\u00e9m contar\u00e1 com uma programa\u00e7\u00e3o especial com os animais. A entrada \u00e9 gratuita. O espa\u00e7o fica localizado nos Campos El\u00edseos e funciona das 9h \u00e0s 16h. As atividades acontecem\u2026","rel":"","context":"In &quot;Not\u00edcias de Ribeir\u00e3o Preto-SP e Regi\u00e3o&quot;","block_context":{"text":"Not\u00edcias de Ribeir\u00e3o Preto-SP e Regi\u00e3o","link":"https:\/\/noticiasribeiraopreto.com.br\/index.php\/category\/noticias-de-ribeirao-preto-sp-e-regiao-ismael-colosi\/"},"img":{"alt_text":"","src":"https:\/\/i0.wp.com\/noticiasribeiraopreto.com.br\/wp-content\/uploads\/2025\/03\/bosque_carnaval_1_capa_2025-03-01_16-09-33_jpeg_2025-03-01_16-09-33.webp.webp?fit=1000%2C666&ssl=1&resize=350%2C200","width":350,"height":200,"srcset":"https:\/\/i0.wp.com\/noticiasribeiraopreto.com.br\/wp-content\/uploads\/2025\/03\/bosque_carnaval_1_capa_2025-03-01_16-09-33_jpeg_2025-03-01_16-09-33.webp.webp?fit=1000%2C666&ssl=1&resize=350%2C200 1x, https:\/\/i0.wp.com\/noticiasribeiraopreto.com.br\/wp-content\/uploads\/2025\/03\/bosque_carnaval_1_capa_2025-03-01_16-09-33_jpeg_2025-03-01_16-09-33.webp.webp?fit=1000%2C666&ssl=1&resize=525%2C300 1.5x, https:\/\/i0.wp.com\/noticiasribeiraopreto.com.br\/wp-content\/uploads\/2025\/03\/bosque_carnaval_1_capa_2025-03-01_16-09-33_jpeg_2025-03-01_16-09-33.webp.webp?fit=1000%2C666&ssl=1&resize=700%2C400 2x"},"classes":[]},{"id":73283,"url":"https:\/\/noticiasribeiraopreto.com.br\/index.php\/2025\/06\/28\/museu-casa-de-portinari-tem-programacao-especial-nas-ferias-de-julho-confira\/","url_meta":{"origin":73927,"position":2},"title":"Museu Casa de Portinari tem programa\u00e7\u00e3o especial nas f\u00e9rias de julho; Confira","author":"noticiasribeiraopreto.com.br","date":"28 de June de 2025","format":false,"excerpt":"O Museu Casa de Portinari, em Brodowski, na regi\u00e3o de Ribeir\u00e3o Preto, oferece uma programa\u00e7\u00e3o especial de f\u00e9rias gratuita com oficinas, brincadeiras, jogos e espa\u00e7os de leitura. O projeto \u201cF\u00e9rias no Museu\u201d estimula a criatividade e aproxima as crian\u00e7as do universo art\u00edstico de Portinari. As atividades acontecem na esplanada do\u2026","rel":"","context":"In &quot;Not\u00edcias de Ribeir\u00e3o Preto-SP e Regi\u00e3o&quot;","block_context":{"text":"Not\u00edcias de Ribeir\u00e3o Preto-SP e Regi\u00e3o","link":"https:\/\/noticiasribeiraopreto.com.br\/index.php\/category\/noticias-de-ribeirao-preto-sp-e-regiao-ismael-colosi\/"},"img":{"alt_text":"","src":"https:\/\/i0.wp.com\/noticiasribeiraopreto.com.br\/wp-content\/uploads\/2025\/06\/5b6b7a56-6e5e-497d-8fe3-fe7aeed37d26_2025-06-28_17-41-04.webp.webp?fit=1200%2C728&ssl=1&resize=350%2C200","width":350,"height":200,"srcset":"https:\/\/i0.wp.com\/noticiasribeiraopreto.com.br\/wp-content\/uploads\/2025\/06\/5b6b7a56-6e5e-497d-8fe3-fe7aeed37d26_2025-06-28_17-41-04.webp.webp?fit=1200%2C728&ssl=1&resize=350%2C200 1x, https:\/\/i0.wp.com\/noticiasribeiraopreto.com.br\/wp-content\/uploads\/2025\/06\/5b6b7a56-6e5e-497d-8fe3-fe7aeed37d26_2025-06-28_17-41-04.webp.webp?fit=1200%2C728&ssl=1&resize=525%2C300 1.5x, https:\/\/i0.wp.com\/noticiasribeiraopreto.com.br\/wp-content\/uploads\/2025\/06\/5b6b7a56-6e5e-497d-8fe3-fe7aeed37d26_2025-06-28_17-41-04.webp.webp?fit=1200%2C728&ssl=1&resize=700%2C400 2x, https:\/\/i0.wp.com\/noticiasribeiraopreto.com.br\/wp-content\/uploads\/2025\/06\/5b6b7a56-6e5e-497d-8fe3-fe7aeed37d26_2025-06-28_17-41-04.webp.webp?fit=1200%2C728&ssl=1&resize=1050%2C600 3x"},"classes":[]},{"id":59255,"url":"https:\/\/noticiasribeiraopreto.com.br\/index.php\/2024\/10\/18\/ribeirao-preto-recebe-projeto-com-palestras-workshops-e-oficinas-gratuitas\/","url_meta":{"origin":73927,"position":3},"title":"Ribeir\u00e3o Preto recebe projeto com palestras, workshops e oficinas gratuitas","author":"noticiasribeiraopreto.com.br","date":"18 de October de 2024","format":false,"excerpt":"O Senac de Ribeir\u00e3o Preto oferece diversas atividades gratuitas para a popula\u00e7\u00e3o, neste s\u00e1bado (19), das 10h \u00e0s 16h. O projeto \u201cCasa Aberta\u201d, tamb\u00e9m acontece em Barretos, Bebedouro, Franca, Jaboticabal \u2013 veja a programa\u00e7\u00e3o abaixo. De acordo com a institui\u00e7\u00e3o, os participantes poder\u00e3o acompanhar palestras, workshops, apresenta\u00e7\u00f5es art\u00edsticas e oficinas\u2026","rel":"","context":"In &quot;Not\u00edcias de Ribeir\u00e3o Preto-SP e Regi\u00e3o&quot;","block_context":{"text":"Not\u00edcias de Ribeir\u00e3o Preto-SP e Regi\u00e3o","link":"https:\/\/noticiasribeiraopreto.com.br\/index.php\/category\/noticias-de-ribeirao-preto-sp-e-regiao-ismael-colosi\/"},"img":{"alt_text":"","src":"https:\/\/i0.wp.com\/noticiasribeiraopreto.com.br\/wp-content\/uploads\/2024\/10\/WhatsApp-Image-2024-10-16-at-11.12.41_2024-10-18_16-25-59_jpeg_2024-10-18_16-26-00.webp.webp?fit=1200%2C799&ssl=1&resize=350%2C200","width":350,"height":200,"srcset":"https:\/\/i0.wp.com\/noticiasribeiraopreto.com.br\/wp-content\/uploads\/2024\/10\/WhatsApp-Image-2024-10-16-at-11.12.41_2024-10-18_16-25-59_jpeg_2024-10-18_16-26-00.webp.webp?fit=1200%2C799&ssl=1&resize=350%2C200 1x, https:\/\/i0.wp.com\/noticiasribeiraopreto.com.br\/wp-content\/uploads\/2024\/10\/WhatsApp-Image-2024-10-16-at-11.12.41_2024-10-18_16-25-59_jpeg_2024-10-18_16-26-00.webp.webp?fit=1200%2C799&ssl=1&resize=525%2C300 1.5x, https:\/\/i0.wp.com\/noticiasribeiraopreto.com.br\/wp-content\/uploads\/2024\/10\/WhatsApp-Image-2024-10-16-at-11.12.41_2024-10-18_16-25-59_jpeg_2024-10-18_16-26-00.webp.webp?fit=1200%2C799&ssl=1&resize=700%2C400 2x, https:\/\/i0.wp.com\/noticiasribeiraopreto.com.br\/wp-content\/uploads\/2024\/10\/WhatsApp-Image-2024-10-16-at-11.12.41_2024-10-18_16-25-59_jpeg_2024-10-18_16-26-00.webp.webp?fit=1200%2C799&ssl=1&resize=1050%2C600 3x"},"classes":[]},{"id":54552,"url":"https:\/\/noticiasribeiraopreto.com.br\/index.php\/2024\/07\/12\/ferias-no-museu-casa-de-portinari-promove-programacao-gratuita-confira\/","url_meta":{"origin":73927,"position":4},"title":"F\u00e9rias no Museu: Casa de Portinari promove programa\u00e7\u00e3o gratuita; Confira","author":"noticiasribeiraopreto.com.br","date":"12 de July de 2024","format":false,"excerpt":"O Museu Casa de Portinari promove uma programa\u00e7\u00e3o gratuita para o projeto \u201cF\u00e9rias no Museu\u201d que acontece at\u00e9 o dia 31 de julho. Entre as principais atividades est\u00e3o: oficinas, ateli\u00ea ao vivo, palestra e brincadeiras . Confira a agenda completa: Oficina de fantoche A oficina \u201cMenina de Fita e Palaninho\u201d\u2026","rel":"","context":"In &quot;Not\u00edcias de Ribeir\u00e3o Preto-SP e Regi\u00e3o&quot;","block_context":{"text":"Not\u00edcias de Ribeir\u00e3o Preto-SP e Regi\u00e3o","link":"https:\/\/noticiasribeiraopreto.com.br\/index.php\/category\/noticias-de-ribeirao-preto-sp-e-regiao-ismael-colosi\/"},"img":{"alt_text":"","src":"https:\/\/i0.wp.com\/noticiasribeiraopreto.com.br\/wp-content\/uploads\/2024\/07\/e592a339-3e52-4970-943d-2d20643e9b7b_2024-07-12_14-30-44_jpeg_2024-07-12_14-30-45.webp.webp?fit=1200%2C1200&ssl=1&resize=350%2C200","width":350,"height":200,"srcset":"https:\/\/i0.wp.com\/noticiasribeiraopreto.com.br\/wp-content\/uploads\/2024\/07\/e592a339-3e52-4970-943d-2d20643e9b7b_2024-07-12_14-30-44_jpeg_2024-07-12_14-30-45.webp.webp?fit=1200%2C1200&ssl=1&resize=350%2C200 1x, https:\/\/i0.wp.com\/noticiasribeiraopreto.com.br\/wp-content\/uploads\/2024\/07\/e592a339-3e52-4970-943d-2d20643e9b7b_2024-07-12_14-30-44_jpeg_2024-07-12_14-30-45.webp.webp?fit=1200%2C1200&ssl=1&resize=525%2C300 1.5x, https:\/\/i0.wp.com\/noticiasribeiraopreto.com.br\/wp-content\/uploads\/2024\/07\/e592a339-3e52-4970-943d-2d20643e9b7b_2024-07-12_14-30-44_jpeg_2024-07-12_14-30-45.webp.webp?fit=1200%2C1200&ssl=1&resize=700%2C400 2x, https:\/\/i0.wp.com\/noticiasribeiraopreto.com.br\/wp-content\/uploads\/2024\/07\/e592a339-3e52-4970-943d-2d20643e9b7b_2024-07-12_14-30-44_jpeg_2024-07-12_14-30-45.webp.webp?fit=1200%2C1200&ssl=1&resize=1050%2C600 3x"},"classes":[]},{"id":61894,"url":"https:\/\/noticiasribeiraopreto.com.br\/index.php\/2024\/12\/26\/museu-casa-de-portinari-promove-atividades-gratuitas-para-ferias-de-janeiro\/","url_meta":{"origin":73927,"position":5},"title":"Museu Casa de Portinari promove atividades gratuitas para f\u00e9rias de janeiro","author":"noticiasribeiraopreto.com.br","date":"26 de December de 2024","format":false,"excerpt":"O Museu Casa de Portinari, localizado em Brodowski, na regi\u00e3o de Ribeir\u00e3o Preto, preparou uma programa\u00e7\u00e3o gratuita para todos os p\u00fablicos durante as f\u00e9rias de janeiro. Entre os destaques est\u00e3o o projeto \u201cF\u00e9rias no Museu: Brincandinho\u201d, com jogos e brincadeiras tradicionais, al\u00e9m de diversas oficinas e atra\u00e7\u00f5es culturais como a\u2026","rel":"","context":"In &quot;Not\u00edcias de Ribeir\u00e3o Preto-SP e Regi\u00e3o&quot;","block_context":{"text":"Not\u00edcias de Ribeir\u00e3o Preto-SP e Regi\u00e3o","link":"https:\/\/noticiasribeiraopreto.com.br\/index.php\/category\/noticias-de-ribeirao-preto-sp-e-regiao-ismael-colosi\/"},"img":{"alt_text":"","src":"https:\/\/i0.wp.com\/noticiasribeiraopreto.com.br\/wp-content\/uploads\/2024\/12\/Copia-de-Copia-de-Copia-de-TAMANHO-EXATO-PARA-FOTOS-NO-SISTEMA-NOVO-2024-12-26T204630.618_2024-12-26_23-48-01_png_2024-12-26_23-48-01.webp.webp?fit=1200%2C675&ssl=1&resize=350%2C200","width":350,"height":200,"srcset":"https:\/\/i0.wp.com\/noticiasribeiraopreto.com.br\/wp-content\/uploads\/2024\/12\/Copia-de-Copia-de-Copia-de-TAMANHO-EXATO-PARA-FOTOS-NO-SISTEMA-NOVO-2024-12-26T204630.618_2024-12-26_23-48-01_png_2024-12-26_23-48-01.webp.webp?fit=1200%2C675&ssl=1&resize=350%2C200 1x, https:\/\/i0.wp.com\/noticiasribeiraopreto.com.br\/wp-content\/uploads\/2024\/12\/Copia-de-Copia-de-Copia-de-TAMANHO-EXATO-PARA-FOTOS-NO-SISTEMA-NOVO-2024-12-26T204630.618_2024-12-26_23-48-01_png_2024-12-26_23-48-01.webp.webp?fit=1200%2C675&ssl=1&resize=525%2C300 1.5x, https:\/\/i0.wp.com\/noticiasribeiraopreto.com.br\/wp-content\/uploads\/2024\/12\/Copia-de-Copia-de-Copia-de-TAMANHO-EXATO-PARA-FOTOS-NO-SISTEMA-NOVO-2024-12-26T204630.618_2024-12-26_23-48-01_png_2024-12-26_23-48-01.webp.webp?fit=1200%2C675&ssl=1&resize=700%2C400 2x, https:\/\/i0.wp.com\/noticiasribeiraopreto.com.br\/wp-content\/uploads\/2024\/12\/Copia-de-Copia-de-Copia-de-TAMANHO-EXATO-PARA-FOTOS-NO-SISTEMA-NOVO-2024-12-26T204630.618_2024-12-26_23-48-01_png_2024-12-26_23-48-01.webp.webp?fit=1200%2C675&ssl=1&resize=1050%2C600 3x"},"classes":[]}],"jetpack_sharing_enabled":true,"jetpack_shortlink":"https:\/\/wp.me\/peQAOb-jen","_links":{"self":[{"href":"https:\/\/noticiasribeiraopreto.com.br\/index.php\/wp-json\/wp\/v2\/posts\/73927","targetHints":{"allow":["GET"]}}],"collection":[{"href":"https:\/\/noticiasribeiraopreto.com.br\/index.php\/wp-json\/wp\/v2\/posts"}],"about":[{"href":"https:\/\/noticiasribeiraopreto.com.br\/index.php\/wp-json\/wp\/v2\/types\/post"}],"author":[{"embeddable":true,"href":"https:\/\/noticiasribeiraopreto.com.br\/index.php\/wp-json\/wp\/v2\/users\/1"}],"replies":[{"embeddable":true,"href":"https:\/\/noticiasribeiraopreto.com.br\/index.php\/wp-json\/wp\/v2\/comments?post=73927"}],"version-history":[{"count":0,"href":"https:\/\/noticiasribeiraopreto.com.br\/index.php\/wp-json\/wp\/v2\/posts\/73927\/revisions"}],"wp:featuredmedia":[{"embeddable":true,"href":"https:\/\/noticiasribeiraopreto.com.br\/index.php\/wp-json\/wp\/v2\/media\/73928"}],"wp:attachment":[{"href":"https:\/\/noticiasribeiraopreto.com.br\/index.php\/wp-json\/wp\/v2\/media?parent=73927"}],"wp:term":[{"taxonomy":"category","embeddable":true,"href":"https:\/\/noticiasribeiraopreto.com.br\/index.php\/wp-json\/wp\/v2\/categories?post=73927"},{"taxonomy":"post_tag","embeddable":true,"href":"https:\/\/noticiasribeiraopreto.com.br\/index.php\/wp-json\/wp\/v2\/tags?post=73927"}],"curies":[{"name":"wp","href":"https:\/\/api.w.org\/{rel}","templated":true}]}}