{"id":73929,"date":"2025-07-12T16:53:22","date_gmt":"2025-07-12T19:53:22","guid":{"rendered":"https:\/\/noticiasribeiraopreto.com.br\/index.php\/2025\/07\/12\/fim-do-diploma-de-papel-entenda-novas-regras-do-mec\/"},"modified":"2025-07-12T16:53:22","modified_gmt":"2025-07-12T19:53:22","slug":"fim-do-diploma-de-papel-entenda-novas-regras-do-mec","status":"publish","type":"post","link":"https:\/\/noticiasribeiraopreto.com.br\/index.php\/2025\/07\/12\/fim-do-diploma-de-papel-entenda-novas-regras-do-mec\/","title":{"rendered":"Fim do diploma de papel? Entenda novas regras do MEC"},"content":{"rendered":"<div class='code-block code-block-1' style='margin: 8px 0 8px auto; text-align: right; display: block; clear: both;'>\n<p><a href=\"https:\/\/wa.link\/vpicfd\"><img data-recalc-dims=\"1\" class=\"wp-image-4922\" style=\"aspect-ratio: 2.0253164556962027; width: 561px; height: auto;\" src=\"https:\/\/i0.wp.com\/ismaelcolosi.com.br\/wp-content\/uploads\/2023\/11\/grupo-de-empregos-whatsapp-e-facebook-ismael-colosi-vagas.jpg?ssl=1\" alt=\"\" \/><\/a><\/p>\n<!-- \/wp:image -->\n<\/div>\n<p> <br \/>\n<\/p>\n<div data-td-block-uid=\"tdi_95\">\n<div class=\"tdb-block-inner td-fix-index\">\n<p><strong>O diploma de papel deixou de ser obrigat\u00f3rio para cursos de gradua\u00e7\u00e3o no Brasil. <\/strong>Desde 1\u00ba de julho de 2025, as<strong> institui\u00e7\u00f5es de ensino superior emitem o diploma exclusivamente em formato digital<\/strong>, conforme norma do Minist\u00e9rio da Educa\u00e7\u00e3o (MEC).<\/p>\n<p>O novo modelo adota assinatura digital e carimbo eletr\u00f4nico com data e hor\u00e1rio da emiss\u00e3o. <strong>A vers\u00e3o digital \u00e9 a \u00fanica com validade jur\u00eddica<\/strong>, embora os formandos ainda possam imprimir uma c\u00f3pia.<\/p>\n<p>Segundo o MEC, a mudan\u00e7a busca tornar o processo mais r\u00e1pido e seguro, al\u00e9m de dificultar fraudes. <strong>Diplomas f\u00edsicos emitidos at\u00e9 junho de 2025 continuam v\u00e1lidos e n\u00e3o precisam ser substitu\u00eddos.<\/strong><\/p>\n<p>Institui\u00e7\u00f5es de ensino j\u00e1 vinham adotando o formato digital desde 2021, mas a partir de agora, a regra vale para todas as universidades do pa\u00eds.<\/p>\n<p>No caso dos cursos de p\u00f3s-gradua\u00e7\u00e3o, a <strong>emiss\u00e3o digital se tornar\u00e1 obrigat\u00f3ria a partir de janeiro de 2026.<\/strong><\/p>\n<hr class=\"wp-block-separator has-alpha-channel-opacity\"\/>\n<p>SAIBA MAIS<br \/>Pagode desbanca sertanejo e lidera ranking musical no Brasil; veja lista<\/p>\n<h3 class=\"wp-block-heading\"><strong>FIQUE ON\u00a0\u00a0\u00a0\u00a0\u00a0\u00a0\u00a0\u00a0\u00a0<\/strong><\/h3>\n<p>Quer ficar por dentro de tudo que acontece em Ribeir\u00e3o Preto e regi\u00e3o? Ent\u00e3o siga os perfis do\u202facidade on\u202fno\u202f<a href=\"https:\/\/www.instagram.com\/acidadeonribeirao\" target=\"_blank\" rel=\"noreferrer noopener\">Instagram<\/a>\u202fe no\u202f<a href=\"https:\/\/www.facebook.com\/acidadeonribeirao\/\" target=\"_blank\" rel=\"noreferrer noopener\">Facebook<\/a>.<\/p>\n<p>Al\u00e9m disso, voc\u00ea pode receber as principais not\u00edcias diretamente no WhatsApp. Para isso, basta\u00a0<a href=\"https:\/\/chat.whatsapp.com\/BjKQZ9oJwlz8VVT50NuePq\" target=\"_blank\" rel=\"noreferrer noopener\">entrar no grupo clicando aqui<\/a>.<\/p>\n<p>Por fim, se quiser fazer uma den\u00fancia ou sugerir uma reportagem sobre Ribeir\u00e3o Preto e regi\u00e3o, envie uma mensagem pelo WhatsApp: (16) 99117-7802.<\/p>\n<p>VEJA TAMB\u00c9M<br \/>Quais s\u00e3o as m\u00fasicas do novo \u00e1lbum de Justin Bieber?<\/p>\n<p><!-- AI CONTENT END 1 -->\n<\/div>\n<\/div>\n<p><script async src=\"\/\/www.instagram.com\/embed.js\"><\/script><br \/>\n<br \/><br \/>\n<br \/><a href=\"https:\/\/www.acidadeon.com\/ribeiraopreto\/cotidiano\/fim-do-diploma-de-papel-entenda-novas-regras-do-mec\/\">Source link <\/a><\/p>\n<!-- CONTENT END 1 -->\n","protected":false},"excerpt":{"rendered":"<p>O diploma de papel deixou de ser obrigat\u00f3rio para cursos de gradua\u00e7\u00e3o no Brasil. Desde 1\u00ba de julho de 2025, as institui\u00e7\u00f5es de ensino superior&#8230;<\/p>\n","protected":false},"author":1,"featured_media":73930,"comment_status":"open","ping_status":"open","sticky":false,"template":"","format":"standard","meta":{"advanced_seo_description":"","jetpack_seo_html_title":"","jetpack_seo_noindex":false,"jetpack_post_was_ever_published":false,"_jetpack_newsletter_access":"","_jetpack_dont_email_post_to_subs":false,"_jetpack_newsletter_tier_id":0,"_jetpack_memberships_contains_paywalled_content":false,"_jetpack_memberships_contains_paid_content":false,"footnotes":"","jetpack_publicize_message":"","jetpack_publicize_feature_enabled":true,"jetpack_social_post_already_shared":true,"jetpack_social_options":{"image_generator_settings":{"template":"highway","default_image_id":0,"font":"","enabled":false},"version":2}},"categories":[11],"tags":[],"class_list":["post-73929","post","type-post","status-publish","format-standard","has-post-thumbnail","hentry","category-noticias-de-ribeirao-preto-sp-e-regiao-ismael-colosi"],"jetpack_publicize_connections":[],"jetpack_featured_media_url":"https:\/\/i0.wp.com\/noticiasribeiraopreto.com.br\/wp-content\/uploads\/2025\/07\/Copia-de-Copia-de-Copia-de-TAMANHO-EXATO-PARA-FOTOS-NO-SISTEMA-NOVO-2025-07-12T153712.406_2025-07-12_18-38-19.webp.webp?fit=1200%2C675&ssl=1","jetpack-related-posts":[{"id":20597,"url":"https:\/\/noticiasribeiraopreto.com.br\/index.php\/2023\/12\/26\/urgente-publicado-edital-para-6-412-vagas-de-ensino-medio-em-sete-estados-2\/","url_meta":{"origin":73929,"position":0},"title":"Urgente! Publicado edital para 6.412 vagas de ensino m\u00e9dio em sete estados","author":"noticiasribeiraopreto.com.br","date":"26 de December de 2023","format":false,"excerpt":"Foi publicado, no di\u00e1rio oficial da Uni\u00e3o desta ter\u00e7a-feira, 26 de dezembro, o edital do aguardado novo concurso Petrobras. Embora a oferta inicialmente anunciada fosse de 458 vagas, o documento conta com um total de nada menos do que 6.412 postos, sendo 916 para preenchimento imediato e 5.496 para formar\u2026","rel":"","context":"In &quot;Vagas de Emprego em Ribeir\u00e3o Preto-SP&quot;","block_context":{"text":"Vagas de Emprego em Ribeir\u00e3o Preto-SP","link":"https:\/\/noticiasribeiraopreto.com.br\/index.php\/category\/empregos-classificados-vagas-trabalho\/vagas-de-empregos-em-ribeirao-preto-regiao-brasil\/"},"img":{"alt_text":"","src":"https:\/\/i0.wp.com\/noticiasribeiraopreto.com.br\/wp-content\/uploads\/2023\/12\/pet1.jpg?fit=903%2C571&ssl=1&resize=350%2C200","width":350,"height":200,"srcset":"https:\/\/i0.wp.com\/noticiasribeiraopreto.com.br\/wp-content\/uploads\/2023\/12\/pet1.jpg?fit=903%2C571&ssl=1&resize=350%2C200 1x, https:\/\/i0.wp.com\/noticiasribeiraopreto.com.br\/wp-content\/uploads\/2023\/12\/pet1.jpg?fit=903%2C571&ssl=1&resize=525%2C300 1.5x, https:\/\/i0.wp.com\/noticiasribeiraopreto.com.br\/wp-content\/uploads\/2023\/12\/pet1.jpg?fit=903%2C571&ssl=1&resize=700%2C400 2x"},"classes":[]},{"id":30089,"url":"https:\/\/noticiasribeiraopreto.com.br\/index.php\/2024\/01\/20\/mec-disponibiliza-mais-de-402-mil-bolsas-para-o-prouni\/","url_meta":{"origin":73929,"position":1},"title":"MEC disponibiliza mais de 402 mil bolsas para o Prouni","author":"noticiasribeiraopreto.com.br","date":"20 de January de 2024","format":false,"excerpt":"19 de janeiro de 2024 | 13:3019 de janeiro de 2024 | 12:31 0O Minist\u00e9rio da Educa\u00e7\u00e3o (MEC) oferece, a partir desta sexta-feira (19), 402.092 bolsas para a primeira edi\u00e7\u00e3o de 2024 do Programa Universidade para Todos (Prouni). Deste total, 304.638 s\u00e3o bolsas integrais e 97.454 parciais (50%).Segundo o MEC,\u2026","rel":"","context":"In &quot;Not\u00edcias de Ribeir\u00e3o Preto-SP e Regi\u00e3o&quot;","block_context":{"text":"Not\u00edcias de Ribeir\u00e3o Preto-SP e Regi\u00e3o","link":"https:\/\/noticiasribeiraopreto.com.br\/index.php\/category\/noticias-de-ribeirao-preto-sp-e-regiao-ismael-colosi\/"},"img":{"alt_text":"","src":"https:\/\/i0.wp.com\/noticiasribeiraopreto.com.br\/wp-content\/uploads\/2024\/01\/ministerio-educacao-fachada-1-1024x512-1-scaled.jpg?fit=1000%2C500&ssl=1&resize=350%2C200","width":350,"height":200,"srcset":"https:\/\/i0.wp.com\/noticiasribeiraopreto.com.br\/wp-content\/uploads\/2024\/01\/ministerio-educacao-fachada-1-1024x512-1-scaled.jpg?fit=1000%2C500&ssl=1&resize=350%2C200 1x, https:\/\/i0.wp.com\/noticiasribeiraopreto.com.br\/wp-content\/uploads\/2024\/01\/ministerio-educacao-fachada-1-1024x512-1-scaled.jpg?fit=1000%2C500&ssl=1&resize=525%2C300 1.5x, https:\/\/i0.wp.com\/noticiasribeiraopreto.com.br\/wp-content\/uploads\/2024\/01\/ministerio-educacao-fachada-1-1024x512-1-scaled.jpg?fit=1000%2C500&ssl=1&resize=700%2C400 2x"},"classes":[]},{"id":18024,"url":"https:\/\/noticiasribeiraopreto.com.br\/index.php\/2023\/12\/19\/universidade-federal-abre-concurso-publico-com-55-vagas-para-nivel-medio\/","url_meta":{"origin":73929,"position":2},"title":"Universidade Federal abre CONCURSO P\u00daBLICO com 55 vagas para n\u00edvel m\u00e9dio","author":"noticiasribeiraopreto.com.br","date":"19 de December de 2023","format":false,"excerpt":"Inscreva-se neste concurso p\u00fablico O concurso p\u00fablico anuncia vagas para n\u00edvel m\u00e9dio. Ao todo s\u00e3o 55 oportunidades. Ficou interessado? Veja como se inscrever e n\u00e3o perca. A Acess \u00e9 a banca organizadora. Oportunidades para T\u00e9cnico-Administrativos em Educa\u00e7\u00e3o O edital da Universidade Federal do Agreste do Pernambuco (UFAPE) foi divulgado, oferecendo\u2026","rel":"","context":"In &quot;Vagas de Emprego em Ribeir\u00e3o Preto-SP&quot;","block_context":{"text":"Vagas de Emprego em Ribeir\u00e3o Preto-SP","link":"https:\/\/noticiasribeiraopreto.com.br\/index.php\/category\/empregos-classificados-vagas-trabalho\/vagas-de-empregos-em-ribeirao-preto-regiao-brasil\/"},"img":{"alt_text":"","src":"https:\/\/i0.wp.com\/noticiasribeiraopreto.com.br\/wp-content\/uploads\/2023\/12\/noticiasconcursos.com_.br-universidade-federal-abre-concurso-publico-com-55-vagas-para-nivel-medio-pexels-fauxels-3184464-1.jpg?fit=1200%2C800&ssl=1&resize=350%2C200","width":350,"height":200,"srcset":"https:\/\/i0.wp.com\/noticiasribeiraopreto.com.br\/wp-content\/uploads\/2023\/12\/noticiasconcursos.com_.br-universidade-federal-abre-concurso-publico-com-55-vagas-para-nivel-medio-pexels-fauxels-3184464-1.jpg?fit=1200%2C800&ssl=1&resize=350%2C200 1x, https:\/\/i0.wp.com\/noticiasribeiraopreto.com.br\/wp-content\/uploads\/2023\/12\/noticiasconcursos.com_.br-universidade-federal-abre-concurso-publico-com-55-vagas-para-nivel-medio-pexels-fauxels-3184464-1.jpg?fit=1200%2C800&ssl=1&resize=525%2C300 1.5x, https:\/\/i0.wp.com\/noticiasribeiraopreto.com.br\/wp-content\/uploads\/2023\/12\/noticiasconcursos.com_.br-universidade-federal-abre-concurso-publico-com-55-vagas-para-nivel-medio-pexels-fauxels-3184464-1.jpg?fit=1200%2C800&ssl=1&resize=700%2C400 2x, https:\/\/i0.wp.com\/noticiasribeiraopreto.com.br\/wp-content\/uploads\/2023\/12\/noticiasconcursos.com_.br-universidade-federal-abre-concurso-publico-com-55-vagas-para-nivel-medio-pexels-fauxels-3184464-1.jpg?fit=1200%2C800&ssl=1&resize=1050%2C600 3x"},"classes":[]},{"id":39582,"url":"https:\/\/noticiasribeiraopreto.com.br\/index.php\/2024\/02\/27\/mec-divulga-nesta-terca-segunda-chamada-do-prouni\/","url_meta":{"origin":73929,"position":3},"title":"MEC divulga nesta ter\u00e7a segunda chamada do Prouni","author":"noticiasribeiraopreto.com.br","date":"27 de February de 2024","format":false,"excerpt":"27 de fevereiro de 2024 | 8:3026 de fevereiro de 2024 | 17:45 0O Minist\u00e9rio da Educa\u00e7\u00e3o (MEC) divulga nesta ter\u00e7a-feira (27) a lista dos candidatos pr\u00e9-selecionados na segunda chamada da oferta de bolsas da edi\u00e7\u00e3o 2024 do Programa Universidade para Todos (Prouni).A lista ficar\u00e1 dispon\u00edvel no\u00a0Portal \u00danico de Acesso\u2026","rel":"","context":"In &quot;Not\u00edcias de Ribeir\u00e3o Preto-SP e Regi\u00e3o&quot;","block_context":{"text":"Not\u00edcias de Ribeir\u00e3o Preto-SP e Regi\u00e3o","link":"https:\/\/noticiasribeiraopreto.com.br\/index.php\/category\/noticias-de-ribeirao-preto-sp-e-regiao-ismael-colosi\/"},"img":{"alt_text":"","src":"https:\/\/i0.wp.com\/noticiasribeiraopreto.com.br\/wp-content\/uploads\/2024\/02\/f86d3f05-51fa-490f-be94-dc5f7838486e-scaled.jpg?fit=1000%2C598&ssl=1&resize=350%2C200","width":350,"height":200,"srcset":"https:\/\/i0.wp.com\/noticiasribeiraopreto.com.br\/wp-content\/uploads\/2024\/02\/f86d3f05-51fa-490f-be94-dc5f7838486e-scaled.jpg?fit=1000%2C598&ssl=1&resize=350%2C200 1x, https:\/\/i0.wp.com\/noticiasribeiraopreto.com.br\/wp-content\/uploads\/2024\/02\/f86d3f05-51fa-490f-be94-dc5f7838486e-scaled.jpg?fit=1000%2C598&ssl=1&resize=525%2C300 1.5x, https:\/\/i0.wp.com\/noticiasribeiraopreto.com.br\/wp-content\/uploads\/2024\/02\/f86d3f05-51fa-490f-be94-dc5f7838486e-scaled.jpg?fit=1000%2C598&ssl=1&resize=700%2C400 2x"},"classes":[]},{"id":7066,"url":"https:\/\/noticiasribeiraopreto.com.br\/index.php\/2023\/11\/27\/inscricoes-para-vagas-remanescentes-do-fies-terminam-nesta-quinta-30\/","url_meta":{"origin":73929,"position":4},"title":"Inscri\u00e7\u00f5es para vagas remanescentes do Fies terminam nesta quinta, 30","author":"noticiasribeiraopreto.com.br","date":"27 de November de 2023","format":false,"excerpt":"27 de novembro de 2023 | 14:0027 de novembro de 2023 | 12:25 0O per\u00edodo de inscri\u00e7\u00e3o\u202fpara vagas remanescentes do Fundo de Financiamento Estudantil (Fies) termina na pr\u00f3xima quinta-feira (30). O prazo chegou a ser prorrogado pelo Minist\u00e9rio da Educa\u00e7\u00e3o (MEC). As inscri\u00e7\u00f5es\u202fs\u00e3o gratuitas e\u202fdevem ser\u202ffeitas exclusivamente por meio do\u00a0Portal\u202fde\u2026","rel":"","context":"In &quot;Not\u00edcias de Ribeir\u00e3o Preto-SP e Regi\u00e3o&quot;","block_context":{"text":"Not\u00edcias de Ribeir\u00e3o Preto-SP e Regi\u00e3o","link":"https:\/\/noticiasribeiraopreto.com.br\/index.php\/category\/noticias-de-ribeirao-preto-sp-e-regiao-ismael-colosi\/"},"img":{"alt_text":"","src":"https:\/\/i0.wp.com\/noticiasribeiraopreto.com.br\/wp-content\/uploads\/2023\/11\/fies.jpg?fit=1170%2C700&ssl=1&resize=350%2C200","width":350,"height":200,"srcset":"https:\/\/i0.wp.com\/noticiasribeiraopreto.com.br\/wp-content\/uploads\/2023\/11\/fies.jpg?fit=1170%2C700&ssl=1&resize=350%2C200 1x, https:\/\/i0.wp.com\/noticiasribeiraopreto.com.br\/wp-content\/uploads\/2023\/11\/fies.jpg?fit=1170%2C700&ssl=1&resize=525%2C300 1.5x, https:\/\/i0.wp.com\/noticiasribeiraopreto.com.br\/wp-content\/uploads\/2023\/11\/fies.jpg?fit=1170%2C700&ssl=1&resize=700%2C400 2x, https:\/\/i0.wp.com\/noticiasribeiraopreto.com.br\/wp-content\/uploads\/2023\/11\/fies.jpg?fit=1170%2C700&ssl=1&resize=1050%2C600 3x"},"classes":[]},{"id":31920,"url":"https:\/\/noticiasribeiraopreto.com.br\/index.php\/2024\/01\/23\/anvisa-abre-concurso-publico-com-50-vagas-disponiveis-e-salarios-de-r-16-mil\/","url_meta":{"origin":73929,"position":5},"title":"Anvisa abre concurso p\u00fablico com 50 vagas dispon\u00edveis e sal\u00e1rios de R$ 16 mil","author":"noticiasribeiraopreto.com.br","date":"23 de January de 2024","format":false,"excerpt":"A Ag\u00eancia Nacional de Vigil\u00e2ncia Sanit\u00e1ria (Anvisa) abriu, na segunda-feira (22), as inscri\u00e7\u00f5es para o concurso p\u00fablico que vai selecionar 50 Especialistas em Regula\u00e7\u00e3o e Vigil\u00e2ncia Sanit\u00e1ria, com sal\u00e1rio inicial de R$ 16,4 mil. As inscri\u00e7\u00f5es s\u00e3o realizadas de forma on-line, at\u00e9 o dia 16 de fevereiro, no site da\u2026","rel":"","context":"In &quot;Not\u00edcias de Ribeir\u00e3o Preto-SP e Regi\u00e3o&quot;","block_context":{"text":"Not\u00edcias de Ribeir\u00e3o Preto-SP e Regi\u00e3o","link":"https:\/\/noticiasribeiraopreto.com.br\/index.php\/category\/noticias-de-ribeirao-preto-sp-e-regiao-ismael-colosi\/"},"img":{"alt_text":"","src":"https:\/\/i0.wp.com\/noticiasribeiraopreto.com.br\/wp-content\/uploads\/2024\/01\/anvisa_1024x576_08062021170220.jpg?fit=1024%2C612&ssl=1&resize=350%2C200","width":350,"height":200,"srcset":"https:\/\/i0.wp.com\/noticiasribeiraopreto.com.br\/wp-content\/uploads\/2024\/01\/anvisa_1024x576_08062021170220.jpg?fit=1024%2C612&ssl=1&resize=350%2C200 1x, https:\/\/i0.wp.com\/noticiasribeiraopreto.com.br\/wp-content\/uploads\/2024\/01\/anvisa_1024x576_08062021170220.jpg?fit=1024%2C612&ssl=1&resize=525%2C300 1.5x, https:\/\/i0.wp.com\/noticiasribeiraopreto.com.br\/wp-content\/uploads\/2024\/01\/anvisa_1024x576_08062021170220.jpg?fit=1024%2C612&ssl=1&resize=700%2C400 2x"},"classes":[]}],"jetpack_sharing_enabled":true,"jetpack_shortlink":"https:\/\/wp.me\/peQAOb-jep","_links":{"self":[{"href":"https:\/\/noticiasribeiraopreto.com.br\/index.php\/wp-json\/wp\/v2\/posts\/73929","targetHints":{"allow":["GET"]}}],"collection":[{"href":"https:\/\/noticiasribeiraopreto.com.br\/index.php\/wp-json\/wp\/v2\/posts"}],"about":[{"href":"https:\/\/noticiasribeiraopreto.com.br\/index.php\/wp-json\/wp\/v2\/types\/post"}],"author":[{"embeddable":true,"href":"https:\/\/noticiasribeiraopreto.com.br\/index.php\/wp-json\/wp\/v2\/users\/1"}],"replies":[{"embeddable":true,"href":"https:\/\/noticiasribeiraopreto.com.br\/index.php\/wp-json\/wp\/v2\/comments?post=73929"}],"version-history":[{"count":0,"href":"https:\/\/noticiasribeiraopreto.com.br\/index.php\/wp-json\/wp\/v2\/posts\/73929\/revisions"}],"wp:featuredmedia":[{"embeddable":true,"href":"https:\/\/noticiasribeiraopreto.com.br\/index.php\/wp-json\/wp\/v2\/media\/73930"}],"wp:attachment":[{"href":"https:\/\/noticiasribeiraopreto.com.br\/index.php\/wp-json\/wp\/v2\/media?parent=73929"}],"wp:term":[{"taxonomy":"category","embeddable":true,"href":"https:\/\/noticiasribeiraopreto.com.br\/index.php\/wp-json\/wp\/v2\/categories?post=73929"},{"taxonomy":"post_tag","embeddable":true,"href":"https:\/\/noticiasribeiraopreto.com.br\/index.php\/wp-json\/wp\/v2\/tags?post=73929"}],"curies":[{"name":"wp","href":"https:\/\/api.w.org\/{rel}","templated":true}]}}