{"id":73931,"date":"2025-07-12T17:00:05","date_gmt":"2025-07-12T20:00:05","guid":{"rendered":"https:\/\/noticiasribeiraopreto.com.br\/index.php\/2025\/07\/12\/festa-do-leite-de-batatais-recebe-espetaculo-gratuito-de-turmatube\/"},"modified":"2025-07-12T17:00:05","modified_gmt":"2025-07-12T20:00:05","slug":"festa-do-leite-de-batatais-recebe-espetaculo-gratuito-de-turmatube","status":"publish","type":"post","link":"https:\/\/noticiasribeiraopreto.com.br\/index.php\/2025\/07\/12\/festa-do-leite-de-batatais-recebe-espetaculo-gratuito-de-turmatube\/","title":{"rendered":"Festa do Leite de Batatais recebe espet\u00e1culo gratuito de TurmaTube"},"content":{"rendered":"<div class='code-block code-block-1' style='margin: 8px 0 8px auto; text-align: right; display: block; clear: both;'>\n<p><a href=\"https:\/\/wa.link\/vpicfd\"><img data-recalc-dims=\"1\" class=\"wp-image-4922\" style=\"aspect-ratio: 2.0253164556962027; width: 561px; height: auto;\" src=\"https:\/\/i0.wp.com\/ismaelcolosi.com.br\/wp-content\/uploads\/2023\/11\/grupo-de-empregos-whatsapp-e-facebook-ismael-colosi-vagas.jpg?ssl=1\" alt=\"\" \/><\/a><\/p>\n<!-- \/wp:image -->\n<\/div>\n<p> <br \/>\n<\/p>\n<div data-td-block-uid=\"tdi_95\">\n<div class=\"tdb-block-inner td-fix-index\">\n<p>Neste domingo (13), \u00e0s 19h, a <strong>48\u00aa Festa do Leite de Batatais<\/strong> recebe o espet\u00e1culo<strong> TurmaTube Ao Vivo \u2013 Um Mundo de Aventuras<\/strong>, com \u00fanica apresenta\u00e7\u00e3o.<\/p>\n<p>Com os personagens <strong>Nina, Nino, Valentinha, Ruanito e Aurora<\/strong>, o show une m\u00fasica, dan\u00e7a, cen\u00e1rio colorido, pain\u00e9is de LED e muita interatividade.<\/p>\n<p>Com linguagem leve e voltada ao p\u00fablico infantil, a pe\u00e7a aborda temas como amizade, respeito \u00e0s diferen\u00e7as, alimenta\u00e7\u00e3o saud\u00e1vel e inclus\u00e3o.<\/p>\n<h2 class=\"wp-block-heading\"><strong>Servi\u00e7o<\/strong><\/h2>\n<p><strong><em>TurmaTube Ao Vivo \u2013 Um Mundo de Aventuras<\/em><\/strong><\/p>\n<p><strong>Data:<\/strong> 13 de julho, domingo<br \/><strong>Hor\u00e1rio:<\/strong> 19h<br \/><strong>Local:<\/strong> 48\u00aa Festa do Leite de Batatais<br \/><strong>Entrada gratuita<\/strong><\/p>\n<p>SAIBA MAIS<br \/>Pagode desbanca sertanejo e lidera ranking musical no Brasil; veja lista<\/p>\n<h3 class=\"wp-block-heading\"><strong>FIQUE ON\u00a0\u00a0\u00a0\u00a0\u00a0\u00a0\u00a0\u00a0\u00a0<\/strong><\/h3>\n<p>Quer ficar por dentro de tudo que acontece em Ribeir\u00e3o Preto e regi\u00e3o? Ent\u00e3o siga os perfis do\u202facidade on\u202fno\u202f<a href=\"https:\/\/www.instagram.com\/acidadeonribeirao\" target=\"_blank\" rel=\"noreferrer noopener\">Instagram<\/a>\u202fe no\u202f<a href=\"https:\/\/www.facebook.com\/acidadeonribeirao\/\" target=\"_blank\" rel=\"noreferrer noopener\">Facebook<\/a>.<\/p>\n<p>Al\u00e9m disso, voc\u00ea pode receber as principais not\u00edcias diretamente no WhatsApp. Para isso, basta\u00a0<a href=\"https:\/\/chat.whatsapp.com\/BjKQZ9oJwlz8VVT50NuePq\" target=\"_blank\" rel=\"noreferrer noopener\">entrar no grupo clicando aqui<\/a>.<\/p>\n<p>Por fim, se quiser fazer uma den\u00fancia ou sugerir uma reportagem sobre Ribeir\u00e3o Preto e regi\u00e3o, envie uma mensagem pelo WhatsApp: (16) 99117-7802.<\/p>\n<p>VEJA TAMB\u00c9M<br \/>Quais s\u00e3o as m\u00fasicas do novo \u00e1lbum de Justin Bieber?<\/p>\n<p><!-- AI CONTENT END 1 -->\n<\/div>\n<\/div>\n<p><script async src=\"\/\/www.instagram.com\/embed.js\"><\/script><br \/>\n<br \/><br \/>\n<br \/><a href=\"https:\/\/www.acidadeon.com\/ribeiraopreto\/lazer-e-cultura\/festa-do-leite-de-batatais-recebe-espetaculo-gratuito-de-turmatube\/\">Source link <\/a><\/p>\n<!-- CONTENT END 1 -->\n","protected":false},"excerpt":{"rendered":"<p>Neste domingo (13), \u00e0s 19h, a 48\u00aa Festa do Leite de Batatais recebe o espet\u00e1culo TurmaTube Ao Vivo \u2013 Um Mundo de Aventuras, com \u00fanica&#8230;<\/p>\n","protected":false},"author":1,"featured_media":73932,"comment_status":"open","ping_status":"open","sticky":false,"template":"","format":"standard","meta":{"advanced_seo_description":"","jetpack_seo_html_title":"","jetpack_seo_noindex":false,"jetpack_post_was_ever_published":false,"_jetpack_newsletter_access":"","_jetpack_dont_email_post_to_subs":false,"_jetpack_newsletter_tier_id":0,"_jetpack_memberships_contains_paywalled_content":false,"_jetpack_memberships_contains_paid_content":false,"footnotes":"","jetpack_publicize_message":"","jetpack_publicize_feature_enabled":true,"jetpack_social_post_already_shared":true,"jetpack_social_options":{"image_generator_settings":{"template":"highway","default_image_id":0,"font":"","enabled":false},"version":2}},"categories":[11],"tags":[],"class_list":["post-73931","post","type-post","status-publish","format-standard","has-post-thumbnail","hentry","category-noticias-de-ribeirao-preto-sp-e-regiao-ismael-colosi"],"jetpack_publicize_connections":[],"jetpack_featured_media_url":"https:\/\/i0.wp.com\/noticiasribeiraopreto.com.br\/wp-content\/uploads\/2025\/07\/TurmaTube-1-1_2025-07-12_17-37-40.webp.webp?fit=1200%2C800&ssl=1","jetpack-related-posts":[{"id":73688,"url":"https:\/\/noticiasribeiraopreto.com.br\/index.php\/2025\/07\/07\/hugo-e-guilherme-fernando-e-sorocaba-e-mais-veja-as-atracoes-da-48a-festa-do-leite\/","url_meta":{"origin":73931,"position":0},"title":"Hugo e Guilherme, Fernando e Sorocaba e mais: Veja as atra\u00e7\u00f5es da 48\u00aa Festa do Leite","author":"noticiasribeiraopreto.com.br","date":"7 de July de 2025","format":false,"excerpt":"A tradicional Festa do Leite, em Batatais, cidade na regi\u00e3o de Ribeir\u00e3o Preto, come\u00e7a nesta quarta-feira (9) e vai reunir apresenta\u00e7\u00f5es de Hugo e Guilherme, Fernando e Sorocaba, al\u00e9m da dupla Diego e Victor Hugo \u2013 veja a programa\u00e7\u00e3o abaixo. Com entrada gratuita nos dias 9 e 13 de julho,\u2026","rel":"","context":"In &quot;Not\u00edcias de Ribeir\u00e3o Preto-SP e Regi\u00e3o&quot;","block_context":{"text":"Not\u00edcias de Ribeir\u00e3o Preto-SP e Regi\u00e3o","link":"https:\/\/noticiasribeiraopreto.com.br\/index.php\/category\/noticias-de-ribeirao-preto-sp-e-regiao-ismael-colosi\/"},"img":{"alt_text":"","src":"https:\/\/i0.wp.com\/noticiasribeiraopreto.com.br\/wp-content\/uploads\/2025\/07\/Copia-de-Copia-de-Copia-de-TAMANHO-EXATO-PARA-FOTOS-NO-SISTEMA-NOVO-2025-07-07T171858.128_2025-07-07_20-19-01.webp.webp?fit=1200%2C675&ssl=1&resize=350%2C200","width":350,"height":200,"srcset":"https:\/\/i0.wp.com\/noticiasribeiraopreto.com.br\/wp-content\/uploads\/2025\/07\/Copia-de-Copia-de-Copia-de-TAMANHO-EXATO-PARA-FOTOS-NO-SISTEMA-NOVO-2025-07-07T171858.128_2025-07-07_20-19-01.webp.webp?fit=1200%2C675&ssl=1&resize=350%2C200 1x, https:\/\/i0.wp.com\/noticiasribeiraopreto.com.br\/wp-content\/uploads\/2025\/07\/Copia-de-Copia-de-Copia-de-TAMANHO-EXATO-PARA-FOTOS-NO-SISTEMA-NOVO-2025-07-07T171858.128_2025-07-07_20-19-01.webp.webp?fit=1200%2C675&ssl=1&resize=525%2C300 1.5x, https:\/\/i0.wp.com\/noticiasribeiraopreto.com.br\/wp-content\/uploads\/2025\/07\/Copia-de-Copia-de-Copia-de-TAMANHO-EXATO-PARA-FOTOS-NO-SISTEMA-NOVO-2025-07-07T171858.128_2025-07-07_20-19-01.webp.webp?fit=1200%2C675&ssl=1&resize=700%2C400 2x, https:\/\/i0.wp.com\/noticiasribeiraopreto.com.br\/wp-content\/uploads\/2025\/07\/Copia-de-Copia-de-Copia-de-TAMANHO-EXATO-PARA-FOTOS-NO-SISTEMA-NOVO-2025-07-07T171858.128_2025-07-07_20-19-01.webp.webp?fit=1200%2C675&ssl=1&resize=1050%2C600 3x"},"classes":[]},{"id":73765,"url":"https:\/\/noticiasribeiraopreto.com.br\/index.php\/2025\/07\/09\/festa-do-leite-de-batatais-comeca-nesta-quarta-feira-veja-as-atracoes\/","url_meta":{"origin":73931,"position":1},"title":"Festa do Leite de Batatais come\u00e7a nesta quarta-feira; Veja as atra\u00e7\u00f5es","author":"noticiasribeiraopreto.com.br","date":"9 de July de 2025","format":false,"excerpt":"A tradicional Festa do Leite de Batatais chega \u00e0 sua 48\u00aa edi\u00e7\u00e3o. O evento come\u00e7a nesta quarta-feira (9) e segue at\u00e9 o dia 13 de julho no Centro de Eventos Ant\u00f4nio Carlos Prado Baptista. A Festa do Leite re\u00fane atra\u00e7\u00f5es art\u00edsticas, culturais e agropecu\u00e1rias. Neste feriado de 9 de julho,\u2026","rel":"","context":"In &quot;Not\u00edcias de Ribeir\u00e3o Preto-SP e Regi\u00e3o&quot;","block_context":{"text":"Not\u00edcias de Ribeir\u00e3o Preto-SP e Regi\u00e3o","link":"https:\/\/noticiasribeiraopreto.com.br\/index.php\/category\/noticias-de-ribeirao-preto-sp-e-regiao-ismael-colosi\/"},"img":{"alt_text":"","src":"https:\/\/i0.wp.com\/noticiasribeiraopreto.com.br\/wp-content\/uploads\/2025\/07\/fernando-e-sorocaba_2025-07-09_13-06-39.webp.webp?fit=1189%2C696&ssl=1&resize=350%2C200","width":350,"height":200,"srcset":"https:\/\/i0.wp.com\/noticiasribeiraopreto.com.br\/wp-content\/uploads\/2025\/07\/fernando-e-sorocaba_2025-07-09_13-06-39.webp.webp?fit=1189%2C696&ssl=1&resize=350%2C200 1x, https:\/\/i0.wp.com\/noticiasribeiraopreto.com.br\/wp-content\/uploads\/2025\/07\/fernando-e-sorocaba_2025-07-09_13-06-39.webp.webp?fit=1189%2C696&ssl=1&resize=525%2C300 1.5x, https:\/\/i0.wp.com\/noticiasribeiraopreto.com.br\/wp-content\/uploads\/2025\/07\/fernando-e-sorocaba_2025-07-09_13-06-39.webp.webp?fit=1189%2C696&ssl=1&resize=700%2C400 2x, https:\/\/i0.wp.com\/noticiasribeiraopreto.com.br\/wp-content\/uploads\/2025\/07\/fernando-e-sorocaba_2025-07-09_13-06-39.webp.webp?fit=1189%2C696&ssl=1&resize=1050%2C600 3x"},"classes":[]},{"id":73885,"url":"https:\/\/noticiasribeiraopreto.com.br\/index.php\/2025\/07\/11\/festa-do-leite-afonso-padilha-e-caipiro-rock-veja-as-opcoes-para-se-divertir-no-fim-de-semana-em-ribeirao-e-regiao\/","url_meta":{"origin":73931,"position":2},"title":"Festa do Leite, Afonso Padilha e Caipiro Rock: Veja as op\u00e7\u00f5es para se divertir no fim de semana em Ribeir\u00e3o e regi\u00e3o","author":"noticiasribeiraopreto.com.br","date":"11 de July de 2025","format":false,"excerpt":"O fim de semana chegou e voc\u00ea ainda n\u00e3o decidiu como aproveitar? O acidade on Ribeir\u00e3o Preto preparou uma sele\u00e7\u00e3o com os principais destaques da programa\u00e7\u00e3o cultural dos dias 11, 12 e 13 de julho em Ribeir\u00e3o Preto e regi\u00e3o. Entre os destaques, est\u00e1 a tradicional Festa do Leite de\u2026","rel":"","context":"In &quot;Not\u00edcias de Ribeir\u00e3o Preto-SP e Regi\u00e3o&quot;","block_context":{"text":"Not\u00edcias de Ribeir\u00e3o Preto-SP e Regi\u00e3o","link":"https:\/\/noticiasribeiraopreto.com.br\/index.php\/category\/noticias-de-ribeirao-preto-sp-e-regiao-ismael-colosi\/"},"img":{"alt_text":"","src":"https:\/\/i0.wp.com\/noticiasribeiraopreto.com.br\/wp-content\/uploads\/2025\/07\/REjbY-fernando-sorocaba-e-os-menotti-se-apresentam-nesta-quinta-16-na-expoinga.webp.webp?fit=824%2C471&ssl=1&resize=350%2C200","width":350,"height":200,"srcset":"https:\/\/i0.wp.com\/noticiasribeiraopreto.com.br\/wp-content\/uploads\/2025\/07\/REjbY-fernando-sorocaba-e-os-menotti-se-apresentam-nesta-quinta-16-na-expoinga.webp.webp?fit=824%2C471&ssl=1&resize=350%2C200 1x, https:\/\/i0.wp.com\/noticiasribeiraopreto.com.br\/wp-content\/uploads\/2025\/07\/REjbY-fernando-sorocaba-e-os-menotti-se-apresentam-nesta-quinta-16-na-expoinga.webp.webp?fit=824%2C471&ssl=1&resize=525%2C300 1.5x, https:\/\/i0.wp.com\/noticiasribeiraopreto.com.br\/wp-content\/uploads\/2025\/07\/REjbY-fernando-sorocaba-e-os-menotti-se-apresentam-nesta-quinta-16-na-expoinga.webp.webp?fit=824%2C471&ssl=1&resize=700%2C400 2x"},"classes":[]},{"id":43267,"url":"https:\/\/noticiasribeiraopreto.com.br\/index.php\/2024\/03\/20\/sesi-ribeirao-recebe-espetaculo-gratuito-inspirado-nas-festas-dos-anos-60\/","url_meta":{"origin":73931,"position":3},"title":"Sesi Ribeir\u00e3o recebe espet\u00e1culo gratuito inspirado nas festas dos anos 60","author":"noticiasribeiraopreto.com.br","date":"20 de March de 2024","format":false,"excerpt":"No pr\u00f3ximo domingo (24), o Teatro Sesi de Ribeir\u00e3o Preto recebe o show gratuito \u201cMundo Negro\u201d, inspirado nos \u2018Bailes Black\u2019, festas do final da d\u00e9cada de 60. Os interessados podem reservar o ingresso pela internet (Clique aqui). A apresenta\u00e7\u00e3o conta com um repert\u00f3rio recheado de grandes nomes da m\u00fasica como:\u2026","rel":"","context":"In &quot;Not\u00edcias de Ribeir\u00e3o Preto-SP e Regi\u00e3o&quot;","block_context":{"text":"Not\u00edcias de Ribeir\u00e3o Preto-SP e Regi\u00e3o","link":"https:\/\/noticiasribeiraopreto.com.br\/index.php\/category\/noticias-de-ribeirao-preto-sp-e-regiao-ismael-colosi\/"},"img":{"alt_text":"","src":"https:\/\/i0.wp.com\/noticiasribeiraopreto.com.br\/wp-content\/uploads\/2024\/03\/52557169734_f918a908aa_o-scaled.jpg?fit=1200%2C800&ssl=1&resize=350%2C200","width":350,"height":200,"srcset":"https:\/\/i0.wp.com\/noticiasribeiraopreto.com.br\/wp-content\/uploads\/2024\/03\/52557169734_f918a908aa_o-scaled.jpg?fit=1200%2C800&ssl=1&resize=350%2C200 1x, https:\/\/i0.wp.com\/noticiasribeiraopreto.com.br\/wp-content\/uploads\/2024\/03\/52557169734_f918a908aa_o-scaled.jpg?fit=1200%2C800&ssl=1&resize=525%2C300 1.5x, https:\/\/i0.wp.com\/noticiasribeiraopreto.com.br\/wp-content\/uploads\/2024\/03\/52557169734_f918a908aa_o-scaled.jpg?fit=1200%2C800&ssl=1&resize=700%2C400 2x, https:\/\/i0.wp.com\/noticiasribeiraopreto.com.br\/wp-content\/uploads\/2024\/03\/52557169734_f918a908aa_o-scaled.jpg?fit=1200%2C800&ssl=1&resize=1050%2C600 3x"},"classes":[]},{"id":48392,"url":"https:\/\/noticiasribeiraopreto.com.br\/index.php\/2024\/05\/02\/ana-castela-e-gustavo-mioto-tem-shows-confirmados-na-regiao-de-ribeirao-preto\/","url_meta":{"origin":73931,"position":4},"title":"Ana Castela e Gustavo Mioto t\u00eam shows confirmados na regi\u00e3o de Ribeir\u00e3o Preto","author":"noticiasribeiraopreto.com.br","date":"2 de May de 2024","format":false,"excerpt":"Est\u00e3o confirmados os shows de Ana Castela, Jorge e Mateus, Gustavo Mioto, Fred & Fabr\u00edcio, entre outros nomes de destaque (veja abaixo) em Batatais, cidade a 43 quil\u00f4metros de Ribeir\u00e3o Preto. As apresenta\u00e7\u00f5es acontecem durante a 47\u00aa Festa do Leite, ser\u00e1 de 10 a 14 de julho, no Centro de\u2026","rel":"","context":"In &quot;Not\u00edcias de Ribeir\u00e3o Preto-SP e Regi\u00e3o&quot;","block_context":{"text":"Not\u00edcias de Ribeir\u00e3o Preto-SP e Regi\u00e3o","link":"https:\/\/noticiasribeiraopreto.com.br\/index.php\/category\/noticias-de-ribeirao-preto-sp-e-regiao-ismael-colosi\/"},"img":{"alt_text":"","src":"https:\/\/i0.wp.com\/noticiasribeiraopreto.com.br\/wp-content\/uploads\/2024\/05\/Copia-de-Copia-de-TAMANHO-EXATO-PARA-FOTOS-NO-SISTEMA-NOVO-27_2024-05-02_18-46-51_jpg_2024-05-02_18-46-51.webp.webp?fit=1200%2C675&ssl=1&resize=350%2C200","width":350,"height":200,"srcset":"https:\/\/i0.wp.com\/noticiasribeiraopreto.com.br\/wp-content\/uploads\/2024\/05\/Copia-de-Copia-de-TAMANHO-EXATO-PARA-FOTOS-NO-SISTEMA-NOVO-27_2024-05-02_18-46-51_jpg_2024-05-02_18-46-51.webp.webp?fit=1200%2C675&ssl=1&resize=350%2C200 1x, https:\/\/i0.wp.com\/noticiasribeiraopreto.com.br\/wp-content\/uploads\/2024\/05\/Copia-de-Copia-de-TAMANHO-EXATO-PARA-FOTOS-NO-SISTEMA-NOVO-27_2024-05-02_18-46-51_jpg_2024-05-02_18-46-51.webp.webp?fit=1200%2C675&ssl=1&resize=525%2C300 1.5x, https:\/\/i0.wp.com\/noticiasribeiraopreto.com.br\/wp-content\/uploads\/2024\/05\/Copia-de-Copia-de-TAMANHO-EXATO-PARA-FOTOS-NO-SISTEMA-NOVO-27_2024-05-02_18-46-51_jpg_2024-05-02_18-46-51.webp.webp?fit=1200%2C675&ssl=1&resize=700%2C400 2x, https:\/\/i0.wp.com\/noticiasribeiraopreto.com.br\/wp-content\/uploads\/2024\/05\/Copia-de-Copia-de-TAMANHO-EXATO-PARA-FOTOS-NO-SISTEMA-NOVO-27_2024-05-02_18-46-51_jpg_2024-05-02_18-46-51.webp.webp?fit=1200%2C675&ssl=1&resize=1050%2C600 3x"},"classes":[]},{"id":77156,"url":"https:\/\/noticiasribeiraopreto.com.br\/index.php\/2025\/09\/12\/fim-de-semana-em-ribeirao-preto-e-regiao-tem-muita-musica-stand-up-e-gastronomia-confira\/","url_meta":{"origin":73931,"position":5},"title":"Fim de semana em Ribeir\u00e3o Preto e regi\u00e3o tem muita m\u00fasica, stand-up e gastronomia; Confira","author":"noticiasribeiraopreto.com.br","date":"12 de September de 2025","format":false,"excerpt":"Shows, espet\u00e1culos teatrais e festivais gastron\u00f4micos est\u00e3o entre as atra\u00e7\u00f5es do fim de semana em Ribeir\u00e3o Preto e regi\u00e3o. A programa\u00e7\u00e3o re\u00fane atividades gratuitas e pagas para quem deseja aproveitar fora de casa. Os destaques s\u00e3o: nesta sexta-feira (12), a banda Lagum se apresenta em Ribeir\u00e3o Preto, a m\u00fasica continua\u2026","rel":"","context":"In &quot;Not\u00edcias de Ribeir\u00e3o Preto-SP e Regi\u00e3o&quot;","block_context":{"text":"Not\u00edcias de Ribeir\u00e3o Preto-SP e Regi\u00e3o","link":"https:\/\/noticiasribeiraopreto.com.br\/index.php\/category\/noticias-de-ribeirao-preto-sp-e-regiao-ismael-colosi\/"},"img":{"alt_text":"","src":"https:\/\/i0.wp.com\/noticiasribeiraopreto.com.br\/wp-content\/uploads\/2025\/09\/Copia-de-Copia-de-Copia-de-TAMANHO-EXATO-PARA-FOTOS-NO-SISTEMA-NOVO-2_2025-09-12_13-06-01.webp.webp?fit=1200%2C675&ssl=1&resize=350%2C200","width":350,"height":200,"srcset":"https:\/\/i0.wp.com\/noticiasribeiraopreto.com.br\/wp-content\/uploads\/2025\/09\/Copia-de-Copia-de-Copia-de-TAMANHO-EXATO-PARA-FOTOS-NO-SISTEMA-NOVO-2_2025-09-12_13-06-01.webp.webp?fit=1200%2C675&ssl=1&resize=350%2C200 1x, https:\/\/i0.wp.com\/noticiasribeiraopreto.com.br\/wp-content\/uploads\/2025\/09\/Copia-de-Copia-de-Copia-de-TAMANHO-EXATO-PARA-FOTOS-NO-SISTEMA-NOVO-2_2025-09-12_13-06-01.webp.webp?fit=1200%2C675&ssl=1&resize=525%2C300 1.5x, https:\/\/i0.wp.com\/noticiasribeiraopreto.com.br\/wp-content\/uploads\/2025\/09\/Copia-de-Copia-de-Copia-de-TAMANHO-EXATO-PARA-FOTOS-NO-SISTEMA-NOVO-2_2025-09-12_13-06-01.webp.webp?fit=1200%2C675&ssl=1&resize=700%2C400 2x, https:\/\/i0.wp.com\/noticiasribeiraopreto.com.br\/wp-content\/uploads\/2025\/09\/Copia-de-Copia-de-Copia-de-TAMANHO-EXATO-PARA-FOTOS-NO-SISTEMA-NOVO-2_2025-09-12_13-06-01.webp.webp?fit=1200%2C675&ssl=1&resize=1050%2C600 3x"},"classes":[]}],"jetpack_sharing_enabled":true,"jetpack_shortlink":"https:\/\/wp.me\/peQAOb-jer","_links":{"self":[{"href":"https:\/\/noticiasribeiraopreto.com.br\/index.php\/wp-json\/wp\/v2\/posts\/73931","targetHints":{"allow":["GET"]}}],"collection":[{"href":"https:\/\/noticiasribeiraopreto.com.br\/index.php\/wp-json\/wp\/v2\/posts"}],"about":[{"href":"https:\/\/noticiasribeiraopreto.com.br\/index.php\/wp-json\/wp\/v2\/types\/post"}],"author":[{"embeddable":true,"href":"https:\/\/noticiasribeiraopreto.com.br\/index.php\/wp-json\/wp\/v2\/users\/1"}],"replies":[{"embeddable":true,"href":"https:\/\/noticiasribeiraopreto.com.br\/index.php\/wp-json\/wp\/v2\/comments?post=73931"}],"version-history":[{"count":0,"href":"https:\/\/noticiasribeiraopreto.com.br\/index.php\/wp-json\/wp\/v2\/posts\/73931\/revisions"}],"wp:featuredmedia":[{"embeddable":true,"href":"https:\/\/noticiasribeiraopreto.com.br\/index.php\/wp-json\/wp\/v2\/media\/73932"}],"wp:attachment":[{"href":"https:\/\/noticiasribeiraopreto.com.br\/index.php\/wp-json\/wp\/v2\/media?parent=73931"}],"wp:term":[{"taxonomy":"category","embeddable":true,"href":"https:\/\/noticiasribeiraopreto.com.br\/index.php\/wp-json\/wp\/v2\/categories?post=73931"},{"taxonomy":"post_tag","embeddable":true,"href":"https:\/\/noticiasribeiraopreto.com.br\/index.php\/wp-json\/wp\/v2\/tags?post=73931"}],"curies":[{"name":"wp","href":"https:\/\/api.w.org\/{rel}","templated":true}]}}