{"id":73933,"date":"2025-07-12T17:07:39","date_gmt":"2025-07-12T20:07:39","guid":{"rendered":"https:\/\/noticiasribeiraopreto.com.br\/index.php\/2025\/07\/12\/ex-goleiro-que-defendeu-penalti-de-pele-morre-no-interior-de-sp\/"},"modified":"2025-07-12T17:07:39","modified_gmt":"2025-07-12T20:07:39","slug":"ex-goleiro-que-defendeu-penalti-de-pele-morre-no-interior-de-sp","status":"publish","type":"post","link":"https:\/\/noticiasribeiraopreto.com.br\/index.php\/2025\/07\/12\/ex-goleiro-que-defendeu-penalti-de-pele-morre-no-interior-de-sp\/","title":{"rendered":"Ex-goleiro que defendeu p\u00eanalti de Pel\u00e9 morre no interior de SP"},"content":{"rendered":"<div class='code-block code-block-1' style='margin: 8px 0 8px auto; text-align: right; display: block; clear: both;'>\n<p><a href=\"https:\/\/wa.link\/vpicfd\"><img data-recalc-dims=\"1\" class=\"wp-image-4922\" style=\"aspect-ratio: 2.0253164556962027; width: 561px; height: auto;\" src=\"https:\/\/i0.wp.com\/ismaelcolosi.com.br\/wp-content\/uploads\/2023\/11\/grupo-de-empregos-whatsapp-e-facebook-ismael-colosi-vagas.jpg?ssl=1\" alt=\"\" \/><\/a><\/p>\n<!-- \/wp:image -->\n<\/div>\n<p> <br \/>\n<\/p>\n<div data-td-block-uid=\"tdi_95\">\n<div class=\"tdb-block-inner td-fix-index\">\n<p><strong>Sebasti\u00e3o Luiz Louren\u00e7o<\/strong>, ex-goleiro do S\u00e3o Bento, morreu na madrugada deste s\u00e1bado (12), em Jundia\u00ed, no interior de S\u00e3o Paulo, aos 84 anos. <strong>Ele ficou conhecido por defender um p\u00eanalti cobrado por Pel\u00e9 durante uma partida do Campeonato Paulista.<\/strong><\/p>\n<p>Louren\u00e7o estava internado havia alguns dias. Segundo familiares,<strong> ele tinha c\u00e2ncer de pr\u00f3stata com met\u00e1stase. <\/strong>Tamb\u00e9m enfrentava um quadro de pneumonia, que agravou o estado de sa\u00fade.<\/p>\n<p>O ex-goleiro deixa duas filhas, cinco netos e cinco bisnetos. <\/p>\n<h4 class=\"wp-block-heading\"><strong>Defesa contra Pel\u00e9<\/strong><\/h4>\n<p><strong>A defesa do p\u00eanalti ocorreu no dia 12 de maio de 197<\/strong>1, em uma partida entre S\u00e3o Bento e Santos, disputada na Vila Belmiro, pelo Campeonato Paulista. Na ocasi\u00e3o, o <strong>Santos venceu por 1 a 0<\/strong>. Louren\u00e7o manteve a bola do jogo guardada em casa como lembran\u00e7a do lance. <\/p>\n<p><strong>O epis\u00f3dio aconteceu no ano seguinte ao tricampeonato da Sele\u00e7\u00e3o Brasileira e dois anos ap\u00f3s Pel\u00e9 marcar seu mil\u00e9simo gol.<\/strong><\/p>\n<p><sup><sub>Com informa\u00e7\u00f5es do G1<\/sub><\/sup><\/p>\n<hr class=\"wp-block-separator has-alpha-channel-opacity\"\/>\n<p>SAIBA MAIS<br \/>Aposta de Ribeir\u00e3o Preto leva pr\u00eamio na Mega-Sena; Veja os n\u00fameros<\/p>\n<h3 class=\"wp-block-heading\"><strong>FIQUE ON\u00a0\u00a0\u00a0\u00a0\u00a0\u00a0\u00a0\u00a0\u00a0<\/strong><\/h3>\n<p>Quer ficar por dentro de tudo que acontece em Ribeir\u00e3o Preto e regi\u00e3o? Ent\u00e3o siga os perfis do\u202facidade on\u202fno\u202f<a href=\"https:\/\/www.instagram.com\/acidadeonribeirao\" target=\"_blank\" rel=\"noreferrer noopener\">Instagram<\/a>\u202fe no\u202f<a href=\"https:\/\/www.facebook.com\/acidadeonribeirao\/\" target=\"_blank\" rel=\"noreferrer noopener\">Facebook<\/a>.<\/p>\n<p>Al\u00e9m disso, voc\u00ea pode receber as principais not\u00edcias diretamente no WhatsApp. Para isso, basta\u00a0<a href=\"https:\/\/chat.whatsapp.com\/BjKQZ9oJwlz8VVT50NuePq\" target=\"_blank\" rel=\"noreferrer noopener\">entrar no grupo clicando aqui<\/a>.<\/p>\n<p>Por fim, se quiser fazer uma den\u00fancia ou sugerir uma reportagem sobre Ribeir\u00e3o Preto e regi\u00e3o, envie uma mensagem pelo WhatsApp: (16) 99117-7802.<\/p>\n<p>VEJA TAMB\u00c9M<br \/>Quais s\u00e3o as m\u00fasicas do novo \u00e1lbum de Justin Bieber?<\/p>\n<p><!-- AI CONTENT END 1 -->\n<\/div>\n<\/div>\n<p><script async src=\"\/\/www.instagram.com\/embed.js\"><\/script><br \/>\n<br \/><br \/>\n<br \/><a href=\"https:\/\/www.acidadeon.com\/ribeiraopreto\/esportes\/ex-goleiro-que-defendeu-penalti-de-pele-morre-no-interior-de-sp\/\">Source link <\/a><\/p>\n<!-- CONTENT END 1 -->\n","protected":false},"excerpt":{"rendered":"<p>Sebasti\u00e3o Luiz Louren\u00e7o, ex-goleiro do S\u00e3o Bento, morreu na madrugada deste s\u00e1bado (12), em Jundia\u00ed, no interior de S\u00e3o Paulo, aos 84 anos. Ele ficou&#8230;<\/p>\n","protected":false},"author":1,"featured_media":73934,"comment_status":"open","ping_status":"open","sticky":false,"template":"","format":"standard","meta":{"advanced_seo_description":"","jetpack_seo_html_title":"","jetpack_seo_noindex":false,"jetpack_post_was_ever_published":false,"_jetpack_newsletter_access":"","_jetpack_dont_email_post_to_subs":false,"_jetpack_newsletter_tier_id":0,"_jetpack_memberships_contains_paywalled_content":false,"_jetpack_memberships_contains_paid_content":false,"footnotes":"","jetpack_publicize_message":"","jetpack_publicize_feature_enabled":true,"jetpack_social_post_already_shared":true,"jetpack_social_options":{"image_generator_settings":{"template":"highway","default_image_id":0,"font":"","enabled":false},"version":2}},"categories":[11],"tags":[],"class_list":["post-73933","post","type-post","status-publish","format-standard","has-post-thumbnail","hentry","category-noticias-de-ribeirao-preto-sp-e-regiao-ismael-colosi"],"jetpack_publicize_connections":[],"jetpack_featured_media_url":"https:\/\/i0.wp.com\/noticiasribeiraopreto.com.br\/wp-content\/uploads\/2025\/07\/Copia-de-Copia-de-Copia-de-TAMANHO-EXATO-PARA-FOTOS-NO-SISTEMA-NOVO-2025-07-12T143011.150_2025-07-12_17-30-26.webp.webp?fit=1200%2C675&ssl=1","jetpack-related-posts":[{"id":73942,"url":"https:\/\/noticiasribeiraopreto.com.br\/index.php\/2025\/07\/12\/comercial-tropeca-diante-do-uniao-sao-joao-e-sofre-primeira-derrota-na-copa-paulista\/","url_meta":{"origin":73933,"position":0},"title":"Comercial trope\u00e7a diante do Uni\u00e3o S\u00e3o Jo\u00e3o e sofre primeira derrota na Copa Paulista","author":"noticiasribeiraopreto.com.br","date":"12 de July de 2025","format":false,"excerpt":"O Comercial foi derrotado por 1 a 0 pelo Uni\u00e3o S\u00e3o Jo\u00e3o neste s\u00e1bado (12), pela quinta rodada do Grupo 2 da Copa Paulista, e perdeu a invencibilidade na competi\u00e7\u00e3o. O atacante Jonatan Da Ora, camisa 99, marcou o \u00fanico gol da partida aos 21 minutos do primeiro tempo, garantindo\u2026","rel":"","context":"In &quot;Not\u00edcias de Ribeir\u00e3o Preto-SP e Regi\u00e3o&quot;","block_context":{"text":"Not\u00edcias de Ribeir\u00e3o Preto-SP e Regi\u00e3o","link":"https:\/\/noticiasribeiraopreto.com.br\/index.php\/category\/noticias-de-ribeirao-preto-sp-e-regiao-ismael-colosi\/"},"img":{"alt_text":"","src":"https:\/\/i0.wp.com\/noticiasribeiraopreto.com.br\/wp-content\/uploads\/2025\/07\/Imagem-do-WhatsApp-de-2025-07-12-as-16.19.13_ec8c143b_2025-07-12_19-49-33.webp.webp?fit=1200%2C800&ssl=1&resize=350%2C200","width":350,"height":200,"srcset":"https:\/\/i0.wp.com\/noticiasribeiraopreto.com.br\/wp-content\/uploads\/2025\/07\/Imagem-do-WhatsApp-de-2025-07-12-as-16.19.13_ec8c143b_2025-07-12_19-49-33.webp.webp?fit=1200%2C800&ssl=1&resize=350%2C200 1x, https:\/\/i0.wp.com\/noticiasribeiraopreto.com.br\/wp-content\/uploads\/2025\/07\/Imagem-do-WhatsApp-de-2025-07-12-as-16.19.13_ec8c143b_2025-07-12_19-49-33.webp.webp?fit=1200%2C800&ssl=1&resize=525%2C300 1.5x, https:\/\/i0.wp.com\/noticiasribeiraopreto.com.br\/wp-content\/uploads\/2025\/07\/Imagem-do-WhatsApp-de-2025-07-12-as-16.19.13_ec8c143b_2025-07-12_19-49-33.webp.webp?fit=1200%2C800&ssl=1&resize=700%2C400 2x, https:\/\/i0.wp.com\/noticiasribeiraopreto.com.br\/wp-content\/uploads\/2025\/07\/Imagem-do-WhatsApp-de-2025-07-12-as-16.19.13_ec8c143b_2025-07-12_19-49-33.webp.webp?fit=1200%2C800&ssl=1&resize=1050%2C600 3x"},"classes":[]},{"id":59785,"url":"https:\/\/noticiasribeiraopreto.com.br\/index.php\/2024\/10\/30\/utm_sourcerssutm_mediumrssutm_campaignbotafogo-sp-vence-com-defesa-milagrosa-de-victor-souza-e-sobe-na-tabela-da-serie-b\/","url_meta":{"origin":73933,"position":1},"title":"Botafogo-SP Vence com Defesa Milagrosa de Victor Souza e Sobe na Tabela da S\u00e9rie B","author":"noticiasribeiraopreto.com.br","date":"30 de October de 2024","format":false,"excerpt":"Em uma partida de tirar o f\u00f4lego na S\u00e9rie B do Campeonato Brasileiro, o Botafogo-SP conquistou uma vit\u00f3ria crucial fora de casa, subindo na tabela e renovando as esperan\u00e7as na reta final da temporada. O destaque da noite foi o goleiro Victor Souza, que brilhou ao defender um p\u00eanalti nos\u2026","rel":"","context":"In &quot;Not\u00edcias de Ribeir\u00e3o Preto-SP e Regi\u00e3o&quot;","block_context":{"text":"Not\u00edcias de Ribeir\u00e3o Preto-SP e Regi\u00e3o","link":"https:\/\/noticiasribeiraopreto.com.br\/index.php\/category\/noticias-de-ribeirao-preto-sp-e-regiao-ismael-colosi\/"},"img":{"alt_text":"","src":"https:\/\/i0.wp.com\/noticiasribeiraopreto.com.br\/wp-content\/uploads\/2024\/10\/Douglas-Baggio-site.jpg?fit=960%2C539&ssl=1&resize=350%2C200","width":350,"height":200,"srcset":"https:\/\/i0.wp.com\/noticiasribeiraopreto.com.br\/wp-content\/uploads\/2024\/10\/Douglas-Baggio-site.jpg?fit=960%2C539&ssl=1&resize=350%2C200 1x, https:\/\/i0.wp.com\/noticiasribeiraopreto.com.br\/wp-content\/uploads\/2024\/10\/Douglas-Baggio-site.jpg?fit=960%2C539&ssl=1&resize=525%2C300 1.5x, https:\/\/i0.wp.com\/noticiasribeiraopreto.com.br\/wp-content\/uploads\/2024\/10\/Douglas-Baggio-site.jpg?fit=960%2C539&ssl=1&resize=700%2C400 2x"},"classes":[]},{"id":59797,"url":"https:\/\/noticiasribeiraopreto.com.br\/index.php\/2024\/10\/30\/botafogo-sp-vence-com-defesa-milagrosa-de-victor-souza-e-sobe-na-tabela-da-serie-b\/","url_meta":{"origin":73933,"position":2},"title":"Botafogo-SP Vence com Defesa Milagrosa de Victor Souza e Sobe na Tabela da S\u00e9rie B","author":"noticiasribeiraopreto.com.br","date":"30 de October de 2024","format":false,"excerpt":"Em uma partida de tirar o f\u00f4lego na S\u00e9rie B do Campeonato Brasileiro, o Botafogo-SP conquistou uma vit\u00f3ria crucial fora de casa, subindo na tabela e renovando as esperan\u00e7as na reta final da temporada. O destaque da noite foi o goleiro Victor Souza, que brilhou ao defender um p\u00eanalti nos\u2026","rel":"","context":"In &quot;Not\u00edcias de Ribeir\u00e3o Preto-SP e Regi\u00e3o&quot;","block_context":{"text":"Not\u00edcias de Ribeir\u00e3o Preto-SP e Regi\u00e3o","link":"https:\/\/noticiasribeiraopreto.com.br\/index.php\/category\/noticias-de-ribeirao-preto-sp-e-regiao-ismael-colosi\/"},"img":{"alt_text":"","src":"https:\/\/i0.wp.com\/noticiasribeiraopreto.com.br\/wp-content\/uploads\/2024\/10\/1730289231_Douglas-Baggio-site.jpg?fit=960%2C539&ssl=1&resize=350%2C200","width":350,"height":200,"srcset":"https:\/\/i0.wp.com\/noticiasribeiraopreto.com.br\/wp-content\/uploads\/2024\/10\/1730289231_Douglas-Baggio-site.jpg?fit=960%2C539&ssl=1&resize=350%2C200 1x, https:\/\/i0.wp.com\/noticiasribeiraopreto.com.br\/wp-content\/uploads\/2024\/10\/1730289231_Douglas-Baggio-site.jpg?fit=960%2C539&ssl=1&resize=525%2C300 1.5x, https:\/\/i0.wp.com\/noticiasribeiraopreto.com.br\/wp-content\/uploads\/2024\/10\/1730289231_Douglas-Baggio-site.jpg?fit=960%2C539&ssl=1&resize=700%2C400 2x"},"classes":[]},{"id":76663,"url":"https:\/\/noticiasribeiraopreto.com.br\/index.php\/2025\/09\/02\/comercial-avanca-na-copa-paulista-com-gol-relampago-e-brilho-do-goleiro-nos-penaltis\/","url_meta":{"origin":73933,"position":3},"title":"Comercial avan\u00e7a na Copa Paulista com gol rel\u00e2mpago e brilho do goleiro nos p\u00eanaltis","author":"noticiasribeiraopreto.com.br","date":"2 de September de 2025","format":false,"excerpt":"O Comercial venceu a Inter de Limeira por 1 a 0 no tempo regulamentar, na noite desta ter\u00e7a-feira (2), no est\u00e1dio Palma Travassos, em Ribeir\u00e3o Preto, pelas oitavas de final da Copa Paulista. Gol rel\u00e2mpago e penalidades O \u00fanico gol da partida saiu aos 59 segundos do primeiro tempo. O\u2026","rel":"","context":"In &quot;Not\u00edcias de Ribeir\u00e3o Preto-SP e Regi\u00e3o&quot;","block_context":{"text":"Not\u00edcias de Ribeir\u00e3o Preto-SP e Regi\u00e3o","link":"https:\/\/noticiasribeiraopreto.com.br\/index.php\/category\/noticias-de-ribeirao-preto-sp-e-regiao-ismael-colosi\/"},"img":{"alt_text":"","src":"https:\/\/i0.wp.com\/noticiasribeiraopreto.com.br\/wp-content\/uploads\/2025\/09\/IMG_8815_2025-09-03_01-25-16.webp.webp?fit=1200%2C800&ssl=1&resize=350%2C200","width":350,"height":200,"srcset":"https:\/\/i0.wp.com\/noticiasribeiraopreto.com.br\/wp-content\/uploads\/2025\/09\/IMG_8815_2025-09-03_01-25-16.webp.webp?fit=1200%2C800&ssl=1&resize=350%2C200 1x, https:\/\/i0.wp.com\/noticiasribeiraopreto.com.br\/wp-content\/uploads\/2025\/09\/IMG_8815_2025-09-03_01-25-16.webp.webp?fit=1200%2C800&ssl=1&resize=525%2C300 1.5x, https:\/\/i0.wp.com\/noticiasribeiraopreto.com.br\/wp-content\/uploads\/2025\/09\/IMG_8815_2025-09-03_01-25-16.webp.webp?fit=1200%2C800&ssl=1&resize=700%2C400 2x, https:\/\/i0.wp.com\/noticiasribeiraopreto.com.br\/wp-content\/uploads\/2025\/09\/IMG_8815_2025-09-03_01-25-16.webp.webp?fit=1200%2C800&ssl=1&resize=1050%2C600 3x"},"classes":[]},{"id":45543,"url":"https:\/\/noticiasribeiraopreto.com.br\/index.php\/2024\/04\/04\/a-arte-dos-penaltis-no-futebol-estrategias-lucrativas-e-regras-essenciais\/","url_meta":{"origin":73933,"position":4},"title":"A Arte dos P\u00eanaltis no Futebol: Estrat\u00e9gias Lucrativas e Regras Essenciais","author":"noticiasribeiraopreto.com.br","date":"4 de April de 2024","format":false,"excerpt":"4 de abril de 2024 | 17:31 0 No mundo eletrizante do futebol, um p\u00eanalti se destaca como um dos momentos mais emocionantes e decisivos de uma partida. \u00c9 um momento em que o tempo parece parar, com o resultado capaz de alterar completamente o rumo do jogo. Entender a\u2026","rel":"","context":"In &quot;Not\u00edcias de Ribeir\u00e3o Preto-SP e Regi\u00e3o&quot;","block_context":{"text":"Not\u00edcias de Ribeir\u00e3o Preto-SP e Regi\u00e3o","link":"https:\/\/noticiasribeiraopreto.com.br\/index.php\/category\/noticias-de-ribeirao-preto-sp-e-regiao-ismael-colosi\/"},"img":{"alt_text":"","src":"https:\/\/i0.wp.com\/noticiasribeiraopreto.com.br\/wp-content\/uploads\/2024\/04\/imagem1-1.jpg?fit=752%2C500&ssl=1&resize=350%2C200","width":350,"height":200,"srcset":"https:\/\/i0.wp.com\/noticiasribeiraopreto.com.br\/wp-content\/uploads\/2024\/04\/imagem1-1.jpg?fit=752%2C500&ssl=1&resize=350%2C200 1x, https:\/\/i0.wp.com\/noticiasribeiraopreto.com.br\/wp-content\/uploads\/2024\/04\/imagem1-1.jpg?fit=752%2C500&ssl=1&resize=525%2C300 1.5x, https:\/\/i0.wp.com\/noticiasribeiraopreto.com.br\/wp-content\/uploads\/2024\/04\/imagem1-1.jpg?fit=752%2C500&ssl=1&resize=700%2C400 2x"},"classes":[]},{"id":40267,"url":"https:\/\/noticiasribeiraopreto.com.br\/index.php\/2024\/03\/01\/botafogo-sofre-gol-no-fim-e-empata-com-o-guarani-em-casa\/","url_meta":{"origin":73933,"position":5},"title":"Botafogo sofre gol no fim e empata com o Guarani em casa","author":"noticiasribeiraopreto.com.br","date":"1 de March de 2024","format":false,"excerpt":"O Botafogo empatou com o Guarani, nesta sexta-feira, em partida v\u00e1lida pela pen\u00faltima rodada do Campeonato Paulista, por 1 a 1, em Ribeir\u00e3o Preto (SP). O Pantera saiu na frente com gol de Alex Sandro ainda no primeiro tempo, e sofreu o empate j\u00e1 nos acr\u00e9scimos da etapa final, com\u2026","rel":"","context":"In &quot;Not\u00edcias de Ribeir\u00e3o Preto-SP e Regi\u00e3o&quot;","block_context":{"text":"Not\u00edcias de Ribeir\u00e3o Preto-SP e Regi\u00e3o","link":"https:\/\/noticiasribeiraopreto.com.br\/index.php\/category\/noticias-de-ribeirao-preto-sp-e-regiao-ismael-colosi\/"},"img":{"alt_text":"","src":"https:\/\/i0.wp.com\/noticiasribeiraopreto.com.br\/wp-content\/uploads\/2024\/03\/WhatsApp-Image-2024-03-01-at-20.58.51-scaled.jpeg?fit=967%2C645&ssl=1&resize=350%2C200","width":350,"height":200,"srcset":"https:\/\/i0.wp.com\/noticiasribeiraopreto.com.br\/wp-content\/uploads\/2024\/03\/WhatsApp-Image-2024-03-01-at-20.58.51-scaled.jpeg?fit=967%2C645&ssl=1&resize=350%2C200 1x, https:\/\/i0.wp.com\/noticiasribeiraopreto.com.br\/wp-content\/uploads\/2024\/03\/WhatsApp-Image-2024-03-01-at-20.58.51-scaled.jpeg?fit=967%2C645&ssl=1&resize=525%2C300 1.5x, https:\/\/i0.wp.com\/noticiasribeiraopreto.com.br\/wp-content\/uploads\/2024\/03\/WhatsApp-Image-2024-03-01-at-20.58.51-scaled.jpeg?fit=967%2C645&ssl=1&resize=700%2C400 2x"},"classes":[]}],"jetpack_sharing_enabled":true,"jetpack_shortlink":"https:\/\/wp.me\/peQAOb-jet","_links":{"self":[{"href":"https:\/\/noticiasribeiraopreto.com.br\/index.php\/wp-json\/wp\/v2\/posts\/73933","targetHints":{"allow":["GET"]}}],"collection":[{"href":"https:\/\/noticiasribeiraopreto.com.br\/index.php\/wp-json\/wp\/v2\/posts"}],"about":[{"href":"https:\/\/noticiasribeiraopreto.com.br\/index.php\/wp-json\/wp\/v2\/types\/post"}],"author":[{"embeddable":true,"href":"https:\/\/noticiasribeiraopreto.com.br\/index.php\/wp-json\/wp\/v2\/users\/1"}],"replies":[{"embeddable":true,"href":"https:\/\/noticiasribeiraopreto.com.br\/index.php\/wp-json\/wp\/v2\/comments?post=73933"}],"version-history":[{"count":0,"href":"https:\/\/noticiasribeiraopreto.com.br\/index.php\/wp-json\/wp\/v2\/posts\/73933\/revisions"}],"wp:featuredmedia":[{"embeddable":true,"href":"https:\/\/noticiasribeiraopreto.com.br\/index.php\/wp-json\/wp\/v2\/media\/73934"}],"wp:attachment":[{"href":"https:\/\/noticiasribeiraopreto.com.br\/index.php\/wp-json\/wp\/v2\/media?parent=73933"}],"wp:term":[{"taxonomy":"category","embeddable":true,"href":"https:\/\/noticiasribeiraopreto.com.br\/index.php\/wp-json\/wp\/v2\/categories?post=73933"},{"taxonomy":"post_tag","embeddable":true,"href":"https:\/\/noticiasribeiraopreto.com.br\/index.php\/wp-json\/wp\/v2\/tags?post=73933"}],"curies":[{"name":"wp","href":"https:\/\/api.w.org\/{rel}","templated":true}]}}