{"id":73935,"date":"2025-07-12T17:15:32","date_gmt":"2025-07-12T20:15:32","guid":{"rendered":"https:\/\/noticiasribeiraopreto.com.br\/index.php\/2025\/07\/12\/pagode-desbanca-sertanejo-e-lidera-ranking-musical-no-brasil-veja-lista\/"},"modified":"2025-07-12T17:15:32","modified_gmt":"2025-07-12T20:15:32","slug":"pagode-desbanca-sertanejo-e-lidera-ranking-musical-no-brasil-veja-lista","status":"publish","type":"post","link":"https:\/\/noticiasribeiraopreto.com.br\/index.php\/2025\/07\/12\/pagode-desbanca-sertanejo-e-lidera-ranking-musical-no-brasil-veja-lista\/","title":{"rendered":"Pagode desbanca sertanejo e lidera ranking musical no Brasil; veja lista"},"content":{"rendered":"<div class='code-block code-block-1' style='margin: 8px 0 8px auto; text-align: right; display: block; clear: both;'>\n<p><a href=\"https:\/\/wa.link\/vpicfd\"><img data-recalc-dims=\"1\" class=\"wp-image-4922\" style=\"aspect-ratio: 2.0253164556962027; width: 561px; height: auto;\" src=\"https:\/\/i0.wp.com\/ismaelcolosi.com.br\/wp-content\/uploads\/2023\/11\/grupo-de-empregos-whatsapp-e-facebook-ismael-colosi-vagas.jpg?ssl=1\" alt=\"\" \/><\/a><\/p>\n<!-- \/wp:image -->\n<\/div>\n<p> <br \/>\n<\/p>\n<div>\n<p>O <strong>pagode conquistou o topo das plataformas de streaming no Brasil no primeiro semestre de 2025<\/strong>. A lideran\u00e7a veio com o grupo <strong>Menos \u00e9 Mais<\/strong>, que dominou o ranking com a faixa <em>\u201cCora\u00e7\u00e3o Partido\u201d<\/em>. Os dados fazem parte de um levantamento da <strong>Pro-M\u00fasica Brasil<\/strong>, entidade que representa as principais gravadoras e produtoras fonogr\u00e1ficas do pa\u00eds.<\/p>\n<p>Ap\u00f3s anos disputando espa\u00e7o com o sertanejo, o pagode superou o g\u00eanero que liderou as paradas nacionais por sete anos consecutivos. Al\u00e9m do sucesso absoluto da can\u00e7\u00e3o do Menos \u00e9 Mais, o funk tamb\u00e9m ganhou destaque nas plataformas digitais, ocupando o segundo e terceiro lugares do ranking.<\/p>\n<p>A m\u00fasica <em>\u201cOh Garota Eu Quero Voc\u00ea S\u00f3 Pra Mim\u201d<\/em>, parceria de <strong>Oruam, Z\u00e9 Felipe e Mc Tuto<\/strong>, ficou com a vice-lideran\u00e7a. Logo em seguida, <em>\u201cFui Mlk\u201d<\/em>, de <strong>Nilo, Dj Di Marques e Mc Paiva Zs<\/strong>, garantiu a terceira coloca\u00e7\u00e3o. O funk, inclusive, marcou presen\u00e7a com for\u00e7a: das 10 m\u00fasicas mais ouvidas, quatro pertencem ao g\u00eanero.<\/p>\n<p>O sertanejo, que dominou as paradas por anos, apareceu em quarto lugar com a faixa <em>\u201cTubar\u00f5es\u201d<\/em>, de <strong>Diego &amp; Victor Hugo<\/strong>. Mesmo com a queda na lideran\u00e7a nos streamings, o estilo segue forte e manteve o primeiro lugar nas r\u00e1dios brasileiras com essa mesma m\u00fasica.<\/p>\n<p>Entre os 50 maiores sucessos do semestre, apenas tr\u00eas faixas s\u00e3o internacionais. O maior destaque estrangeiro foi <em>\u201cDie With A Smile\u201d<\/em>, parceria de <strong>Lady Gaga e Bruno Mars<\/strong>, que alcan\u00e7ou a 10\u00aa posi\u00e7\u00e3o no ranking nacional.<\/p>\n<p>A <strong>BMAT<\/strong>, empresa respons\u00e1vel por compilar os dados, considerou informa\u00e7\u00f5es das principais plataformas de streaming, como <strong>Spotify, YouTube, Deezer, Apple Music, Amazon Music<\/strong> e <strong>Napster<\/strong>.<\/p>\n<hr class=\"wp-block-separator has-alpha-channel-opacity\"\/>\n<h3 class=\"wp-block-heading\"><strong>Confira as 10 m\u00fasicas mais ouvidas no 1\u00ba semestre de 2025:<\/strong><\/h3>\n<ol class=\"wp-block-list\">\n<li><strong>\u201cCora\u00e7\u00e3o Partido\u201d (Ao Vivo)<\/strong> \u2013 Grupo Menos \u00c9 Mais<\/li>\n<li><strong>\u201cOh Garota Eu Quero Voc\u00ea S\u00f3 Pra Mim\u201d<\/strong> \u2013 Oruam, Z\u00e9 Felipe, Mc Tuto<\/li>\n<li><strong>\u201cFui Mlk\u201d<\/strong> \u2013 Nilo, Dj Di Marques, Mc Paiva Zs<\/li>\n<li><strong>\u201cTubar\u00f5es\u201d (Ao Vivo)<\/strong> \u2013 Diego &amp; Victor Hugo<\/li>\n<li><strong>\u201c\u00daltima Saudade\u201d (Ao Vivo)<\/strong> \u2013 Henrique &amp; Juliano<\/li>\n<li><strong>\u201cApaga Apaga Apaga\u201d (Ao Vivo)<\/strong> \u2013 Danilo &amp; Davi<\/li>\n<li><strong>\u201cResenha Do Arrocha\u201d<\/strong> \u2013 J. Eskine, Alef Donk<\/li>\n<li><strong>\u201cM\u00e3e Solteira\u201d<\/strong> \u2013 Dg E Batid\u00e3o Stronda, Mc Davi, Mc G15, J. Eskine<\/li>\n<li><strong>\u201cBarbie\u201d<\/strong> \u2013 Mc Tuto &amp; Dj Glenner<\/li>\n<li><strong>\u201cDie With A Smile\u201d<\/strong> \u2013 Lady Gaga &amp; Bruno Mars<\/li>\n<\/ol>\n<hr class=\"wp-block-separator has-alpha-channel-opacity\"\/>\n<p>SAIBA MAIS<br \/>Aposta de Ribeir\u00e3o Preto leva pr\u00eamio na Mega-Sena; Veja os n\u00fameros<\/p>\n<h3 class=\"wp-block-heading\"><strong>FIQUE ON\u00a0\u00a0\u00a0\u00a0\u00a0\u00a0\u00a0\u00a0\u00a0<\/strong><\/h3>\n<p>Quer ficar por dentro de tudo que acontece em Ribeir\u00e3o Preto e regi\u00e3o? Ent\u00e3o siga os perfis do\u202facidade on\u202fno\u202f<a href=\"https:\/\/www.instagram.com\/acidadeonribeirao\" target=\"_blank\" rel=\"noreferrer noopener\">Instagram<\/a>\u202fe no\u202f<a href=\"https:\/\/www.facebook.com\/acidadeonribeirao\/\" target=\"_blank\" rel=\"noreferrer noopener\">Facebook<\/a>.<\/p>\n<p>Al\u00e9m disso, voc\u00ea pode receber as principais not\u00edcias diretamente no WhatsApp. Para isso, basta\u00a0<a href=\"https:\/\/chat.whatsapp.com\/BjKQZ9oJwlz8VVT50NuePq\" target=\"_blank\" rel=\"noreferrer noopener\">entrar no grupo clicando aqui<\/a>.<\/p>\n<p>Por fim, se quiser fazer uma den\u00fancia ou sugerir uma reportagem sobre Ribeir\u00e3o Preto e regi\u00e3o, envie uma mensagem pelo WhatsApp: (16) 99117-7802.<\/p>\n<p>VEJA TAMB\u00c9M<br \/>Quais s\u00e3o as m\u00fasicas do novo \u00e1lbum de Justin Bieber?<\/p>\n<p><!-- AI CONTENT END 1 -->\n<\/div>\n<p><script async src=\"\/\/www.instagram.com\/embed.js\"><\/script><br \/>\n<br \/><br \/>\n<br \/><a href=\"https:\/\/www.acidadeon.com\/ribeiraopreto\/cotidiano\/pagode-desbanca-sertanejo-e-lidera-ranking-musical-no-brasil-veja-lista\/\">Source link <\/a><\/p>\n<!-- CONTENT END 1 -->\n","protected":false},"excerpt":{"rendered":"<p>O pagode conquistou o topo das plataformas de streaming no Brasil no primeiro semestre de 2025. A lideran\u00e7a veio com o grupo Menos \u00e9 Mais,&#8230;<\/p>\n","protected":false},"author":1,"featured_media":73936,"comment_status":"open","ping_status":"open","sticky":false,"template":"","format":"standard","meta":{"advanced_seo_description":"","jetpack_seo_html_title":"","jetpack_seo_noindex":false,"jetpack_post_was_ever_published":false,"_jetpack_newsletter_access":"","_jetpack_dont_email_post_to_subs":false,"_jetpack_newsletter_tier_id":0,"_jetpack_memberships_contains_paywalled_content":false,"_jetpack_memberships_contains_paid_content":false,"footnotes":"","jetpack_publicize_message":"","jetpack_publicize_feature_enabled":true,"jetpack_social_post_already_shared":true,"jetpack_social_options":{"image_generator_settings":{"template":"highway","default_image_id":0,"font":"","enabled":false},"version":2}},"categories":[11],"tags":[],"class_list":["post-73935","post","type-post","status-publish","format-standard","has-post-thumbnail","hentry","category-noticias-de-ribeirao-preto-sp-e-regiao-ismael-colosi"],"jetpack_publicize_connections":[],"jetpack_featured_media_url":"https:\/\/i0.wp.com\/noticiasribeiraopreto.com.br\/wp-content\/uploads\/2025\/07\/286185279_167933978979443_1343718831456766453_n.jpg?fit=1080%2C916&ssl=1","jetpack-related-posts":[{"id":63921,"url":"https:\/\/noticiasribeiraopreto.com.br\/index.php\/2025\/02\/25\/sertanejo-e-o-estilo-musical-favorito-dos-brasileiros-veja-o-que-diz-pesquisa\/","url_meta":{"origin":73935,"position":0},"title":"Sertanejo \u00e9 o estilo musical favorito dos brasileiros? Veja o que diz pesquisa","author":"noticiasribeiraopreto.com.br","date":"25 de February de 2025","format":false,"excerpt":"Se o Brasil j\u00e1 foi o pa\u00eds do samba, hoje ele \u00e9 do sertanejo, como mostra a pesquisa Cultura nas Capitais, divulgada este m\u00eas. Segundo o levantamento realizado pela consultoria JLeiva Cultura & Esporte, o sertanejo \u00e9 o g\u00eanero musical favorito em 15 das 27 capitais e foi citado por\u2026","rel":"","context":"In &quot;Not\u00edcias de Ribeir\u00e3o Preto-SP e Regi\u00e3o&quot;","block_context":{"text":"Not\u00edcias de Ribeir\u00e3o Preto-SP e Regi\u00e3o","link":"https:\/\/noticiasribeiraopreto.com.br\/index.php\/category\/noticias-de-ribeirao-preto-sp-e-regiao-ismael-colosi\/"},"img":{"alt_text":"","src":"https:\/\/i0.wp.com\/noticiasribeiraopreto.com.br\/wp-content\/uploads\/2025\/02\/ze-neto-e-cristiano_2025-02-25_18-33-18_jpg_2025-02-25_18-33-19.webp.webp?fit=1080%2C719&ssl=1&resize=350%2C200","width":350,"height":200,"srcset":"https:\/\/i0.wp.com\/noticiasribeiraopreto.com.br\/wp-content\/uploads\/2025\/02\/ze-neto-e-cristiano_2025-02-25_18-33-18_jpg_2025-02-25_18-33-19.webp.webp?fit=1080%2C719&ssl=1&resize=350%2C200 1x, https:\/\/i0.wp.com\/noticiasribeiraopreto.com.br\/wp-content\/uploads\/2025\/02\/ze-neto-e-cristiano_2025-02-25_18-33-18_jpg_2025-02-25_18-33-19.webp.webp?fit=1080%2C719&ssl=1&resize=525%2C300 1.5x, https:\/\/i0.wp.com\/noticiasribeiraopreto.com.br\/wp-content\/uploads\/2025\/02\/ze-neto-e-cristiano_2025-02-25_18-33-18_jpg_2025-02-25_18-33-19.webp.webp?fit=1080%2C719&ssl=1&resize=700%2C400 2x, https:\/\/i0.wp.com\/noticiasribeiraopreto.com.br\/wp-content\/uploads\/2025\/02\/ze-neto-e-cristiano_2025-02-25_18-33-18_jpg_2025-02-25_18-33-19.webp.webp?fit=1080%2C719&ssl=1&resize=1050%2C600 3x"},"classes":[]},{"id":79757,"url":"https:\/\/noticiasribeiraopreto.com.br\/index.php\/2025\/11\/06\/alexandre-pires-traz-show-que-mistura-sertanejo-e-pagode-para-ribeirao-preto-veja-quando\/","url_meta":{"origin":73935,"position":1},"title":"Alexandre Pires traz show que mistura sertanejo e pagode para Ribeir\u00e3o Preto; veja quando","author":"noticiasribeiraopreto.com.br","date":"6 de November de 2025","format":false,"excerpt":"O cantor Alexandre Pires retorna a Ribeir\u00e3o Preto com o novo show \u201cPagonejo B\u00e3o\u201d, marcado para o dia 20 de mar\u00e7o de 2026, no Alcans Hall, localizado no km 302 da rodovia Anhanguera (SP-330). A venda de ingressos come\u00e7a na segunda-feira (10), pelo site Meu Bilhete (clique aqui para acessar)\u2026","rel":"","context":"In &quot;Not\u00edcias de Ribeir\u00e3o Preto-SP e Regi\u00e3o&quot;","block_context":{"text":"Not\u00edcias de Ribeir\u00e3o Preto-SP e Regi\u00e3o","link":"https:\/\/noticiasribeiraopreto.com.br\/index.php\/category\/noticias-de-ribeirao-preto-sp-e-regiao-ismael-colosi\/"},"img":{"alt_text":"","src":"https:\/\/i0.wp.com\/noticiasribeiraopreto.com.br\/wp-content\/uploads\/2025\/11\/palace-22_2025-11-07_00-18-23.webp.webp?fit=1200%2C675&ssl=1&resize=350%2C200","width":350,"height":200,"srcset":"https:\/\/i0.wp.com\/noticiasribeiraopreto.com.br\/wp-content\/uploads\/2025\/11\/palace-22_2025-11-07_00-18-23.webp.webp?fit=1200%2C675&ssl=1&resize=350%2C200 1x, https:\/\/i0.wp.com\/noticiasribeiraopreto.com.br\/wp-content\/uploads\/2025\/11\/palace-22_2025-11-07_00-18-23.webp.webp?fit=1200%2C675&ssl=1&resize=525%2C300 1.5x, https:\/\/i0.wp.com\/noticiasribeiraopreto.com.br\/wp-content\/uploads\/2025\/11\/palace-22_2025-11-07_00-18-23.webp.webp?fit=1200%2C675&ssl=1&resize=700%2C400 2x, https:\/\/i0.wp.com\/noticiasribeiraopreto.com.br\/wp-content\/uploads\/2025\/11\/palace-22_2025-11-07_00-18-23.webp.webp?fit=1200%2C675&ssl=1&resize=1050%2C600 3x"},"classes":[]},{"id":31207,"url":"https:\/\/noticiasribeiraopreto.com.br\/index.php\/2024\/01\/21\/top-10-pagode-samba-mais-tocadas-em-2024\/","url_meta":{"origin":73935,"position":2},"title":"Top 10 Pagode\/Samba Mais Tocadas em 2024","author":"noticiasribeiraopreto.com.br","date":"21 de January de 2024","format":false,"excerpt":"Confira quais s\u00e3o as m\u00fasicas de pagode e samba mais tocadas. Ou\u00e7a a playlist das melhores m\u00fasicas de pagode e samba mais tocadas nas r\u00e1dios do Brasil. S\u00e3o os maiores sucessos do pagode e samba que os ouvintes mais pedem para tocar. Desse modo, aproveite para ouvir ranking do top\u2026","rel":"","context":"In &quot;Blog&quot;","block_context":{"text":"Blog","link":"https:\/\/noticiasribeiraopreto.com.br\/index.php\/category\/blog\/"},"img":{"alt_text":"","src":"https:\/\/i0.wp.com\/noticiasribeiraopreto.com.br\/wp-content\/uploads\/2024\/01\/Pagode-e-samba-mais-tocadas.jpg?fit=1200%2C750&ssl=1&resize=350%2C200","width":350,"height":200,"srcset":"https:\/\/i0.wp.com\/noticiasribeiraopreto.com.br\/wp-content\/uploads\/2024\/01\/Pagode-e-samba-mais-tocadas.jpg?fit=1200%2C750&ssl=1&resize=350%2C200 1x, https:\/\/i0.wp.com\/noticiasribeiraopreto.com.br\/wp-content\/uploads\/2024\/01\/Pagode-e-samba-mais-tocadas.jpg?fit=1200%2C750&ssl=1&resize=525%2C300 1.5x, https:\/\/i0.wp.com\/noticiasribeiraopreto.com.br\/wp-content\/uploads\/2024\/01\/Pagode-e-samba-mais-tocadas.jpg?fit=1200%2C750&ssl=1&resize=700%2C400 2x, https:\/\/i0.wp.com\/noticiasribeiraopreto.com.br\/wp-content\/uploads\/2024\/01\/Pagode-e-samba-mais-tocadas.jpg?fit=1200%2C750&ssl=1&resize=1050%2C600 3x"},"classes":[]},{"id":47791,"url":"https:\/\/noticiasribeiraopreto.com.br\/index.php\/2024\/04\/28\/mc-marks-abraca-o-pagode-e-a-fe-em-novo-disco\/","url_meta":{"origin":73935,"position":3},"title":"MC Marks abra\u00e7a o pagode e a f\u00e9 em novo disco","author":"noticiasribeiraopreto.com.br","date":"28 de April de 2024","format":false,"excerpt":"Casa \/ M\u00fasica \/ MC Marks abra\u00e7a o pagode e a f\u00e9 em novo discoMC Marks abra\u00e7a o pagode e a f\u00e9 em novo disco\u201cMenino de F\u00e9\u201d conta com participa\u00e7\u00f5es de Xande de Pilares, Ferrugem, Marvvila, Belo e outros artistas Se o corpo \u00e9 uma tela por onde a vida\u2026","rel":"","context":"In &quot;Not\u00edcias de Ribeir\u00e3o Preto-SP e Regi\u00e3o&quot;","block_context":{"text":"Not\u00edcias de Ribeir\u00e3o Preto-SP e Regi\u00e3o","link":"https:\/\/noticiasribeiraopreto.com.br\/index.php\/category\/noticias-de-ribeirao-preto-sp-e-regiao-ismael-colosi\/"},"img":{"alt_text":"","src":"","width":0,"height":0},"classes":[]},{"id":16366,"url":"https:\/\/noticiasribeiraopreto.com.br\/index.php\/2023\/12\/15\/ludmilla-comemora-estreia-internacional-em-a-cor-purpura-bagulho-muito-alto\/","url_meta":{"origin":73935,"position":4},"title":"Ludmilla comemora estr\u00e9ia internacional em &#8216;A Cor P\u00farpura&#8217;: &#8220;Bagulho muito alto&#8221;","author":"noticiasribeiraopreto.com.br","date":"15 de December de 2023","format":false,"excerpt":"\u2018A Cor P\u00farpura\u2019 \u00e9 um filme musical de drama de \u00e9poca americano dirigido por Blitz Bazawule baseado no romance de Alice Walker e ser\u00e1 lan\u00e7ado em 4 de janeiro nos cinemas.O filme ter\u00e1 uma participa\u00e7\u00e3o vocal brasileira de ningu\u00e9m menos que Ludmila. \u201cBagulho muito alto\u201d comemorou a cantora ao anunciar\u2026","rel":"","context":"In &quot;Blog&quot;","block_context":{"text":"Blog","link":"https:\/\/noticiasribeiraopreto.com.br\/index.php\/category\/blog\/"},"img":{"alt_text":"","src":"https:\/\/i0.wp.com\/noticiasribeiraopreto.com.br\/wp-content\/uploads\/2023\/12\/postimg-657c6e71ed4b73910.jpg?fit=1200%2C628&ssl=1&resize=350%2C200","width":350,"height":200,"srcset":"https:\/\/i0.wp.com\/noticiasribeiraopreto.com.br\/wp-content\/uploads\/2023\/12\/postimg-657c6e71ed4b73910.jpg?fit=1200%2C628&ssl=1&resize=350%2C200 1x, https:\/\/i0.wp.com\/noticiasribeiraopreto.com.br\/wp-content\/uploads\/2023\/12\/postimg-657c6e71ed4b73910.jpg?fit=1200%2C628&ssl=1&resize=525%2C300 1.5x, https:\/\/i0.wp.com\/noticiasribeiraopreto.com.br\/wp-content\/uploads\/2023\/12\/postimg-657c6e71ed4b73910.jpg?fit=1200%2C628&ssl=1&resize=700%2C400 2x, https:\/\/i0.wp.com\/noticiasribeiraopreto.com.br\/wp-content\/uploads\/2023\/12\/postimg-657c6e71ed4b73910.jpg?fit=1200%2C628&ssl=1&resize=1050%2C600 3x"},"classes":[]},{"id":31039,"url":"https:\/\/noticiasribeiraopreto.com.br\/index.php\/2024\/01\/20\/top-5-artistas-mais-ouvidos-no-spotify-no-brasil-em-2023\/","url_meta":{"origin":73935,"position":5},"title":"Top 5 artistas mais ouvidos no Spotify no Brasil em 2023","author":"noticiasribeiraopreto.com.br","date":"20 de January de 2024","format":false,"excerpt":"Voc\u00ea sabe quais fizeram sucesso em 2023 no Spotify? Veja o top 5 artistas mais ouvidos no Spotify no Brasil em 2023. Confira outras listas e rankings sobre m\u00fasica e artistas no Top 10 Brasil.TrendingTop 10 melhores sites para comprar seguidores Instagram O Spotify divulgou no fim do ano a\u2026","rel":"","context":"In &quot;Blog&quot;","block_context":{"text":"Blog","link":"https:\/\/noticiasribeiraopreto.com.br\/index.php\/category\/blog\/"},"img":{"alt_text":"","src":"https:\/\/i0.wp.com\/noticiasribeiraopreto.com.br\/wp-content\/uploads\/2024\/01\/top-5-artistas-mais-ouvidos-no-spotify-no-brasil-em-2023.jpg?fit=1200%2C630&ssl=1&resize=350%2C200","width":350,"height":200,"srcset":"https:\/\/i0.wp.com\/noticiasribeiraopreto.com.br\/wp-content\/uploads\/2024\/01\/top-5-artistas-mais-ouvidos-no-spotify-no-brasil-em-2023.jpg?fit=1200%2C630&ssl=1&resize=350%2C200 1x, https:\/\/i0.wp.com\/noticiasribeiraopreto.com.br\/wp-content\/uploads\/2024\/01\/top-5-artistas-mais-ouvidos-no-spotify-no-brasil-em-2023.jpg?fit=1200%2C630&ssl=1&resize=525%2C300 1.5x, https:\/\/i0.wp.com\/noticiasribeiraopreto.com.br\/wp-content\/uploads\/2024\/01\/top-5-artistas-mais-ouvidos-no-spotify-no-brasil-em-2023.jpg?fit=1200%2C630&ssl=1&resize=700%2C400 2x, https:\/\/i0.wp.com\/noticiasribeiraopreto.com.br\/wp-content\/uploads\/2024\/01\/top-5-artistas-mais-ouvidos-no-spotify-no-brasil-em-2023.jpg?fit=1200%2C630&ssl=1&resize=1050%2C600 3x"},"classes":[]}],"jetpack_sharing_enabled":true,"jetpack_shortlink":"https:\/\/wp.me\/peQAOb-jev","_links":{"self":[{"href":"https:\/\/noticiasribeiraopreto.com.br\/index.php\/wp-json\/wp\/v2\/posts\/73935","targetHints":{"allow":["GET"]}}],"collection":[{"href":"https:\/\/noticiasribeiraopreto.com.br\/index.php\/wp-json\/wp\/v2\/posts"}],"about":[{"href":"https:\/\/noticiasribeiraopreto.com.br\/index.php\/wp-json\/wp\/v2\/types\/post"}],"author":[{"embeddable":true,"href":"https:\/\/noticiasribeiraopreto.com.br\/index.php\/wp-json\/wp\/v2\/users\/1"}],"replies":[{"embeddable":true,"href":"https:\/\/noticiasribeiraopreto.com.br\/index.php\/wp-json\/wp\/v2\/comments?post=73935"}],"version-history":[{"count":0,"href":"https:\/\/noticiasribeiraopreto.com.br\/index.php\/wp-json\/wp\/v2\/posts\/73935\/revisions"}],"wp:featuredmedia":[{"embeddable":true,"href":"https:\/\/noticiasribeiraopreto.com.br\/index.php\/wp-json\/wp\/v2\/media\/73936"}],"wp:attachment":[{"href":"https:\/\/noticiasribeiraopreto.com.br\/index.php\/wp-json\/wp\/v2\/media?parent=73935"}],"wp:term":[{"taxonomy":"category","embeddable":true,"href":"https:\/\/noticiasribeiraopreto.com.br\/index.php\/wp-json\/wp\/v2\/categories?post=73935"},{"taxonomy":"post_tag","embeddable":true,"href":"https:\/\/noticiasribeiraopreto.com.br\/index.php\/wp-json\/wp\/v2\/tags?post=73935"}],"curies":[{"name":"wp","href":"https:\/\/api.w.org\/{rel}","templated":true}]}}