{"id":73937,"date":"2025-07-12T17:29:11","date_gmt":"2025-07-12T20:29:11","guid":{"rendered":"https:\/\/noticiasribeiraopreto.com.br\/index.php\/2025\/07\/12\/comercial-perde-para-uniao-sao-joao\/"},"modified":"2025-07-12T17:29:11","modified_gmt":"2025-07-12T20:29:11","slug":"comercial-perde-para-uniao-sao-joao","status":"publish","type":"post","link":"https:\/\/noticiasribeiraopreto.com.br\/index.php\/2025\/07\/12\/comercial-perde-para-uniao-sao-joao\/","title":{"rendered":"Comercial perde para Uni\u00e3o S\u00e3o Jo\u00e3o"},"content":{"rendered":"<div class='code-block code-block-1' style='margin: 8px 0 8px auto; text-align: right; display: block; clear: both;'>\n<p><a href=\"https:\/\/wa.link\/vpicfd\"><img data-recalc-dims=\"1\" class=\"wp-image-4922\" style=\"aspect-ratio: 2.0253164556962027; width: 561px; height: auto;\" src=\"https:\/\/i0.wp.com\/ismaelcolosi.com.br\/wp-content\/uploads\/2023\/11\/grupo-de-empregos-whatsapp-e-facebook-ismael-colosi-vagas.jpg?ssl=1\" alt=\"\" \/><\/a><\/p>\n<!-- \/wp:image -->\n<\/div>\n<p> <br \/>\n<\/p>\n<div id=\"post-431190\">\n<header class=\"entry-header penci-entry-header penci-title-center\">\n<h2 class=\"penci-post-subtitle\">Le\u00e3o do Norte perde invencibilidade e lideran\u00e7a<\/h2>\n<p>\n\t\t\t\t\t\t\t\t\t<span class=\"entry-meta-item penci-posted-on\"><i class=\"fa fa-clock-o\"\/><time class=\"entry-date published\" datetime=\"2025-07-12T17:27:40-03:00\">12 de julho de 2025 17:27<\/time><time class=\"updated\" datetime=\"2025-07-12T17:28:38-03:00\">12 de julho de 2025 17:28<\/time><\/span><span class=\"entry-meta-item penci-post-countview\"><span class=\"entry-meta-item penci-post-countview penci_post-meta_item\"><i class=\"fa fa-eye\"\/><span class=\"penci-post-countview-number penci-post-countview-p431190\">5<\/span><\/span><\/span>\t\t\t\t\t\t\t\t<\/p>\n<p><!-- .entry-meta --><br \/>\n\t\t\t\t\t\t\t\t<span class=\"penci-social-buttons penci-social-share-footer\"><span class=\"penci-social-share-text\">Compartilhar<\/span><a href=\"#\" class=\"penci-post-like penci_post-meta_item  single-like-button penci-social-item like\" data-post_id=\"431190\" title=\"Like\" data-like=\"Like\" data-unlike=\"Unlike\"><i class=\"fa fa-thumbs-o-up\"\/><span class=\"penci-share-number\">1<\/span><\/a><i class=\"fa fa-facebook\"\/><a class=\"penci-social-item twitter\" target=\"_blank\" rel=\"noopener\" title=\"\" href=\"https:\/\/twitter.com\/intent\/tweet?text=Comercial%20perde%20para%20Uni\u00e3o%20S\u00e3o%20Jo\u00e3o%20-%20https:\/\/www.tribunaribeirao.com.br\/comercial-perde-para-uniao-sao-joao\/\"><i class=\"fa fa-twitter\"\/><\/a><i class=\"fa fa-linkedin\"\/><i class=\"fa fa-whatsapp\"\/><i class=\"fa fa-telegram\"\/><i class=\"fa fa-envelope\"\/><\/span>\t\t\t\t\t\t\t<\/header>\n<p><!-- .entry-header --><\/p>\n<div class=\"penci-entry-content entry-content\">\n<p><em><strong>Por Hugo Luque<\/strong><\/em><\/p>\n<p>O Comercial foi derrotado pelo Uni\u00e3o S\u00e3o Jo\u00e3o por 1 a 0 na tarde deste s\u00e1bado (12), no Palma Travassos, pela quinta rodada da Copa Paulista.<\/p>\n<p>O gol foi marcado por Jonatan da Ora, aos 21 minutos do primeiro tempo.<\/p>\n<p>Depois de sofrer o tento, o terceiro em dois jogos, o Bafo tentou a rea\u00e7\u00e3o, mas, pela primeira vez no campeonato, n\u00e3o balan\u00e7ou a rede advers\u00e1ria.<\/p>\n<p>Foi o primeiro trope\u00e7o do Le\u00e3o do Norte na competi\u00e7\u00e3o. Com o resultado, a equipe de Roberval Davino estacionou nos dez pontos e caiu para a segunda posi\u00e7\u00e3o do Grupo 2, atr\u00e1s justamente do Uni\u00e3o no saldo de gols.<\/p>\n<p>O pr\u00f3ximo desafio comercialino \u00e9 contra a Francana, no s\u00e1bado da pr\u00f3xima semana, \u00e0s 16h, fora de casa.<\/p>\n<\/div>\n<p><!-- .entry-content --><\/p>\n<footer class=\"penci-entry-footer\">\n\t\t\t\t\t\t\t\t<span class=\"penci-social-buttons penci-social-share-footer\"><span class=\"penci-social-share-text\">Compartilhar<\/span><a href=\"#\" class=\"penci-post-like penci_post-meta_item  single-like-button penci-social-item like\" data-post_id=\"431190\" title=\"Like\" data-like=\"Like\" data-unlike=\"Unlike\"><i class=\"fa fa-thumbs-o-up\"\/><span class=\"penci-share-number\">1<\/span><\/a><i class=\"fa fa-facebook\"\/><a class=\"penci-social-item twitter\" target=\"_blank\" rel=\"noopener\" title=\"\" href=\"https:\/\/twitter.com\/intent\/tweet?text=Comercial%20perde%20para%20Uni\u00e3o%20S\u00e3o%20Jo\u00e3o%20-%20https:\/\/www.tribunaribeirao.com.br\/comercial-perde-para-uniao-sao-joao\/\"><i class=\"fa fa-twitter\"\/><\/a><i class=\"fa fa-linkedin\"\/><i class=\"fa fa-whatsapp\"\/><i class=\"fa fa-telegram\"\/><i class=\"fa fa-envelope\"\/><\/span>\t\t\t\t\t\t\t<\/footer>\n<p><!-- .entry-footer -->\n\t\t\t\t\t\t<\/div>\n<p><script async src=\"\/\/platform.twitter.com\/widgets.js\" charset=\"utf-8\"><\/script><br \/>\n<br \/><br \/>\n<br \/><a href=\"https:\/\/www.tribunaribeirao.com.br\/comercial-perde-para-uniao-sao-joao\/\">Source link <\/a><\/p>\n<!-- CONTENT END 1 -->\n","protected":false},"excerpt":{"rendered":"<p>Le\u00e3o do Norte perde invencibilidade e lideran\u00e7a 12 de julho de 2025 17:2712 de julho de 2025 17:285 Compartilhar1 Por Hugo Luque O Comercial foi&#8230;<\/p>\n","protected":false},"author":1,"featured_media":73938,"comment_status":"open","ping_status":"open","sticky":false,"template":"","format":"standard","meta":{"advanced_seo_description":"","jetpack_seo_html_title":"","jetpack_seo_noindex":false,"jetpack_post_was_ever_published":false,"_jetpack_newsletter_access":"","_jetpack_dont_email_post_to_subs":false,"_jetpack_newsletter_tier_id":0,"_jetpack_memberships_contains_paywalled_content":false,"_jetpack_memberships_contains_paid_content":false,"footnotes":"","jetpack_publicize_message":"","jetpack_publicize_feature_enabled":true,"jetpack_social_post_already_shared":true,"jetpack_social_options":{"image_generator_settings":{"template":"highway","default_image_id":0,"font":"","enabled":false},"version":2}},"categories":[11],"tags":[],"class_list":["post-73937","post","type-post","status-publish","format-standard","has-post-thumbnail","hentry","category-noticias-de-ribeirao-preto-sp-e-regiao-ismael-colosi"],"jetpack_publicize_connections":[],"jetpack_featured_media_url":"https:\/\/i0.wp.com\/noticiasribeiraopreto.com.br\/wp-content\/uploads\/2025\/07\/ba2d6247-eb6e-414d-8780-29596ba06e4b-scaled.jpeg?fit=750%2C500&ssl=1","jetpack-related-posts":[{"id":45535,"url":"https:\/\/noticiasribeiraopreto.com.br\/index.php\/2024\/04\/04\/motorista-perde-equilibrio-na-presidente-vargas\/","url_meta":{"origin":73937,"position":0},"title":"Motociclista perde equil\u00edbrio na Presidente Vargas","author":"noticiasribeiraopreto.com.br","date":"4 de April de 2024","format":false,"excerpt":"4 de abril de 2024 | 17:474 de abril de 2024 | 17:52 0 Um motociclista com uma moto Honda vinha pelo corredor na presidente Vargas sentido cidade, perdeu equil\u00edbrio e caiu batendo de rasp\u00e3o em um Honda Civic no final desta tarde de quinta-feira. O acidente aconteceu na esquina\u2026","rel":"","context":"In &quot;Not\u00edcias de Ribeir\u00e3o Preto-SP e Regi\u00e3o&quot;","block_context":{"text":"Not\u00edcias de Ribeir\u00e3o Preto-SP e Regi\u00e3o","link":"https:\/\/noticiasribeiraopreto.com.br\/index.php\/category\/noticias-de-ribeirao-preto-sp-e-regiao-ismael-colosi\/"},"img":{"alt_text":"","src":"https:\/\/i0.wp.com\/noticiasribeiraopreto.com.br\/wp-content\/uploads\/2024\/04\/d4c99aa0-cdca-44e0-9e2d-94029c5d2008.jpg?fit=750%2C500&ssl=1&resize=350%2C200","width":350,"height":200,"srcset":"https:\/\/i0.wp.com\/noticiasribeiraopreto.com.br\/wp-content\/uploads\/2024\/04\/d4c99aa0-cdca-44e0-9e2d-94029c5d2008.jpg?fit=750%2C500&ssl=1&resize=350%2C200 1x, https:\/\/i0.wp.com\/noticiasribeiraopreto.com.br\/wp-content\/uploads\/2024\/04\/d4c99aa0-cdca-44e0-9e2d-94029c5d2008.jpg?fit=750%2C500&ssl=1&resize=525%2C300 1.5x, https:\/\/i0.wp.com\/noticiasribeiraopreto.com.br\/wp-content\/uploads\/2024\/04\/d4c99aa0-cdca-44e0-9e2d-94029c5d2008.jpg?fit=750%2C500&ssl=1&resize=700%2C400 2x"},"classes":[]},{"id":74498,"url":"https:\/\/noticiasribeiraopreto.com.br\/index.php\/2025\/07\/23\/botafogo-perde-mais-uma-na-copa-paulista\/","url_meta":{"origin":73937,"position":1},"title":"Botafogo perde mais uma na Copa Paulista","author":"noticiasribeiraopreto.com.br","date":"23 de July de 2025","format":false,"excerpt":"Pantera foi batido pela Inter de Limeira, em casa 23 de julho de 2025 17:3713 Compartilhar1 Por Hugo Luque O Botafogo n\u00e3o consegue engrenar na Copa Paulista. O \u201ctime B\u201d do Pantera foi derrotado pela Inter de Limeira por 2 a 1 na tarde desta quarta-feira (23), no Est\u00e1dio Santa\u2026","rel":"","context":"In &quot;Not\u00edcias de Ribeir\u00e3o Preto-SP e Regi\u00e3o&quot;","block_context":{"text":"Not\u00edcias de Ribeir\u00e3o Preto-SP e Regi\u00e3o","link":"https:\/\/noticiasribeiraopreto.com.br\/index.php\/category\/noticias-de-ribeirao-preto-sp-e-regiao-ismael-colosi\/"},"img":{"alt_text":"","src":"https:\/\/i0.wp.com\/noticiasribeiraopreto.com.br\/wp-content\/uploads\/2025\/07\/54674725898_77863ded54_c.jpg?fit=799%2C533&ssl=1&resize=350%2C200","width":350,"height":200,"srcset":"https:\/\/i0.wp.com\/noticiasribeiraopreto.com.br\/wp-content\/uploads\/2025\/07\/54674725898_77863ded54_c.jpg?fit=799%2C533&ssl=1&resize=350%2C200 1x, https:\/\/i0.wp.com\/noticiasribeiraopreto.com.br\/wp-content\/uploads\/2025\/07\/54674725898_77863ded54_c.jpg?fit=799%2C533&ssl=1&resize=525%2C300 1.5x, https:\/\/i0.wp.com\/noticiasribeiraopreto.com.br\/wp-content\/uploads\/2025\/07\/54674725898_77863ded54_c.jpg?fit=799%2C533&ssl=1&resize=700%2C400 2x"},"classes":[]},{"id":74304,"url":"https:\/\/noticiasribeiraopreto.com.br\/index.php\/2025\/07\/19\/comercial-perde-classico-regional-para-francana\/","url_meta":{"origin":73937,"position":2},"title":"Comercial perde cl\u00e1ssico regional para Francana","author":"noticiasribeiraopreto.com.br","date":"19 de July de 2025","format":false,"excerpt":"Bafo sofre segunda derrota consecutiva na Copa Paulista e liga alerta 19 de julho de 2025 18:024 Compartilhar1 Por Hugo Luque O Comercial foi batido pela Francana por 1 a 0 neste s\u00e1bado (19), no Est\u00e1dio Lancha Filho, o Lanch\u00e3o, pela quinta rodada da Copa Paulista. O gol foi anotado\u2026","rel":"","context":"In &quot;Not\u00edcias de Ribeir\u00e3o Preto-SP e Regi\u00e3o&quot;","block_context":{"text":"Not\u00edcias de Ribeir\u00e3o Preto-SP e Regi\u00e3o","link":"https:\/\/noticiasribeiraopreto.com.br\/index.php\/category\/noticias-de-ribeirao-preto-sp-e-regiao-ismael-colosi\/"},"img":{"alt_text":"","src":"https:\/\/i0.wp.com\/noticiasribeiraopreto.com.br\/wp-content\/uploads\/2025\/07\/5185b6f0-2f79-4453-8506-366f6f63adca-scaled.jpeg?fit=1170%2C780&ssl=1&resize=350%2C200","width":350,"height":200,"srcset":"https:\/\/i0.wp.com\/noticiasribeiraopreto.com.br\/wp-content\/uploads\/2025\/07\/5185b6f0-2f79-4453-8506-366f6f63adca-scaled.jpeg?fit=1170%2C780&ssl=1&resize=350%2C200 1x, https:\/\/i0.wp.com\/noticiasribeiraopreto.com.br\/wp-content\/uploads\/2025\/07\/5185b6f0-2f79-4453-8506-366f6f63adca-scaled.jpeg?fit=1170%2C780&ssl=1&resize=525%2C300 1.5x, https:\/\/i0.wp.com\/noticiasribeiraopreto.com.br\/wp-content\/uploads\/2025\/07\/5185b6f0-2f79-4453-8506-366f6f63adca-scaled.jpeg?fit=1170%2C780&ssl=1&resize=700%2C400 2x, https:\/\/i0.wp.com\/noticiasribeiraopreto.com.br\/wp-content\/uploads\/2025\/07\/5185b6f0-2f79-4453-8506-366f6f63adca-scaled.jpeg?fit=1170%2C780&ssl=1&resize=1050%2C600 3x"},"classes":[]},{"id":37743,"url":"https:\/\/noticiasribeiraopreto.com.br\/index.php\/2024\/02\/17\/botafogo-perde-por-2-a-1-para-mirassol\/","url_meta":{"origin":73937,"position":3},"title":"Botafogo perde por 2 a 1 para Mirassol","author":"noticiasribeiraopreto.com.br","date":"17 de February de 2024","format":false,"excerpt":"17 de fevereiro de 2024 | 20:0917 de fevereiro de 2024 | 20:17 0Com mais posse de bola, o Mirassol n\u00e3o demorou a abrir o placar no Mai\u00e3o. Na cobran\u00e7a de escanteio da direita, a zaga do Botafogo afastou mal e Luiz Ot\u00e1vio ganhou a sobra pelo alto. Ele desviou\u2026","rel":"","context":"In &quot;Not\u00edcias de Ribeir\u00e3o Preto-SP e Regi\u00e3o&quot;","block_context":{"text":"Not\u00edcias de Ribeir\u00e3o Preto-SP e Regi\u00e3o","link":"https:\/\/noticiasribeiraopreto.com.br\/index.php\/category\/noticias-de-ribeirao-preto-sp-e-regiao-ismael-colosi\/"},"img":{"alt_text":"","src":"https:\/\/i0.wp.com\/noticiasribeiraopreto.com.br\/wp-content\/uploads\/2024\/02\/01a7bbac-6477-4179-b1c4-d0061197c18f-scaled.jpg?fit=968%2C645&ssl=1&resize=350%2C200","width":350,"height":200,"srcset":"https:\/\/i0.wp.com\/noticiasribeiraopreto.com.br\/wp-content\/uploads\/2024\/02\/01a7bbac-6477-4179-b1c4-d0061197c18f-scaled.jpg?fit=968%2C645&ssl=1&resize=350%2C200 1x, https:\/\/i0.wp.com\/noticiasribeiraopreto.com.br\/wp-content\/uploads\/2024\/02\/01a7bbac-6477-4179-b1c4-d0061197c18f-scaled.jpg?fit=968%2C645&ssl=1&resize=525%2C300 1.5x, https:\/\/i0.wp.com\/noticiasribeiraopreto.com.br\/wp-content\/uploads\/2024\/02\/01a7bbac-6477-4179-b1c4-d0061197c18f-scaled.jpg?fit=968%2C645&ssl=1&resize=700%2C400 2x"},"classes":[]},{"id":29294,"url":"https:\/\/noticiasribeiraopreto.com.br\/index.php\/2024\/01\/17\/botafogo-perde-para-o-flamengo-nos-ultimos-minutos-e-esta-fora-da-copinha\/","url_meta":{"origin":73937,"position":4},"title":"Botafogo perde para o Flamengo nos \u00faltimos minutos e est\u00e1 fora da Copinha","author":"noticiasribeiraopreto.com.br","date":"17 de January de 2024","format":false,"excerpt":"O Botafogo foi derrotado pelo Flamengo por 2 a 1, no fim da partida desta quarta-feira (17), no Est\u00e1dio Jos\u00e9 Liberatti, em Osasco, pelas oitavas de final da Copa S\u00e3o Paulo de Futebol J\u00fanior. Daniel Rog\u00e9rio foi quem abriu o placar para o Rubro-Negro, aos 17 minutos do primeiro tempo,\u2026","rel":"","context":"In &quot;Not\u00edcias de Ribeir\u00e3o Preto-SP e Regi\u00e3o&quot;","block_context":{"text":"Not\u00edcias de Ribeir\u00e3o Preto-SP e Regi\u00e3o","link":"https:\/\/noticiasribeiraopreto.com.br\/index.php\/category\/noticias-de-ribeirao-preto-sp-e-regiao-ismael-colosi\/"},"img":{"alt_text":"","src":"https:\/\/i0.wp.com\/noticiasribeiraopreto.com.br\/wp-content\/uploads\/2024\/01\/Copia-de-Copia-de-TAMANHO-EXATO-PARA-FOTOS-NO-SISTEMA-NOVO-1.jpg?fit=1200%2C675&ssl=1&resize=350%2C200","width":350,"height":200,"srcset":"https:\/\/i0.wp.com\/noticiasribeiraopreto.com.br\/wp-content\/uploads\/2024\/01\/Copia-de-Copia-de-TAMANHO-EXATO-PARA-FOTOS-NO-SISTEMA-NOVO-1.jpg?fit=1200%2C675&ssl=1&resize=350%2C200 1x, https:\/\/i0.wp.com\/noticiasribeiraopreto.com.br\/wp-content\/uploads\/2024\/01\/Copia-de-Copia-de-TAMANHO-EXATO-PARA-FOTOS-NO-SISTEMA-NOVO-1.jpg?fit=1200%2C675&ssl=1&resize=525%2C300 1.5x, https:\/\/i0.wp.com\/noticiasribeiraopreto.com.br\/wp-content\/uploads\/2024\/01\/Copia-de-Copia-de-TAMANHO-EXATO-PARA-FOTOS-NO-SISTEMA-NOVO-1.jpg?fit=1200%2C675&ssl=1&resize=700%2C400 2x, https:\/\/i0.wp.com\/noticiasribeiraopreto.com.br\/wp-content\/uploads\/2024\/01\/Copia-de-Copia-de-TAMANHO-EXATO-PARA-FOTOS-NO-SISTEMA-NOVO-1.jpg?fit=1200%2C675&ssl=1&resize=1050%2C600 3x"},"classes":[]},{"id":39311,"url":"https:\/\/noticiasribeiraopreto.com.br\/index.php\/2024\/02\/24\/comercial-perde-na-estreia-de-ademir-fesan\/","url_meta":{"origin":73937,"position":5},"title":"Comercial perde na estreia de Ademir Fesan","author":"noticiasribeiraopreto.com.br","date":"24 de February de 2024","format":false,"excerpt":"24 de fevereiro de 2024 | 17:13 0N\u00e3o foi a estreia do t\u00e9cnico Ademir Fesan que mudou a hist\u00f3ria de resultados negativos do Comercial FC no Campeonato Paulista da S\u00e9rie A2. O Le\u00e3o do Norte voltou a perder na competi\u00e7\u00e3o, desta vez, neste s\u00e1bado (24), no est\u00e1dio Ulrico Mursa, em\u2026","rel":"","context":"In &quot;Not\u00edcias de Ribeir\u00e3o Preto-SP e Regi\u00e3o&quot;","block_context":{"text":"Not\u00edcias de Ribeir\u00e3o Preto-SP e Regi\u00e3o","link":"https:\/\/noticiasribeiraopreto.com.br\/index.php\/category\/noticias-de-ribeirao-preto-sp-e-regiao-ismael-colosi\/"},"img":{"alt_text":"","src":"https:\/\/i0.wp.com\/noticiasribeiraopreto.com.br\/wp-content\/uploads\/2024\/02\/81dea2c9-9e74-419e-9375-b5d823301732.jpg?fit=640%2C426&ssl=1&resize=350%2C200","width":350,"height":200,"srcset":"https:\/\/i0.wp.com\/noticiasribeiraopreto.com.br\/wp-content\/uploads\/2024\/02\/81dea2c9-9e74-419e-9375-b5d823301732.jpg?fit=640%2C426&ssl=1&resize=350%2C200 1x, https:\/\/i0.wp.com\/noticiasribeiraopreto.com.br\/wp-content\/uploads\/2024\/02\/81dea2c9-9e74-419e-9375-b5d823301732.jpg?fit=640%2C426&ssl=1&resize=525%2C300 1.5x"},"classes":[]}],"jetpack_sharing_enabled":true,"jetpack_shortlink":"https:\/\/wp.me\/peQAOb-jex","_links":{"self":[{"href":"https:\/\/noticiasribeiraopreto.com.br\/index.php\/wp-json\/wp\/v2\/posts\/73937","targetHints":{"allow":["GET"]}}],"collection":[{"href":"https:\/\/noticiasribeiraopreto.com.br\/index.php\/wp-json\/wp\/v2\/posts"}],"about":[{"href":"https:\/\/noticiasribeiraopreto.com.br\/index.php\/wp-json\/wp\/v2\/types\/post"}],"author":[{"embeddable":true,"href":"https:\/\/noticiasribeiraopreto.com.br\/index.php\/wp-json\/wp\/v2\/users\/1"}],"replies":[{"embeddable":true,"href":"https:\/\/noticiasribeiraopreto.com.br\/index.php\/wp-json\/wp\/v2\/comments?post=73937"}],"version-history":[{"count":0,"href":"https:\/\/noticiasribeiraopreto.com.br\/index.php\/wp-json\/wp\/v2\/posts\/73937\/revisions"}],"wp:featuredmedia":[{"embeddable":true,"href":"https:\/\/noticiasribeiraopreto.com.br\/index.php\/wp-json\/wp\/v2\/media\/73938"}],"wp:attachment":[{"href":"https:\/\/noticiasribeiraopreto.com.br\/index.php\/wp-json\/wp\/v2\/media?parent=73937"}],"wp:term":[{"taxonomy":"category","embeddable":true,"href":"https:\/\/noticiasribeiraopreto.com.br\/index.php\/wp-json\/wp\/v2\/categories?post=73937"},{"taxonomy":"post_tag","embeddable":true,"href":"https:\/\/noticiasribeiraopreto.com.br\/index.php\/wp-json\/wp\/v2\/tags?post=73937"}],"curies":[{"name":"wp","href":"https:\/\/api.w.org\/{rel}","templated":true}]}}