{"id":73939,"date":"2025-07-12T18:28:41","date_gmt":"2025-07-12T21:28:41","guid":{"rendered":"https:\/\/noticiasribeiraopreto.com.br\/index.php\/2025\/07\/12\/meia-maratona-internacional-movimenta-ribeirao-preto\/"},"modified":"2025-07-12T18:28:41","modified_gmt":"2025-07-12T21:28:41","slug":"meia-maratona-internacional-movimenta-ribeirao-preto","status":"publish","type":"post","link":"https:\/\/noticiasribeiraopreto.com.br\/index.php\/2025\/07\/12\/meia-maratona-internacional-movimenta-ribeirao-preto\/","title":{"rendered":"Meia Maratona Internacional movimenta Ribeir\u00e3o Preto"},"content":{"rendered":"<div class='code-block code-block-1' style='margin: 8px 0 8px auto; text-align: right; display: block; clear: both;'>\n<p><a href=\"https:\/\/wa.link\/vpicfd\"><img data-recalc-dims=\"1\" class=\"wp-image-4922\" style=\"aspect-ratio: 2.0253164556962027; width: 561px; height: auto;\" src=\"https:\/\/i0.wp.com\/ismaelcolosi.com.br\/wp-content\/uploads\/2023\/11\/grupo-de-empregos-whatsapp-e-facebook-ismael-colosi-vagas.jpg?ssl=1\" alt=\"\" \/><\/a><\/p>\n<!-- \/wp:image -->\n<\/div>\n<p> <br \/>\n<\/p>\n<div>\n<p>A Meia Maratona Internacional de Ribeir\u00e3o Preto (MMIRP) toma conta das avenidas da zona Sul da cidade neste domingo, 13 de julho, com as provas de 21 km, 5 km e revezamento. Ser\u00e1 a 13\u00aa edi\u00e7\u00e3o em 15 anos de organiza\u00e7\u00e3o. O evento esportivo j\u00e1 se firmou como um dos mais importantes do interior paulista por sua representatividade.<\/p>\n<p>At\u00e9 a \u00faltima sexta-feira, o evento contabilizava corredores inscritos de quatro pa\u00edses Brasil Qu\u00eania, Uganda e It\u00e1lia, 15 estados brasileiros e o Distrito Federal, somando atletas de 137 cidades. Com estrutura profissional, a\u00e7\u00f5es sociais e presen\u00e7a de grandes nomes do atletismo nacional, a MMIRP refor\u00e7a seu papel no calend\u00e1rio esportivo do Brasil.<\/p>\n<p><strong>Estrutura e log\u00edstica<\/strong><br \/>A largada e a chegada acontecem no estacionamento descoberto do Carrefour, no Ribeir\u00e3oShopping. A elite larga \u00e0s 6h, seguida pelos atletas PCDs \u00e0s 6h05, e \u00e0s 6h10 pelos demais participantes. Os percursos s\u00e3o urbanos, desafiadores e aferidos oficialmente pela Confedera\u00e7\u00e3o Brasileira de Atletismo (CBAt) e pela World Athletics. A supervis\u00e3o t\u00e9cnica \u00e9 da Federa\u00e7\u00e3o Paulista de Atletismo.<\/p>\n<p>A estrutura favorece o desempenho t\u00e9cnico e atrai corredores de alto rendimento em busca de tempos expressivos. Mas a prova tamb\u00e9m mant\u00e9m seu esp\u00edrito democr\u00e1tico, com espa\u00e7o para amadores, estreantes e equipes de revezamento.<\/p>\n<p><strong>Reconhecimento aos atletas<\/strong><br \/>A premia\u00e7\u00e3o valoriza tanto os profissionais quanto os atletas amadores. Os dez primeiros colocados da elite nos 21 km recebem premia\u00e7\u00e3o em dinheiro, assim como os cinco melhores da categoria amadora geral, tamb\u00e9m nos 21km. Os tr\u00eas primeiros colocados por faixa et\u00e1ria na meia maratona tamb\u00e9m levam para casa medalh\u00f5es personalizados.<\/p>\n<p><strong>Tradi\u00e7\u00e3o e evolu\u00e7\u00e3o<br \/><\/strong>Mais do que um evento esportivo, a Meia Maratona Internacional de Ribeir\u00e3o Preto \u00e9 um exemplo de organiza\u00e7\u00e3o, tradi\u00e7\u00e3o e crescimento. Em 15 anos de trajet\u00f3ria, consolidou-se como refer\u00eancia de qualidade no cen\u00e1rio das corridas de rua do pa\u00eds, com impacto positivo para o esporte, a economia local e a valoriza\u00e7\u00e3o da cidade como polo de grandes eventos.<\/p>\n<p><strong>Calend\u00e1rios oficiais<\/strong><\/p>\n<p>A Meia Maratona Internacional de Ribeir\u00e3o Preto est\u00e1, por lei, nos calend\u00e1rios de eventos esportivos de Ribeir\u00e3o Preto (Lei 12.686, de 27 de outubro de 2011, de autoria do vereador Jos\u00e9 Carlos de Oliveira) e do estado de S\u00e3o Paulo (Lei 15.894, de 17 de setembro de 2015, de autoria do deputado Baleia Rossi).<\/p>\n<p>A Meia de Ribeir\u00e3o re\u00fane patrocinadores tradicionais e de peso, como o Ribeir\u00e3oShopping e CAIXA \u2013 Governo Federal, Brasil \u2013 Uni\u00e3o e Reconstru\u00e7\u00e3o, na categoria Master e GS Inima Brasil, Rede Ideal, Savoy Leil\u00f5es na categoria Premium, al\u00e9m de uma grande rede de apoio log\u00edstico e parceiros de m\u00eddia como Viva M\u00eddia OOH, r\u00e1dio Di\u00e1rio FM, gr\u00e1fica New Cores, DTP Comunica\u00e7\u00e3o Visual e Fonte Assessoria de Imprensa.<\/p>\n<p>A prova tamb\u00e9m mant\u00e9m uma parceria com o Convention &amp; Visitors Bureau, entidade presente em 140 cidades brasileiras. Al\u00e9m disso, tem apoio log\u00edstico da Pol\u00edcia Militar, Secretaria de Esportes, RP Mobi, Guarda Civil Metropolitana, Estre e KA2RP Eventos.<\/p>\n<p><strong>Retirada de kits trouxe exposi\u00e7\u00e3o<\/strong><br \/>Os kits da Meia Maratona Internacional de Ribeir\u00e3o Preto foram entregues ao longo de dois dias no Ribeir\u00e3oShopping, em um espa\u00e7o especial.<\/p>\n<p>Uma exposi\u00e7\u00e3o com todas as camisas, medalhas e trof\u00e9us de edi\u00e7\u00f5es anteriores foi um dos atrativos. Em todo o instante foi poss\u00edvel ver corredores comentando das provas que participou, das camisas e medalhas que tinham. Alguns com as 12 medalhas.<\/p>\n<p><strong>Uma prova com compromisso social<\/strong><\/p>\n<p>A Meia Maratona Internacional de Ribeir\u00e3o tamb\u00e9m \u00e9 marcada por iniciativas de responsabilidade social e ambiental. A organiza\u00e7\u00e3o promove a\u00e7\u00f5es de ESG (sigla em ingl\u00eas para ambiental, social e governan\u00e7a), como campanhas de reciclagem, arrecada\u00e7\u00e3o de alimentos, feira de ado\u00e7\u00e3o de c\u00e3es e gatos, e atividades educativas em parceria com a RP Mobi e o Corpo de Bombeiros, por exemplo.<\/p>\n<p>Durante o evento, tamb\u00e9m s\u00e3o realizadas campanhas de doa\u00e7\u00e3o de sangue para os bancos da cidade e arrecada\u00e7\u00e3o de recursos para o Hospital do C\u00e2ncer de Ribeir\u00e3o Preto. Em 2025, uma das novidades \u00e9 a campanha de arrecada\u00e7\u00e3o de t\u00eanis em bom estado, destinados a projetos sociais ligados ao esporte. A inclus\u00e3o de atletas com defici\u00eancia e o combate ao racismo tamb\u00e9m integram o compromisso da prova com a diversidade.<\/p>\n<\/div>\n<p><br \/>\n<br \/><a href=\"https:\/\/www.tribunaribeirao.com.br\/meia-maratona-internacional-movimenta-ribeirao-preto\/\">Source link <\/a><\/p>\n<!-- CONTENT END 1 -->\n","protected":false},"excerpt":{"rendered":"<p>A Meia Maratona Internacional de Ribeir\u00e3o Preto (MMIRP) toma conta das avenidas da zona Sul da cidade neste domingo, 13 de julho, com as provas&#8230;<\/p>\n","protected":false},"author":1,"featured_media":73940,"comment_status":"open","ping_status":"open","sticky":false,"template":"","format":"standard","meta":{"advanced_seo_description":"","jetpack_seo_html_title":"","jetpack_seo_noindex":false,"jetpack_post_was_ever_published":false,"_jetpack_newsletter_access":"","_jetpack_dont_email_post_to_subs":false,"_jetpack_newsletter_tier_id":0,"_jetpack_memberships_contains_paywalled_content":false,"_jetpack_memberships_contains_paid_content":false,"footnotes":"","jetpack_publicize_message":"","jetpack_publicize_feature_enabled":true,"jetpack_social_post_already_shared":true,"jetpack_social_options":{"image_generator_settings":{"template":"highway","default_image_id":0,"font":"","enabled":false},"version":2}},"categories":[11],"tags":[],"class_list":["post-73939","post","type-post","status-publish","format-standard","has-post-thumbnail","hentry","category-noticias-de-ribeirao-preto-sp-e-regiao-ismael-colosi"],"jetpack_publicize_connections":[],"jetpack_featured_media_url":"https:\/\/i0.wp.com\/noticiasribeiraopreto.com.br\/wp-content\/uploads\/2025\/07\/MMIRP-24-127-scaled.jpg?fit=750%2C500&ssl=1","jetpack-related-posts":[{"id":36744,"url":"https:\/\/noticiasribeiraopreto.com.br\/index.php\/2024\/02\/11\/meia-maratona-internacional-de-ribeirao-preto-edicao-de-2024-promete-superar-expectativas\/","url_meta":{"origin":73939,"position":0},"title":"Meia Maratona Internacional de Ribeir\u00e3o Preto edi\u00e7\u00e3o de 2024 promete superar expectativas\u00a0","author":"noticiasribeiraopreto.com.br","date":"11 de February de 2024","format":false,"excerpt":"11 de fevereiro de 2024 | 13:0011 de fevereiro de 2024 | 13:55 0O primeiro lote de inscri\u00e7\u00f5es da Meia Maratona Internacional de Ribeir\u00e3o Preto (MMIRP) ser\u00e1 aberto na pr\u00f3xima sexta-feira, dia 16 de fevereiro. Os organizadores preparam uma oferta especial com 100 vagas promocionais. As inscri\u00e7\u00f5es poder\u00e3o ser feitas\u2026","rel":"","context":"In &quot;Not\u00edcias de Ribeir\u00e3o Preto-SP e Regi\u00e3o&quot;","block_context":{"text":"Not\u00edcias de Ribeir\u00e3o Preto-SP e Regi\u00e3o","link":"https:\/\/noticiasribeiraopreto.com.br\/index.php\/category\/noticias-de-ribeirao-preto-sp-e-regiao-ismael-colosi\/"},"img":{"alt_text":"","src":"https:\/\/i0.wp.com\/noticiasribeiraopreto.com.br\/wp-content\/uploads\/2024\/02\/1-geral-alfredo-risk-site-scaled.jpg?fit=967%2C645&ssl=1&resize=350%2C200","width":350,"height":200,"srcset":"https:\/\/i0.wp.com\/noticiasribeiraopreto.com.br\/wp-content\/uploads\/2024\/02\/1-geral-alfredo-risk-site-scaled.jpg?fit=967%2C645&ssl=1&resize=350%2C200 1x, https:\/\/i0.wp.com\/noticiasribeiraopreto.com.br\/wp-content\/uploads\/2024\/02\/1-geral-alfredo-risk-site-scaled.jpg?fit=967%2C645&ssl=1&resize=525%2C300 1.5x, https:\/\/i0.wp.com\/noticiasribeiraopreto.com.br\/wp-content\/uploads\/2024\/02\/1-geral-alfredo-risk-site-scaled.jpg?fit=967%2C645&ssl=1&resize=700%2C400 2x"},"classes":[]},{"id":72272,"url":"https:\/\/noticiasribeiraopreto.com.br\/index.php\/2025\/06\/15\/meia-maratona-internacional-de-ribeirao-entra-na-reta-final\/","url_meta":{"origin":73939,"position":1},"title":"Meia Maratona Internacional de Ribeir\u00e3o entra na reta final","author":"noticiasribeiraopreto.com.br","date":"15 de June de 2025","format":false,"excerpt":"Marcada para o dia 13 de julho, \u00e0s 6h da manh\u00e3, a 13\u00aa Meia Maratona Internacional de Ribeir\u00e3o Preto entra em sua reta final com todos os preparativos acelerados e um clima de expectativa tomando conta da cidade. Mais do que uma tradicional corrida de rua, a MMIRP se firmou\u2026","rel":"","context":"In &quot;Not\u00edcias de Ribeir\u00e3o Preto-SP e Regi\u00e3o&quot;","block_context":{"text":"Not\u00edcias de Ribeir\u00e3o Preto-SP e Regi\u00e3o","link":"https:\/\/noticiasribeiraopreto.com.br\/index.php\/category\/noticias-de-ribeirao-preto-sp-e-regiao-ismael-colosi\/"},"img":{"alt_text":"","src":"https:\/\/i0.wp.com\/noticiasribeiraopreto.com.br\/wp-content\/uploads\/2025\/06\/fabriciozerves-meia-intl-ribeiraio-2024-610_533425_103796-scaled.jpg?fit=750%2C500&ssl=1&resize=350%2C200","width":350,"height":200,"srcset":"https:\/\/i0.wp.com\/noticiasribeiraopreto.com.br\/wp-content\/uploads\/2025\/06\/fabriciozerves-meia-intl-ribeiraio-2024-610_533425_103796-scaled.jpg?fit=750%2C500&ssl=1&resize=350%2C200 1x, https:\/\/i0.wp.com\/noticiasribeiraopreto.com.br\/wp-content\/uploads\/2025\/06\/fabriciozerves-meia-intl-ribeiraio-2024-610_533425_103796-scaled.jpg?fit=750%2C500&ssl=1&resize=525%2C300 1.5x, https:\/\/i0.wp.com\/noticiasribeiraopreto.com.br\/wp-content\/uploads\/2025\/06\/fabriciozerves-meia-intl-ribeiraio-2024-610_533425_103796-scaled.jpg?fit=750%2C500&ssl=1&resize=700%2C400 2x"},"classes":[]},{"id":37862,"url":"https:\/\/noticiasribeiraopreto.com.br\/index.php\/2024\/02\/18\/primeiro-lote-para-meia-maratona-internacional-de-ribeirao-termina-em-6-horas\/","url_meta":{"origin":73939,"position":2},"title":"Primeiro lote para Meia Maratona Internacional de Ribeir\u00e3o termina em 6 horas\u00a0","author":"noticiasribeiraopreto.com.br","date":"18 de February de 2024","format":false,"excerpt":"18 de fevereiro de 2024 | 12:0017 de fevereiro de 2024 | 11:18 1O primeiro lote de inscri\u00e7\u00f5es da Meia Maratona Internacional de Ribeir\u00e3o Preto (MMIRP), aberto na \u00faltima sexta-feira, dia 16 de fevereiro, durou apenas 6 horas. Foi o primeiro recorde quebrado na edi\u00e7\u00e3o 2024 da prova. Um novo\u2026","rel":"","context":"In &quot;Not\u00edcias de Ribeir\u00e3o Preto-SP e Regi\u00e3o&quot;","block_context":{"text":"Not\u00edcias de Ribeir\u00e3o Preto-SP e Regi\u00e3o","link":"https:\/\/noticiasribeiraopreto.com.br\/index.php\/category\/noticias-de-ribeirao-preto-sp-e-regiao-ismael-colosi\/"},"img":{"alt_text":"","src":"https:\/\/i0.wp.com\/noticiasribeiraopreto.com.br\/wp-content\/uploads\/2024\/02\/1-meia-2-%40mariofortefotos-2557-scaled.jpg?fit=430%2C645&ssl=1&resize=350%2C200","width":350,"height":200},"classes":[]},{"id":73582,"url":"https:\/\/noticiasribeiraopreto.com.br\/index.php\/2025\/07\/05\/ultimo-dia-para-retirada-dos-kits-da-meia-internacional-de-rp\/","url_meta":{"origin":73939,"position":3},"title":"\u00daltimo dia para retirada dos kits da Meia Internacional de RP","author":"noticiasribeiraopreto.com.br","date":"5 de July de 2025","format":false,"excerpt":"5 de julho de 2025 09:304 de julho de 2025 17:198 Compartilhar0 A retirada dos kits da 13\u00aa edi\u00e7\u00e3o da Meia Maratona Internacional de Ribeir\u00e3o Preto (MMIRP) termina neste s\u00e1bado (5). Os atletas inscritos devem comparecer ao Ribeir\u00e3oShopping, no Setor Imigrantes, das 10h \u00e0s 18h. Para a retirada, \u00e9 necess\u00e1rio\u2026","rel":"","context":"In &quot;Not\u00edcias de Ribeir\u00e3o Preto-SP e Regi\u00e3o&quot;","block_context":{"text":"Not\u00edcias de Ribeir\u00e3o Preto-SP e Regi\u00e3o","link":"https:\/\/noticiasribeiraopreto.com.br\/index.php\/category\/noticias-de-ribeirao-preto-sp-e-regiao-ismael-colosi\/"},"img":{"alt_text":"","src":"https:\/\/i0.wp.com\/noticiasribeiraopreto.com.br\/wp-content\/uploads\/2025\/07\/3-MMIRP-Alfredo-Risk.jpeg?fit=800%2C533&ssl=1&resize=350%2C200","width":350,"height":200,"srcset":"https:\/\/i0.wp.com\/noticiasribeiraopreto.com.br\/wp-content\/uploads\/2025\/07\/3-MMIRP-Alfredo-Risk.jpeg?fit=800%2C533&ssl=1&resize=350%2C200 1x, https:\/\/i0.wp.com\/noticiasribeiraopreto.com.br\/wp-content\/uploads\/2025\/07\/3-MMIRP-Alfredo-Risk.jpeg?fit=800%2C533&ssl=1&resize=525%2C300 1.5x, https:\/\/i0.wp.com\/noticiasribeiraopreto.com.br\/wp-content\/uploads\/2025\/07\/3-MMIRP-Alfredo-Risk.jpeg?fit=800%2C533&ssl=1&resize=700%2C400 2x"},"classes":[]},{"id":73957,"url":"https:\/\/noticiasribeiraopreto.com.br\/index.php\/2025\/07\/13\/meia-maratona-internacional-movimentou-mais-de-2-500-atletas-em-ribeirao-preto\/","url_meta":{"origin":73939,"position":4},"title":"Meia Maratona Internacional movimentou mais de 2.500 atletas em Ribeir\u00e3o Preto","author":"noticiasribeiraopreto.com.br","date":"13 de July de 2025","format":false,"excerpt":"Por Otavio Gentil A 13\u00aa edi\u00e7\u00e3o da Meia Maratona Internacional de Ribeir\u00e3o Preto (MMIRP) reuniu mais de 2.500 corredores nas avenidas da zona Sul da cidade, neste domingo, 13 de julho. Com percursos de 21 km, 5 km e revezamento, o evento reafirmou seu papel de destaque no calend\u00e1rio esportivo\u2026","rel":"","context":"In &quot;Not\u00edcias de Ribeir\u00e3o Preto-SP e Regi\u00e3o&quot;","block_context":{"text":"Not\u00edcias de Ribeir\u00e3o Preto-SP e Regi\u00e3o","link":"https:\/\/noticiasribeiraopreto.com.br\/index.php\/category\/noticias-de-ribeirao-preto-sp-e-regiao-ismael-colosi\/"},"img":{"alt_text":"","src":"https:\/\/i0.wp.com\/noticiasribeiraopreto.com.br\/wp-content\/uploads\/2025\/07\/trofeu-dino.jpg?fit=378%2C500&ssl=1&resize=350%2C200","width":350,"height":200},"classes":[]},{"id":84385,"url":"https:\/\/noticiasribeiraopreto.com.br\/index.php\/2026\/04\/08\/prefeito-recebe-organizadores-da-meia-maratona-internacional-de-ribeirao-preto\/","url_meta":{"origin":73939,"position":5},"title":"Prefeito recebe organizadores da Meia Maratona Internacional de Ribeir\u00e3o Preto","author":"noticiasribeiraopreto.com.br","date":"8 de April de 2026","format":false,"excerpt":"Prova acontecer\u00e1 no dia 19 de julho, no estacionamento do Ribeir\u00e3oShopping; inscri\u00e7\u00f5es podem ser feitas pelo site meiaderibeirao.com.br O prefeito de Ribeir\u00e3o Preto, Ricardo Silva, recebeu nesta quarta-feira (8), no Centro Administrativo, os organizadores da Meia Maratona Internacional de Ribeir\u00e3o Preto, Eduardo Ferrari e Fabiano Ribeiro, para apresenta\u00e7\u00e3o oficial da\u2026","rel":"","context":"In &quot;Not\u00edcias de Ribeir\u00e3o Preto-SP e Regi\u00e3o&quot;","block_context":{"text":"Not\u00edcias de Ribeir\u00e3o Preto-SP e Regi\u00e3o","link":"https:\/\/noticiasribeiraopreto.com.br\/index.php\/category\/noticias-de-ribeirao-preto-sp-e-regiao-ismael-colosi\/"},"img":{"alt_text":"","src":"https:\/\/i0.wp.com\/noticiasribeiraopreto.com.br\/wp-content\/uploads\/2026\/04\/meia-de-rp-prefeito-scaled.jpeg?fit=1170%2C780&ssl=1&resize=350%2C200","width":350,"height":200,"srcset":"https:\/\/i0.wp.com\/noticiasribeiraopreto.com.br\/wp-content\/uploads\/2026\/04\/meia-de-rp-prefeito-scaled.jpeg?fit=1170%2C780&ssl=1&resize=350%2C200 1x, https:\/\/i0.wp.com\/noticiasribeiraopreto.com.br\/wp-content\/uploads\/2026\/04\/meia-de-rp-prefeito-scaled.jpeg?fit=1170%2C780&ssl=1&resize=525%2C300 1.5x, https:\/\/i0.wp.com\/noticiasribeiraopreto.com.br\/wp-content\/uploads\/2026\/04\/meia-de-rp-prefeito-scaled.jpeg?fit=1170%2C780&ssl=1&resize=700%2C400 2x, https:\/\/i0.wp.com\/noticiasribeiraopreto.com.br\/wp-content\/uploads\/2026\/04\/meia-de-rp-prefeito-scaled.jpeg?fit=1170%2C780&ssl=1&resize=1050%2C600 3x"},"classes":[]}],"jetpack_sharing_enabled":true,"jetpack_shortlink":"https:\/\/wp.me\/peQAOb-jez","_links":{"self":[{"href":"https:\/\/noticiasribeiraopreto.com.br\/index.php\/wp-json\/wp\/v2\/posts\/73939","targetHints":{"allow":["GET"]}}],"collection":[{"href":"https:\/\/noticiasribeiraopreto.com.br\/index.php\/wp-json\/wp\/v2\/posts"}],"about":[{"href":"https:\/\/noticiasribeiraopreto.com.br\/index.php\/wp-json\/wp\/v2\/types\/post"}],"author":[{"embeddable":true,"href":"https:\/\/noticiasribeiraopreto.com.br\/index.php\/wp-json\/wp\/v2\/users\/1"}],"replies":[{"embeddable":true,"href":"https:\/\/noticiasribeiraopreto.com.br\/index.php\/wp-json\/wp\/v2\/comments?post=73939"}],"version-history":[{"count":0,"href":"https:\/\/noticiasribeiraopreto.com.br\/index.php\/wp-json\/wp\/v2\/posts\/73939\/revisions"}],"wp:featuredmedia":[{"embeddable":true,"href":"https:\/\/noticiasribeiraopreto.com.br\/index.php\/wp-json\/wp\/v2\/media\/73940"}],"wp:attachment":[{"href":"https:\/\/noticiasribeiraopreto.com.br\/index.php\/wp-json\/wp\/v2\/media?parent=73939"}],"wp:term":[{"taxonomy":"category","embeddable":true,"href":"https:\/\/noticiasribeiraopreto.com.br\/index.php\/wp-json\/wp\/v2\/categories?post=73939"},{"taxonomy":"post_tag","embeddable":true,"href":"https:\/\/noticiasribeiraopreto.com.br\/index.php\/wp-json\/wp\/v2\/tags?post=73939"}],"curies":[{"name":"wp","href":"https:\/\/api.w.org\/{rel}","templated":true}]}}