{"id":73941,"date":"2025-07-12T19:54:23","date_gmt":"2025-07-12T22:54:23","guid":{"rendered":"https:\/\/noticiasribeiraopreto.com.br\/index.php\/2025\/07\/12\/multas-ao-transporte-coletivo-de-ribeirao-preto-passam-de-r-690-mil-no-semestre\/"},"modified":"2025-07-12T19:54:23","modified_gmt":"2025-07-12T22:54:23","slug":"multas-ao-transporte-coletivo-de-ribeirao-preto-passam-de-r-690-mil-no-semestre","status":"publish","type":"post","link":"https:\/\/noticiasribeiraopreto.com.br\/index.php\/2025\/07\/12\/multas-ao-transporte-coletivo-de-ribeirao-preto-passam-de-r-690-mil-no-semestre\/","title":{"rendered":"Multas ao transporte coletivo de Ribeir\u00e3o Preto passam de R$ 690 mil no semestre"},"content":{"rendered":"<div class='code-block code-block-1' style='margin: 8px 0 8px auto; text-align: right; display: block; clear: both;'>\n<p><a href=\"https:\/\/wa.link\/vpicfd\"><img data-recalc-dims=\"1\" class=\"wp-image-4922\" style=\"aspect-ratio: 2.0253164556962027; width: 561px; height: auto;\" src=\"https:\/\/i0.wp.com\/ismaelcolosi.com.br\/wp-content\/uploads\/2023\/11\/grupo-de-empregos-whatsapp-e-facebook-ismael-colosi-vagas.jpg?ssl=1\" alt=\"\" \/><\/a><\/p>\n<!-- \/wp:image -->\n<\/div>\n<p> <br \/>\n<\/p>\n<div data-td-block-uid=\"tdi_95\">\n<div class=\"tdb-block-inner td-fix-index\">\n<p>O <strong>Cons\u00f3rcio Pr\u00f3-Urbano recebeu 2.330 multas <\/strong>por descumprimentos contratuais no transporte coletivo de Ribeir\u00e3o Preto <strong>entre janeiro e junho de 2025<\/strong>. <mark style=\"background-color:#fcb900\" class=\"has-inline-color\">O valor total pago \u00e0 prefeitura chegou a R$ 692 mil.<\/mark><\/p>\n<p>O n\u00famero de autua\u00e7\u00f5es cresceu <strong>54%<\/strong> em rela\u00e7\u00e3o ao mesmo per\u00edodo de 2024, <strong>que registrou 1.511 infra\u00e7\u00f5es.<\/strong> A RP Mobi, respons\u00e1vel pela fiscaliza\u00e7\u00e3o do sistema vi\u00e1rio da cidade, aplicou as penalidades ap\u00f3s identificar falhas operacionais em linhas e hor\u00e1rios.<\/p>\n<p>As principais irregularidades inclu\u00edram <strong>atrasos<\/strong>, <strong>adiantamentos nos hor\u00e1rios programados e paradas prolongadas nos pontos.<\/strong> A frota atual de Ribeir\u00e3o Preto conta com 306 \u00f4nibus, todos renovados entre 2023 e 2024 ap\u00f3s acordo com a administra\u00e7\u00e3o municipal.<\/p>\n<p>De acordo com a RP Mobi, o cons\u00f3rcio quitou quase todas as multas e os valores arrecadados foram direcionados para a\u00e7\u00f5es de mobilidade. O diretor de transporte da empresa, Guilherme Mar\u00e7al, afirmou que motoristas e equipes recebem orienta\u00e7\u00f5es constantes para corrigir falhas.<\/p>\n<p>Em nota, a Pr\u00f3-Urbano i<strong>nformou que atua para resolver as pend\u00eancias e ampliar o centro operacional, com o objetivo de realizar os ajustes t\u00e9cnicos necess\u00e1rios.<\/strong><\/p>\n<p><em><sup><sub>Com informa\u00e7\u00f5es da EPTV<\/sub><\/sup><\/em><\/p>\n<hr class=\"wp-block-separator has-alpha-channel-opacity\"\/>\n<p>SAIBA MAIS<br \/>Ex-goleiro que defendeu p\u00eanalti de Pel\u00e9 morre no interior de SP<\/p>\n<h3 class=\"wp-block-heading\"><strong>FIQUE ON\u00a0\u00a0\u00a0\u00a0\u00a0\u00a0\u00a0\u00a0\u00a0<\/strong><\/h3>\n<p>Quer ficar por dentro de tudo que acontece em Ribeir\u00e3o Preto e regi\u00e3o? Ent\u00e3o siga os perfis do\u202facidade on\u202fno\u202f<a href=\"https:\/\/www.instagram.com\/acidadeonribeirao\" target=\"_blank\" rel=\"noreferrer noopener\">Instagram<\/a>\u202fe no\u202f<a href=\"https:\/\/www.facebook.com\/acidadeonribeirao\/\" target=\"_blank\" rel=\"noreferrer noopener\">Facebook<\/a>.<\/p>\n<p>Al\u00e9m disso, voc\u00ea pode receber as principais not\u00edcias diretamente no WhatsApp. Para isso, basta\u00a0<a href=\"https:\/\/chat.whatsapp.com\/BjKQZ9oJwlz8VVT50NuePq\" target=\"_blank\" rel=\"noreferrer noopener\">entrar no grupo clicando aqui<\/a>.<\/p>\n<p>Por fim, se quiser fazer uma den\u00fancia ou sugerir uma reportagem sobre Ribeir\u00e3o Preto e regi\u00e3o, envie uma mensagem pelo WhatsApp: (16) 99117-7802.<\/p>\n<p>VEJA TAMB\u00c9M<br \/>Quais s\u00e3o as m\u00fasicas do novo \u00e1lbum de Justin Bieber?<mark style=\"background-color:#ffffff\" class=\"has-inline-color has-white-color\"> , por\u00e9m <\/mark><\/p>\n<p><!-- AI CONTENT END 1 -->\n<\/div>\n<\/div>\n<p><script async src=\"\/\/www.instagram.com\/embed.js\"><\/script><br \/>\n<br \/><br \/>\n<br \/><a href=\"https:\/\/www.acidadeon.com\/ribeiraopreto\/cotidiano\/multas-ao-transporte-coletivo-de-ribeirao-preto-passam-de-r-690-mil-no-semestre\/\">Source link <\/a><\/p>\n<!-- CONTENT END 1 -->\n","protected":false},"excerpt":{"rendered":"<p>O Cons\u00f3rcio Pr\u00f3-Urbano recebeu 2.330 multas por descumprimentos contratuais no transporte coletivo de Ribeir\u00e3o Preto entre janeiro e junho de 2025. O valor total pago&#8230;<\/p>\n","protected":false},"author":1,"featured_media":73407,"comment_status":"open","ping_status":"open","sticky":false,"template":"","format":"standard","meta":{"advanced_seo_description":"","jetpack_seo_html_title":"","jetpack_seo_noindex":false,"jetpack_post_was_ever_published":false,"_jetpack_newsletter_access":"","_jetpack_dont_email_post_to_subs":false,"_jetpack_newsletter_tier_id":0,"_jetpack_memberships_contains_paywalled_content":false,"_jetpack_memberships_contains_paid_content":false,"footnotes":"","jetpack_publicize_message":"","jetpack_publicize_feature_enabled":true,"jetpack_social_post_already_shared":true,"jetpack_social_options":{"image_generator_settings":{"template":"highway","default_image_id":0,"font":"","enabled":false},"version":2}},"categories":[11],"tags":[],"class_list":["post-73941","post","type-post","status-publish","format-standard","has-post-thumbnail","hentry","category-noticias-de-ribeirao-preto-sp-e-regiao-ismael-colosi"],"jetpack_publicize_connections":[],"jetpack_featured_media_url":"https:\/\/i0.wp.com\/noticiasribeiraopreto.com.br\/wp-content\/uploads\/2025\/07\/WhatsApp-Image-2024-10-17-at-15.21.43_2024-10-17_21-54-03_jpeg_2024-10-17_21-54-04.webp.webp?fit=2560%2C1706&ssl=1","jetpack-related-posts":[{"id":68138,"url":"https:\/\/noticiasribeiraopreto.com.br\/index.php\/2025\/04\/22\/rp-mobi-arrecadou-r-54-milhoes-com-multas-de-transito-em-2024-confira\/","url_meta":{"origin":73941,"position":0},"title":"RP Mobi arrecadou R$ 54 milh\u00f5es com multas de tr\u00e2nsito em 2024; Confira","author":"noticiasribeiraopreto.com.br","date":"22 de April de 2025","format":false,"excerpt":"A RP Mobi, empresa respons\u00e1vel pela gest\u00e3o do tr\u00e2nsito em Ribeir\u00e3o Preto, arrecadou R$ 54,3 milh\u00f5es com multas de tr\u00e2nsito em 2024. O n\u00famero consta nas demonstra\u00e7\u00f5es cont\u00e1beis da empresa, publicada nesta ter\u00e7a-feira (22) no Di\u00e1rio Oficial do Munic\u00edpio. O n\u00famero \u00e9 R$ 17,8 milh\u00f5es superior ao registrado no ano\u2026","rel":"","context":"In &quot;Not\u00edcias de Ribeir\u00e3o Preto-SP e Regi\u00e3o&quot;","block_context":{"text":"Not\u00edcias de Ribeir\u00e3o Preto-SP e Regi\u00e3o","link":"https:\/\/noticiasribeiraopreto.com.br\/index.php\/category\/noticias-de-ribeirao-preto-sp-e-regiao-ismael-colosi\/"},"img":{"alt_text":"","src":"https:\/\/i0.wp.com\/noticiasribeiraopreto.com.br\/wp-content\/uploads\/2025\/04\/Copy-of-3.png?fit=1200%2C800&ssl=1&resize=350%2C200","width":350,"height":200,"srcset":"https:\/\/i0.wp.com\/noticiasribeiraopreto.com.br\/wp-content\/uploads\/2025\/04\/Copy-of-3.png?fit=1200%2C800&ssl=1&resize=350%2C200 1x, https:\/\/i0.wp.com\/noticiasribeiraopreto.com.br\/wp-content\/uploads\/2025\/04\/Copy-of-3.png?fit=1200%2C800&ssl=1&resize=525%2C300 1.5x, https:\/\/i0.wp.com\/noticiasribeiraopreto.com.br\/wp-content\/uploads\/2025\/04\/Copy-of-3.png?fit=1200%2C800&ssl=1&resize=700%2C400 2x, https:\/\/i0.wp.com\/noticiasribeiraopreto.com.br\/wp-content\/uploads\/2025\/04\/Copy-of-3.png?fit=1200%2C800&ssl=1&resize=1050%2C600 3x"},"classes":[]},{"id":742,"url":"https:\/\/noticiasribeiraopreto.com.br\/index.php\/2023\/11\/09\/rp-rabeira-pode-dar-multa-e-apreensao\/","url_meta":{"origin":73941,"position":1},"title":"RP:\u00a0rabeira pode dar multa e apreens\u00e3o\u00a0","author":"noticiasribeiraopreto.com.br","date":"9 de November de 2023","format":false,"excerpt":"Projeto de lei protocolado na C\u00e2mara de Ribeir\u00e3o Preto pelo vereador Paulo Modas (Uni\u00e3o Brasil) pretende apreender bicicleta, patinete, skate ou similares de quem for flagrado pegando rabeira em \u00f4nibus do transporte coletivo urbano ou em outro tipo de ve\u00edculo nas ruas e avenidas da cidade. A proposta estabelece que\u2026","rel":"","context":"In &quot;Not\u00edcias de Ribeir\u00e3o Preto-SP e Regi\u00e3o&quot;","block_context":{"text":"Not\u00edcias de Ribeir\u00e3o Preto-SP e Regi\u00e3o","link":"https:\/\/noticiasribeiraopreto.com.br\/index.php\/category\/noticias-de-ribeirao-preto-sp-e-regiao-ismael-colosi\/"},"img":{"alt_text":"","src":"https:\/\/i0.wp.com\/noticiasribeiraopreto.com.br\/wp-content\/uploads\/2023\/11\/Rabeira-Alfredo-Risk-Arquivo-ok-scaled.jpg?fit=967%2C645&ssl=1&resize=350%2C200","width":350,"height":200,"srcset":"https:\/\/i0.wp.com\/noticiasribeiraopreto.com.br\/wp-content\/uploads\/2023\/11\/Rabeira-Alfredo-Risk-Arquivo-ok-scaled.jpg?fit=967%2C645&ssl=1&resize=350%2C200 1x, https:\/\/i0.wp.com\/noticiasribeiraopreto.com.br\/wp-content\/uploads\/2023\/11\/Rabeira-Alfredo-Risk-Arquivo-ok-scaled.jpg?fit=967%2C645&ssl=1&resize=525%2C300 1.5x, https:\/\/i0.wp.com\/noticiasribeiraopreto.com.br\/wp-content\/uploads\/2023\/11\/Rabeira-Alfredo-Risk-Arquivo-ok-scaled.jpg?fit=967%2C645&ssl=1&resize=700%2C400 2x"},"classes":[]},{"id":59896,"url":"https:\/\/noticiasribeiraopreto.com.br\/index.php\/2024\/11\/01\/rp-mobi-inicia-fiscalizacao-nos-novos-corredores-de-onibus-em-ribeirao-preto\/","url_meta":{"origin":73941,"position":2},"title":"RP Mobi Inicia Fiscaliza\u00e7\u00e3o nos Novos Corredores de \u00d4nibus em Ribeir\u00e3o Preto","author":"noticiasribeiraopreto.com.br","date":"1 de November de 2024","format":false,"excerpt":"O programa RP Mobi, respons\u00e1vel por implementar melhorias na mobilidade urbana de Ribeir\u00e3o Preto, iniciou uma nova etapa de fiscaliza\u00e7\u00e3o nos rec\u00e9m-inaugurados corredores de \u00f4nibus. O objetivo \u00e9 assegurar que as vias exclusivas para o transporte coletivo sejam respeitadas, promovendo maior agilidade e seguran\u00e7a para os usu\u00e1rios e condutores de\u2026","rel":"","context":"In &quot;Not\u00edcias de Ribeir\u00e3o Preto-SP e Regi\u00e3o&quot;","block_context":{"text":"Not\u00edcias de Ribeir\u00e3o Preto-SP e Regi\u00e3o","link":"https:\/\/noticiasribeiraopreto.com.br\/index.php\/category\/noticias-de-ribeirao-preto-sp-e-regiao-ismael-colosi\/"},"img":{"alt_text":"","src":"https:\/\/i0.wp.com\/noticiasribeiraopreto.com.br\/wp-content\/uploads\/2024\/11\/3_fiscalizacao_corredores_central_-_foto_fernando_gonzaga_6.jpeg?fit=1200%2C800&ssl=1&resize=350%2C200","width":350,"height":200,"srcset":"https:\/\/i0.wp.com\/noticiasribeiraopreto.com.br\/wp-content\/uploads\/2024\/11\/3_fiscalizacao_corredores_central_-_foto_fernando_gonzaga_6.jpeg?fit=1200%2C800&ssl=1&resize=350%2C200 1x, https:\/\/i0.wp.com\/noticiasribeiraopreto.com.br\/wp-content\/uploads\/2024\/11\/3_fiscalizacao_corredores_central_-_foto_fernando_gonzaga_6.jpeg?fit=1200%2C800&ssl=1&resize=525%2C300 1.5x, https:\/\/i0.wp.com\/noticiasribeiraopreto.com.br\/wp-content\/uploads\/2024\/11\/3_fiscalizacao_corredores_central_-_foto_fernando_gonzaga_6.jpeg?fit=1200%2C800&ssl=1&resize=700%2C400 2x, https:\/\/i0.wp.com\/noticiasribeiraopreto.com.br\/wp-content\/uploads\/2024\/11\/3_fiscalizacao_corredores_central_-_foto_fernando_gonzaga_6.jpeg?fit=1200%2C800&ssl=1&resize=1050%2C600 3x"},"classes":[]},{"id":50609,"url":"https:\/\/noticiasribeiraopreto.com.br\/index.php\/2024\/05\/17\/justica-condena-em-r-3-milhoes-consorcio-que-administra-o-transporte-publico-de-ribeirao\/","url_meta":{"origin":73941,"position":3},"title":"Justi\u00e7a condena em R$ 3 milh\u00f5es cons\u00f3rcio que administra o transporte p\u00fablico de Ribeir\u00e3o","author":"noticiasribeiraopreto.com.br","date":"17 de May de 2024","format":false,"excerpt":"O TJ-SP (Tribunal de Justi\u00e7a de S\u00e3o Paulo) condenou o cons\u00f3rcio ProUrbano, respons\u00e1vel pelo transporte p\u00fablico de Ribeir\u00e3o Preto, a pagar R$ 3 milh\u00f5es para um fundo municipal, por atrasos, superlota\u00e7\u00e3o, falha na manuten\u00e7\u00e3o e at\u00e9 falta de seguran\u00e7a aos usu\u00e1rios. Apesar da condena\u00e7\u00e3o, o valor n\u00e3o tem data para\u2026","rel":"","context":"In &quot;Not\u00edcias de Ribeir\u00e3o Preto-SP e Regi\u00e3o&quot;","block_context":{"text":"Not\u00edcias de Ribeir\u00e3o Preto-SP e Regi\u00e3o","link":"https:\/\/noticiasribeiraopreto.com.br\/index.php\/category\/noticias-de-ribeirao-preto-sp-e-regiao-ismael-colosi\/"},"img":{"alt_text":"","src":"https:\/\/i0.wp.com\/noticiasribeiraopreto.com.br\/wp-content\/uploads\/2024\/05\/Copia-de-Copia-de-TAMANHO-EXATO-PARA-FOTOS-NO-SISTEMA-NOVO-12_2024-05-17_14-52-53_jpg_2024-05-17_14-52-53.webp.webp?fit=1200%2C675&ssl=1&resize=350%2C200","width":350,"height":200,"srcset":"https:\/\/i0.wp.com\/noticiasribeiraopreto.com.br\/wp-content\/uploads\/2024\/05\/Copia-de-Copia-de-TAMANHO-EXATO-PARA-FOTOS-NO-SISTEMA-NOVO-12_2024-05-17_14-52-53_jpg_2024-05-17_14-52-53.webp.webp?fit=1200%2C675&ssl=1&resize=350%2C200 1x, https:\/\/i0.wp.com\/noticiasribeiraopreto.com.br\/wp-content\/uploads\/2024\/05\/Copia-de-Copia-de-TAMANHO-EXATO-PARA-FOTOS-NO-SISTEMA-NOVO-12_2024-05-17_14-52-53_jpg_2024-05-17_14-52-53.webp.webp?fit=1200%2C675&ssl=1&resize=525%2C300 1.5x, https:\/\/i0.wp.com\/noticiasribeiraopreto.com.br\/wp-content\/uploads\/2024\/05\/Copia-de-Copia-de-TAMANHO-EXATO-PARA-FOTOS-NO-SISTEMA-NOVO-12_2024-05-17_14-52-53_jpg_2024-05-17_14-52-53.webp.webp?fit=1200%2C675&ssl=1&resize=700%2C400 2x, https:\/\/i0.wp.com\/noticiasribeiraopreto.com.br\/wp-content\/uploads\/2024\/05\/Copia-de-Copia-de-TAMANHO-EXATO-PARA-FOTOS-NO-SISTEMA-NOVO-12_2024-05-17_14-52-53_jpg_2024-05-17_14-52-53.webp.webp?fit=1200%2C675&ssl=1&resize=1050%2C600 3x"},"classes":[]},{"id":70479,"url":"https:\/\/noticiasribeiraopreto.com.br\/index.php\/2025\/05\/26\/justica-determina-devolucao-de-creditos-de-transporte-a-usuaria-em-ribeirao-preto\/","url_meta":{"origin":73941,"position":4},"title":"Justi\u00e7a determina devolu\u00e7\u00e3o de cr\u00e9ditos de transporte \u00e0 usu\u00e1ria em Ribeir\u00e3o Preto","author":"noticiasribeiraopreto.com.br","date":"26 de May de 2025","format":false,"excerpt":"A Justi\u00e7a determinou que a Prefeitura de Ribeir\u00e3o Preto e o cons\u00f3rcio Pr\u00f3Urbano devem devolver os cr\u00e9ditos vencidos a uma usu\u00e1ria do transporte coletivo do munic\u00edpio. A decis\u00e3o foi publicada nesta segunda-feira (26). De acordo com a ju\u00edza Lucilene Aparecida Canella de Melo, houve falha por parte dos r\u00e9us ao\u2026","rel":"","context":"In &quot;Not\u00edcias de Ribeir\u00e3o Preto-SP e Regi\u00e3o&quot;","block_context":{"text":"Not\u00edcias de Ribeir\u00e3o Preto-SP e Regi\u00e3o","link":"https:\/\/noticiasribeiraopreto.com.br\/index.php\/category\/noticias-de-ribeirao-preto-sp-e-regiao-ismael-colosi\/"},"img":{"alt_text":"","src":"https:\/\/i0.wp.com\/noticiasribeiraopreto.com.br\/wp-content\/uploads\/2025\/02\/Copia-de-Copia-de-Copia-de-TAMANHO-EXATO-PARA-FOTOS-NO-SISTEMA-NOVO-2025-02-06T173510.872_2025-02-06_20-35-26_png_2025-02-06_20-35-26.webp.webp?fit=1200%2C675&ssl=1&resize=350%2C200","width":350,"height":200,"srcset":"https:\/\/i0.wp.com\/noticiasribeiraopreto.com.br\/wp-content\/uploads\/2025\/02\/Copia-de-Copia-de-Copia-de-TAMANHO-EXATO-PARA-FOTOS-NO-SISTEMA-NOVO-2025-02-06T173510.872_2025-02-06_20-35-26_png_2025-02-06_20-35-26.webp.webp?fit=1200%2C675&ssl=1&resize=350%2C200 1x, https:\/\/i0.wp.com\/noticiasribeiraopreto.com.br\/wp-content\/uploads\/2025\/02\/Copia-de-Copia-de-Copia-de-TAMANHO-EXATO-PARA-FOTOS-NO-SISTEMA-NOVO-2025-02-06T173510.872_2025-02-06_20-35-26_png_2025-02-06_20-35-26.webp.webp?fit=1200%2C675&ssl=1&resize=525%2C300 1.5x, https:\/\/i0.wp.com\/noticiasribeiraopreto.com.br\/wp-content\/uploads\/2025\/02\/Copia-de-Copia-de-Copia-de-TAMANHO-EXATO-PARA-FOTOS-NO-SISTEMA-NOVO-2025-02-06T173510.872_2025-02-06_20-35-26_png_2025-02-06_20-35-26.webp.webp?fit=1200%2C675&ssl=1&resize=700%2C400 2x, https:\/\/i0.wp.com\/noticiasribeiraopreto.com.br\/wp-content\/uploads\/2025\/02\/Copia-de-Copia-de-Copia-de-TAMANHO-EXATO-PARA-FOTOS-NO-SISTEMA-NOVO-2025-02-06T173510.872_2025-02-06_20-35-26_png_2025-02-06_20-35-26.webp.webp?fit=1200%2C675&ssl=1&resize=1050%2C600 3x"},"classes":[]},{"id":50680,"url":"https:\/\/noticiasribeiraopreto.com.br\/index.php\/2024\/05\/17\/rp-mobi-anuncia-ampliacao-de-horario-em-linha-do-transporte-coletivo-de-ribeirao-preto\/","url_meta":{"origin":73941,"position":5},"title":"RP Mobi anuncia amplia\u00e7\u00e3o de hor\u00e1rio em linha do transporte coletivo de Ribeir\u00e3o Preto","author":"noticiasribeiraopreto.com.br","date":"17 de May de 2024","format":false,"excerpt":"A RP Mobi, empresa que gerencia o tr\u00e2nsito e o transporte urbano de Ribeir\u00e3o Preto, informou que far\u00e1 a amplia\u00e7\u00e3o dos hor\u00e1rios da linha 13 \u2013 Jardim Ouro Branco, a partir deste domingo (19). A medida tem o objetivo de adequar a oferta de transporte aos atuais n\u00edveis de demanda\u2026","rel":"","context":"In &quot;Not\u00edcias de Ribeir\u00e3o Preto-SP e Regi\u00e3o&quot;","block_context":{"text":"Not\u00edcias de Ribeir\u00e3o Preto-SP e Regi\u00e3o","link":"https:\/\/noticiasribeiraopreto.com.br\/index.php\/category\/noticias-de-ribeirao-preto-sp-e-regiao-ismael-colosi\/"},"img":{"alt_text":"","src":"https:\/\/i0.wp.com\/noticiasribeiraopreto.com.br\/wp-content\/uploads\/2024\/05\/alimentadoras_fotos_rpmobi__3.jpeg?fit=1200%2C900&ssl=1&resize=350%2C200","width":350,"height":200,"srcset":"https:\/\/i0.wp.com\/noticiasribeiraopreto.com.br\/wp-content\/uploads\/2024\/05\/alimentadoras_fotos_rpmobi__3.jpeg?fit=1200%2C900&ssl=1&resize=350%2C200 1x, https:\/\/i0.wp.com\/noticiasribeiraopreto.com.br\/wp-content\/uploads\/2024\/05\/alimentadoras_fotos_rpmobi__3.jpeg?fit=1200%2C900&ssl=1&resize=525%2C300 1.5x, https:\/\/i0.wp.com\/noticiasribeiraopreto.com.br\/wp-content\/uploads\/2024\/05\/alimentadoras_fotos_rpmobi__3.jpeg?fit=1200%2C900&ssl=1&resize=700%2C400 2x, https:\/\/i0.wp.com\/noticiasribeiraopreto.com.br\/wp-content\/uploads\/2024\/05\/alimentadoras_fotos_rpmobi__3.jpeg?fit=1200%2C900&ssl=1&resize=1050%2C600 3x"},"classes":[]}],"jetpack_sharing_enabled":true,"jetpack_shortlink":"https:\/\/wp.me\/peQAOb-jeB","_links":{"self":[{"href":"https:\/\/noticiasribeiraopreto.com.br\/index.php\/wp-json\/wp\/v2\/posts\/73941","targetHints":{"allow":["GET"]}}],"collection":[{"href":"https:\/\/noticiasribeiraopreto.com.br\/index.php\/wp-json\/wp\/v2\/posts"}],"about":[{"href":"https:\/\/noticiasribeiraopreto.com.br\/index.php\/wp-json\/wp\/v2\/types\/post"}],"author":[{"embeddable":true,"href":"https:\/\/noticiasribeiraopreto.com.br\/index.php\/wp-json\/wp\/v2\/users\/1"}],"replies":[{"embeddable":true,"href":"https:\/\/noticiasribeiraopreto.com.br\/index.php\/wp-json\/wp\/v2\/comments?post=73941"}],"version-history":[{"count":0,"href":"https:\/\/noticiasribeiraopreto.com.br\/index.php\/wp-json\/wp\/v2\/posts\/73941\/revisions"}],"wp:featuredmedia":[{"embeddable":true,"href":"https:\/\/noticiasribeiraopreto.com.br\/index.php\/wp-json\/wp\/v2\/media\/73407"}],"wp:attachment":[{"href":"https:\/\/noticiasribeiraopreto.com.br\/index.php\/wp-json\/wp\/v2\/media?parent=73941"}],"wp:term":[{"taxonomy":"category","embeddable":true,"href":"https:\/\/noticiasribeiraopreto.com.br\/index.php\/wp-json\/wp\/v2\/categories?post=73941"},{"taxonomy":"post_tag","embeddable":true,"href":"https:\/\/noticiasribeiraopreto.com.br\/index.php\/wp-json\/wp\/v2\/tags?post=73941"}],"curies":[{"name":"wp","href":"https:\/\/api.w.org\/{rel}","templated":true}]}}