{"id":73942,"date":"2025-07-12T20:01:30","date_gmt":"2025-07-12T23:01:30","guid":{"rendered":"https:\/\/noticiasribeiraopreto.com.br\/index.php\/2025\/07\/12\/comercial-tropeca-diante-do-uniao-sao-joao-e-sofre-primeira-derrota-na-copa-paulista\/"},"modified":"2025-07-12T20:01:30","modified_gmt":"2025-07-12T23:01:30","slug":"comercial-tropeca-diante-do-uniao-sao-joao-e-sofre-primeira-derrota-na-copa-paulista","status":"publish","type":"post","link":"https:\/\/noticiasribeiraopreto.com.br\/index.php\/2025\/07\/12\/comercial-tropeca-diante-do-uniao-sao-joao-e-sofre-primeira-derrota-na-copa-paulista\/","title":{"rendered":"Comercial trope\u00e7a diante do Uni\u00e3o S\u00e3o Jo\u00e3o e sofre primeira derrota na Copa Paulista"},"content":{"rendered":"<div class='code-block code-block-1' style='margin: 8px 0 8px auto; text-align: right; display: block; clear: both;'>\n<p><a href=\"https:\/\/wa.link\/vpicfd\"><img data-recalc-dims=\"1\" class=\"wp-image-4922\" style=\"aspect-ratio: 2.0253164556962027; width: 561px; height: auto;\" src=\"https:\/\/i0.wp.com\/ismaelcolosi.com.br\/wp-content\/uploads\/2023\/11\/grupo-de-empregos-whatsapp-e-facebook-ismael-colosi-vagas.jpg?ssl=1\" alt=\"\" \/><\/a><\/p>\n<!-- \/wp:image -->\n<\/div>\n<p> <br \/>\n<\/p>\n<div data-td-block-uid=\"tdi_95\">\n<div class=\"tdb-block-inner td-fix-index\">\n<p>O <strong>Comercial foi derrotado por 1 a 0 pelo Uni\u00e3o S\u00e3o Jo\u00e3o<\/strong> neste s\u00e1bado (12), pela quinta rodada do Grupo 2 da Copa Paulista, e <strong>perdeu a invencibilidade na competi\u00e7\u00e3o<\/strong>.<\/p>\n<p>O atacante <strong>Jonatan Da Ora<\/strong>, camisa 99, marcou o<strong> \u00fanico gol da partida<\/strong> aos 21 minutos do primeiro tempo, garantindo a vit\u00f3ria do time de Araras.<\/p>\n<p>Com o resultado, o <strong>Bafo caiu para a segunda coloca\u00e7\u00e3o no grupo e viu o Uni\u00e3o assumir a lideran\u00e7a.<\/strong><\/p>\n<h2 class=\"wp-block-heading\"><strong>Pr\u00f3ximos jogos:<\/strong><\/h2>\n<p>Na pr\u00f3xima rodada, o <strong>Comercial enfrenta a Francana no s\u00e1bado (19)<\/strong>, no est\u00e1dio Jos\u00e9 Lancha Filho, em Franca. No mesmo dia, o <strong>Uni\u00e3o S\u00e3o Jo\u00e3o visita a Itapirense<\/strong>, no est\u00e1dio Coronel Francisco Vieira, em Itapira.<\/p>\n<hr class=\"wp-block-separator has-alpha-channel-opacity\"\/>\n<p>SAIBA MAIS<br \/>Ex-goleiro que defendeu p\u00eanalti de Pel\u00e9 morre no interior de SP<\/p>\n<h3 class=\"wp-block-heading\"><strong>FIQUE ON\u00a0\u00a0\u00a0\u00a0\u00a0\u00a0\u00a0\u00a0\u00a0<\/strong><\/h3>\n<p>Quer ficar por dentro de tudo que acontece em Ribeir\u00e3o Preto e regi\u00e3o? Ent\u00e3o siga os perfis do\u202facidade on\u202fno\u202f<a href=\"https:\/\/www.instagram.com\/acidadeonribeirao\" target=\"_blank\" rel=\"noreferrer noopener\">Instagram<\/a>\u202fe no\u202f<a href=\"https:\/\/www.facebook.com\/acidadeonribeirao\/\" target=\"_blank\" rel=\"noreferrer noopener\">Facebook<\/a>.<\/p>\n<p>Al\u00e9m disso, voc\u00ea pode receber as principais not\u00edcias diretamente no WhatsApp. Para isso, basta\u00a0<a href=\"https:\/\/chat.whatsapp.com\/BjKQZ9oJwlz8VVT50NuePq\" target=\"_blank\" rel=\"noreferrer noopener\">entrar no grupo clicando aqui<\/a>.<\/p>\n<p>Por fim, se quiser fazer uma den\u00fancia ou sugerir uma reportagem sobre Ribeir\u00e3o Preto e regi\u00e3o, envie uma mensagem pelo WhatsApp: (16) 99117-7802.<\/p>\n<p>VEJA TAMB\u00c9M<br \/>Quais s\u00e3o as m\u00fasicas do novo \u00e1lbum de Justin Bieber?<mark style=\"background-color:#ffffff\" class=\"has-inline-color has-white-color\"> , por\u00e9m <\/mark><\/p>\n<p><!-- AI CONTENT END 1 -->\n<\/div>\n<\/div>\n<p><script async src=\"\/\/www.instagram.com\/embed.js\"><\/script><br \/>\n<br \/><br \/>\n<br \/><a href=\"https:\/\/www.acidadeon.com\/ribeiraopreto\/esportes\/comercial-tropeca-diante-do-uniao-sao-joao-e-sofre-primeira-derrota-na-copa-paulista\/\">Source link <\/a><\/p>\n<!-- CONTENT END 1 -->\n","protected":false},"excerpt":{"rendered":"<p>O Comercial foi derrotado por 1 a 0 pelo Uni\u00e3o S\u00e3o Jo\u00e3o neste s\u00e1bado (12), pela quinta rodada do Grupo 2 da Copa Paulista, e&#8230;<\/p>\n","protected":false},"author":1,"featured_media":73943,"comment_status":"open","ping_status":"open","sticky":false,"template":"","format":"standard","meta":{"advanced_seo_description":"","jetpack_seo_html_title":"","jetpack_seo_noindex":false,"jetpack_post_was_ever_published":false,"_jetpack_newsletter_access":"","_jetpack_dont_email_post_to_subs":false,"_jetpack_newsletter_tier_id":0,"_jetpack_memberships_contains_paywalled_content":false,"_jetpack_memberships_contains_paid_content":false,"footnotes":"","jetpack_publicize_message":"","jetpack_publicize_feature_enabled":true,"jetpack_social_post_already_shared":true,"jetpack_social_options":{"image_generator_settings":{"template":"highway","default_image_id":0,"font":"","enabled":false},"version":2}},"categories":[11],"tags":[],"class_list":["post-73942","post","type-post","status-publish","format-standard","has-post-thumbnail","hentry","category-noticias-de-ribeirao-preto-sp-e-regiao-ismael-colosi"],"jetpack_publicize_connections":[],"jetpack_featured_media_url":"https:\/\/i0.wp.com\/noticiasribeiraopreto.com.br\/wp-content\/uploads\/2025\/07\/Imagem-do-WhatsApp-de-2025-07-12-as-16.19.13_ec8c143b_2025-07-12_19-49-33.webp.webp?fit=1200%2C800&ssl=1","jetpack-related-posts":[{"id":74906,"url":"https:\/\/noticiasribeiraopreto.com.br\/index.php\/2025\/07\/31\/botafogo-empata-com-uniao-sao-joao-pela-copa-paulista-e-segue-na-vice-lanterna\/","url_meta":{"origin":73942,"position":0},"title":"Botafogo empata com Uni\u00e3o S\u00e3o Jo\u00e3o pela Copa Paulista e segue na vice-lanterna","author":"noticiasribeiraopreto.com.br","date":"31 de July de 2025","format":false,"excerpt":"O Botafogo ficou no empate por 2 a 2 com o Uni\u00e3o S\u00e3o Jo\u00e3o, em partida v\u00e1lida pela 7\u00aa rodada da Copa Paulista. O confronto foi disputado no Est\u00e1dio Doutor Herm\u00ednio Ometto, em Araras, nesta quarta-feira (30). Com o resultado, o Pantera permanece na vice-lanterna do Grupo 2, com 6\u2026","rel":"","context":"In &quot;Not\u00edcias de Ribeir\u00e3o Preto-SP e Regi\u00e3o&quot;","block_context":{"text":"Not\u00edcias de Ribeir\u00e3o Preto-SP e Regi\u00e3o","link":"https:\/\/noticiasribeiraopreto.com.br\/index.php\/category\/noticias-de-ribeirao-preto-sp-e-regiao-ismael-colosi\/"},"img":{"alt_text":"","src":"https:\/\/i0.wp.com\/noticiasribeiraopreto.com.br\/wp-content\/uploads\/2025\/07\/Copia-de-Copia-de-Copia-de-TAMANHO-EXATO-PARA-FOTOS-NO-SISTEMA-NOVO-2025-07-30T210530.333_2025-07-31_00-05-44.webp.webp?fit=1200%2C675&ssl=1&resize=350%2C200","width":350,"height":200,"srcset":"https:\/\/i0.wp.com\/noticiasribeiraopreto.com.br\/wp-content\/uploads\/2025\/07\/Copia-de-Copia-de-Copia-de-TAMANHO-EXATO-PARA-FOTOS-NO-SISTEMA-NOVO-2025-07-30T210530.333_2025-07-31_00-05-44.webp.webp?fit=1200%2C675&ssl=1&resize=350%2C200 1x, https:\/\/i0.wp.com\/noticiasribeiraopreto.com.br\/wp-content\/uploads\/2025\/07\/Copia-de-Copia-de-Copia-de-TAMANHO-EXATO-PARA-FOTOS-NO-SISTEMA-NOVO-2025-07-30T210530.333_2025-07-31_00-05-44.webp.webp?fit=1200%2C675&ssl=1&resize=525%2C300 1.5x, https:\/\/i0.wp.com\/noticiasribeiraopreto.com.br\/wp-content\/uploads\/2025\/07\/Copia-de-Copia-de-Copia-de-TAMANHO-EXATO-PARA-FOTOS-NO-SISTEMA-NOVO-2025-07-30T210530.333_2025-07-31_00-05-44.webp.webp?fit=1200%2C675&ssl=1&resize=700%2C400 2x, https:\/\/i0.wp.com\/noticiasribeiraopreto.com.br\/wp-content\/uploads\/2025\/07\/Copia-de-Copia-de-Copia-de-TAMANHO-EXATO-PARA-FOTOS-NO-SISTEMA-NOVO-2025-07-30T210530.333_2025-07-31_00-05-44.webp.webp?fit=1200%2C675&ssl=1&resize=1050%2C600 3x"},"classes":[]},{"id":75861,"url":"https:\/\/noticiasribeiraopreto.com.br\/index.php\/2025\/08\/16\/comercial-perde-para-uniao-sao-joao-mas-avanca-na-copa-paulista\/","url_meta":{"origin":73942,"position":1},"title":"Comercial perde para Uni\u00e3o S\u00e3o Jo\u00e3o, mas avan\u00e7a na Copa Paulista","author":"noticiasribeiraopreto.com.br","date":"16 de August de 2025","format":false,"excerpt":"Bafo j\u00e1 estava classificado de forma antecipada e precisava de empate para garantir lideran\u00e7a da chave 16 de agosto de 2025 17:4816 de agosto de 2025 17:496 Compartilhar1 Por Hugo Luque O Comercial foi derrotado pelo Uni\u00e3o S\u00e3o Jo\u00e3o por 1 a 0 neste s\u00e1bado (16), no Est\u00e1dio Doutor Herm\u00ednio\u2026","rel":"","context":"In &quot;Not\u00edcias de Ribeir\u00e3o Preto-SP e Regi\u00e3o&quot;","block_context":{"text":"Not\u00edcias de Ribeir\u00e3o Preto-SP e Regi\u00e3o","link":"https:\/\/noticiasribeiraopreto.com.br\/index.php\/category\/noticias-de-ribeirao-preto-sp-e-regiao-ismael-colosi\/"},"img":{"alt_text":"","src":"https:\/\/i0.wp.com\/noticiasribeiraopreto.com.br\/wp-content\/uploads\/2025\/08\/Uniao-Sao-Joao-x-Comercial-Carol-Custanari-scaled.jpg?fit=1027%2C780&ssl=1&resize=350%2C200","width":350,"height":200,"srcset":"https:\/\/i0.wp.com\/noticiasribeiraopreto.com.br\/wp-content\/uploads\/2025\/08\/Uniao-Sao-Joao-x-Comercial-Carol-Custanari-scaled.jpg?fit=1027%2C780&ssl=1&resize=350%2C200 1x, https:\/\/i0.wp.com\/noticiasribeiraopreto.com.br\/wp-content\/uploads\/2025\/08\/Uniao-Sao-Joao-x-Comercial-Carol-Custanari-scaled.jpg?fit=1027%2C780&ssl=1&resize=525%2C300 1.5x, https:\/\/i0.wp.com\/noticiasribeiraopreto.com.br\/wp-content\/uploads\/2025\/08\/Uniao-Sao-Joao-x-Comercial-Carol-Custanari-scaled.jpg?fit=1027%2C780&ssl=1&resize=700%2C400 2x"},"classes":[]},{"id":75837,"url":"https:\/\/noticiasribeiraopreto.com.br\/index.php\/2025\/08\/16\/comercial-defende-lideranca-contra-uniao-sao-joao-2\/","url_meta":{"origin":73942,"position":2},"title":"Comercial defende lideran\u00e7a contra Uni\u00e3o S\u00e3o Jo\u00e3o\u00a0","author":"noticiasribeiraopreto.com.br","date":"16 de August de 2025","format":false,"excerpt":"16 de agosto de 2025 11:3016 de agosto de 2025 11:108 Compartilhar0 Com equipe alternativa, o j\u00e1 classificado Bafo encerra a fase de grupos\u00a0 \u00a0Por Hugo Luque\u00a0 Garantido com anteced\u00eancia nas oitavas de final da Copa Paulista, o Comercial encerra a primeira fase do torneio neste s\u00e1bado (16), \u00e0s 15h,\u2026","rel":"","context":"In &quot;Not\u00edcias de Ribeir\u00e3o Preto-SP e Regi\u00e3o&quot;","block_context":{"text":"Not\u00edcias de Ribeir\u00e3o Preto-SP e Regi\u00e3o","link":"https:\/\/noticiasribeiraopreto.com.br\/index.php\/category\/noticias-de-ribeirao-preto-sp-e-regiao-ismael-colosi\/"},"img":{"alt_text":"","src":"https:\/\/i0.wp.com\/noticiasribeiraopreto.com.br\/wp-content\/uploads\/2025\/08\/bafo_-scaled.jpg?fit=1170%2C780&ssl=1&resize=350%2C200","width":350,"height":200,"srcset":"https:\/\/i0.wp.com\/noticiasribeiraopreto.com.br\/wp-content\/uploads\/2025\/08\/bafo_-scaled.jpg?fit=1170%2C780&ssl=1&resize=350%2C200 1x, https:\/\/i0.wp.com\/noticiasribeiraopreto.com.br\/wp-content\/uploads\/2025\/08\/bafo_-scaled.jpg?fit=1170%2C780&ssl=1&resize=525%2C300 1.5x, https:\/\/i0.wp.com\/noticiasribeiraopreto.com.br\/wp-content\/uploads\/2025\/08\/bafo_-scaled.jpg?fit=1170%2C780&ssl=1&resize=700%2C400 2x, https:\/\/i0.wp.com\/noticiasribeiraopreto.com.br\/wp-content\/uploads\/2025\/08\/bafo_-scaled.jpg?fit=1170%2C780&ssl=1&resize=1050%2C600 3x"},"classes":[]},{"id":75869,"url":"https:\/\/noticiasribeiraopreto.com.br\/index.php\/2025\/08\/16\/comercial-perde-em-araras-e-conhece-adversario-nas-oitavas-da-copa-paulista\/","url_meta":{"origin":73942,"position":3},"title":"Comercial perde em Araras e conhece advers\u00e1rio nas oitavas da Copa Paulista","author":"noticiasribeiraopreto.com.br","date":"16 de August de 2025","format":false,"excerpt":"O Comercial perdeu por 1 a 0 para o Uni\u00e3o S\u00e3o Jo\u00e3o na tarde deste s\u00e1bado (16), pela \u00faltima rodada da primeira fase da Copa Paulista 2025. A partida foi realizada no est\u00e1dio Doutor Herm\u00ednio Ometto, em Araras. O gol O Uni\u00e3o S\u00e3o Jo\u00e3o abriu o placar aos 26\u00a0 minutos\u2026","rel":"","context":"In &quot;Not\u00edcias de Ribeir\u00e3o Preto-SP e Regi\u00e3o&quot;","block_context":{"text":"Not\u00edcias de Ribeir\u00e3o Preto-SP e Regi\u00e3o","link":"https:\/\/noticiasribeiraopreto.com.br\/index.php\/category\/noticias-de-ribeirao-preto-sp-e-regiao-ismael-colosi\/"},"img":{"alt_text":"","src":"https:\/\/i0.wp.com\/noticiasribeiraopreto.com.br\/wp-content\/uploads\/2025\/08\/comercial-copa-paulista_2025-08-16_20-14-25.webp.webp?fit=1200%2C933&ssl=1&resize=350%2C200","width":350,"height":200,"srcset":"https:\/\/i0.wp.com\/noticiasribeiraopreto.com.br\/wp-content\/uploads\/2025\/08\/comercial-copa-paulista_2025-08-16_20-14-25.webp.webp?fit=1200%2C933&ssl=1&resize=350%2C200 1x, https:\/\/i0.wp.com\/noticiasribeiraopreto.com.br\/wp-content\/uploads\/2025\/08\/comercial-copa-paulista_2025-08-16_20-14-25.webp.webp?fit=1200%2C933&ssl=1&resize=525%2C300 1.5x, https:\/\/i0.wp.com\/noticiasribeiraopreto.com.br\/wp-content\/uploads\/2025\/08\/comercial-copa-paulista_2025-08-16_20-14-25.webp.webp?fit=1200%2C933&ssl=1&resize=700%2C400 2x, https:\/\/i0.wp.com\/noticiasribeiraopreto.com.br\/wp-content\/uploads\/2025\/08\/comercial-copa-paulista_2025-08-16_20-14-25.webp.webp?fit=1200%2C933&ssl=1&resize=1050%2C600 3x"},"classes":[]},{"id":73937,"url":"https:\/\/noticiasribeiraopreto.com.br\/index.php\/2025\/07\/12\/comercial-perde-para-uniao-sao-joao\/","url_meta":{"origin":73942,"position":4},"title":"Comercial perde para Uni\u00e3o S\u00e3o Jo\u00e3o","author":"noticiasribeiraopreto.com.br","date":"12 de July de 2025","format":false,"excerpt":"Le\u00e3o do Norte perde invencibilidade e lideran\u00e7a 12 de julho de 2025 17:2712 de julho de 2025 17:285 Compartilhar1 Por Hugo Luque O Comercial foi derrotado pelo Uni\u00e3o S\u00e3o Jo\u00e3o por 1 a 0 na tarde deste s\u00e1bado (12), no Palma Travassos, pela quinta rodada da Copa Paulista. O gol\u2026","rel":"","context":"In &quot;Not\u00edcias de Ribeir\u00e3o Preto-SP e Regi\u00e3o&quot;","block_context":{"text":"Not\u00edcias de Ribeir\u00e3o Preto-SP e Regi\u00e3o","link":"https:\/\/noticiasribeiraopreto.com.br\/index.php\/category\/noticias-de-ribeirao-preto-sp-e-regiao-ismael-colosi\/"},"img":{"alt_text":"","src":"https:\/\/i0.wp.com\/noticiasribeiraopreto.com.br\/wp-content\/uploads\/2025\/07\/ba2d6247-eb6e-414d-8780-29596ba06e4b-scaled.jpeg?fit=750%2C500&ssl=1&resize=350%2C200","width":350,"height":200,"srcset":"https:\/\/i0.wp.com\/noticiasribeiraopreto.com.br\/wp-content\/uploads\/2025\/07\/ba2d6247-eb6e-414d-8780-29596ba06e4b-scaled.jpeg?fit=750%2C500&ssl=1&resize=350%2C200 1x, https:\/\/i0.wp.com\/noticiasribeiraopreto.com.br\/wp-content\/uploads\/2025\/07\/ba2d6247-eb6e-414d-8780-29596ba06e4b-scaled.jpeg?fit=750%2C500&ssl=1&resize=525%2C300 1.5x, https:\/\/i0.wp.com\/noticiasribeiraopreto.com.br\/wp-content\/uploads\/2025\/07\/ba2d6247-eb6e-414d-8780-29596ba06e4b-scaled.jpeg?fit=750%2C500&ssl=1&resize=700%2C400 2x"},"classes":[]},{"id":73130,"url":"https:\/\/noticiasribeiraopreto.com.br\/index.php\/2025\/06\/25\/botafogo-empata-com-uniao-sao-joao-pela-copa-paulista\/","url_meta":{"origin":73942,"position":5},"title":"Botafogo empata com Uni\u00e3o S\u00e3o Jo\u00e3o pela Copa Paulista","author":"noticiasribeiraopreto.com.br","date":"25 de June de 2025","format":false,"excerpt":"Pantera sai na frente, mas cede igualdade no final e continua na lanterna 25 de junho de 2025 17:330 Compartilhar0 Por Hugo Luque O Botafogo empatou em 1 a 1 com o Uni\u00e3o S\u00e3o Jo\u00e3o nesta quarta-feira (25), no Est\u00e1dio Palma Travassos, pela segunda rodada da Copa Paulista. O Tricolor\u2026","rel":"","context":"In &quot;Not\u00edcias de Ribeir\u00e3o Preto-SP e Regi\u00e3o&quot;","block_context":{"text":"Not\u00edcias de Ribeir\u00e3o Preto-SP e Regi\u00e3o","link":"https:\/\/noticiasribeiraopreto.com.br\/index.php\/category\/noticias-de-ribeirao-preto-sp-e-regiao-ismael-colosi\/"},"img":{"alt_text":"","src":"https:\/\/i0.wp.com\/noticiasribeiraopreto.com.br\/wp-content\/uploads\/2025\/06\/1-Botafogo-x-Uniao-Sao-Joao-Raul-Ramos-scaled.jpg?fit=800%2C533&ssl=1&resize=350%2C200","width":350,"height":200,"srcset":"https:\/\/i0.wp.com\/noticiasribeiraopreto.com.br\/wp-content\/uploads\/2025\/06\/1-Botafogo-x-Uniao-Sao-Joao-Raul-Ramos-scaled.jpg?fit=800%2C533&ssl=1&resize=350%2C200 1x, https:\/\/i0.wp.com\/noticiasribeiraopreto.com.br\/wp-content\/uploads\/2025\/06\/1-Botafogo-x-Uniao-Sao-Joao-Raul-Ramos-scaled.jpg?fit=800%2C533&ssl=1&resize=525%2C300 1.5x, https:\/\/i0.wp.com\/noticiasribeiraopreto.com.br\/wp-content\/uploads\/2025\/06\/1-Botafogo-x-Uniao-Sao-Joao-Raul-Ramos-scaled.jpg?fit=800%2C533&ssl=1&resize=700%2C400 2x"},"classes":[]}],"jetpack_sharing_enabled":true,"jetpack_shortlink":"https:\/\/wp.me\/peQAOb-jeC","_links":{"self":[{"href":"https:\/\/noticiasribeiraopreto.com.br\/index.php\/wp-json\/wp\/v2\/posts\/73942","targetHints":{"allow":["GET"]}}],"collection":[{"href":"https:\/\/noticiasribeiraopreto.com.br\/index.php\/wp-json\/wp\/v2\/posts"}],"about":[{"href":"https:\/\/noticiasribeiraopreto.com.br\/index.php\/wp-json\/wp\/v2\/types\/post"}],"author":[{"embeddable":true,"href":"https:\/\/noticiasribeiraopreto.com.br\/index.php\/wp-json\/wp\/v2\/users\/1"}],"replies":[{"embeddable":true,"href":"https:\/\/noticiasribeiraopreto.com.br\/index.php\/wp-json\/wp\/v2\/comments?post=73942"}],"version-history":[{"count":0,"href":"https:\/\/noticiasribeiraopreto.com.br\/index.php\/wp-json\/wp\/v2\/posts\/73942\/revisions"}],"wp:featuredmedia":[{"embeddable":true,"href":"https:\/\/noticiasribeiraopreto.com.br\/index.php\/wp-json\/wp\/v2\/media\/73943"}],"wp:attachment":[{"href":"https:\/\/noticiasribeiraopreto.com.br\/index.php\/wp-json\/wp\/v2\/media?parent=73942"}],"wp:term":[{"taxonomy":"category","embeddable":true,"href":"https:\/\/noticiasribeiraopreto.com.br\/index.php\/wp-json\/wp\/v2\/categories?post=73942"},{"taxonomy":"post_tag","embeddable":true,"href":"https:\/\/noticiasribeiraopreto.com.br\/index.php\/wp-json\/wp\/v2\/tags?post=73942"}],"curies":[{"name":"wp","href":"https:\/\/api.w.org\/{rel}","templated":true}]}}