{"id":74063,"date":"2025-07-15T12:47:03","date_gmt":"2025-07-15T15:47:03","guid":{"rendered":"https:\/\/noticiasribeiraopreto.com.br\/index.php\/2025\/07\/15\/dupla-e-presa-por-tentar-furtar-r-300-mil-em-fios-em-obra-na-zona-oeste-de-ribeirao-preto\/"},"modified":"2025-07-15T12:47:03","modified_gmt":"2025-07-15T15:47:03","slug":"dupla-e-presa-por-tentar-furtar-r-300-mil-em-fios-em-obra-na-zona-oeste-de-ribeirao-preto","status":"publish","type":"post","link":"https:\/\/noticiasribeiraopreto.com.br\/index.php\/2025\/07\/15\/dupla-e-presa-por-tentar-furtar-r-300-mil-em-fios-em-obra-na-zona-oeste-de-ribeirao-preto\/","title":{"rendered":"Dupla \u00e9 presa por tentar furtar R$ 300 mil em fios em obra na zona Oeste de Ribeir\u00e3o Preto"},"content":{"rendered":"<div class='code-block code-block-1' style='margin: 8px 0 8px auto; text-align: right; display: block; clear: both;'>\n<p><a href=\"https:\/\/wa.link\/vpicfd\"><img data-recalc-dims=\"1\" class=\"wp-image-4922\" style=\"aspect-ratio: 2.0253164556962027; width: 561px; height: auto;\" src=\"https:\/\/i0.wp.com\/ismaelcolosi.com.br\/wp-content\/uploads\/2023\/11\/grupo-de-empregos-whatsapp-e-facebook-ismael-colosi-vagas.jpg?ssl=1\" alt=\"\" \/><\/a><\/p>\n<!-- \/wp:image -->\n<\/div>\n<p> <br \/>\n<\/p>\n<div data-td-block-uid=\"tdi_95\">\n<div class=\"tdb-block-inner td-fix-index\">\n<p><strong>Dois homens foram presos na noite desta segunda-feira (14) por tentativa furto de fios de cobre avaliados em R$ 300 mil na obra da Pra\u00e7a da Cidadania, na avenida C\u00e1sper L\u00edbero, no Parque Ribeir\u00e3o Preto, zona Oeste da cidade.<\/strong><\/p>\n<p>A <strong>PM (Pol\u00edcia Militar)<\/strong> foi acionada pelo sistema de monitoramento da obra e os suspeitos foram detidos no local.<\/p>\n<p>Os policiais apreenderam com a dupla <strong>duas facas e dois disjuntores<\/strong>. O furto causou uma queda de energia na \u00e1rea.<\/p>\n<p>Segundo o<strong> boletim de ocorr\u00eancia (BO)<\/strong>, os homens tentaram arrombar o cadeado de um c\u00f4modo interno onde estavam guardados os cabos avaliados em <strong>R$ 300 mil<\/strong>, mas n\u00e3o conseguiram acessar o local.<\/p>\n<p>O caso foi registrado na\u00a0<strong>CPJ (Central de Pol\u00edcia Judici\u00e1ria) Permanente\u00a0<\/strong>como flagrante de tentativa de furto qualificado de fios e cabos.<\/p>\n<h2 class=\"wp-block-heading\"><strong>Outro lado<\/strong><\/h2>\n<p>A <strong>Prefeitura de Ribeir\u00e3o Preto <\/strong>disse, por meio de nota de imprensa ao <strong>acidade on<\/strong>, que dever\u00e1 intensificar as rondas no local com a GCM (Guarda Civil Municipal).<\/p>\n<p>Ainda de acordo com o Executivo, o endere\u00e7o j\u00e1 foi encaminhado \u00e0 Conecta Ribeir\u00e3o e Secretaria de Infraestrutura, para avalia\u00e7\u00e3o e posterior manuten\u00e7\u00f5es necess\u00e1rias para reestabelecer a ilumina\u00e7\u00e3o p\u00fablica.<\/p>\n<p>SAIBA MAIS<\/p>\n<p>Cresce o n\u00famero de acidentes com escorpi\u00e3o em Ribeir\u00e3o Preto; Veja dicas<\/p>\n<h3 class=\"wp-block-heading\"><strong>FIQUE ON\u00a0\u00a0\u00a0\u00a0\u00a0\u00a0\u00a0\u00a0\u00a0<\/strong><\/h3>\n<p>Quer ficar por dentro de tudo que acontece em Ribeir\u00e3o Preto e regi\u00e3o? Ent\u00e3o siga os perfis do\u202facidade on\u202fno\u202f<a href=\"https:\/\/www.instagram.com\/acidadeonribeirao\" target=\"_blank\" rel=\"noreferrer noopener\">Instagram<\/a>\u202fe no\u202f<a href=\"https:\/\/www.facebook.com\/acidadeonribeirao\/\" target=\"_blank\" rel=\"noreferrer noopener\">Facebook<\/a>.<\/p>\n<p>Al\u00e9m disso, voc\u00ea pode receber as principais not\u00edcias diretamente no WhatsApp. Para isso, basta\u00a0<a href=\"https:\/\/chat.whatsapp.com\/BjKQZ9oJwlz8VVT50NuePq\" target=\"_blank\" rel=\"noreferrer noopener\">entrar no grupo clicando aqui<\/a>.<\/p>\n<p>Por fim, se quiser fazer uma den\u00fancia ou sugerir uma reportagem sobre Ribeir\u00e3o Preto e regi\u00e3o, envie uma mensagem pelo WhatsApp: (16) 99117-7802.<\/p>\n<p>VEJA TAMB\u00c9M<\/p>\n<p>Por quantos anos Bolsonaro pode ficar preso?<\/p>\n<p><!-- AI CONTENT END 1 -->\n<\/div>\n<\/div>\n<p><script async src=\"\/\/www.instagram.com\/embed.js\"><\/script><br \/>\n<br \/><br \/>\n<br \/><a href=\"https:\/\/www.acidadeon.com\/ribeiraopreto\/cotidiano\/dupla-e-presa-por-tentar-furtar-r-300-mil-em-fios-em-obra-na-zona-oeste-de-ribeirao-preto\/\">Source link <\/a><\/p>\n<!-- CONTENT END 1 -->\n","protected":false},"excerpt":{"rendered":"<p>Dois homens foram presos na noite desta segunda-feira (14) por tentativa furto de fios de cobre avaliados em R$ 300 mil na obra da Pra\u00e7a&#8230;<\/p>\n","protected":false},"author":1,"featured_media":74064,"comment_status":"open","ping_status":"open","sticky":false,"template":"","format":"standard","meta":{"advanced_seo_description":"","jetpack_seo_html_title":"","jetpack_seo_noindex":false,"jetpack_post_was_ever_published":false,"_jetpack_newsletter_access":"","_jetpack_dont_email_post_to_subs":false,"_jetpack_newsletter_tier_id":0,"_jetpack_memberships_contains_paywalled_content":false,"_jetpack_memberships_contains_paid_content":false,"footnotes":"","jetpack_publicize_message":"","jetpack_publicize_feature_enabled":true,"jetpack_social_post_already_shared":true,"jetpack_social_options":{"image_generator_settings":{"template":"highway","default_image_id":0,"font":"","enabled":false},"version":2}},"categories":[11],"tags":[],"class_list":["post-74063","post","type-post","status-publish","format-standard","has-post-thumbnail","hentry","category-noticias-de-ribeirao-preto-sp-e-regiao-ismael-colosi"],"jetpack_publicize_connections":[],"jetpack_featured_media_url":"https:\/\/i0.wp.com\/noticiasribeiraopreto.com.br\/wp-content\/uploads\/2025\/07\/sirene_pm_1024x576_04022021085205.jpg?fit=1024%2C576&ssl=1","jetpack-related-posts":[{"id":45315,"url":"https:\/\/noticiasribeiraopreto.com.br\/index.php\/2024\/04\/03\/homem-e-preso-por-tentativa-de-furto-de-r-8-mil-em-chocolates\/","url_meta":{"origin":74063,"position":0},"title":"Homem \u00e9 preso por tentativa de furto de R$ 8 mil em chocolates","author":"noticiasribeiraopreto.com.br","date":"3 de April de 2024","format":false,"excerpt":"3 de abril de 2024 | 16:30 0 Um homem foi preso suspeito de tentativa de furto de chocolates avaliados em R$ 8 mil, na noite desta ter\u00e7a (2). Segundo o\u00a0boletim de ocorr\u00eancia (BO), o\u00a0homem de 39 anos, foi\u00a0detido\u00a0pela seguran\u00e7a do\u00a0Assa\u00ed na zona leste de Ribeir\u00e3o Preto, j\u00e1 no\u00a0estacionamento\u00a0da unidade\u2026","rel":"","context":"In &quot;Not\u00edcias de Ribeir\u00e3o Preto-SP e Regi\u00e3o&quot;","block_context":{"text":"Not\u00edcias de Ribeir\u00e3o Preto-SP e Regi\u00e3o","link":"https:\/\/noticiasribeiraopreto.com.br\/index.php\/category\/noticias-de-ribeirao-preto-sp-e-regiao-ismael-colosi\/"},"img":{"alt_text":"","src":"https:\/\/i0.wp.com\/noticiasribeiraopreto.com.br\/wp-content\/uploads\/2024\/04\/Hs_5Ce8ecmXodh-AdEVHyT07irPaZ-zAAhYkKYRJgS5CVzHKs0cAAdyeAF9TIgyh4KI5gqYmyuIDwJnf2f9wCdNvJ5WbQOlSoRr5zmmzMalyR1-RQxvlOtTZkJq9G_GPUiVZ6_WX-1-1-1536x1024-1.jpeg?fit=750%2C500&ssl=1&resize=350%2C200","width":350,"height":200,"srcset":"https:\/\/i0.wp.com\/noticiasribeiraopreto.com.br\/wp-content\/uploads\/2024\/04\/Hs_5Ce8ecmXodh-AdEVHyT07irPaZ-zAAhYkKYRJgS5CVzHKs0cAAdyeAF9TIgyh4KI5gqYmyuIDwJnf2f9wCdNvJ5WbQOlSoRr5zmmzMalyR1-RQxvlOtTZkJq9G_GPUiVZ6_WX-1-1-1536x1024-1.jpeg?fit=750%2C500&ssl=1&resize=350%2C200 1x, https:\/\/i0.wp.com\/noticiasribeiraopreto.com.br\/wp-content\/uploads\/2024\/04\/Hs_5Ce8ecmXodh-AdEVHyT07irPaZ-zAAhYkKYRJgS5CVzHKs0cAAdyeAF9TIgyh4KI5gqYmyuIDwJnf2f9wCdNvJ5WbQOlSoRr5zmmzMalyR1-RQxvlOtTZkJq9G_GPUiVZ6_WX-1-1-1536x1024-1.jpeg?fit=750%2C500&ssl=1&resize=525%2C300 1.5x, https:\/\/i0.wp.com\/noticiasribeiraopreto.com.br\/wp-content\/uploads\/2024\/04\/Hs_5Ce8ecmXodh-AdEVHyT07irPaZ-zAAhYkKYRJgS5CVzHKs0cAAdyeAF9TIgyh4KI5gqYmyuIDwJnf2f9wCdNvJ5WbQOlSoRr5zmmzMalyR1-RQxvlOtTZkJq9G_GPUiVZ6_WX-1-1-1536x1024-1.jpeg?fit=750%2C500&ssl=1&resize=700%2C400 2x"},"classes":[]},{"id":71259,"url":"https:\/\/noticiasribeiraopreto.com.br\/index.php\/2025\/06\/04\/dois-sao-presos-por-furto-de-sacas-de-acucar-de-trem-em-movimento\/","url_meta":{"origin":74063,"position":1},"title":"Dois s\u00e3o presos por furto de sacas de a\u00e7\u00facar de trem em movimento","author":"noticiasribeiraopreto.com.br","date":"4 de June de 2025","format":false,"excerpt":"Dois homens foram presos na madrugada desta quarta-feira (4) suspeito de furto de sacas a\u00e7\u00facar de um trem em movimento, em Ituverava, a 100 quil\u00f4metros de Ribeir\u00e3o Preto. Segundo o boletim de ocorr\u00eancia (BO), vigilantes particulares perceberam a a\u00e7\u00e3o enquanto monitoravam os vag\u00f5es por drone. Uma picape, que seria da\u2026","rel":"","context":"In &quot;Not\u00edcias de Ribeir\u00e3o Preto-SP e Regi\u00e3o&quot;","block_context":{"text":"Not\u00edcias de Ribeir\u00e3o Preto-SP e Regi\u00e3o","link":"https:\/\/noticiasribeiraopreto.com.br\/index.php\/category\/noticias-de-ribeirao-preto-sp-e-regiao-ismael-colosi\/"},"img":{"alt_text":"","src":"https:\/\/i0.wp.com\/noticiasribeiraopreto.com.br\/wp-content\/uploads\/2025\/06\/WhatsApp-Image-2025-06-04-at-11.24.21_2025-06-04_14-51-12.webp.webp?fit=1200%2C900&ssl=1&resize=350%2C200","width":350,"height":200,"srcset":"https:\/\/i0.wp.com\/noticiasribeiraopreto.com.br\/wp-content\/uploads\/2025\/06\/WhatsApp-Image-2025-06-04-at-11.24.21_2025-06-04_14-51-12.webp.webp?fit=1200%2C900&ssl=1&resize=350%2C200 1x, https:\/\/i0.wp.com\/noticiasribeiraopreto.com.br\/wp-content\/uploads\/2025\/06\/WhatsApp-Image-2025-06-04-at-11.24.21_2025-06-04_14-51-12.webp.webp?fit=1200%2C900&ssl=1&resize=525%2C300 1.5x, https:\/\/i0.wp.com\/noticiasribeiraopreto.com.br\/wp-content\/uploads\/2025\/06\/WhatsApp-Image-2025-06-04-at-11.24.21_2025-06-04_14-51-12.webp.webp?fit=1200%2C900&ssl=1&resize=700%2C400 2x, https:\/\/i0.wp.com\/noticiasribeiraopreto.com.br\/wp-content\/uploads\/2025\/06\/WhatsApp-Image-2025-06-04-at-11.24.21_2025-06-04_14-51-12.webp.webp?fit=1200%2C900&ssl=1&resize=1050%2C600 3x"},"classes":[]},{"id":65359,"url":"https:\/\/noticiasribeiraopreto.com.br\/index.php\/2025\/03\/19\/forca-tarefa-contra-furto-de-fios-prende-dois-homens-em-ribeirao-preto-video\/","url_meta":{"origin":74063,"position":2},"title":"For\u00e7a-tarefa contra furto de fios prende dois homens em Ribeir\u00e3o Preto; V\u00eddeo","author":"noticiasribeiraopreto.com.br","date":"19 de March de 2025","format":false,"excerpt":"Uma for\u00e7a-tarefa prendeu dois homens nesta ter\u00e7a-feira (18), durante uma opera\u00e7\u00e3o em ferros-velhos com objetivo de coibir o furto de fios da rede el\u00e9trica, em Ribeir\u00e3o Preto. Assista ao v\u00eddeo abaixo. Segundo a PM (Pol\u00edcia Militar), a dupla estava em uma resid\u00eancia invadida que funcionava como ferro-velho, na rua Luiz\u2026","rel":"","context":"In &quot;Not\u00edcias de Ribeir\u00e3o Preto-SP e Regi\u00e3o&quot;","block_context":{"text":"Not\u00edcias de Ribeir\u00e3o Preto-SP e Regi\u00e3o","link":"https:\/\/noticiasribeiraopreto.com.br\/index.php\/category\/noticias-de-ribeirao-preto-sp-e-regiao-ismael-colosi\/"},"img":{"alt_text":"","src":"https:\/\/i0.wp.com\/noticiasribeiraopreto.com.br\/wp-content\/uploads\/2025\/03\/WhatsApp-Image-2025-03-18-at-21.45.41_2025-03-19_11-45-50_jpeg_2025-03-19_11-45-50.webp.webp?fit=1200%2C675&ssl=1&resize=350%2C200","width":350,"height":200,"srcset":"https:\/\/i0.wp.com\/noticiasribeiraopreto.com.br\/wp-content\/uploads\/2025\/03\/WhatsApp-Image-2025-03-18-at-21.45.41_2025-03-19_11-45-50_jpeg_2025-03-19_11-45-50.webp.webp?fit=1200%2C675&ssl=1&resize=350%2C200 1x, https:\/\/i0.wp.com\/noticiasribeiraopreto.com.br\/wp-content\/uploads\/2025\/03\/WhatsApp-Image-2025-03-18-at-21.45.41_2025-03-19_11-45-50_jpeg_2025-03-19_11-45-50.webp.webp?fit=1200%2C675&ssl=1&resize=525%2C300 1.5x, https:\/\/i0.wp.com\/noticiasribeiraopreto.com.br\/wp-content\/uploads\/2025\/03\/WhatsApp-Image-2025-03-18-at-21.45.41_2025-03-19_11-45-50_jpeg_2025-03-19_11-45-50.webp.webp?fit=1200%2C675&ssl=1&resize=700%2C400 2x, https:\/\/i0.wp.com\/noticiasribeiraopreto.com.br\/wp-content\/uploads\/2025\/03\/WhatsApp-Image-2025-03-18-at-21.45.41_2025-03-19_11-45-50_jpeg_2025-03-19_11-45-50.webp.webp?fit=1200%2C675&ssl=1&resize=1050%2C600 3x"},"classes":[]},{"id":48855,"url":"https:\/\/noticiasribeiraopreto.com.br\/index.php\/2024\/05\/07\/dois-homens-sao-presos-por-furto-de-combustivel-em-ribeirao-preto\/","url_meta":{"origin":74063,"position":3},"title":"Dois homens s\u00e3o presos por furto de combust\u00edvel em Ribeir\u00e3o Preto","author":"noticiasribeiraopreto.com.br","date":"7 de May de 2024","format":false,"excerpt":"Dois homens foram presos em flagrante por furto de combust\u00edvel na noite da \u00faltima segunda-feira (6), em Ribeir\u00e3o Preto. Os criminosos foram detidos na rodovia Alexandre Balbo (Anel Vi\u00e1rio Norte), pr\u00f3ximo de uma distribuidora de combust\u00edveis. Segundo o BO (boletim de ocorr\u00eancia), agentes da Pol\u00edcia Militar Rodovi\u00e1ria patrulhava pela \u00e1rea\u2026","rel":"","context":"In &quot;Not\u00edcias de Ribeir\u00e3o Preto-SP e Regi\u00e3o&quot;","block_context":{"text":"Not\u00edcias de Ribeir\u00e3o Preto-SP e Regi\u00e3o","link":"https:\/\/noticiasribeiraopreto.com.br\/index.php\/category\/noticias-de-ribeirao-preto-sp-e-regiao-ismael-colosi\/"},"img":{"alt_text":"","src":"https:\/\/i0.wp.com\/noticiasribeiraopreto.com.br\/wp-content\/uploads\/2024\/05\/policia_militar_1024x576_17072021134619.jpg?fit=1024%2C576&ssl=1&resize=350%2C200","width":350,"height":200,"srcset":"https:\/\/i0.wp.com\/noticiasribeiraopreto.com.br\/wp-content\/uploads\/2024\/05\/policia_militar_1024x576_17072021134619.jpg?fit=1024%2C576&ssl=1&resize=350%2C200 1x, https:\/\/i0.wp.com\/noticiasribeiraopreto.com.br\/wp-content\/uploads\/2024\/05\/policia_militar_1024x576_17072021134619.jpg?fit=1024%2C576&ssl=1&resize=525%2C300 1.5x, https:\/\/i0.wp.com\/noticiasribeiraopreto.com.br\/wp-content\/uploads\/2024\/05\/policia_militar_1024x576_17072021134619.jpg?fit=1024%2C576&ssl=1&resize=700%2C400 2x"},"classes":[]},{"id":60308,"url":"https:\/\/noticiasribeiraopreto.com.br\/index.php\/2024\/11\/11\/dupla-e-presa-por-furto-de-barco-na-zona-sul-de-ribeirao-preto\/","url_meta":{"origin":74063,"position":4},"title":"Dupla \u00e9 presa por furto de barco na zona Sul de Ribeir\u00e3o Preto","author":"noticiasribeiraopreto.com.br","date":"11 de November de 2024","format":false,"excerpt":"Dois homens foram presos por furto de um barco e um motor na madrugada desta segunda-feira (11), em um com\u00e9rcio no Alto da Boa Vista, zona Sul de Ribeir\u00e3o Preto. A PM (Pol\u00edcia Militar) abordou a dupla em carro pela avenida Brasil, na regi\u00e3o Norte, com o barco acoplado ao\u2026","rel":"","context":"In &quot;Not\u00edcias de Ribeir\u00e3o Preto-SP e Regi\u00e3o&quot;","block_context":{"text":"Not\u00edcias de Ribeir\u00e3o Preto-SP e Regi\u00e3o","link":"https:\/\/noticiasribeiraopreto.com.br\/index.php\/category\/noticias-de-ribeirao-preto-sp-e-regiao-ismael-colosi\/"},"img":{"alt_text":"","src":"https:\/\/i0.wp.com\/noticiasribeiraopreto.com.br\/wp-content\/uploads\/2024\/11\/BARCO_2024-11-11_11-19-12_jpg_2024-11-11_11-19-13.webp.webp?fit=1200%2C595&ssl=1&resize=350%2C200","width":350,"height":200,"srcset":"https:\/\/i0.wp.com\/noticiasribeiraopreto.com.br\/wp-content\/uploads\/2024\/11\/BARCO_2024-11-11_11-19-12_jpg_2024-11-11_11-19-13.webp.webp?fit=1200%2C595&ssl=1&resize=350%2C200 1x, https:\/\/i0.wp.com\/noticiasribeiraopreto.com.br\/wp-content\/uploads\/2024\/11\/BARCO_2024-11-11_11-19-12_jpg_2024-11-11_11-19-13.webp.webp?fit=1200%2C595&ssl=1&resize=525%2C300 1.5x, https:\/\/i0.wp.com\/noticiasribeiraopreto.com.br\/wp-content\/uploads\/2024\/11\/BARCO_2024-11-11_11-19-12_jpg_2024-11-11_11-19-13.webp.webp?fit=1200%2C595&ssl=1&resize=700%2C400 2x, https:\/\/i0.wp.com\/noticiasribeiraopreto.com.br\/wp-content\/uploads\/2024\/11\/BARCO_2024-11-11_11-19-12_jpg_2024-11-11_11-19-13.webp.webp?fit=1200%2C595&ssl=1&resize=1050%2C600 3x"},"classes":[]},{"id":62387,"url":"https:\/\/noticiasribeiraopreto.com.br\/index.php\/2025\/01\/13\/dois-sao-presos-por-tentativa-de-furto-de-telhas-em-casa-de-ribeirao-preto\/","url_meta":{"origin":74063,"position":5},"title":"Dois s\u00e3o presos por tentativa de furto de telhas em casa de Ribeir\u00e3o Preto","author":"noticiasribeiraopreto.com.br","date":"13 de January de 2025","format":false,"excerpt":"Dois homens foram presos neste domingo (12) suspeitos de tentativa de furto de telhas em uma resid\u00eancia no Jardim Anhanguera, zona Leste de Ribeir\u00e3o Preto. Segundo o boletim de ocorr\u00eancia (B), a GCM (Guarda Civil Metropolitana) foi chamada at\u00e9 ao im\u00f3vel, na avenida Bar\u00e3o do Bananal, onde encontrou um dos\u2026","rel":"","context":"In &quot;Not\u00edcias de Ribeir\u00e3o Preto-SP e Regi\u00e3o&quot;","block_context":{"text":"Not\u00edcias de Ribeir\u00e3o Preto-SP e Regi\u00e3o","link":"https:\/\/noticiasribeiraopreto.com.br\/index.php\/category\/noticias-de-ribeirao-preto-sp-e-regiao-ismael-colosi\/"},"img":{"alt_text":"","src":"https:\/\/i0.wp.com\/noticiasribeiraopreto.com.br\/wp-content\/uploads\/2025\/01\/cpj_1024x576_21012021092745.jpg?fit=1024%2C575&ssl=1&resize=350%2C200","width":350,"height":200,"srcset":"https:\/\/i0.wp.com\/noticiasribeiraopreto.com.br\/wp-content\/uploads\/2025\/01\/cpj_1024x576_21012021092745.jpg?fit=1024%2C575&ssl=1&resize=350%2C200 1x, https:\/\/i0.wp.com\/noticiasribeiraopreto.com.br\/wp-content\/uploads\/2025\/01\/cpj_1024x576_21012021092745.jpg?fit=1024%2C575&ssl=1&resize=525%2C300 1.5x, https:\/\/i0.wp.com\/noticiasribeiraopreto.com.br\/wp-content\/uploads\/2025\/01\/cpj_1024x576_21012021092745.jpg?fit=1024%2C575&ssl=1&resize=700%2C400 2x"},"classes":[]}],"jetpack_sharing_enabled":true,"jetpack_shortlink":"https:\/\/wp.me\/peQAOb-jgz","_links":{"self":[{"href":"https:\/\/noticiasribeiraopreto.com.br\/index.php\/wp-json\/wp\/v2\/posts\/74063","targetHints":{"allow":["GET"]}}],"collection":[{"href":"https:\/\/noticiasribeiraopreto.com.br\/index.php\/wp-json\/wp\/v2\/posts"}],"about":[{"href":"https:\/\/noticiasribeiraopreto.com.br\/index.php\/wp-json\/wp\/v2\/types\/post"}],"author":[{"embeddable":true,"href":"https:\/\/noticiasribeiraopreto.com.br\/index.php\/wp-json\/wp\/v2\/users\/1"}],"replies":[{"embeddable":true,"href":"https:\/\/noticiasribeiraopreto.com.br\/index.php\/wp-json\/wp\/v2\/comments?post=74063"}],"version-history":[{"count":0,"href":"https:\/\/noticiasribeiraopreto.com.br\/index.php\/wp-json\/wp\/v2\/posts\/74063\/revisions"}],"wp:featuredmedia":[{"embeddable":true,"href":"https:\/\/noticiasribeiraopreto.com.br\/index.php\/wp-json\/wp\/v2\/media\/74064"}],"wp:attachment":[{"href":"https:\/\/noticiasribeiraopreto.com.br\/index.php\/wp-json\/wp\/v2\/media?parent=74063"}],"wp:term":[{"taxonomy":"category","embeddable":true,"href":"https:\/\/noticiasribeiraopreto.com.br\/index.php\/wp-json\/wp\/v2\/categories?post=74063"},{"taxonomy":"post_tag","embeddable":true,"href":"https:\/\/noticiasribeiraopreto.com.br\/index.php\/wp-json\/wp\/v2\/tags?post=74063"}],"curies":[{"name":"wp","href":"https:\/\/api.w.org\/{rel}","templated":true}]}}