{"id":74065,"date":"2025-07-15T12:54:44","date_gmt":"2025-07-15T15:54:44","guid":{"rendered":"https:\/\/noticiasribeiraopreto.com.br\/index.php\/2025\/07\/15\/calor-em-pleno-inverno-confira-como-fica-o-tempo-nos-proximos-dias\/"},"modified":"2025-07-15T12:54:44","modified_gmt":"2025-07-15T15:54:44","slug":"calor-em-pleno-inverno-confira-como-fica-o-tempo-nos-proximos-dias","status":"publish","type":"post","link":"https:\/\/noticiasribeiraopreto.com.br\/index.php\/2025\/07\/15\/calor-em-pleno-inverno-confira-como-fica-o-tempo-nos-proximos-dias\/","title":{"rendered":"Calor em pleno inverno? Confira como fica o tempo nos pr\u00f3ximos dias"},"content":{"rendered":"<div class='code-block code-block-1' style='margin: 8px 0 8px auto; text-align: right; display: block; clear: both;'>\n<p><a href=\"https:\/\/wa.link\/vpicfd\"><img data-recalc-dims=\"1\" class=\"wp-image-4922\" style=\"aspect-ratio: 2.0253164556962027; width: 561px; height: auto;\" src=\"https:\/\/i0.wp.com\/ismaelcolosi.com.br\/wp-content\/uploads\/2023\/11\/grupo-de-empregos-whatsapp-e-facebook-ismael-colosi-vagas.jpg?ssl=1\" alt=\"\" \/><\/a><\/p>\n<!-- \/wp:image -->\n<\/div>\n<p> <br \/>\n<\/p>\n<div data-td-block-uid=\"tdi_95\">\n<div class=\"tdb-block-inner td-fix-index\">\n<p><strong>As temperaturas podem se elevar ainda mais no decorrer desta semana, devido ao predom\u00ednio de sol no interior de S\u00e3o Paulo.<\/strong><\/p>\n<p>Segundo a <a href=\"https:\/\/www.climatempo.com.br\/\">Climatempo<\/a>, <mark style=\"background-color:#fcb900\" class=\"has-inline-color has-black-color\">a expectativa \u00e9 de que as m\u00e1ximas permane\u00e7am mais elevadas em compara\u00e7\u00e3o com a semana passada. H\u00e1 alerta para a baixa umidade relativa do ar \u00e0 tarde.<\/mark><\/p>\n<p>As manh\u00e3s, contudo, seguem com temperaturas mais amenas.<\/p>\n<h2 class=\"wp-block-heading\"><strong>Mudan\u00e7a?<\/strong><\/h2>\n<p>Na pr\u00f3xima quinta-feira (17), a condi\u00e7\u00e3o de pr\u00e9-frontal \u2013 quando o ar quente \u00e9 empurrado pelo ar mais frio \u2013 traz a expectativa de pico de calor \u00e0 regi\u00e3o de Ribeir\u00e3o Preto. N\u00e3o h\u00e1, por\u00e9m, previs\u00e3o de chuva.<\/p>\n<h3 class=\"wp-block-heading\"><strong>Veja a previs\u00e3o do tempo em Ribeir\u00e3o Preto:<\/strong><\/h3>\n<p>14\u00b0C \/ 26\u00b0C<\/p>\n<p>Chuva: 0 mm \/ 0%<\/p>\n<p>Umidade do ar: 32% \/ 73%<\/p>\n<p>13\u00b0C \/ 27\u00b0C<\/p>\n<p>Chuva: 0 mm \/ 0%<\/p>\n<p>Umidade do ar: 29% \/ 70%<\/p>\n<p>13\u00b0C \/ 28\u00b0C<\/p>\n<p>Chuva: 0 mm \/ 0%<\/p>\n<p>Umidade do ar: 28% \/ 68%<\/p>\n<p>13\u00b0C \/ 27\u00b0C<\/p>\n<p>Chuva: 0 mm \/ 0%<\/p>\n<p>Umidade do ar: 29% \/ 70%<\/p>\n<p>13\u00b0C \/ 27\u00b0C<\/p>\n<p>Chuva: 0 mm \/ 0%<\/p>\n<p>Umidade do ar: 24% \/ 63%<\/p>\n<p>Fonte: Climatempo<\/p>\n<p>SAIBA MAIS<\/p>\n<p>Cresce o n\u00famero de acidentes com escorpi\u00e3o em Ribeir\u00e3o Preto; Veja dicas<\/p>\n<h2 class=\"wp-block-heading\"><strong>FIQUE ON<\/strong><\/h2>\n<p>Quer ficar por dentro de tudo que acontece em Ribeir\u00e3o Preto e regi\u00e3o? Ent\u00e3o siga os perfis do\u202facidade on\u202fno\u202f<a href=\"https:\/\/www.instagram.com\/acidadeonribeirao\" target=\"_blank\" rel=\"noreferrer noopener\">Instagram<\/a>\u202fe no\u202f<a href=\"https:\/\/www.facebook.com\/acidadeonribeirao\/\" target=\"_blank\" rel=\"noreferrer noopener\">Facebook<\/a>.<\/p>\n<p>Al\u00e9m disso, voc\u00ea pode receber as principais not\u00edcias diretamente no WhatsApp. Para isso, basta\u00a0<a href=\"https:\/\/chat.whatsapp.com\/BjKQZ9oJwlz8VVT50NuePq\" target=\"_blank\" rel=\"noreferrer noopener\">entrar no grupo clicando aqui<\/a>.<\/p>\n<p>Por fim, se quiser fazer uma den\u00fancia ou sugerir uma reportagem sobre Ribeir\u00e3o Preto e regi\u00e3o, envie uma mensagem pelo WhatsApp: (16) 99117-7802.<\/p>\n<p>VEJA TAMB\u00c9M<\/p>\n<p>Como se inscrever no CNU dos Professores?<\/p>\n<p><!-- AI CONTENT END 1 -->\n<\/div>\n<\/div>\n<p><script async src=\"\/\/www.instagram.com\/embed.js\"><\/script><br \/>\n<br \/><br \/>\n<br \/><a href=\"https:\/\/www.acidadeon.com\/ribeiraopreto\/cotidiano\/calor-em-pleno-inverno-confira-como-fica-o-tempo-nos-proximos-dias\/\">Source link <\/a><\/p>\n<!-- CONTENT END 1 -->\n","protected":false},"excerpt":{"rendered":"<p>As temperaturas podem se elevar ainda mais no decorrer desta semana, devido ao predom\u00ednio de sol no interior de S\u00e3o Paulo. Segundo a Climatempo, a&#8230;<\/p>\n","protected":false},"author":1,"featured_media":72469,"comment_status":"open","ping_status":"open","sticky":false,"template":"","format":"standard","meta":{"advanced_seo_description":"","jetpack_seo_html_title":"","jetpack_seo_noindex":false,"jetpack_post_was_ever_published":false,"_jetpack_newsletter_access":"","_jetpack_dont_email_post_to_subs":false,"_jetpack_newsletter_tier_id":0,"_jetpack_memberships_contains_paywalled_content":false,"_jetpack_memberships_contains_paid_content":false,"footnotes":"","jetpack_publicize_message":"","jetpack_publicize_feature_enabled":true,"jetpack_social_post_already_shared":true,"jetpack_social_options":{"image_generator_settings":{"template":"highway","default_image_id":0,"font":"","enabled":false},"version":2}},"categories":[11],"tags":[],"class_list":["post-74065","post","type-post","status-publish","format-standard","has-post-thumbnail","hentry","category-noticias-de-ribeirao-preto-sp-e-regiao-ismael-colosi"],"jetpack_publicize_connections":[],"jetpack_featured_media_url":"https:\/\/i0.wp.com\/noticiasribeiraopreto.com.br\/wp-content\/uploads\/2025\/06\/WhatsApp-Image-2025-06-17-at-14.27.19_2025-06-17_17-29-48.webp.webp?fit=1200%2C540&ssl=1","jetpack-related-posts":[{"id":77928,"url":"https:\/\/noticiasribeiraopreto.com.br\/index.php\/2025\/09\/29\/temperaturas-se-aproximam-dos-40c-nesta-semana-em-ribeirao-preto-veja-previsao\/","url_meta":{"origin":74065,"position":0},"title":"Temperaturas se aproximam dos 40\u00b0C nesta semana em Ribeir\u00e3o Preto; Veja previs\u00e3o","author":"noticiasribeiraopreto.com.br","date":"29 de September de 2025","format":false,"excerpt":"O ar mais seco deve ser destaque nesta semana em Ribeir\u00e3o Preto. Segundo a Climatempo, esse sistema atua no interior do pa\u00eds e come\u00e7a a impedir o avan\u00e7o de instabilidades para a regi\u00e3o. Contudo, ainda n\u00e3o h\u00e1 uma classifica\u00e7\u00e3o de onda de calor. Os \u00edndices da umidade do ar podem\u2026","rel":"","context":"In &quot;Not\u00edcias de Ribeir\u00e3o Preto-SP e Regi\u00e3o&quot;","block_context":{"text":"Not\u00edcias de Ribeir\u00e3o Preto-SP e Regi\u00e3o","link":"https:\/\/noticiasribeiraopreto.com.br\/index.php\/category\/noticias-de-ribeirao-preto-sp-e-regiao-ismael-colosi\/"},"img":{"alt_text":"","src":"https:\/\/i0.wp.com\/noticiasribeiraopreto.com.br\/wp-content\/uploads\/2025\/07\/WhatsApp-Image-2025-07-11-at-06.44.02_2025-07-11_09-53-52.webp.webp?fit=1200%2C540&ssl=1&resize=350%2C200","width":350,"height":200,"srcset":"https:\/\/i0.wp.com\/noticiasribeiraopreto.com.br\/wp-content\/uploads\/2025\/07\/WhatsApp-Image-2025-07-11-at-06.44.02_2025-07-11_09-53-52.webp.webp?fit=1200%2C540&ssl=1&resize=350%2C200 1x, https:\/\/i0.wp.com\/noticiasribeiraopreto.com.br\/wp-content\/uploads\/2025\/07\/WhatsApp-Image-2025-07-11-at-06.44.02_2025-07-11_09-53-52.webp.webp?fit=1200%2C540&ssl=1&resize=525%2C300 1.5x, https:\/\/i0.wp.com\/noticiasribeiraopreto.com.br\/wp-content\/uploads\/2025\/07\/WhatsApp-Image-2025-07-11-at-06.44.02_2025-07-11_09-53-52.webp.webp?fit=1200%2C540&ssl=1&resize=700%2C400 2x, https:\/\/i0.wp.com\/noticiasribeiraopreto.com.br\/wp-content\/uploads\/2025\/07\/WhatsApp-Image-2025-07-11-at-06.44.02_2025-07-11_09-53-52.webp.webp?fit=1200%2C540&ssl=1&resize=1050%2C600 3x"},"classes":[]},{"id":74596,"url":"https:\/\/noticiasribeiraopreto.com.br\/index.php\/2025\/07\/25\/vem-chuva-veja-previsao-no-ultimo-fim-de-semana-de-julho-em-ribeirao-preto\/","url_meta":{"origin":74065,"position":1},"title":"Vem chuva? Veja previs\u00e3o no \u00faltimo fim de semana de julho em Ribeir\u00e3o Preto","author":"noticiasribeiraopreto.com.br","date":"25 de July de 2025","format":false,"excerpt":"A semana termina com previs\u00e3o de virada no tempo na regi\u00e3o de Ribeir\u00e3o Preto. Segundo a Climatempo, o avan\u00e7o de um cavado meteorol\u00f3gico pode causar chuva fraca e isolada em munic\u00edpios da regi\u00e3o nesta sexta-feira (25). Mesmo com a previs\u00e3o de chuva, h\u00e1 risco de baixa umidade relativa do ar,\u2026","rel":"","context":"In &quot;Not\u00edcias de Ribeir\u00e3o Preto-SP e Regi\u00e3o&quot;","block_context":{"text":"Not\u00edcias de Ribeir\u00e3o Preto-SP e Regi\u00e3o","link":"https:\/\/noticiasribeiraopreto.com.br\/index.php\/category\/noticias-de-ribeirao-preto-sp-e-regiao-ismael-colosi\/"},"img":{"alt_text":"","src":"https:\/\/i0.wp.com\/noticiasribeiraopreto.com.br\/wp-content\/uploads\/2025\/06\/WhatsApp-Image-2025-06-27-at-07.57.23_2025-06-27_10-59-33.webp.webp?fit=1200%2C553&ssl=1&resize=350%2C200","width":350,"height":200,"srcset":"https:\/\/i0.wp.com\/noticiasribeiraopreto.com.br\/wp-content\/uploads\/2025\/06\/WhatsApp-Image-2025-06-27-at-07.57.23_2025-06-27_10-59-33.webp.webp?fit=1200%2C553&ssl=1&resize=350%2C200 1x, https:\/\/i0.wp.com\/noticiasribeiraopreto.com.br\/wp-content\/uploads\/2025\/06\/WhatsApp-Image-2025-06-27-at-07.57.23_2025-06-27_10-59-33.webp.webp?fit=1200%2C553&ssl=1&resize=525%2C300 1.5x, https:\/\/i0.wp.com\/noticiasribeiraopreto.com.br\/wp-content\/uploads\/2025\/06\/WhatsApp-Image-2025-06-27-at-07.57.23_2025-06-27_10-59-33.webp.webp?fit=1200%2C553&ssl=1&resize=700%2C400 2x, https:\/\/i0.wp.com\/noticiasribeiraopreto.com.br\/wp-content\/uploads\/2025\/06\/WhatsApp-Image-2025-06-27-at-07.57.23_2025-06-27_10-59-33.webp.webp?fit=1200%2C553&ssl=1&resize=1050%2C600 3x"},"classes":[]},{"id":78156,"url":"https:\/\/noticiasribeiraopreto.com.br\/index.php\/2025\/10\/03\/veja-como-fica-o-tempo-no-fim-de-semana-em-ribeirao-preto-2\/","url_meta":{"origin":74065,"position":2},"title":"Veja como fica o tempo no fim de semana em Ribeir\u00e3o Preto","author":"noticiasribeiraopreto.com.br","date":"3 de October de 2025","format":false,"excerpt":"Ribeir\u00e3o Preto segue com previs\u00e3o de calor e n\u00edveis baixos de umidade relativa do ar. A\u00a0Defesa Civil publicou um alerta de\u00a0calor intenso, baixa umidade e risco de inc\u00eandios para o\u00a0interior de S\u00e3o Paulo\u00a0at\u00e9 o pr\u00f3ximo domingo (5). Vem chuva? Nesta sexta-feira (3), um cavado meteorol\u00f3gico \u2013 \u00e1rea de instabilidade que\u2026","rel":"","context":"In &quot;Not\u00edcias de Ribeir\u00e3o Preto-SP e Regi\u00e3o&quot;","block_context":{"text":"Not\u00edcias de Ribeir\u00e3o Preto-SP e Regi\u00e3o","link":"https:\/\/noticiasribeiraopreto.com.br\/index.php\/category\/noticias-de-ribeirao-preto-sp-e-regiao-ismael-colosi\/"},"img":{"alt_text":"","src":"https:\/\/i0.wp.com\/noticiasribeiraopreto.com.br\/wp-content\/uploads\/2025\/06\/WhatsApp-Image-2025-06-17-at-14.27.19_2025-06-17_17-29-48.webp.webp?fit=1200%2C540&ssl=1&resize=350%2C200","width":350,"height":200,"srcset":"https:\/\/i0.wp.com\/noticiasribeiraopreto.com.br\/wp-content\/uploads\/2025\/06\/WhatsApp-Image-2025-06-17-at-14.27.19_2025-06-17_17-29-48.webp.webp?fit=1200%2C540&ssl=1&resize=350%2C200 1x, https:\/\/i0.wp.com\/noticiasribeiraopreto.com.br\/wp-content\/uploads\/2025\/06\/WhatsApp-Image-2025-06-17-at-14.27.19_2025-06-17_17-29-48.webp.webp?fit=1200%2C540&ssl=1&resize=525%2C300 1.5x, https:\/\/i0.wp.com\/noticiasribeiraopreto.com.br\/wp-content\/uploads\/2025\/06\/WhatsApp-Image-2025-06-17-at-14.27.19_2025-06-17_17-29-48.webp.webp?fit=1200%2C540&ssl=1&resize=700%2C400 2x, https:\/\/i0.wp.com\/noticiasribeiraopreto.com.br\/wp-content\/uploads\/2025\/06\/WhatsApp-Image-2025-06-17-at-14.27.19_2025-06-17_17-29-48.webp.webp?fit=1200%2C540&ssl=1&resize=1050%2C600 3x"},"classes":[]},{"id":57460,"url":"https:\/\/noticiasribeiraopreto.com.br\/index.php\/2024\/09\/02\/onda-de-calor-veja-as-temperaturas-durante-a-semana-no-interior-de-sp\/","url_meta":{"origin":74065,"position":3},"title":"Onda de calor: Veja as temperaturas durante a semana no interior de SP","author":"noticiasribeiraopreto.com.br","date":"2 de September de 2024","format":false,"excerpt":"Uma massa de ar quente e seco se estabelece sobre o Brasil no decorrer desta primeira semana de setembro e causa uma onda de calor a partir desta segunda-feira (2). Segundo a Climatempo, a previs\u00e3o \u00e9 que este sistema se estenda at\u00e9 ao menos o dia 12 de setembro. Por\u00e9m,\u2026","rel":"","context":"In &quot;Not\u00edcias de Ribeir\u00e3o Preto-SP e Regi\u00e3o&quot;","block_context":{"text":"Not\u00edcias de Ribeir\u00e3o Preto-SP e Regi\u00e3o","link":"https:\/\/noticiasribeiraopreto.com.br\/index.php\/category\/noticias-de-ribeirao-preto-sp-e-regiao-ismael-colosi\/"},"img":{"alt_text":"","src":"https:\/\/i0.wp.com\/noticiasribeiraopreto.com.br\/wp-content\/uploads\/2024\/06\/WhatsApp-Image-2024-06-14-at-09.30.18-1_2024-06-14_12-31-08_jpeg_2024-06-14_12-31-08.webp.webp?fit=1200%2C553&ssl=1&resize=350%2C200","width":350,"height":200,"srcset":"https:\/\/i0.wp.com\/noticiasribeiraopreto.com.br\/wp-content\/uploads\/2024\/06\/WhatsApp-Image-2024-06-14-at-09.30.18-1_2024-06-14_12-31-08_jpeg_2024-06-14_12-31-08.webp.webp?fit=1200%2C553&ssl=1&resize=350%2C200 1x, https:\/\/i0.wp.com\/noticiasribeiraopreto.com.br\/wp-content\/uploads\/2024\/06\/WhatsApp-Image-2024-06-14-at-09.30.18-1_2024-06-14_12-31-08_jpeg_2024-06-14_12-31-08.webp.webp?fit=1200%2C553&ssl=1&resize=525%2C300 1.5x, https:\/\/i0.wp.com\/noticiasribeiraopreto.com.br\/wp-content\/uploads\/2024\/06\/WhatsApp-Image-2024-06-14-at-09.30.18-1_2024-06-14_12-31-08_jpeg_2024-06-14_12-31-08.webp.webp?fit=1200%2C553&ssl=1&resize=700%2C400 2x, https:\/\/i0.wp.com\/noticiasribeiraopreto.com.br\/wp-content\/uploads\/2024\/06\/WhatsApp-Image-2024-06-14-at-09.30.18-1_2024-06-14_12-31-08_jpeg_2024-06-14_12-31-08.webp.webp?fit=1200%2C553&ssl=1&resize=1050%2C600 3x"},"classes":[]},{"id":78202,"url":"https:\/\/noticiasribeiraopreto.com.br\/index.php\/2025\/10\/04\/defesa-civil-alerta-para-calor-intenso-no-interior-veja-previsao-para-ribeirao-preto\/","url_meta":{"origin":74065,"position":4},"title":"Defesa Civil alerta para calor intenso no interior; Veja previs\u00e3o para Ribeir\u00e3o Preto","author":"noticiasribeiraopreto.com.br","date":"4 de October de 2025","format":false,"excerpt":"Ribeir\u00e3o Preto ter\u00e1 um s\u00e1bado (4) de sol com muitas nuvens durante o dia e per\u00edodos de c\u00e9u nublado, contudo, n\u00e3o h\u00e1 expectativa de chuva. Segundo a Climatempo, as temperaturas devem subir neste fim de semana em todas as regi\u00f5es do pa\u00eds. Em Ribeir\u00e3o, as temperaturas variam entre 21\u00baC e\u2026","rel":"","context":"In &quot;Not\u00edcias de Ribeir\u00e3o Preto-SP e Regi\u00e3o&quot;","block_context":{"text":"Not\u00edcias de Ribeir\u00e3o Preto-SP e Regi\u00e3o","link":"https:\/\/noticiasribeiraopreto.com.br\/index.php\/category\/noticias-de-ribeirao-preto-sp-e-regiao-ismael-colosi\/"},"img":{"alt_text":"","src":"https:\/\/i0.wp.com\/noticiasribeiraopreto.com.br\/wp-content\/uploads\/2025\/09\/WhatsApp-Image-2025-09-21-at-09.53.08_2025-09-21_12-57-20.webp.webp?fit=1200%2C553&ssl=1&resize=350%2C200","width":350,"height":200,"srcset":"https:\/\/i0.wp.com\/noticiasribeiraopreto.com.br\/wp-content\/uploads\/2025\/09\/WhatsApp-Image-2025-09-21-at-09.53.08_2025-09-21_12-57-20.webp.webp?fit=1200%2C553&ssl=1&resize=350%2C200 1x, https:\/\/i0.wp.com\/noticiasribeiraopreto.com.br\/wp-content\/uploads\/2025\/09\/WhatsApp-Image-2025-09-21-at-09.53.08_2025-09-21_12-57-20.webp.webp?fit=1200%2C553&ssl=1&resize=525%2C300 1.5x, https:\/\/i0.wp.com\/noticiasribeiraopreto.com.br\/wp-content\/uploads\/2025\/09\/WhatsApp-Image-2025-09-21-at-09.53.08_2025-09-21_12-57-20.webp.webp?fit=1200%2C553&ssl=1&resize=700%2C400 2x, https:\/\/i0.wp.com\/noticiasribeiraopreto.com.br\/wp-content\/uploads\/2025\/09\/WhatsApp-Image-2025-09-21-at-09.53.08_2025-09-21_12-57-20.webp.webp?fit=1200%2C553&ssl=1&resize=1050%2C600 3x"},"classes":[]},{"id":82878,"url":"https:\/\/noticiasribeiraopreto.com.br\/index.php\/2026\/03\/02\/sol-ou-chuva-confira-como-fica-o-tempo-nesta-semana-em-ribeirao-preto\/","url_meta":{"origin":74065,"position":5},"title":"Sol ou chuva? Confira como fica o tempo nesta semana em Ribeir\u00e3o Preto","author":"noticiasribeiraopreto.com.br","date":"2 de March de 2026","format":false,"excerpt":"A primeira semana do m\u00eas come\u00e7a com tempo firme e ensolarado em Ribeir\u00e3o Preto. Segundo a Climatempo, a circula\u00e7\u00e3o de ventos dificulta a forma\u00e7\u00e3o de nuvens de chuva neste in\u00edcio de semana. Contudo, n\u00e3o est\u00e3o descartadas pancadas isoladas devido \u00e0 umidade. As temperaturas devem permanecer mais baixas pela manh\u00e3, por\u2026","rel":"","context":"In &quot;Not\u00edcias de Ribeir\u00e3o Preto-SP e Regi\u00e3o&quot;","block_context":{"text":"Not\u00edcias de Ribeir\u00e3o Preto-SP e Regi\u00e3o","link":"https:\/\/noticiasribeiraopreto.com.br\/index.php\/category\/noticias-de-ribeirao-preto-sp-e-regiao-ismael-colosi\/"},"img":{"alt_text":"","src":"https:\/\/i0.wp.com\/noticiasribeiraopreto.com.br\/wp-content\/uploads\/2025\/11\/WhatsApp-Image-2025-11-19-at-06.53.12_2025-11-20_11-27-41-e1763638097782.webp.webp?fit=1200%2C754&ssl=1&resize=350%2C200","width":350,"height":200,"srcset":"https:\/\/i0.wp.com\/noticiasribeiraopreto.com.br\/wp-content\/uploads\/2025\/11\/WhatsApp-Image-2025-11-19-at-06.53.12_2025-11-20_11-27-41-e1763638097782.webp.webp?fit=1200%2C754&ssl=1&resize=350%2C200 1x, https:\/\/i0.wp.com\/noticiasribeiraopreto.com.br\/wp-content\/uploads\/2025\/11\/WhatsApp-Image-2025-11-19-at-06.53.12_2025-11-20_11-27-41-e1763638097782.webp.webp?fit=1200%2C754&ssl=1&resize=525%2C300 1.5x, https:\/\/i0.wp.com\/noticiasribeiraopreto.com.br\/wp-content\/uploads\/2025\/11\/WhatsApp-Image-2025-11-19-at-06.53.12_2025-11-20_11-27-41-e1763638097782.webp.webp?fit=1200%2C754&ssl=1&resize=700%2C400 2x, https:\/\/i0.wp.com\/noticiasribeiraopreto.com.br\/wp-content\/uploads\/2025\/11\/WhatsApp-Image-2025-11-19-at-06.53.12_2025-11-20_11-27-41-e1763638097782.webp.webp?fit=1200%2C754&ssl=1&resize=1050%2C600 3x"},"classes":[]}],"jetpack_sharing_enabled":true,"jetpack_shortlink":"https:\/\/wp.me\/peQAOb-jgB","_links":{"self":[{"href":"https:\/\/noticiasribeiraopreto.com.br\/index.php\/wp-json\/wp\/v2\/posts\/74065","targetHints":{"allow":["GET"]}}],"collection":[{"href":"https:\/\/noticiasribeiraopreto.com.br\/index.php\/wp-json\/wp\/v2\/posts"}],"about":[{"href":"https:\/\/noticiasribeiraopreto.com.br\/index.php\/wp-json\/wp\/v2\/types\/post"}],"author":[{"embeddable":true,"href":"https:\/\/noticiasribeiraopreto.com.br\/index.php\/wp-json\/wp\/v2\/users\/1"}],"replies":[{"embeddable":true,"href":"https:\/\/noticiasribeiraopreto.com.br\/index.php\/wp-json\/wp\/v2\/comments?post=74065"}],"version-history":[{"count":0,"href":"https:\/\/noticiasribeiraopreto.com.br\/index.php\/wp-json\/wp\/v2\/posts\/74065\/revisions"}],"wp:featuredmedia":[{"embeddable":true,"href":"https:\/\/noticiasribeiraopreto.com.br\/index.php\/wp-json\/wp\/v2\/media\/72469"}],"wp:attachment":[{"href":"https:\/\/noticiasribeiraopreto.com.br\/index.php\/wp-json\/wp\/v2\/media?parent=74065"}],"wp:term":[{"taxonomy":"category","embeddable":true,"href":"https:\/\/noticiasribeiraopreto.com.br\/index.php\/wp-json\/wp\/v2\/categories?post=74065"},{"taxonomy":"post_tag","embeddable":true,"href":"https:\/\/noticiasribeiraopreto.com.br\/index.php\/wp-json\/wp\/v2\/tags?post=74065"}],"curies":[{"name":"wp","href":"https:\/\/api.w.org\/{rel}","templated":true}]}}