{"id":74066,"date":"2025-07-15T15:25:12","date_gmt":"2025-07-15T18:25:12","guid":{"rendered":"https:\/\/noticiasribeiraopreto.com.br\/index.php\/2025\/07\/15\/cidade-na-regiao-de-ribeirao-preto-recebe-musical-inspirado-no-universo-do-safari\/"},"modified":"2025-07-15T15:25:12","modified_gmt":"2025-07-15T18:25:12","slug":"cidade-na-regiao-de-ribeirao-preto-recebe-musical-inspirado-no-universo-do-safari","status":"publish","type":"post","link":"https:\/\/noticiasribeiraopreto.com.br\/index.php\/2025\/07\/15\/cidade-na-regiao-de-ribeirao-preto-recebe-musical-inspirado-no-universo-do-safari\/","title":{"rendered":"Cidade na regi\u00e3o de Ribeir\u00e3o Preto recebe musical inspirado no universo do safari"},"content":{"rendered":"<div class='code-block code-block-1' style='margin: 8px 0 8px auto; text-align: right; display: block; clear: both;'>\n<p><a href=\"https:\/\/wa.link\/vpicfd\"><img data-recalc-dims=\"1\" class=\"wp-image-4922\" style=\"aspect-ratio: 2.0253164556962027; width: 561px; height: auto;\" src=\"https:\/\/i0.wp.com\/ismaelcolosi.com.br\/wp-content\/uploads\/2023\/11\/grupo-de-empregos-whatsapp-e-facebook-ismael-colosi-vagas.jpg?ssl=1\" alt=\"\" \/><\/a><\/p>\n<!-- \/wp:image -->\n<\/div>\n<p> <br \/>\n<\/p>\n<div data-td-block-uid=\"tdi_95\">\n<div class=\"tdb-block-inner td-fix-index\">\n<p>O Circuito Credicitrus chega a <strong>Tai\u00fava<\/strong>, cidade a 84 quil\u00f4metros de <strong>Ribeir\u00e3o Preto<\/strong>, no pr\u00f3ximo s\u00e1bado (19) das 16h \u00e0s 21h. A a\u00e7\u00e3o acontece na pra\u00e7a Central 9 de julho e tem como tema a <strong>\u201cAventura Safari\u201d<\/strong>.<\/p>\n<p>A programa\u00e7\u00e3o conta com cenografia tem\u00e1tica, espa\u00e7os interativos, atividades infantis e um desfile tem\u00e1tico, com personagens fantasiados interagindo com o p\u00fablico. O encerramento ser\u00e1 marcado por um espet\u00e1culo musical inspirado no universo do safari.<\/p>\n<h2 class=\"wp-block-heading\"><strong>Solidariedade<\/strong><\/h2>\n<p>Al\u00e9m da programa\u00e7\u00e3o cultural e de lazer, a pra\u00e7a de alimenta\u00e7\u00e3o contar\u00e1 com barracas de alimentos e bebidas coordenadas por institui\u00e7\u00f5es beneficentes de Tai\u00fava, que ficar\u00e3o com toda a renda arrecadada para investir em suas a\u00e7\u00f5es sociais.<\/p>\n<p>Tamb\u00e9m haver\u00e1 uma campanha de arrecada\u00e7\u00e3o de produtos de higiene pessoal e limpeza. Todos os produtos arrecadados ser\u00e3o doados para entidades assistenciais do munic\u00edpio.<\/p>\n<p>SAIBA MAIS<br \/>Ribeir\u00e3o Preto tem novas regras para espa\u00e7os Pet Friendly; confira<\/p>\n<h2 class=\"wp-block-heading\"><strong>FIQUE ON<\/strong><\/h2>\n<p>Fique ligado em tudo que acontece em Ribeir\u00e3o Preto e regi\u00e3o. Siga os perfis do<strong>\u00a0acidade on\u00a0<\/strong>no<a href=\"https:\/\/www.instagram.com\/acidadeonribeirao\">\u00a0Instagram\u00a0<\/a>e no\u00a0<a href=\"https:\/\/www.facebook.com\/acidadeonribeirao\/\">Facebook<\/a>.<\/p>\n<p>Receba not\u00edcias do\u00a0<strong>acidade on\u00a0<\/strong>no WhatsApp.\u00a0<a href=\"https:\/\/chat.whatsapp.com\/BjKQZ9oJwlz8VVT50NuePq\">Para entrar no grupo, basta clicar aqui.<\/a><\/p>\n<p>Fa\u00e7a uma den\u00fancia ou sugira uma reportagem sobre Ribeir\u00e3o Preto e regi\u00e3o pelo WhatsApp: 16 99117 7802.<\/p>\n<p>VEJA TAMB\u00c9M<br \/>At\u00e9 quando pode se inscrever no Fies 2025 para o 2\u00b0 semestre?<\/p>\n<p><!-- AI CONTENT END 1 -->\n<\/div>\n<\/div>\n<p><script async src=\"\/\/www.instagram.com\/embed.js\"><\/script><br \/>\n<br \/><br \/>\n<br \/><a href=\"https:\/\/www.acidadeon.com\/ribeiraopreto\/lazer-e-cultura\/cidade-na-regiao-de-ribeirao-preto-recebe-musical-inspirado-no-universo-do-safari\/\">Source link <\/a><\/p>\n<!-- CONTENT END 1 -->\n","protected":false},"excerpt":{"rendered":"<p>O Circuito Credicitrus chega a Tai\u00fava, cidade a 84 quil\u00f4metros de Ribeir\u00e3o Preto, no pr\u00f3ximo s\u00e1bado (19) das 16h \u00e0s 21h. A a\u00e7\u00e3o acontece na&#8230;<\/p>\n","protected":false},"author":1,"featured_media":74067,"comment_status":"open","ping_status":"open","sticky":false,"template":"","format":"standard","meta":{"advanced_seo_description":"","jetpack_seo_html_title":"","jetpack_seo_noindex":false,"jetpack_post_was_ever_published":false,"_jetpack_newsletter_access":"","_jetpack_dont_email_post_to_subs":false,"_jetpack_newsletter_tier_id":0,"_jetpack_memberships_contains_paywalled_content":false,"_jetpack_memberships_contains_paid_content":false,"footnotes":"","jetpack_publicize_message":"","jetpack_publicize_feature_enabled":true,"jetpack_social_post_already_shared":true,"jetpack_social_options":{"image_generator_settings":{"template":"highway","default_image_id":0,"font":"","enabled":false},"version":2}},"categories":[11],"tags":[],"class_list":["post-74066","post","type-post","status-publish","format-standard","has-post-thumbnail","hentry","category-noticias-de-ribeirao-preto-sp-e-regiao-ismael-colosi"],"jetpack_publicize_connections":[],"jetpack_featured_media_url":"https:\/\/i0.wp.com\/noticiasribeiraopreto.com.br\/wp-content\/uploads\/2025\/07\/safaria-1_2025-07-15_17-39-41.webp.webp?fit=1200%2C799&ssl=1","jetpack-related-posts":[{"id":75208,"url":"https:\/\/noticiasribeiraopreto.com.br\/index.php\/2025\/08\/05\/cidade-na-regiao-de-ribeirao-preto-recebe-musical-inspirado-no-universo-do-safari-2\/","url_meta":{"origin":74066,"position":0},"title":"Cidade na regi\u00e3o de Ribeir\u00e3o Preto recebe musical inspirado no universo do safari","author":"noticiasribeiraopreto.com.br","date":"5 de August de 2025","format":false,"excerpt":"O Circuito Credicitrus chega a Pirangi, no interior de S\u00e3o Paulo, no pr\u00f3ximo s\u00e1bado (9), das 16h \u00e0s 21h. A a\u00e7\u00e3o acontece na Pra\u00e7a Bar\u00e3o do Rio Branco, no Centro, e tem como tema a \u201cAventura Safari\u201d. A entrada \u00e9 gratuita. A programa\u00e7\u00e3o conta com cenografia tem\u00e1tica, espa\u00e7os interativos, atividades\u2026","rel":"","context":"In &quot;Not\u00edcias de Ribeir\u00e3o Preto-SP e Regi\u00e3o&quot;","block_context":{"text":"Not\u00edcias de Ribeir\u00e3o Preto-SP e Regi\u00e3o","link":"https:\/\/noticiasribeiraopreto.com.br\/index.php\/category\/noticias-de-ribeirao-preto-sp-e-regiao-ismael-colosi\/"},"img":{"alt_text":"","src":"https:\/\/i0.wp.com\/noticiasribeiraopreto.com.br\/wp-content\/uploads\/2025\/07\/safaria-1_2025-07-15_17-39-41.webp.webp?fit=1200%2C799&ssl=1&resize=350%2C200","width":350,"height":200,"srcset":"https:\/\/i0.wp.com\/noticiasribeiraopreto.com.br\/wp-content\/uploads\/2025\/07\/safaria-1_2025-07-15_17-39-41.webp.webp?fit=1200%2C799&ssl=1&resize=350%2C200 1x, https:\/\/i0.wp.com\/noticiasribeiraopreto.com.br\/wp-content\/uploads\/2025\/07\/safaria-1_2025-07-15_17-39-41.webp.webp?fit=1200%2C799&ssl=1&resize=525%2C300 1.5x, https:\/\/i0.wp.com\/noticiasribeiraopreto.com.br\/wp-content\/uploads\/2025\/07\/safaria-1_2025-07-15_17-39-41.webp.webp?fit=1200%2C799&ssl=1&resize=700%2C400 2x, https:\/\/i0.wp.com\/noticiasribeiraopreto.com.br\/wp-content\/uploads\/2025\/07\/safaria-1_2025-07-15_17-39-41.webp.webp?fit=1200%2C799&ssl=1&resize=1050%2C600 3x"},"classes":[]},{"id":73277,"url":"https:\/\/noticiasribeiraopreto.com.br\/index.php\/2025\/06\/28\/regiao-de-ribeirao-preto-recebe-evento-gratuito-com-brincadeiras-musica-e-desfile-tematico\/","url_meta":{"origin":74066,"position":1},"title":"Regi\u00e3o de Ribeir\u00e3o Preto recebe evento gratuito com brincadeiras, m\u00fasica e desfile tem\u00e1tico","author":"noticiasribeiraopreto.com.br","date":"28 de June de 2025","format":false,"excerpt":"Pedregulho, cidade na regi\u00e3o de Ribeir\u00e3o Preto recebe o Circuito Credicitrus neste s\u00e1bado (28), das 16h \u00e0s 21h, na pra\u00e7a Oct\u00e1vio Qu\u00e9rcia. O tema deste ano \u00e9 \u201cAventura Safari\u201d e traz uma programa\u00e7\u00e3o especial para toda fam\u00edlia. A entrada \u00e9 gratuita. A programa\u00e7\u00e3o conta com atividades infantis como brincadeiras, pintura\u2026","rel":"","context":"In &quot;Not\u00edcias de Ribeir\u00e3o Preto-SP e Regi\u00e3o&quot;","block_context":{"text":"Not\u00edcias de Ribeir\u00e3o Preto-SP e Regi\u00e3o","link":"https:\/\/noticiasribeiraopreto.com.br\/index.php\/category\/noticias-de-ribeirao-preto-sp-e-regiao-ismael-colosi\/"},"img":{"alt_text":"","src":"https:\/\/i0.wp.com\/noticiasribeiraopreto.com.br\/wp-content\/uploads\/2025\/06\/Capturar_2025-06-28_13-49-11.webp.webp?fit=735%2C476&ssl=1&resize=350%2C200","width":350,"height":200,"srcset":"https:\/\/i0.wp.com\/noticiasribeiraopreto.com.br\/wp-content\/uploads\/2025\/06\/Capturar_2025-06-28_13-49-11.webp.webp?fit=735%2C476&ssl=1&resize=350%2C200 1x, https:\/\/i0.wp.com\/noticiasribeiraopreto.com.br\/wp-content\/uploads\/2025\/06\/Capturar_2025-06-28_13-49-11.webp.webp?fit=735%2C476&ssl=1&resize=525%2C300 1.5x, https:\/\/i0.wp.com\/noticiasribeiraopreto.com.br\/wp-content\/uploads\/2025\/06\/Capturar_2025-06-28_13-49-11.webp.webp?fit=735%2C476&ssl=1&resize=700%2C400 2x"},"classes":[]},{"id":77018,"url":"https:\/\/noticiasribeiraopreto.com.br\/index.php\/2025\/09\/10\/bebedouro-recebe-evento-safari-com-musical-e-desfile-tematico-no-fim-de-semana\/","url_meta":{"origin":74066,"position":2},"title":"Bebedouro recebe evento safari com musical e desfile tem\u00e1tico no fim de semana","author":"noticiasribeiraopreto.com.br","date":"10 de September de 2025","format":false,"excerpt":"Bebedouro, cidade a 80 quil\u00f4metros de Ribeir\u00e3o Preto, recebe neste domingo (14), a partir das 16h, a edi\u00e7\u00e3o do Circuito Credicitrus \u201cAventura Safari\u201d, que proporciona m\u00fasica ao vivo, brincadeiras e desfile tem\u00e1tico para aproveitar com toda fam\u00edlia. A entrada \u00e9 gratuita. Evento conta com uma edi\u00e7\u00e3o especial que comemora os\u2026","rel":"","context":"In &quot;Not\u00edcias de Ribeir\u00e3o Preto-SP e Regi\u00e3o&quot;","block_context":{"text":"Not\u00edcias de Ribeir\u00e3o Preto-SP e Regi\u00e3o","link":"https:\/\/noticiasribeiraopreto.com.br\/index.php\/category\/noticias-de-ribeirao-preto-sp-e-regiao-ismael-colosi\/"},"img":{"alt_text":"","src":"https:\/\/i0.wp.com\/noticiasribeiraopreto.com.br\/wp-content\/uploads\/2025\/09\/safaria-1_2025-07-15_17-39-41-1068x711-1.webp.webp?fit=1068%2C711&ssl=1&resize=350%2C200","width":350,"height":200,"srcset":"https:\/\/i0.wp.com\/noticiasribeiraopreto.com.br\/wp-content\/uploads\/2025\/09\/safaria-1_2025-07-15_17-39-41-1068x711-1.webp.webp?fit=1068%2C711&ssl=1&resize=350%2C200 1x, https:\/\/i0.wp.com\/noticiasribeiraopreto.com.br\/wp-content\/uploads\/2025\/09\/safaria-1_2025-07-15_17-39-41-1068x711-1.webp.webp?fit=1068%2C711&ssl=1&resize=525%2C300 1.5x, https:\/\/i0.wp.com\/noticiasribeiraopreto.com.br\/wp-content\/uploads\/2025\/09\/safaria-1_2025-07-15_17-39-41-1068x711-1.webp.webp?fit=1068%2C711&ssl=1&resize=700%2C400 2x, https:\/\/i0.wp.com\/noticiasribeiraopreto.com.br\/wp-content\/uploads\/2025\/09\/safaria-1_2025-07-15_17-39-41-1068x711-1.webp.webp?fit=1068%2C711&ssl=1&resize=1050%2C600 3x"},"classes":[]},{"id":80748,"url":"https:\/\/noticiasribeiraopreto.com.br\/index.php\/2025\/12\/12\/circuito-de-natal-leva-desfile-e-programacao-gratuita-a-cidade-da-regiao-de-ribeirao-preto\/","url_meta":{"origin":74066,"position":3},"title":"Circuito de Natal leva desfile e programa\u00e7\u00e3o gratuita a cidade da regi\u00e3o de Ribeir\u00e3o Preto","author":"noticiasribeiraopreto.com.br","date":"12 de December de 2025","format":false,"excerpt":"A regi\u00e3o de Ribeir\u00e3o Preto se prepara para receber mais uma edi\u00e7\u00e3o do Circuito Credicitrus de Natal, que encerra a temporada 2025 em Barretos, neste s\u00e1bado (13), a partir das 17h, na Pra\u00e7a Francisco Barreto, no Centro. O evento j\u00e1 passou por Pitangueiras, Mogi Mirim, Monte Apraz\u00edvel e Len\u00e7\u00f3is Paulista\u2026","rel":"","context":"In &quot;Not\u00edcias de Ribeir\u00e3o Preto-SP e Regi\u00e3o&quot;","block_context":{"text":"Not\u00edcias de Ribeir\u00e3o Preto-SP e Regi\u00e3o","link":"https:\/\/noticiasribeiraopreto.com.br\/index.php\/category\/noticias-de-ribeirao-preto-sp-e-regiao-ismael-colosi\/"},"img":{"alt_text":"","src":"https:\/\/i0.wp.com\/noticiasribeiraopreto.com.br\/wp-content\/uploads\/2025\/12\/Circuito-Pitangueiras-565_2025-12-12_17-47-10.webp.webp?fit=1200%2C800&ssl=1&resize=350%2C200","width":350,"height":200,"srcset":"https:\/\/i0.wp.com\/noticiasribeiraopreto.com.br\/wp-content\/uploads\/2025\/12\/Circuito-Pitangueiras-565_2025-12-12_17-47-10.webp.webp?fit=1200%2C800&ssl=1&resize=350%2C200 1x, https:\/\/i0.wp.com\/noticiasribeiraopreto.com.br\/wp-content\/uploads\/2025\/12\/Circuito-Pitangueiras-565_2025-12-12_17-47-10.webp.webp?fit=1200%2C800&ssl=1&resize=525%2C300 1.5x, https:\/\/i0.wp.com\/noticiasribeiraopreto.com.br\/wp-content\/uploads\/2025\/12\/Circuito-Pitangueiras-565_2025-12-12_17-47-10.webp.webp?fit=1200%2C800&ssl=1&resize=700%2C400 2x, https:\/\/i0.wp.com\/noticiasribeiraopreto.com.br\/wp-content\/uploads\/2025\/12\/Circuito-Pitangueiras-565_2025-12-12_17-47-10.webp.webp?fit=1200%2C800&ssl=1&resize=1050%2C600 3x"},"classes":[]},{"id":84578,"url":"https:\/\/noticiasribeiraopreto.com.br\/index.php\/2026\/04\/12\/motociclista-morre-em-rodovia-da-regiao-de-ribeirao-preto\/","url_meta":{"origin":74066,"position":4},"title":"Motociclista morre em rodovia da regi\u00e3o de Ribeir\u00e3o Preto","author":"noticiasribeiraopreto.com.br","date":"12 de April de 2026","format":false,"excerpt":"Ler o resumo da not\u00edcia Motociclista morreu na madrugada deste domingo (12) na rodovia Brigadeiro Faria Lima, em Tai\u00fava. A v\u00edtima seguia no sentido norte quando perdeu o controle da in\u00famera e tombou sobre o acostamento. O motociclista morreu no local; a moto foi removida para a base da Pol\u00edcia\u2026","rel":"","context":"In &quot;Not\u00edcias de Ribeir\u00e3o Preto-SP e Regi\u00e3o&quot;","block_context":{"text":"Not\u00edcias de Ribeir\u00e3o Preto-SP e Regi\u00e3o","link":"https:\/\/noticiasribeiraopreto.com.br\/index.php\/category\/noticias-de-ribeirao-preto-sp-e-regiao-ismael-colosi\/"},"img":{"alt_text":"","src":"https:\/\/i0.wp.com\/noticiasribeiraopreto.com.br\/wp-content\/uploads\/2026\/04\/4dcfbc56-3746-4f65-ba86-18c7d2166871_2026-04-12_14-06-43.webp.webp?fit=1200%2C675&ssl=1&resize=350%2C200","width":350,"height":200,"srcset":"https:\/\/i0.wp.com\/noticiasribeiraopreto.com.br\/wp-content\/uploads\/2026\/04\/4dcfbc56-3746-4f65-ba86-18c7d2166871_2026-04-12_14-06-43.webp.webp?fit=1200%2C675&ssl=1&resize=350%2C200 1x, https:\/\/i0.wp.com\/noticiasribeiraopreto.com.br\/wp-content\/uploads\/2026\/04\/4dcfbc56-3746-4f65-ba86-18c7d2166871_2026-04-12_14-06-43.webp.webp?fit=1200%2C675&ssl=1&resize=525%2C300 1.5x, https:\/\/i0.wp.com\/noticiasribeiraopreto.com.br\/wp-content\/uploads\/2026\/04\/4dcfbc56-3746-4f65-ba86-18c7d2166871_2026-04-12_14-06-43.webp.webp?fit=1200%2C675&ssl=1&resize=700%2C400 2x, https:\/\/i0.wp.com\/noticiasribeiraopreto.com.br\/wp-content\/uploads\/2026\/04\/4dcfbc56-3746-4f65-ba86-18c7d2166871_2026-04-12_14-06-43.webp.webp?fit=1200%2C675&ssl=1&resize=1050%2C600 3x"},"classes":[]},{"id":69199,"url":"https:\/\/noticiasribeiraopreto.com.br\/index.php\/2025\/05\/03\/jornal-da-franca-veja-as-6-cidades-da-regiao-de-franca-que-vao-receber-o-circuito-sesc-de-artes\/","url_meta":{"origin":74066,"position":5},"title":"Jornal da Franca &#8211; Veja as 6 cidades da regi\u00e3o de Franca que v\u00e3o receber o Circuito Sesc de Artes","author":"noticiasribeiraopreto.com.br","date":"3 de May de 2025","format":false,"excerpt":"compartilhar no whatsapp compartilhar no telegram compartilhar no facebook compartilhar no linkedin O Circuito Sesc de Artes deste ano vai passar pelas cidades de\u00a0S\u00e3o Jos\u00e9 da Bela Vista,\u00a0Orl\u00e2ndia, Ituverava,\u00a0Pedregulho,\u00a0Guar\u00e1 e\u00a0Gua\u00edra A atividade Jogos dos Planos est\u00e1 no Circuito Sesc de Artes a ser cumprido na regi\u00e3o de Franca (Foto: Anderson\u2026","rel":"","context":"In &quot;Not\u00edcias de Franca-SP&quot;","block_context":{"text":"Not\u00edcias de Franca-SP","link":"https:\/\/noticiasribeiraopreto.com.br\/index.php\/category\/noticias-de-ribeirao-preto-sp-e-regiao-ismael-colosi\/noticias-franca-sp\/"},"img":{"alt_text":"","src":"https:\/\/i0.wp.com\/noticiasribeiraopreto.com.br\/wp-content\/uploads\/2025\/05\/JogosdosPlanos3_FT_Anderson-Rodrigues.jpg?fit=1200%2C900&ssl=1&resize=350%2C200","width":350,"height":200,"srcset":"https:\/\/i0.wp.com\/noticiasribeiraopreto.com.br\/wp-content\/uploads\/2025\/05\/JogosdosPlanos3_FT_Anderson-Rodrigues.jpg?fit=1200%2C900&ssl=1&resize=350%2C200 1x, https:\/\/i0.wp.com\/noticiasribeiraopreto.com.br\/wp-content\/uploads\/2025\/05\/JogosdosPlanos3_FT_Anderson-Rodrigues.jpg?fit=1200%2C900&ssl=1&resize=525%2C300 1.5x, https:\/\/i0.wp.com\/noticiasribeiraopreto.com.br\/wp-content\/uploads\/2025\/05\/JogosdosPlanos3_FT_Anderson-Rodrigues.jpg?fit=1200%2C900&ssl=1&resize=700%2C400 2x, https:\/\/i0.wp.com\/noticiasribeiraopreto.com.br\/wp-content\/uploads\/2025\/05\/JogosdosPlanos3_FT_Anderson-Rodrigues.jpg?fit=1200%2C900&ssl=1&resize=1050%2C600 3x"},"classes":[]}],"jetpack_sharing_enabled":true,"jetpack_shortlink":"https:\/\/wp.me\/peQAOb-jgC","_links":{"self":[{"href":"https:\/\/noticiasribeiraopreto.com.br\/index.php\/wp-json\/wp\/v2\/posts\/74066","targetHints":{"allow":["GET"]}}],"collection":[{"href":"https:\/\/noticiasribeiraopreto.com.br\/index.php\/wp-json\/wp\/v2\/posts"}],"about":[{"href":"https:\/\/noticiasribeiraopreto.com.br\/index.php\/wp-json\/wp\/v2\/types\/post"}],"author":[{"embeddable":true,"href":"https:\/\/noticiasribeiraopreto.com.br\/index.php\/wp-json\/wp\/v2\/users\/1"}],"replies":[{"embeddable":true,"href":"https:\/\/noticiasribeiraopreto.com.br\/index.php\/wp-json\/wp\/v2\/comments?post=74066"}],"version-history":[{"count":0,"href":"https:\/\/noticiasribeiraopreto.com.br\/index.php\/wp-json\/wp\/v2\/posts\/74066\/revisions"}],"wp:featuredmedia":[{"embeddable":true,"href":"https:\/\/noticiasribeiraopreto.com.br\/index.php\/wp-json\/wp\/v2\/media\/74067"}],"wp:attachment":[{"href":"https:\/\/noticiasribeiraopreto.com.br\/index.php\/wp-json\/wp\/v2\/media?parent=74066"}],"wp:term":[{"taxonomy":"category","embeddable":true,"href":"https:\/\/noticiasribeiraopreto.com.br\/index.php\/wp-json\/wp\/v2\/categories?post=74066"},{"taxonomy":"post_tag","embeddable":true,"href":"https:\/\/noticiasribeiraopreto.com.br\/index.php\/wp-json\/wp\/v2\/tags?post=74066"}],"curies":[{"name":"wp","href":"https:\/\/api.w.org\/{rel}","templated":true}]}}