{"id":74068,"date":"2025-07-15T15:32:18","date_gmt":"2025-07-15T18:32:18","guid":{"rendered":"https:\/\/noticiasribeiraopreto.com.br\/index.php\/2025\/07\/15\/sp-autoriza-concurso-publico-com-44-mil-vagas-e-salarios-de-r-48-mil\/"},"modified":"2025-07-15T15:32:18","modified_gmt":"2025-07-15T18:32:18","slug":"sp-autoriza-concurso-publico-com-44-mil-vagas-e-salarios-de-r-48-mil","status":"publish","type":"post","link":"https:\/\/noticiasribeiraopreto.com.br\/index.php\/2025\/07\/15\/sp-autoriza-concurso-publico-com-44-mil-vagas-e-salarios-de-r-48-mil\/","title":{"rendered":"SP autoriza concurso p\u00fablico com 4,4 mil vagas e sal\u00e1rios de R$ 4,8 mil"},"content":{"rendered":"<div class='code-block code-block-1' style='margin: 8px 0 8px auto; text-align: right; display: block; clear: both;'>\n<p><a href=\"https:\/\/wa.link\/vpicfd\"><img data-recalc-dims=\"1\" class=\"wp-image-4922\" style=\"aspect-ratio: 2.0253164556962027; width: 561px; height: auto;\" src=\"https:\/\/i0.wp.com\/ismaelcolosi.com.br\/wp-content\/uploads\/2023\/11\/grupo-de-empregos-whatsapp-e-facebook-ismael-colosi-vagas.jpg?ssl=1\" alt=\"\" \/><\/a><\/p>\n<!-- \/wp:image -->\n<\/div>\n<p> <br \/>\n<\/p>\n<div data-td-block-uid=\"tdi_95\">\n<div class=\"tdb-block-inner td-fix-index\">\n<p>O <strong>Governo de S\u00e3o Paulo <\/strong>autorizou a abertura de <strong>concurso p\u00fablico<\/strong> com 4,4 mil vagas para soldados de 2\u00aa classe da <strong>Pol\u00edcia Militar<\/strong>. A publica\u00e7\u00e3o saiu nesta ter\u00e7a-feira (15) no<strong><a href=\"https:\/\/www.doe.sp.gov.br\/\"> Di\u00e1rio Oficial do Estado<\/a><\/strong>.<\/p>\n<p>Ao todo ser\u00e3o dois editais, com 2,2 mil vagas cada, com aberturas previstas para agosto deste ano e janeiro de 2026. <mark style=\"background-color:#fcb900\" class=\"has-inline-color has-black-color\">O sal\u00e1rio inicial para o cargo \u00e9 de R$ 4.825,21.<\/mark><\/p>\n<p>Para participar do concurso, os candidatos precisam atender alguns requisitos como ter entre 17 e 30 anos, estar em dia com os certificados eleitorais e militares e atender aos crit\u00e9rios de altura m\u00ednima: 1,55m para mulheres e 1,60m para homens.<\/p>\n<p>O processo de sele\u00e7\u00e3o \u00e9 composto de cinco fases, que envolvem exames de conhecimentos, exame psicol\u00f3gico, de aptid\u00e3o f\u00edsica, avalia\u00e7\u00e3o de conduta social, da reputa\u00e7\u00e3o e da idoneidade e an\u00e1lise de documentos.<\/p>\n<p>SAIBA MAIS<br \/>Ribeir\u00e3o Preto tem novas regras para espa\u00e7os Pet Friendly; confira<\/p>\n<h2 class=\"wp-block-heading\"><strong>FIQUE ON<\/strong><\/h2>\n<p>Fique ligado em tudo que acontece em Ribeir\u00e3o Preto e regi\u00e3o. Siga os perfis do<strong>\u00a0acidade on\u00a0<\/strong>no<a href=\"https:\/\/www.instagram.com\/acidadeonribeirao\">\u00a0Instagram\u00a0<\/a>e no\u00a0<a href=\"https:\/\/www.facebook.com\/acidadeonribeirao\/\">Facebook<\/a>.<\/p>\n<p>Receba not\u00edcias do\u00a0<strong>acidade on\u00a0<\/strong>no WhatsApp.\u00a0<a href=\"https:\/\/chat.whatsapp.com\/BjKQZ9oJwlz8VVT50NuePq\">Para entrar no grupo, basta clicar aqui.<\/a><\/p>\n<p>Fa\u00e7a uma den\u00fancia ou sugira uma reportagem sobre Ribeir\u00e3o Preto e regi\u00e3o pelo WhatsApp: 16 99117 7802.<\/p>\n<p>VEJA TAMB\u00c9M<br \/>At\u00e9 quando pode se inscrever no Fies 2025 para o 2\u00b0 semestre?<\/p>\n<p><!-- AI CONTENT END 1 -->\n<\/div>\n<\/div>\n<p><script async src=\"\/\/www.instagram.com\/embed.js\"><\/script><br \/>\n<br \/><br \/>\n<br \/><a href=\"https:\/\/www.acidadeon.com\/ribeiraopreto\/economia\/sp-autoriza-concurso-publico-com-44-mil-vagas-e-salarios-de-r-48-mil\/\">Source link <\/a><\/p>\n<!-- CONTENT END 1 -->\n","protected":false},"excerpt":{"rendered":"<p>O Governo de S\u00e3o Paulo autorizou a abertura de concurso p\u00fablico com 4,4 mil vagas para soldados de 2\u00aa classe da Pol\u00edcia Militar. A publica\u00e7\u00e3o&#8230;<\/p>\n","protected":false},"author":1,"featured_media":74069,"comment_status":"open","ping_status":"open","sticky":false,"template":"","format":"standard","meta":{"advanced_seo_description":"","jetpack_seo_html_title":"","jetpack_seo_noindex":false,"jetpack_post_was_ever_published":false,"_jetpack_newsletter_access":"","_jetpack_dont_email_post_to_subs":false,"_jetpack_newsletter_tier_id":0,"_jetpack_memberships_contains_paywalled_content":false,"_jetpack_memberships_contains_paid_content":false,"footnotes":"","jetpack_publicize_message":"","jetpack_publicize_feature_enabled":true,"jetpack_social_post_already_shared":true,"jetpack_social_options":{"image_generator_settings":{"template":"highway","default_image_id":0,"font":"","enabled":false},"version":2}},"categories":[11],"tags":[],"class_list":["post-74068","post","type-post","status-publish","format-standard","has-post-thumbnail","hentry","category-noticias-de-ribeirao-preto-sp-e-regiao-ismael-colosi"],"jetpack_publicize_connections":[],"jetpack_featured_media_url":"https:\/\/i0.wp.com\/noticiasribeiraopreto.com.br\/wp-content\/uploads\/2025\/07\/concurso-pm_2025-07-15_16-44-25.webp.webp?fit=1200%2C800&ssl=1","jetpack-related-posts":[{"id":62837,"url":"https:\/\/noticiasribeiraopreto.com.br\/index.php\/2025\/01\/25\/defensoria-publica-de-sp-anuncia-concurso-publico-com-400-vagas-e-salarios-de-r-9-mil\/","url_meta":{"origin":74068,"position":0},"title":"Defensoria P\u00fablica de SP anuncia concurso p\u00fablico com 400 vagas e sal\u00e1rios de R$ 9 mil","author":"noticiasribeiraopreto.com.br","date":"25 de January de 2025","format":false,"excerpt":"A Defensoria P\u00fablica do Estado de S\u00e3o Paulo (DPE-SP) anunciou a abertura de concurso p\u00fablico com 400 vagas ao cargo de Analista de Defensoria P\u00fablica, cujo sal\u00e1rio \u00e9 de R$ 9.123,70. A prova est\u00e1 prevista para ser realizada no dia 13 de abril deste ano. Os candidatos ainda ter\u00e3o a\u2026","rel":"","context":"In &quot;Not\u00edcias de Ribeir\u00e3o Preto-SP e Regi\u00e3o&quot;","block_context":{"text":"Not\u00edcias de Ribeir\u00e3o Preto-SP e Regi\u00e3o","link":"https:\/\/noticiasribeiraopreto.com.br\/index.php\/category\/noticias-de-ribeirao-preto-sp-e-regiao-ismael-colosi\/"},"img":{"alt_text":"","src":"https:\/\/i0.wp.com\/noticiasribeiraopreto.com.br\/wp-content\/uploads\/2024\/10\/close-up-woman-filling-application-form_2024-10-02_18-06-48_jpg_2024-10-02_18-06-50-scaled.webp.webp?fit=1200%2C800&ssl=1&resize=350%2C200","width":350,"height":200,"srcset":"https:\/\/i0.wp.com\/noticiasribeiraopreto.com.br\/wp-content\/uploads\/2024\/10\/close-up-woman-filling-application-form_2024-10-02_18-06-48_jpg_2024-10-02_18-06-50-scaled.webp.webp?fit=1200%2C800&ssl=1&resize=350%2C200 1x, https:\/\/i0.wp.com\/noticiasribeiraopreto.com.br\/wp-content\/uploads\/2024\/10\/close-up-woman-filling-application-form_2024-10-02_18-06-48_jpg_2024-10-02_18-06-50-scaled.webp.webp?fit=1200%2C800&ssl=1&resize=525%2C300 1.5x, https:\/\/i0.wp.com\/noticiasribeiraopreto.com.br\/wp-content\/uploads\/2024\/10\/close-up-woman-filling-application-form_2024-10-02_18-06-48_jpg_2024-10-02_18-06-50-scaled.webp.webp?fit=1200%2C800&ssl=1&resize=700%2C400 2x, https:\/\/i0.wp.com\/noticiasribeiraopreto.com.br\/wp-content\/uploads\/2024\/10\/close-up-woman-filling-application-form_2024-10-02_18-06-48_jpg_2024-10-02_18-06-50-scaled.webp.webp?fit=1200%2C800&ssl=1&resize=1050%2C600 3x"},"classes":[]},{"id":23516,"url":"https:\/\/noticiasribeiraopreto.com.br\/index.php\/2024\/01\/02\/concurso-da-policia-militar-abre-novo-edital-com-quase-200-vagas-e-salarios-de-r-7-mil\/","url_meta":{"origin":74068,"position":1},"title":"CONCURSO da POL\u00cdCIA MILITAR abre NOVO edital com quase 200 vagas e sal\u00e1rios de R$ 7 mil","author":"noticiasribeiraopreto.com.br","date":"2 de January de 2024","format":false,"excerpt":"Confira os requisitos deste concurso da Pol\u00edcia Militar Se voc\u00ea busca \u00e1rea policial, saiba que saiu um novo concurso da Pol\u00edcia Militar. Ao todo s\u00e3o 180 vagas e muitas chances e oportunidades. Veja os requisitos e inscreva-se! Oportunidade para Ingresso na Carreira Militar A Pol\u00edcia Militar de Minas Gerais anunciou\u2026","rel":"","context":"In &quot;Vagas de Emprego em Ribeir\u00e3o Preto-SP&quot;","block_context":{"text":"Vagas de Emprego em Ribeir\u00e3o Preto-SP","link":"https:\/\/noticiasribeiraopreto.com.br\/index.php\/category\/empregos-classificados-vagas-trabalho\/vagas-de-empregos-em-ribeirao-preto-regiao-brasil\/"},"img":{"alt_text":"","src":"https:\/\/i0.wp.com\/noticiasribeiraopreto.com.br\/wp-content\/uploads\/2024\/01\/noticiasconcursos.com_.br-concurso-da-policia-militar-abre-novo-edital-com-quase-200-vagas-e-salarios-de-r-7-mil-pexels-cottonbro-studio-10480623.jpg?fit=1200%2C800&ssl=1&resize=350%2C200","width":350,"height":200,"srcset":"https:\/\/i0.wp.com\/noticiasribeiraopreto.com.br\/wp-content\/uploads\/2024\/01\/noticiasconcursos.com_.br-concurso-da-policia-militar-abre-novo-edital-com-quase-200-vagas-e-salarios-de-r-7-mil-pexels-cottonbro-studio-10480623.jpg?fit=1200%2C800&ssl=1&resize=350%2C200 1x, https:\/\/i0.wp.com\/noticiasribeiraopreto.com.br\/wp-content\/uploads\/2024\/01\/noticiasconcursos.com_.br-concurso-da-policia-militar-abre-novo-edital-com-quase-200-vagas-e-salarios-de-r-7-mil-pexels-cottonbro-studio-10480623.jpg?fit=1200%2C800&ssl=1&resize=525%2C300 1.5x, https:\/\/i0.wp.com\/noticiasribeiraopreto.com.br\/wp-content\/uploads\/2024\/01\/noticiasconcursos.com_.br-concurso-da-policia-militar-abre-novo-edital-com-quase-200-vagas-e-salarios-de-r-7-mil-pexels-cottonbro-studio-10480623.jpg?fit=1200%2C800&ssl=1&resize=700%2C400 2x, https:\/\/i0.wp.com\/noticiasribeiraopreto.com.br\/wp-content\/uploads\/2024\/01\/noticiasconcursos.com_.br-concurso-da-policia-militar-abre-novo-edital-com-quase-200-vagas-e-salarios-de-r-7-mil-pexels-cottonbro-studio-10480623.jpg?fit=1200%2C800&ssl=1&resize=1050%2C600 3x"},"classes":[]},{"id":55673,"url":"https:\/\/noticiasribeiraopreto.com.br\/index.php\/2024\/08\/05\/tj-sp-abre-concurso-publico-com-237-vagas-e-salarios-de-r-32-mil\/","url_meta":{"origin":74068,"position":2},"title":"TJ-SP abre concurso p\u00fablico com 237 vagas e sal\u00e1rios de R$ 32 mil","author":"noticiasribeiraopreto.com.br","date":"5 de August de 2024","format":false,"excerpt":"O TJ-SP (Tribunal de Justi\u00e7a de S\u00e3o Paulo) abriu concurso p\u00fablico para o ingresso na magistratura no cargo de juiz substituto com 237 vagas. Os sal\u00e1rios para o cargo s\u00e3o de R$ 32.350,05. As inscri\u00e7\u00f5es devem ser realizadas no site da Funda\u00e7\u00e3o Vunesp (clique aqui) no per\u00edodo de 5 de\u2026","rel":"","context":"In &quot;Not\u00edcias de Ribeir\u00e3o Preto-SP e Regi\u00e3o&quot;","block_context":{"text":"Not\u00edcias de Ribeir\u00e3o Preto-SP e Regi\u00e3o","link":"https:\/\/noticiasribeiraopreto.com.br\/index.php\/category\/noticias-de-ribeirao-preto-sp-e-regiao-ismael-colosi\/"},"img":{"alt_text":"","src":"https:\/\/i0.wp.com\/noticiasribeiraopreto.com.br\/wp-content\/uploads\/2024\/08\/concurso-publico.jpg?fit=1200%2C800&ssl=1&resize=350%2C200","width":350,"height":200,"srcset":"https:\/\/i0.wp.com\/noticiasribeiraopreto.com.br\/wp-content\/uploads\/2024\/08\/concurso-publico.jpg?fit=1200%2C800&ssl=1&resize=350%2C200 1x, https:\/\/i0.wp.com\/noticiasribeiraopreto.com.br\/wp-content\/uploads\/2024\/08\/concurso-publico.jpg?fit=1200%2C800&ssl=1&resize=525%2C300 1.5x, https:\/\/i0.wp.com\/noticiasribeiraopreto.com.br\/wp-content\/uploads\/2024\/08\/concurso-publico.jpg?fit=1200%2C800&ssl=1&resize=700%2C400 2x, https:\/\/i0.wp.com\/noticiasribeiraopreto.com.br\/wp-content\/uploads\/2024\/08\/concurso-publico.jpg?fit=1200%2C800&ssl=1&resize=1050%2C600 3x"},"classes":[]},{"id":65869,"url":"https:\/\/noticiasribeiraopreto.com.br\/index.php\/2025\/03\/25\/concurso-publico-do-mpf-tem-58-vagas-e-salarios-de-r-39-mil-veja-como-participar\/","url_meta":{"origin":74068,"position":3},"title":"Concurso p\u00fablico do MPF tem 58 vagas e sal\u00e1rios de R$ 39 mil; Veja como participar","author":"noticiasribeiraopreto.com.br","date":"25 de March de 2025","format":false,"excerpt":"Est\u00e3o abertas as inscri\u00e7\u00f5es do concurso p\u00fablico do MPF (Minist\u00e9rio P\u00fablico Federal) para o cargo de procurador da Rep\u00fablica. Ao todo, s\u00e3o 58 vagas para o cargo que tem sal\u00e1rios de R$ 39.753,22. As inscri\u00e7\u00f5es devem ser realizadas pela internet (clique aqui) at\u00e9 o dia 22 de abril. A taxa\u2026","rel":"","context":"In &quot;Not\u00edcias de Ribeir\u00e3o Preto-SP e Regi\u00e3o&quot;","block_context":{"text":"Not\u00edcias de Ribeir\u00e3o Preto-SP e Regi\u00e3o","link":"https:\/\/noticiasribeiraopreto.com.br\/index.php\/category\/noticias-de-ribeirao-preto-sp-e-regiao-ismael-colosi\/"},"img":{"alt_text":"","src":"https:\/\/i0.wp.com\/noticiasribeiraopreto.com.br\/wp-content\/uploads\/2024\/08\/Copia-de-Copia-de-TAMANHO-EXATO-PARA-FOTOS-NO-SISTEMA-NOVO-6_2024-06-11_13-40-15_jpg_2024-06-11_13-40-15.webp.webp?fit=1200%2C675&ssl=1&resize=350%2C200","width":350,"height":200,"srcset":"https:\/\/i0.wp.com\/noticiasribeiraopreto.com.br\/wp-content\/uploads\/2024\/08\/Copia-de-Copia-de-TAMANHO-EXATO-PARA-FOTOS-NO-SISTEMA-NOVO-6_2024-06-11_13-40-15_jpg_2024-06-11_13-40-15.webp.webp?fit=1200%2C675&ssl=1&resize=350%2C200 1x, https:\/\/i0.wp.com\/noticiasribeiraopreto.com.br\/wp-content\/uploads\/2024\/08\/Copia-de-Copia-de-TAMANHO-EXATO-PARA-FOTOS-NO-SISTEMA-NOVO-6_2024-06-11_13-40-15_jpg_2024-06-11_13-40-15.webp.webp?fit=1200%2C675&ssl=1&resize=525%2C300 1.5x, https:\/\/i0.wp.com\/noticiasribeiraopreto.com.br\/wp-content\/uploads\/2024\/08\/Copia-de-Copia-de-TAMANHO-EXATO-PARA-FOTOS-NO-SISTEMA-NOVO-6_2024-06-11_13-40-15_jpg_2024-06-11_13-40-15.webp.webp?fit=1200%2C675&ssl=1&resize=700%2C400 2x, https:\/\/i0.wp.com\/noticiasribeiraopreto.com.br\/wp-content\/uploads\/2024\/08\/Copia-de-Copia-de-TAMANHO-EXATO-PARA-FOTOS-NO-SISTEMA-NOVO-6_2024-06-11_13-40-15_jpg_2024-06-11_13-40-15.webp.webp?fit=1200%2C675&ssl=1&resize=1050%2C600 3x"},"classes":[]},{"id":52703,"url":"https:\/\/noticiasribeiraopreto.com.br\/index.php\/2024\/06\/11\/governo-de-sp-autoriza-novo-concurso-da-pm-com-200-vagas-e-salarios-de-r-48-mil\/","url_meta":{"origin":74068,"position":4},"title":"Governo de SP autoriza novo concurso da PM com 200 vagas e sal\u00e1rios de R$ 4,8 mil","author":"noticiasribeiraopreto.com.br","date":"11 de June de 2024","format":false,"excerpt":"O Governo do Estado de S\u00e3o Paulo autorizou, nesta segunda-feira (10), a contrata\u00e7\u00e3o de 200 alunos-oficiais da Pol\u00edcia Militar (PM), de ambos os sexos. A remunera\u00e7\u00e3o b\u00e1sica inicial para o cargo \u00e9 de R$ 4,8 mil. Os interessados devem se inscrever de forma on-line pelo site da Fuvest (clique aqui),\u2026","rel":"","context":"In &quot;Not\u00edcias de Ribeir\u00e3o Preto-SP e Regi\u00e3o&quot;","block_context":{"text":"Not\u00edcias de Ribeir\u00e3o Preto-SP e Regi\u00e3o","link":"https:\/\/noticiasribeiraopreto.com.br\/index.php\/category\/noticias-de-ribeirao-preto-sp-e-regiao-ismael-colosi\/"},"img":{"alt_text":"","src":"https:\/\/i0.wp.com\/noticiasribeiraopreto.com.br\/wp-content\/uploads\/2024\/06\/foto_governo_estado_sp.jpg_1839041271-e1718132748781.webp.webp?fit=404%2C318&ssl=1&resize=350%2C200","width":350,"height":200},"classes":[]},{"id":58248,"url":"https:\/\/noticiasribeiraopreto.com.br\/index.php\/2024\/09\/22\/veja-sete-concursos-publicos-com-mais-de-200-vagas-no-interior-de-sp\/","url_meta":{"origin":74068,"position":5},"title":"Veja sete concursos p\u00fablicos com mais de 200 vagas no interior de SP","author":"noticiasribeiraopreto.com.br","date":"22 de September de 2024","format":false,"excerpt":"Voc\u00ea procura por uma oportunidade de emprego no servi\u00e7o p\u00fablico? O acidade on Ribeir\u00e3o separou uma lista com sete concursos p\u00fablico que t\u00eam, somados, mais de 200 vagas dispon\u00edveis no interior de S\u00e3o Paulo. As vagas nos concursos p\u00fablicos s\u00e3o de n\u00edvel fundamental, m\u00e9dio, t\u00e9cnico e superior com sal\u00e1rios de\u2026","rel":"","context":"In &quot;Not\u00edcias de Ribeir\u00e3o Preto-SP e Regi\u00e3o&quot;","block_context":{"text":"Not\u00edcias de Ribeir\u00e3o Preto-SP e Regi\u00e3o","link":"https:\/\/noticiasribeiraopreto.com.br\/index.php\/category\/noticias-de-ribeirao-preto-sp-e-regiao-ismael-colosi\/"},"img":{"alt_text":"","src":"https:\/\/i0.wp.com\/noticiasribeiraopreto.com.br\/wp-content\/uploads\/2024\/05\/Copia-de-Copia-de-TAMANHO-EXATO-PARA-FOTOS-NO-SISTEMA-NOVO-33_2024-05-23_13-39-05_jpg_2024-05-23_13-39-05.webp.webp?fit=1200%2C675&ssl=1&resize=350%2C200","width":350,"height":200,"srcset":"https:\/\/i0.wp.com\/noticiasribeiraopreto.com.br\/wp-content\/uploads\/2024\/05\/Copia-de-Copia-de-TAMANHO-EXATO-PARA-FOTOS-NO-SISTEMA-NOVO-33_2024-05-23_13-39-05_jpg_2024-05-23_13-39-05.webp.webp?fit=1200%2C675&ssl=1&resize=350%2C200 1x, https:\/\/i0.wp.com\/noticiasribeiraopreto.com.br\/wp-content\/uploads\/2024\/05\/Copia-de-Copia-de-TAMANHO-EXATO-PARA-FOTOS-NO-SISTEMA-NOVO-33_2024-05-23_13-39-05_jpg_2024-05-23_13-39-05.webp.webp?fit=1200%2C675&ssl=1&resize=525%2C300 1.5x, https:\/\/i0.wp.com\/noticiasribeiraopreto.com.br\/wp-content\/uploads\/2024\/05\/Copia-de-Copia-de-TAMANHO-EXATO-PARA-FOTOS-NO-SISTEMA-NOVO-33_2024-05-23_13-39-05_jpg_2024-05-23_13-39-05.webp.webp?fit=1200%2C675&ssl=1&resize=700%2C400 2x, https:\/\/i0.wp.com\/noticiasribeiraopreto.com.br\/wp-content\/uploads\/2024\/05\/Copia-de-Copia-de-TAMANHO-EXATO-PARA-FOTOS-NO-SISTEMA-NOVO-33_2024-05-23_13-39-05_jpg_2024-05-23_13-39-05.webp.webp?fit=1200%2C675&ssl=1&resize=1050%2C600 3x"},"classes":[]}],"jetpack_sharing_enabled":true,"jetpack_shortlink":"https:\/\/wp.me\/peQAOb-jgE","_links":{"self":[{"href":"https:\/\/noticiasribeiraopreto.com.br\/index.php\/wp-json\/wp\/v2\/posts\/74068","targetHints":{"allow":["GET"]}}],"collection":[{"href":"https:\/\/noticiasribeiraopreto.com.br\/index.php\/wp-json\/wp\/v2\/posts"}],"about":[{"href":"https:\/\/noticiasribeiraopreto.com.br\/index.php\/wp-json\/wp\/v2\/types\/post"}],"author":[{"embeddable":true,"href":"https:\/\/noticiasribeiraopreto.com.br\/index.php\/wp-json\/wp\/v2\/users\/1"}],"replies":[{"embeddable":true,"href":"https:\/\/noticiasribeiraopreto.com.br\/index.php\/wp-json\/wp\/v2\/comments?post=74068"}],"version-history":[{"count":0,"href":"https:\/\/noticiasribeiraopreto.com.br\/index.php\/wp-json\/wp\/v2\/posts\/74068\/revisions"}],"wp:featuredmedia":[{"embeddable":true,"href":"https:\/\/noticiasribeiraopreto.com.br\/index.php\/wp-json\/wp\/v2\/media\/74069"}],"wp:attachment":[{"href":"https:\/\/noticiasribeiraopreto.com.br\/index.php\/wp-json\/wp\/v2\/media?parent=74068"}],"wp:term":[{"taxonomy":"category","embeddable":true,"href":"https:\/\/noticiasribeiraopreto.com.br\/index.php\/wp-json\/wp\/v2\/categories?post=74068"},{"taxonomy":"post_tag","embeddable":true,"href":"https:\/\/noticiasribeiraopreto.com.br\/index.php\/wp-json\/wp\/v2\/tags?post=74068"}],"curies":[{"name":"wp","href":"https:\/\/api.w.org\/{rel}","templated":true}]}}