{"id":74070,"date":"2025-07-15T15:39:27","date_gmt":"2025-07-15T18:39:27","guid":{"rendered":"https:\/\/noticiasribeiraopreto.com.br\/index.php\/2025\/07\/15\/teatro-municipal-de-ribeirao-preto-recebe-espetaculo-infantil-aladdin\/"},"modified":"2025-07-15T15:39:27","modified_gmt":"2025-07-15T18:39:27","slug":"teatro-municipal-de-ribeirao-preto-recebe-espetaculo-infantil-aladdin","status":"publish","type":"post","link":"https:\/\/noticiasribeiraopreto.com.br\/index.php\/2025\/07\/15\/teatro-municipal-de-ribeirao-preto-recebe-espetaculo-infantil-aladdin\/","title":{"rendered":"Teatro Municipal de Ribeir\u00e3o Preto recebe espet\u00e1culo infantil \u2018Aladdin\u2019"},"content":{"rendered":"<div class='code-block code-block-1' style='margin: 8px 0 8px auto; text-align: right; display: block; clear: both;'>\n<p><a href=\"https:\/\/wa.link\/vpicfd\"><img data-recalc-dims=\"1\" class=\"wp-image-4922\" style=\"aspect-ratio: 2.0253164556962027; width: 561px; height: auto;\" src=\"https:\/\/i0.wp.com\/ismaelcolosi.com.br\/wp-content\/uploads\/2023\/11\/grupo-de-empregos-whatsapp-e-facebook-ismael-colosi-vagas.jpg?ssl=1\" alt=\"\" \/><\/a><\/p>\n<!-- \/wp:image -->\n<\/div>\n<p> <br \/>\n<\/p>\n<div data-td-block-uid=\"tdi_95\">\n<div class=\"tdb-block-inner td-fix-index\">\n<p><strong>Ribeir\u00e3o Preto<\/strong> recebe neste <strong>s\u00e1bado (19)<\/strong> o espet\u00e1culo infantil \u201c<strong>Aladdin e as 1001 Noites<\/strong>\u201d. A apresenta\u00e7\u00e3o come\u00e7a \u00e0s <strong>15h<\/strong>, no <strong>Teatro Municipal<\/strong>, e faz parte da programa\u00e7\u00e3o do <strong>Festival de Teatro Seguros Unimed<\/strong>.<\/p>\n<p>O espet\u00e1culo \u00e9 um musical totalmente cantado <strong>ao vivo<\/strong>, repleto de cen\u00e1rios e at\u00e9 um <strong>tapete voador<\/strong> em cena.<\/p>\n<p>Na pe\u00e7a, um jovem humilde encontra uma <strong>l\u00e2mpada m\u00e1gica<\/strong> que abriga um g\u00eanio capaz de conceder desejos. Ao se apaixonar por uma jovem desconhecida, que na verdade \u00e9 uma princesa prometida em casamento, ele tenta se passar por um pr\u00edncipe para conquistar seu amor e a confian\u00e7a do rei.<\/p>\n<p>A dire\u00e7\u00e3o e autoria s\u00e3o de <strong>Tony Medugno<\/strong>, que tamb\u00e9m integra o elenco ao lado de <strong>Luna Milano, Annye Ribeiro, Marcelo Ayres, Brayan Patrick e Tainan Porcel<\/strong>.<\/p>\n<h2 class=\"wp-block-heading\"><strong>Ingressos<\/strong><\/h2>\n<p>Os ingressos custam entre <strong>R$ 30 e R$ 60<\/strong> e podem ser adquiridos <strong>on-line <a href=\"https:\/\/megabilheteria.com\/evento?id=20250425154022\">(clique aqui) <\/a><\/strong>ou na bilheteria do <strong>Teatro Municipal de Ribeir\u00e3o Preto<\/strong>.<\/p>\n<h2 class=\"wp-block-heading\"><strong>Servi\u00e7o<\/strong><\/h2>\n<p><strong>Aladdin e as 1001 noites<\/strong><\/p>\n<p><strong>Quando: <\/strong>19 de julho<br \/><strong>Hor\u00e1rio:<\/strong> 15h<br \/><strong>Local:<\/strong> Teatro Municipal de Ribeir\u00e3o Preto \u2013 Jardim Mosteiro \u2013 Ribeir\u00e3o Preto<br \/><strong>Ingresso:<\/strong> A partir de R$ 30<\/p>\n<p>SAIBA MAIS<br \/>Centro de Ribeir\u00e3o Preto recebe festa julina com comidas t\u00edpicas, m\u00fasica ao vivo e artesanato<\/p>\n<h3 class=\"wp-block-heading\"><strong>FIQUE ON\u00a0\u00a0\u00a0\u00a0\u00a0\u00a0\u00a0\u00a0\u00a0<\/strong><\/h3>\n<p>Quer ficar por dentro de tudo que acontece em Ribeir\u00e3o Preto e regi\u00e3o? Ent\u00e3o siga os perfis do\u202facidade on\u202fno\u202f<a href=\"https:\/\/www.instagram.com\/acidadeonribeirao\" target=\"_blank\" rel=\"noreferrer noopener\">Instagram<\/a>\u202fe no\u202f<a href=\"https:\/\/www.facebook.com\/acidadeonribeirao\/\" target=\"_blank\" rel=\"noreferrer noopener\">Facebook<\/a>.<\/p>\n<p>Al\u00e9m disso, voc\u00ea pode receber as principais not\u00edcias diretamente no WhatsApp. Para isso, basta\u00a0<a href=\"https:\/\/chat.whatsapp.com\/BjKQZ9oJwlz8VVT50NuePq\" target=\"_blank\" rel=\"noreferrer noopener\">entrar no grupo clicando aqui<\/a>.<\/p>\n<p>Por fim, se quiser fazer uma den\u00fancia ou sugerir uma reportagem sobre Ribeir\u00e3o Preto e regi\u00e3o, envie uma mensagem pelo WhatsApp: (16) 99117-7802.<\/p>\n<p>VEJA TAMB\u00c9M<br \/>O que aconteceu com Laura Cardoso em \u2018A Viagem\u2019?<\/p>\n<p><!-- AI CONTENT END 1 -->\n<\/div>\n<\/div>\n<p><script async src=\"\/\/www.instagram.com\/embed.js\"><\/script><br \/>\n<br \/><br \/>\n<br \/><a href=\"https:\/\/www.acidadeon.com\/ribeiraopreto\/lazer-e-cultura\/teatro-municipal-ribeirao-preto-recebe-espetaculo-infantil-aladdin\/\">Source link <\/a><\/p>\n<!-- CONTENT END 1 -->\n","protected":false},"excerpt":{"rendered":"<p>Ribeir\u00e3o Preto recebe neste s\u00e1bado (19) o espet\u00e1culo infantil \u201cAladdin e as 1001 Noites\u201d. A apresenta\u00e7\u00e3o come\u00e7a \u00e0s 15h, no Teatro Municipal, e faz parte&#8230;<\/p>\n","protected":false},"author":1,"featured_media":74071,"comment_status":"open","ping_status":"open","sticky":false,"template":"","format":"standard","meta":{"advanced_seo_description":"","jetpack_seo_html_title":"","jetpack_seo_noindex":false,"jetpack_post_was_ever_published":false,"_jetpack_newsletter_access":"","_jetpack_dont_email_post_to_subs":false,"_jetpack_newsletter_tier_id":0,"_jetpack_memberships_contains_paywalled_content":false,"_jetpack_memberships_contains_paid_content":false,"footnotes":"","jetpack_publicize_message":"","jetpack_publicize_feature_enabled":true,"jetpack_social_post_already_shared":true,"jetpack_social_options":{"image_generator_settings":{"template":"highway","default_image_id":0,"font":"","enabled":false},"version":2}},"categories":[11],"tags":[],"class_list":["post-74070","post","type-post","status-publish","format-standard","has-post-thumbnail","hentry","category-noticias-de-ribeirao-preto-sp-e-regiao-ismael-colosi"],"jetpack_publicize_connections":[],"jetpack_featured_media_url":"https:\/\/i0.wp.com\/noticiasribeiraopreto.com.br\/wp-content\/uploads\/2025\/07\/Aladdin-e-as-1001-Noites-i_2025-07-15_15-51-13.webp.webp?fit=1199%2C835&ssl=1","jetpack-related-posts":[{"id":68369,"url":"https:\/\/noticiasribeiraopreto.com.br\/index.php\/2025\/04\/24\/teatro-da-usp-ribeirao-preto-recebe-tres-espetaculos-gratuitos\/","url_meta":{"origin":74070,"position":0},"title":"Teatro da USP Ribeir\u00e3o Preto recebe tr\u00eas espet\u00e1culos gratuitos","author":"noticiasribeiraopreto.com.br","date":"24 de April de 2025","format":false,"excerpt":"A Cia do Trailler \u2013 Teatro em Movimento levar\u00e1 para o Teatro da USP Ribeir\u00e3o Preto tr\u00eas espet\u00e1culos e uma oficina entre os dias 24 a 26 de abril. A programa\u00e7\u00e3o inclui a \u201c\u00d3pera Febril\u201d, \u201cExperimento Desterro .doc\u201d e \u201cSputnik II e Outras Hist\u00f3rias Caninas\u201d. As apresenta\u00e7\u00f5es integram o projeto\u2026","rel":"","context":"In &quot;Not\u00edcias de Ribeir\u00e3o Preto-SP e Regi\u00e3o&quot;","block_context":{"text":"Not\u00edcias de Ribeir\u00e3o Preto-SP e Regi\u00e3o","link":"https:\/\/noticiasribeiraopreto.com.br\/index.php\/category\/noticias-de-ribeirao-preto-sp-e-regiao-ismael-colosi\/"},"img":{"alt_text":"","src":"https:\/\/i0.wp.com\/noticiasribeiraopreto.com.br\/wp-content\/uploads\/2025\/04\/TEATRO-NA-USP_2025-04-24_19-27-44.webp.webp?fit=1200%2C801&ssl=1&resize=350%2C200","width":350,"height":200,"srcset":"https:\/\/i0.wp.com\/noticiasribeiraopreto.com.br\/wp-content\/uploads\/2025\/04\/TEATRO-NA-USP_2025-04-24_19-27-44.webp.webp?fit=1200%2C801&ssl=1&resize=350%2C200 1x, https:\/\/i0.wp.com\/noticiasribeiraopreto.com.br\/wp-content\/uploads\/2025\/04\/TEATRO-NA-USP_2025-04-24_19-27-44.webp.webp?fit=1200%2C801&ssl=1&resize=525%2C300 1.5x, https:\/\/i0.wp.com\/noticiasribeiraopreto.com.br\/wp-content\/uploads\/2025\/04\/TEATRO-NA-USP_2025-04-24_19-27-44.webp.webp?fit=1200%2C801&ssl=1&resize=700%2C400 2x, https:\/\/i0.wp.com\/noticiasribeiraopreto.com.br\/wp-content\/uploads\/2025\/04\/TEATRO-NA-USP_2025-04-24_19-27-44.webp.webp?fit=1200%2C801&ssl=1&resize=1050%2C600 3x"},"classes":[]},{"id":74645,"url":"https:\/\/noticiasribeiraopreto.com.br\/index.php\/2025\/07\/26\/teatro-municipal-de-ribeirao-preto-recebe-classico-de-shakespeare\/","url_meta":{"origin":74070,"position":1},"title":"Teatro Municipal de Ribeir\u00e3o Preto recebe cl\u00e1ssico de Shakespeare","author":"noticiasribeiraopreto.com.br","date":"26 de July de 2025","format":false,"excerpt":"O Teatro Municipal de Ribeir\u00e3o Preto recebe no pr\u00f3ximo dia 31 de julho, \u00e0s 20h, a pe\u00e7a cl\u00e1ssica de Shakespeare: \u201cSonho de Uma Noite de Ver\u00e3o\u201d. Os ingressos custam a partir de R$ 20 e podem ser adquiridos pela internet (clique aqui). Apresentada pela Trupe Mandacaru e com dire\u00e7\u00e3o de\u2026","rel":"","context":"In &quot;Not\u00edcias de Ribeir\u00e3o Preto-SP e Regi\u00e3o&quot;","block_context":{"text":"Not\u00edcias de Ribeir\u00e3o Preto-SP e Regi\u00e3o","link":"https:\/\/noticiasribeiraopreto.com.br\/index.php\/category\/noticias-de-ribeirao-preto-sp-e-regiao-ismael-colosi\/"},"img":{"alt_text":"","src":"https:\/\/i0.wp.com\/noticiasribeiraopreto.com.br\/wp-content\/uploads\/2025\/07\/sonho-de-uma-noite-de-verao_2025-07-26_14-55-01.webp.webp?fit=1200%2C799&ssl=1&resize=350%2C200","width":350,"height":200,"srcset":"https:\/\/i0.wp.com\/noticiasribeiraopreto.com.br\/wp-content\/uploads\/2025\/07\/sonho-de-uma-noite-de-verao_2025-07-26_14-55-01.webp.webp?fit=1200%2C799&ssl=1&resize=350%2C200 1x, https:\/\/i0.wp.com\/noticiasribeiraopreto.com.br\/wp-content\/uploads\/2025\/07\/sonho-de-uma-noite-de-verao_2025-07-26_14-55-01.webp.webp?fit=1200%2C799&ssl=1&resize=525%2C300 1.5x, https:\/\/i0.wp.com\/noticiasribeiraopreto.com.br\/wp-content\/uploads\/2025\/07\/sonho-de-uma-noite-de-verao_2025-07-26_14-55-01.webp.webp?fit=1200%2C799&ssl=1&resize=700%2C400 2x, https:\/\/i0.wp.com\/noticiasribeiraopreto.com.br\/wp-content\/uploads\/2025\/07\/sonho-de-uma-noite-de-verao_2025-07-26_14-55-01.webp.webp?fit=1200%2C799&ssl=1&resize=1050%2C600 3x"},"classes":[]},{"id":83300,"url":"https:\/\/noticiasribeiraopreto.com.br\/index.php\/2026\/03\/15\/teatro-municipal-recebe-dois-espetaculos-infantis-neste-domingo\/","url_meta":{"origin":74070,"position":2},"title":"Teatro Municipal recebe dois espet\u00e1culos infantis neste domingo","author":"noticiasribeiraopreto.com.br","date":"15 de March de 2026","format":false,"excerpt":"\r \r \r 15 de mar\u00e7o de 2026 12:0614 de mar\u00e7o de 2026 17:05 \r Compartilhar0 O Teatro Municipal de Ribeir\u00e3o Preto recebe neste domingo (15) duas apresenta\u00e7\u00f5es voltadas ao p\u00fablico infantil: \u201cO Casamento da Dona Baratinha\u201d, \u00e0s 11h, e o musical \u201cOs Tr\u00eas Porquinhos\u201d, \u00e0s 16h. As duas montagens\u2026","rel":"","context":"In &quot;Not\u00edcias de Ribeir\u00e3o Preto-SP e Regi\u00e3o&quot;","block_context":{"text":"Not\u00edcias de Ribeir\u00e3o Preto-SP e Regi\u00e3o","link":"https:\/\/noticiasribeiraopreto.com.br\/index.php\/category\/noticias-de-ribeirao-preto-sp-e-regiao-ismael-colosi\/"},"img":{"alt_text":"","src":"https:\/\/i0.wp.com\/noticiasribeiraopreto.com.br\/wp-content\/uploads\/2026\/03\/1-os-3-porquinhos.jpg?fit=1040%2C780&ssl=1&resize=350%2C200","width":350,"height":200,"srcset":"https:\/\/i0.wp.com\/noticiasribeiraopreto.com.br\/wp-content\/uploads\/2026\/03\/1-os-3-porquinhos.jpg?fit=1040%2C780&ssl=1&resize=350%2C200 1x, https:\/\/i0.wp.com\/noticiasribeiraopreto.com.br\/wp-content\/uploads\/2026\/03\/1-os-3-porquinhos.jpg?fit=1040%2C780&ssl=1&resize=525%2C300 1.5x, https:\/\/i0.wp.com\/noticiasribeiraopreto.com.br\/wp-content\/uploads\/2026\/03\/1-os-3-porquinhos.jpg?fit=1040%2C780&ssl=1&resize=700%2C400 2x"},"classes":[]},{"id":78765,"url":"https:\/\/noticiasribeiraopreto.com.br\/index.php\/2025\/10\/17\/clownflitos-amorosos-abre-circuito-infantil-no-teatro-municipal-de-ribeirao-preto\/","url_meta":{"origin":74070,"position":3},"title":"&#8216;Clownflitos Amorosos&#8217; abre circuito infantil no Teatro Municipal de Ribeir\u00e3o Preto","author":"noticiasribeiraopreto.com.br","date":"17 de October de 2025","format":false,"excerpt":"O Teatro Municipal de Ribeir\u00e3o Preto recebe a segunda edi\u00e7\u00e3o do projeto \u201cCircuito Cultural Lugar de Crian\u00e7a \u00e9 no Teatro\u201d, realizado pela Cia Raros Circo e Teatro. A estreia acontece na segunda-feira (20), com o espet\u00e1culo \u201cClownflitos Amorosos\u201d, que contar\u00e1 com sess\u00f5es gratuitas \u00e0s 10h e 14h30 voltadas ao p\u00fablico\u2026","rel":"","context":"In &quot;Not\u00edcias de Ribeir\u00e3o Preto-SP e Regi\u00e3o&quot;","block_context":{"text":"Not\u00edcias de Ribeir\u00e3o Preto-SP e Regi\u00e3o","link":"https:\/\/noticiasribeiraopreto.com.br\/index.php\/category\/noticias-de-ribeirao-preto-sp-e-regiao-ismael-colosi\/"},"img":{"alt_text":"","src":"https:\/\/i0.wp.com\/noticiasribeiraopreto.com.br\/wp-content\/uploads\/2025\/10\/Copia-de-Copia-de-Copia-de-TAMANHO-EXATO-PARA-FOTOS-NO-SISTEMA-NOVO-78_2025-10-17_14-41-30.webp.webp?fit=1200%2C675&ssl=1&resize=350%2C200","width":350,"height":200,"srcset":"https:\/\/i0.wp.com\/noticiasribeiraopreto.com.br\/wp-content\/uploads\/2025\/10\/Copia-de-Copia-de-Copia-de-TAMANHO-EXATO-PARA-FOTOS-NO-SISTEMA-NOVO-78_2025-10-17_14-41-30.webp.webp?fit=1200%2C675&ssl=1&resize=350%2C200 1x, https:\/\/i0.wp.com\/noticiasribeiraopreto.com.br\/wp-content\/uploads\/2025\/10\/Copia-de-Copia-de-Copia-de-TAMANHO-EXATO-PARA-FOTOS-NO-SISTEMA-NOVO-78_2025-10-17_14-41-30.webp.webp?fit=1200%2C675&ssl=1&resize=525%2C300 1.5x, https:\/\/i0.wp.com\/noticiasribeiraopreto.com.br\/wp-content\/uploads\/2025\/10\/Copia-de-Copia-de-Copia-de-TAMANHO-EXATO-PARA-FOTOS-NO-SISTEMA-NOVO-78_2025-10-17_14-41-30.webp.webp?fit=1200%2C675&ssl=1&resize=700%2C400 2x, https:\/\/i0.wp.com\/noticiasribeiraopreto.com.br\/wp-content\/uploads\/2025\/10\/Copia-de-Copia-de-Copia-de-TAMANHO-EXATO-PARA-FOTOS-NO-SISTEMA-NOVO-78_2025-10-17_14-41-30.webp.webp?fit=1200%2C675&ssl=1&resize=1050%2C600 3x"},"classes":[]},{"id":83626,"url":"https:\/\/noticiasribeiraopreto.com.br\/index.php\/2026\/03\/22\/teatro-municipal-de-ribeirao-preto-recebe-espetaculo-tenente-seblon\/","url_meta":{"origin":74070,"position":4},"title":"Teatro Municipal de Ribeir\u00e3o Preto recebe espet\u00e1culo &#8216;Tenente Seblon&#8217;","author":"noticiasribeiraopreto.com.br","date":"22 de March de 2026","format":false,"excerpt":"O Teatro Municipal de Ribeir\u00e3o Preto recebe no pr\u00f3ximo dia 24 de abril, \u00e0s 20h, o espet\u00e1culo \u201cTenente Seblon\u201d.\u00a0 Os ingressos j\u00e1 est\u00e3o dispon\u00edveis pela internet (clique aqui) e custam entre R$ 40 e R$ 80. Sinopse \u00c9 um spin-off dram\u00e1tico criado por Francis Mayer, livremente inspirado na obra \u201cQuerelle\u201d\u2026","rel":"","context":"In &quot;Not\u00edcias de Ribeir\u00e3o Preto-SP e Regi\u00e3o&quot;","block_context":{"text":"Not\u00edcias de Ribeir\u00e3o Preto-SP e Regi\u00e3o","link":"https:\/\/noticiasribeiraopreto.com.br\/index.php\/category\/noticias-de-ribeirao-preto-sp-e-regiao-ismael-colosi\/"},"img":{"alt_text":"","src":"https:\/\/i0.wp.com\/noticiasribeiraopreto.com.br\/wp-content\/uploads\/2026\/03\/Tenente-seblon_2026-03-22_16-13-23.webp.webp?fit=1200%2C800&ssl=1&resize=350%2C200","width":350,"height":200,"srcset":"https:\/\/i0.wp.com\/noticiasribeiraopreto.com.br\/wp-content\/uploads\/2026\/03\/Tenente-seblon_2026-03-22_16-13-23.webp.webp?fit=1200%2C800&ssl=1&resize=350%2C200 1x, https:\/\/i0.wp.com\/noticiasribeiraopreto.com.br\/wp-content\/uploads\/2026\/03\/Tenente-seblon_2026-03-22_16-13-23.webp.webp?fit=1200%2C800&ssl=1&resize=525%2C300 1.5x, https:\/\/i0.wp.com\/noticiasribeiraopreto.com.br\/wp-content\/uploads\/2026\/03\/Tenente-seblon_2026-03-22_16-13-23.webp.webp?fit=1200%2C800&ssl=1&resize=700%2C400 2x, https:\/\/i0.wp.com\/noticiasribeiraopreto.com.br\/wp-content\/uploads\/2026\/03\/Tenente-seblon_2026-03-22_16-13-23.webp.webp?fit=1200%2C800&ssl=1&resize=1050%2C600 3x"},"classes":[]},{"id":77887,"url":"https:\/\/noticiasribeiraopreto.com.br\/index.php\/2025\/09\/27\/ribeirao-preto-recebe-teatro-de-animacao-sobre-tea-e-respeito-a-diversidade\/","url_meta":{"origin":74070,"position":5},"title":"Ribeir\u00e3o Preto recebe teatro de anima\u00e7\u00e3o sobre TEA e respeito \u00e0 diversidade","author":"noticiasribeiraopreto.com.br","date":"27 de September de 2025","format":false,"excerpt":"O Theatro Pedro II, em Ribeir\u00e3o Preto, recebe neste s\u00e1bado (27), a partir das 16h, o espet\u00e1culo \u201cAzul\u201d, da Cia Artesanal. O enredo aborda temas como o Transtorno do Espectro Autista (TEA) e o respeito \u00e0 diversidade. A pe\u00e7a se consagrou como \u201cEspet\u00e1culo do Ano\u201c, no Pr\u00eamio APCA 2024 \u2013\u2026","rel":"","context":"In &quot;Not\u00edcias de Ribeir\u00e3o Preto-SP e Regi\u00e3o&quot;","block_context":{"text":"Not\u00edcias de Ribeir\u00e3o Preto-SP e Regi\u00e3o","link":"https:\/\/noticiasribeiraopreto.com.br\/index.php\/category\/noticias-de-ribeirao-preto-sp-e-regiao-ismael-colosi\/"},"img":{"alt_text":"","src":"https:\/\/i0.wp.com\/noticiasribeiraopreto.com.br\/wp-content\/uploads\/2025\/09\/01_azul_foto-vivian-gradela_fitriopreto24-10_53888257959_o_2025-09-27_17-41-46.webp.webp?fit=1200%2C800&ssl=1&resize=350%2C200","width":350,"height":200,"srcset":"https:\/\/i0.wp.com\/noticiasribeiraopreto.com.br\/wp-content\/uploads\/2025\/09\/01_azul_foto-vivian-gradela_fitriopreto24-10_53888257959_o_2025-09-27_17-41-46.webp.webp?fit=1200%2C800&ssl=1&resize=350%2C200 1x, https:\/\/i0.wp.com\/noticiasribeiraopreto.com.br\/wp-content\/uploads\/2025\/09\/01_azul_foto-vivian-gradela_fitriopreto24-10_53888257959_o_2025-09-27_17-41-46.webp.webp?fit=1200%2C800&ssl=1&resize=525%2C300 1.5x, https:\/\/i0.wp.com\/noticiasribeiraopreto.com.br\/wp-content\/uploads\/2025\/09\/01_azul_foto-vivian-gradela_fitriopreto24-10_53888257959_o_2025-09-27_17-41-46.webp.webp?fit=1200%2C800&ssl=1&resize=700%2C400 2x, https:\/\/i0.wp.com\/noticiasribeiraopreto.com.br\/wp-content\/uploads\/2025\/09\/01_azul_foto-vivian-gradela_fitriopreto24-10_53888257959_o_2025-09-27_17-41-46.webp.webp?fit=1200%2C800&ssl=1&resize=1050%2C600 3x"},"classes":[]}],"jetpack_sharing_enabled":true,"jetpack_shortlink":"https:\/\/wp.me\/peQAOb-jgG","_links":{"self":[{"href":"https:\/\/noticiasribeiraopreto.com.br\/index.php\/wp-json\/wp\/v2\/posts\/74070","targetHints":{"allow":["GET"]}}],"collection":[{"href":"https:\/\/noticiasribeiraopreto.com.br\/index.php\/wp-json\/wp\/v2\/posts"}],"about":[{"href":"https:\/\/noticiasribeiraopreto.com.br\/index.php\/wp-json\/wp\/v2\/types\/post"}],"author":[{"embeddable":true,"href":"https:\/\/noticiasribeiraopreto.com.br\/index.php\/wp-json\/wp\/v2\/users\/1"}],"replies":[{"embeddable":true,"href":"https:\/\/noticiasribeiraopreto.com.br\/index.php\/wp-json\/wp\/v2\/comments?post=74070"}],"version-history":[{"count":0,"href":"https:\/\/noticiasribeiraopreto.com.br\/index.php\/wp-json\/wp\/v2\/posts\/74070\/revisions"}],"wp:featuredmedia":[{"embeddable":true,"href":"https:\/\/noticiasribeiraopreto.com.br\/index.php\/wp-json\/wp\/v2\/media\/74071"}],"wp:attachment":[{"href":"https:\/\/noticiasribeiraopreto.com.br\/index.php\/wp-json\/wp\/v2\/media?parent=74070"}],"wp:term":[{"taxonomy":"category","embeddable":true,"href":"https:\/\/noticiasribeiraopreto.com.br\/index.php\/wp-json\/wp\/v2\/categories?post=74070"},{"taxonomy":"post_tag","embeddable":true,"href":"https:\/\/noticiasribeiraopreto.com.br\/index.php\/wp-json\/wp\/v2\/tags?post=74070"}],"curies":[{"name":"wp","href":"https:\/\/api.w.org\/{rel}","templated":true}]}}