{"id":74072,"date":"2025-07-15T15:46:09","date_gmt":"2025-07-15T18:46:09","guid":{"rendered":"https:\/\/noticiasribeiraopreto.com.br\/index.php\/2025\/07\/15\/carro-de-luxo-de-ex-prefeito-morto-e-encontrado-abandonado-na-regiao-de-ribeirao\/"},"modified":"2025-07-15T15:46:09","modified_gmt":"2025-07-15T18:46:09","slug":"carro-de-luxo-de-ex-prefeito-morto-e-encontrado-abandonado-na-regiao-de-ribeirao","status":"publish","type":"post","link":"https:\/\/noticiasribeiraopreto.com.br\/index.php\/2025\/07\/15\/carro-de-luxo-de-ex-prefeito-morto-e-encontrado-abandonado-na-regiao-de-ribeirao\/","title":{"rendered":"Carro de luxo de ex-prefeito morto \u00e9 encontrado abandonado na regi\u00e3o de Ribeir\u00e3o"},"content":{"rendered":"<div class='code-block code-block-1' style='margin: 8px 0 8px auto; text-align: right; display: block; clear: both;'>\n<p><a href=\"https:\/\/wa.link\/vpicfd\"><img data-recalc-dims=\"1\" class=\"wp-image-4922\" style=\"aspect-ratio: 2.0253164556962027; width: 561px; height: auto;\" src=\"https:\/\/i0.wp.com\/ismaelcolosi.com.br\/wp-content\/uploads\/2023\/11\/grupo-de-empregos-whatsapp-e-facebook-ismael-colosi-vagas.jpg?ssl=1\" alt=\"\" \/><\/a><\/p>\n<!-- \/wp:image -->\n<\/div>\n<p> <br \/>\n<\/p>\n<div>\n<p>A Pol\u00edcia encontrou nesta ter\u00e7a-feira (15) o carro do ex-prefeito de <strong>Taquaritinga Vanderlei Marsico<\/strong>, encontrado morto na \u00faltima quinta-feira (10). O ve\u00edculo Mercedes-Benz est\u00e1 em uma \u00e1rea de mata na zona rural de Taquaritinga.<\/p>\n<p>Segundo o delegado Claudemir Aparecido Pereira da Silva, agora \u00e9 aguardado o exame pericial no ve\u00edculo, realizado pelo<strong> IC (Instituto de Criminal\u00edstica)<\/strong>. <mark style=\"background-color:#fcb900\" class=\"has-inline-color has-black-color\">\u201cPode contribuir com a investiga\u00e7\u00e3o, sobretudo na coleta de impress\u00f5es digitais\u201d<\/mark>, disse.<\/p>\n<p>At\u00e9 o momento, a pol\u00edcia j\u00e1 deteve um adolescente de 17 anos por suspeita de envolvimento na morte do ex-prefeito. O jovem foi apreendido na tarde do \u00faltimo s\u00e1bado (12) em Santa Catarina.<\/p>\n<p>A pol\u00edcia chegou at\u00e9 o local ap\u00f3s rastreio do celular da v\u00edtima roubado no dia do crime.<\/p>\n<h2 class=\"wp-block-heading\"><strong>O crime<\/strong><\/h2>\n<p>Segundo o delegado Claudemir da Silva, o jovem confessou sua participa\u00e7\u00e3o e disse ter pulado o port\u00e3o, encontrado a porta dos fundos aberta e chegado ao quarto do ex-prefeito, que dormia quando foi atacado com um golpe conhecido como mata-le\u00e3o.<\/p>\n<p>Ainda segundo o delegado, o ex-prefeito teria reagido, mas perdeu os sentidos e teve as m\u00e3os e p\u00e9s amarrados.<\/p>\n<p>Al\u00e9m do celular e do carro, uma corrente de ouro tamb\u00e9m foi roubada na a\u00e7\u00e3o. Os bens, por\u00e9m, n\u00e3o foram localizados.<\/p>\n<p>Outros dois suspeitos de participa\u00e7\u00e3o no crime n\u00e3o foram identificados.<\/p>\n<p>De acordo com o delegado, o jovem disse que ao sair da casa o ex-prefeito ainda estava vivo e que colocou uma meia em sua boca, quando ele novamente perdeu os sentidos. A meia foi retirada e o jovem deixou a resid\u00eancia.<\/p>\n<h2 class=\"wp-block-heading\"><strong>Linha de investiga\u00e7\u00e3o<\/strong><\/h2>\n<p>A Pol\u00edcia Civil segue com a investiga\u00e7\u00e3o do caso como latroc\u00ednio \u2013 roubo seguido de morte \u2013 , mas o delegado Claudemir da Silva afirmou n\u00e3o descartar outras hip\u00f3teses ao ser questionado sobre um poss\u00edvel caso passional.<\/p>\n<p>SAIBA MAIS<br \/>Ribeir\u00e3o Preto tem novas regras para espa\u00e7os Pet Friendly; confira<\/p>\n<h2 class=\"wp-block-heading\"><strong>FIQUE ON<\/strong><\/h2>\n<p>Fique ligado em tudo que acontece em Ribeir\u00e3o Preto e regi\u00e3o. Siga os perfis do<strong>\u00a0acidade on\u00a0<\/strong>no<a href=\"https:\/\/www.instagram.com\/acidadeonribeirao\">\u00a0Instagram\u00a0<\/a>e no\u00a0<a href=\"https:\/\/www.facebook.com\/acidadeonribeirao\/\">Facebook<\/a>.<\/p>\n<p>Receba not\u00edcias do\u00a0<strong>acidade on\u00a0<\/strong>no WhatsApp.\u00a0<a href=\"https:\/\/chat.whatsapp.com\/BjKQZ9oJwlz8VVT50NuePq\">Para entrar no grupo, basta clicar aqui.<\/a><\/p>\n<p>Fa\u00e7a uma den\u00fancia ou sugira uma reportagem sobre Ribeir\u00e3o Preto e regi\u00e3o pelo WhatsApp: 16 99117 7802.<\/p>\n<p>VEJA TAMB\u00c9M<br \/>At\u00e9 quando pode se inscrever no Fies 2025 para o 2\u00b0 semestre?<\/p>\n<p><!-- AI CONTENT END 1 -->\n<\/div>\n<p><script async src=\"\/\/www.instagram.com\/embed.js\"><\/script><br \/>\n<br \/><br \/>\n<br \/><a href=\"https:\/\/www.acidadeon.com\/ribeiraopreto\/cotidiano\/carro-de-luxo-de-ex-prefeito-morto-e-encontrado-abandonado-na-regiao-de-ribeirao\/\">Source link <\/a><\/p>\n<!-- CONTENT END 1 -->\n","protected":false},"excerpt":{"rendered":"<p>A Pol\u00edcia encontrou nesta ter\u00e7a-feira (15) o carro do ex-prefeito de Taquaritinga Vanderlei Marsico, encontrado morto na \u00faltima quinta-feira (10). O ve\u00edculo Mercedes-Benz est\u00e1 em&#8230;<\/p>\n","protected":false},"author":1,"featured_media":74073,"comment_status":"open","ping_status":"open","sticky":false,"template":"","format":"standard","meta":{"advanced_seo_description":"","jetpack_seo_html_title":"","jetpack_seo_noindex":false,"jetpack_post_was_ever_published":false,"_jetpack_newsletter_access":"","_jetpack_dont_email_post_to_subs":false,"_jetpack_newsletter_tier_id":0,"_jetpack_memberships_contains_paywalled_content":false,"_jetpack_memberships_contains_paid_content":false,"footnotes":"","jetpack_publicize_message":"","jetpack_publicize_feature_enabled":true,"jetpack_social_post_already_shared":true,"jetpack_social_options":{"image_generator_settings":{"template":"highway","default_image_id":0,"font":"","enabled":false},"version":2}},"categories":[11],"tags":[],"class_list":["post-74072","post","type-post","status-publish","format-standard","has-post-thumbnail","hentry","category-noticias-de-ribeirao-preto-sp-e-regiao-ismael-colosi"],"jetpack_publicize_connections":[],"jetpack_featured_media_url":"https:\/\/i0.wp.com\/noticiasribeiraopreto.com.br\/wp-content\/uploads\/2025\/07\/mercedes_2025-07-15_15-21-29.webp.webp?fit=1200%2C813&ssl=1","jetpack-related-posts":[{"id":76599,"url":"https:\/\/noticiasribeiraopreto.com.br\/index.php\/2025\/09\/01\/policia-prende-jovem-de-19-anos-por-morte-do-ex-prefeito-de-taquaritinga\/","url_meta":{"origin":74072,"position":0},"title":"Pol\u00edcia prende jovem de 19 anos por morte do ex-prefeito de Taquaritinga","author":"noticiasribeiraopreto.com.br","date":"1 de September de 2025","format":false,"excerpt":"A Pol\u00edcia Civil prendeu, nesta segunda-feira (1\u00ba), um jovem de 19 anos suspeito de envolvimento na morte do ex-prefeito de Taquaritinga, na regi\u00e3o de Ribeir\u00e3o Preto, Vanderlei M\u00e1rsico, encontrado morto dentro de casa no dia 10 de julho. A pris\u00e3o foi confirmada pelo delegado respons\u00e1vel pelo caso, Claudemir Pereira da\u2026","rel":"","context":"In &quot;Not\u00edcias de Ribeir\u00e3o Preto-SP e Regi\u00e3o&quot;","block_context":{"text":"Not\u00edcias de Ribeir\u00e3o Preto-SP e Regi\u00e3o","link":"https:\/\/noticiasribeiraopreto.com.br\/index.php\/category\/noticias-de-ribeirao-preto-sp-e-regiao-ismael-colosi\/"},"img":{"alt_text":"","src":"https:\/\/i0.wp.com\/noticiasribeiraopreto.com.br\/wp-content\/uploads\/2025\/07\/vanderlei_2025-07-10_13-02-22.webp.webp?fit=1200%2C731&ssl=1&resize=350%2C200","width":350,"height":200,"srcset":"https:\/\/i0.wp.com\/noticiasribeiraopreto.com.br\/wp-content\/uploads\/2025\/07\/vanderlei_2025-07-10_13-02-22.webp.webp?fit=1200%2C731&ssl=1&resize=350%2C200 1x, https:\/\/i0.wp.com\/noticiasribeiraopreto.com.br\/wp-content\/uploads\/2025\/07\/vanderlei_2025-07-10_13-02-22.webp.webp?fit=1200%2C731&ssl=1&resize=525%2C300 1.5x, https:\/\/i0.wp.com\/noticiasribeiraopreto.com.br\/wp-content\/uploads\/2025\/07\/vanderlei_2025-07-10_13-02-22.webp.webp?fit=1200%2C731&ssl=1&resize=700%2C400 2x, https:\/\/i0.wp.com\/noticiasribeiraopreto.com.br\/wp-content\/uploads\/2025\/07\/vanderlei_2025-07-10_13-02-22.webp.webp?fit=1200%2C731&ssl=1&resize=1050%2C600 3x"},"classes":[]},{"id":73851,"url":"https:\/\/noticiasribeiraopreto.com.br\/index.php\/2025\/07\/10\/ex-prefeito-de-taquaritinga-e-morto-policia-investiga-motivacoes\/","url_meta":{"origin":74072,"position":1},"title":"Ex-prefeito de Taquaritinga \u00e9 morto; pol\u00edcia investiga motiva\u00e7\u00f5es","author":"noticiasribeiraopreto.com.br","date":"10 de July de 2025","format":false,"excerpt":"10 de julho de 2025 21:014 Compartilhar0 O ex-prefeito Vanderlei Jos\u00e9 M\u00e1rsico, 73 anos, foi encontrado morto na manh\u00e3 desta quinta-feira (10), em sua resid\u00eancia, no munic\u00edpio de Taquaritinga. O corpo da v\u00edtima estava amarrado com fios el\u00e9tricos e coberto por uma manta. A Pol\u00edcia Civil investiga o caso como\u2026","rel":"","context":"In &quot;Not\u00edcias de Ribeir\u00e3o Preto-SP e Regi\u00e3o&quot;","block_context":{"text":"Not\u00edcias de Ribeir\u00e3o Preto-SP e Regi\u00e3o","link":"https:\/\/noticiasribeiraopreto.com.br\/index.php\/category\/noticias-de-ribeirao-preto-sp-e-regiao-ismael-colosi\/"},"img":{"alt_text":"","src":"https:\/\/i0.wp.com\/noticiasribeiraopreto.com.br\/wp-content\/uploads\/2025\/07\/marsico_3.jpeg?fit=554%2C492&ssl=1&resize=350%2C200","width":350,"height":200,"srcset":"https:\/\/i0.wp.com\/noticiasribeiraopreto.com.br\/wp-content\/uploads\/2025\/07\/marsico_3.jpeg?fit=554%2C492&ssl=1&resize=350%2C200 1x, https:\/\/i0.wp.com\/noticiasribeiraopreto.com.br\/wp-content\/uploads\/2025\/07\/marsico_3.jpeg?fit=554%2C492&ssl=1&resize=525%2C300 1.5x"},"classes":[]},{"id":73822,"url":"https:\/\/noticiasribeiraopreto.com.br\/index.php\/2025\/07\/10\/brutalmente-assassinado-diz-radio-de-ex-prefeito-encontrado-morto-na-regiao-de-ribeirao\/","url_meta":{"origin":74072,"position":2},"title":"\u2018Brutalmente assassinado\u2019, diz r\u00e1dio de ex-prefeito encontrado morto na regi\u00e3o de Ribeir\u00e3o","author":"noticiasribeiraopreto.com.br","date":"10 de July de 2025","format":false,"excerpt":"O ex-prefeito de Taquaritinga Vanderlei Jos\u00e9 Marsico, morto aos 73 anos, foi encontrado amarrado e com sinais de viol\u00eancia na manh\u00e3 desta quinta-feira (10), segundo a r\u00e1dio Canal Um, do qual era propriet\u00e1rio. Os criminosos tamb\u00e9m teriam levado o carro da v\u00edtima. Segundo o jornalista Edson C\u00e2ndido, que divulgou a\u2026","rel":"","context":"In &quot;Not\u00edcias de Ribeir\u00e3o Preto-SP e Regi\u00e3o&quot;","block_context":{"text":"Not\u00edcias de Ribeir\u00e3o Preto-SP e Regi\u00e3o","link":"https:\/\/noticiasribeiraopreto.com.br\/index.php\/category\/noticias-de-ribeirao-preto-sp-e-regiao-ismael-colosi\/"},"img":{"alt_text":"","src":"https:\/\/i0.wp.com\/noticiasribeiraopreto.com.br\/wp-content\/uploads\/2025\/07\/vanderlei-marsico_2025-07-10_14-17-42.webp.webp?fit=1200%2C674&ssl=1&resize=350%2C200","width":350,"height":200,"srcset":"https:\/\/i0.wp.com\/noticiasribeiraopreto.com.br\/wp-content\/uploads\/2025\/07\/vanderlei-marsico_2025-07-10_14-17-42.webp.webp?fit=1200%2C674&ssl=1&resize=350%2C200 1x, https:\/\/i0.wp.com\/noticiasribeiraopreto.com.br\/wp-content\/uploads\/2025\/07\/vanderlei-marsico_2025-07-10_14-17-42.webp.webp?fit=1200%2C674&ssl=1&resize=525%2C300 1.5x, https:\/\/i0.wp.com\/noticiasribeiraopreto.com.br\/wp-content\/uploads\/2025\/07\/vanderlei-marsico_2025-07-10_14-17-42.webp.webp?fit=1200%2C674&ssl=1&resize=700%2C400 2x, https:\/\/i0.wp.com\/noticiasribeiraopreto.com.br\/wp-content\/uploads\/2025\/07\/vanderlei-marsico_2025-07-10_14-17-42.webp.webp?fit=1200%2C674&ssl=1&resize=1050%2C600 3x"},"classes":[]},{"id":76635,"url":"https:\/\/noticiasribeiraopreto.com.br\/index.php\/2025\/09\/02\/preso-outro-envolvido-na-morte-de-prefeito-da-regiao\/","url_meta":{"origin":74072,"position":3},"title":"Preso outro envolvido na morte de prefeito da regi\u00e3o","author":"noticiasribeiraopreto.com.br","date":"2 de September de 2025","format":false,"excerpt":"Homem negou participa\u00e7\u00e3o, mas impress\u00e3o digital encontrado no carro do ex-prefeito confirma sua presen\u00e7a no crime 2 de setembro de 2025 12:355 Compartilhar0 Por: Adalberto Luque Um homem foi preso, nesta segunda-feira (1\u00ba), suspeito de ter participado da morte do ex-prefeito de Taquaritinga, Vanderlei Jos\u00e9 M\u00e1rsico, ocorrida em 10 de\u2026","rel":"","context":"In &quot;Not\u00edcias de Ribeir\u00e3o Preto-SP e Regi\u00e3o&quot;","block_context":{"text":"Not\u00edcias de Ribeir\u00e3o Preto-SP e Regi\u00e3o","link":"https:\/\/noticiasribeiraopreto.com.br\/index.php\/category\/noticias-de-ribeirao-preto-sp-e-regiao-ismael-colosi\/"},"img":{"alt_text":"","src":"https:\/\/i0.wp.com\/noticiasribeiraopreto.com.br\/wp-content\/uploads\/2025\/09\/marsico4.jpeg?fit=640%2C480&ssl=1&resize=350%2C200","width":350,"height":200,"srcset":"https:\/\/i0.wp.com\/noticiasribeiraopreto.com.br\/wp-content\/uploads\/2025\/09\/marsico4.jpeg?fit=640%2C480&ssl=1&resize=350%2C200 1x, https:\/\/i0.wp.com\/noticiasribeiraopreto.com.br\/wp-content\/uploads\/2025\/09\/marsico4.jpeg?fit=640%2C480&ssl=1&resize=525%2C300 1.5x"},"classes":[]},{"id":73959,"url":"https:\/\/noticiasribeiraopreto.com.br\/index.php\/2025\/07\/13\/morte-de-ex-prefeito-adolescente-de-17-anos-e-detido-em-santa-catarina\/","url_meta":{"origin":74072,"position":4},"title":"Morte de ex-prefeito: adolescente de 17 anos \u00e9 detido em Santa Catarina","author":"noticiasribeiraopreto.com.br","date":"13 de July de 2025","format":false,"excerpt":"Um adolescente de 17 anos foi detido suspeito de envolvimento na morte do ex-prefeito de Taquaritinga Vanderlei Marsico. De acordo com o delegado Claudemir Aparecido Pereira da Silva, o adolescente foi apreendido na tarde de s\u00e1bado (12) em Santa Catarina. Vanderlei Jos\u00e9 Marsico, morto aos 73 anos, foi encontrado amarrado\u2026","rel":"","context":"In &quot;Not\u00edcias de Ribeir\u00e3o Preto-SP e Regi\u00e3o&quot;","block_context":{"text":"Not\u00edcias de Ribeir\u00e3o Preto-SP e Regi\u00e3o","link":"https:\/\/noticiasribeiraopreto.com.br\/index.php\/category\/noticias-de-ribeirao-preto-sp-e-regiao-ismael-colosi\/"},"img":{"alt_text":"","src":"https:\/\/i0.wp.com\/noticiasribeiraopreto.com.br\/wp-content\/uploads\/2025\/07\/vanderlei-marsico_2025-07-10_14-17-42.webp.webp?fit=1200%2C674&ssl=1&resize=350%2C200","width":350,"height":200,"srcset":"https:\/\/i0.wp.com\/noticiasribeiraopreto.com.br\/wp-content\/uploads\/2025\/07\/vanderlei-marsico_2025-07-10_14-17-42.webp.webp?fit=1200%2C674&ssl=1&resize=350%2C200 1x, https:\/\/i0.wp.com\/noticiasribeiraopreto.com.br\/wp-content\/uploads\/2025\/07\/vanderlei-marsico_2025-07-10_14-17-42.webp.webp?fit=1200%2C674&ssl=1&resize=525%2C300 1.5x, https:\/\/i0.wp.com\/noticiasribeiraopreto.com.br\/wp-content\/uploads\/2025\/07\/vanderlei-marsico_2025-07-10_14-17-42.webp.webp?fit=1200%2C674&ssl=1&resize=700%2C400 2x, https:\/\/i0.wp.com\/noticiasribeiraopreto.com.br\/wp-content\/uploads\/2025\/07\/vanderlei-marsico_2025-07-10_14-17-42.webp.webp?fit=1200%2C674&ssl=1&resize=1050%2C600 3x"},"classes":[]},{"id":73824,"url":"https:\/\/noticiasribeiraopreto.com.br\/index.php\/2025\/07\/10\/ex-prefeito-e-encontrado-morto-na-regiao-de-ribeirao-preto\/","url_meta":{"origin":74072,"position":5},"title":"Ex-prefeito \u00e9 encontrado morto na regi\u00e3o de Ribeir\u00e3o Preto","author":"noticiasribeiraopreto.com.br","date":"10 de July de 2025","format":false,"excerpt":"O ex-prefeito de Taquaritinga Vanderlei Jos\u00e9 Marsico, de 73 anos, foi encontrado morto nesta quinta-feira (10). Segundo as primeiras informa\u00e7\u00f5es, o pol\u00edtico teria sido achado j\u00e1 sem vida na casa onde morava, no Centro de Taquaritinga, por uma funcion\u00e1ria que trabalha na resid\u00eancia. Equipes de pol\u00edcia est\u00e3o no local, na\u2026","rel":"","context":"In &quot;Not\u00edcias de Ribeir\u00e3o Preto-SP e Regi\u00e3o&quot;","block_context":{"text":"Not\u00edcias de Ribeir\u00e3o Preto-SP e Regi\u00e3o","link":"https:\/\/noticiasribeiraopreto.com.br\/index.php\/category\/noticias-de-ribeirao-preto-sp-e-regiao-ismael-colosi\/"},"img":{"alt_text":"","src":"https:\/\/i0.wp.com\/noticiasribeiraopreto.com.br\/wp-content\/uploads\/2025\/07\/vanderlei_2025-07-10_13-02-22.webp.webp?fit=1200%2C731&ssl=1&resize=350%2C200","width":350,"height":200,"srcset":"https:\/\/i0.wp.com\/noticiasribeiraopreto.com.br\/wp-content\/uploads\/2025\/07\/vanderlei_2025-07-10_13-02-22.webp.webp?fit=1200%2C731&ssl=1&resize=350%2C200 1x, https:\/\/i0.wp.com\/noticiasribeiraopreto.com.br\/wp-content\/uploads\/2025\/07\/vanderlei_2025-07-10_13-02-22.webp.webp?fit=1200%2C731&ssl=1&resize=525%2C300 1.5x, https:\/\/i0.wp.com\/noticiasribeiraopreto.com.br\/wp-content\/uploads\/2025\/07\/vanderlei_2025-07-10_13-02-22.webp.webp?fit=1200%2C731&ssl=1&resize=700%2C400 2x, https:\/\/i0.wp.com\/noticiasribeiraopreto.com.br\/wp-content\/uploads\/2025\/07\/vanderlei_2025-07-10_13-02-22.webp.webp?fit=1200%2C731&ssl=1&resize=1050%2C600 3x"},"classes":[]}],"jetpack_sharing_enabled":true,"jetpack_shortlink":"https:\/\/wp.me\/peQAOb-jgI","_links":{"self":[{"href":"https:\/\/noticiasribeiraopreto.com.br\/index.php\/wp-json\/wp\/v2\/posts\/74072","targetHints":{"allow":["GET"]}}],"collection":[{"href":"https:\/\/noticiasribeiraopreto.com.br\/index.php\/wp-json\/wp\/v2\/posts"}],"about":[{"href":"https:\/\/noticiasribeiraopreto.com.br\/index.php\/wp-json\/wp\/v2\/types\/post"}],"author":[{"embeddable":true,"href":"https:\/\/noticiasribeiraopreto.com.br\/index.php\/wp-json\/wp\/v2\/users\/1"}],"replies":[{"embeddable":true,"href":"https:\/\/noticiasribeiraopreto.com.br\/index.php\/wp-json\/wp\/v2\/comments?post=74072"}],"version-history":[{"count":0,"href":"https:\/\/noticiasribeiraopreto.com.br\/index.php\/wp-json\/wp\/v2\/posts\/74072\/revisions"}],"wp:featuredmedia":[{"embeddable":true,"href":"https:\/\/noticiasribeiraopreto.com.br\/index.php\/wp-json\/wp\/v2\/media\/74073"}],"wp:attachment":[{"href":"https:\/\/noticiasribeiraopreto.com.br\/index.php\/wp-json\/wp\/v2\/media?parent=74072"}],"wp:term":[{"taxonomy":"category","embeddable":true,"href":"https:\/\/noticiasribeiraopreto.com.br\/index.php\/wp-json\/wp\/v2\/categories?post=74072"},{"taxonomy":"post_tag","embeddable":true,"href":"https:\/\/noticiasribeiraopreto.com.br\/index.php\/wp-json\/wp\/v2\/tags?post=74072"}],"curies":[{"name":"wp","href":"https:\/\/api.w.org\/{rel}","templated":true}]}}