{"id":74352,"date":"2025-07-21T11:50:25","date_gmt":"2025-07-21T14:50:25","guid":{"rendered":"https:\/\/noticiasribeiraopreto.com.br\/index.php\/2025\/07\/21\/uma-pessoa-iconica-empresario-renato-aguiar-relembra-momentos-com-preta-gil\/"},"modified":"2025-07-21T11:50:25","modified_gmt":"2025-07-21T14:50:25","slug":"uma-pessoa-iconica-empresario-renato-aguiar-relembra-momentos-com-preta-gil","status":"publish","type":"post","link":"https:\/\/noticiasribeiraopreto.com.br\/index.php\/2025\/07\/21\/uma-pessoa-iconica-empresario-renato-aguiar-relembra-momentos-com-preta-gil\/","title":{"rendered":"\u2018Uma pessoa ic\u00f4nica\u2019, empres\u00e1rio Renato Aguiar relembra momentos com Preta Gil"},"content":{"rendered":"<div class='code-block code-block-1' style='margin: 8px 0 8px auto; text-align: right; display: block; clear: both;'>\n<p><a href=\"https:\/\/wa.link\/vpicfd\"><img data-recalc-dims=\"1\" class=\"wp-image-4922\" style=\"aspect-ratio: 2.0253164556962027; width: 561px; height: auto;\" src=\"https:\/\/i0.wp.com\/ismaelcolosi.com.br\/wp-content\/uploads\/2023\/11\/grupo-de-empregos-whatsapp-e-facebook-ismael-colosi-vagas.jpg?ssl=1\" alt=\"\" \/><\/a><\/p>\n<!-- \/wp:image -->\n<\/div>\n<p> <br \/>\n<\/p>\n<div data-td-block-uid=\"tdi_95\">\n<div class=\"tdb-block-inner td-fix-index\">\n<p>O empres\u00e1rio de festas<strong> Renato Aguiar<\/strong>, de <strong>Ribeir\u00e3o Preto<\/strong>, recordou da rela\u00e7\u00e3o de amizade com a cantora <strong>Preta Gil<\/strong>, que morreu no \u00faltimo domingo (20), aos 50 anos. Preta Gil perdeu a vida em decorr\u00eancia de um c\u00e2ncer colorretal, diagnosticado em 2023.<\/p>\n<p>\u201cUma pessoa alegre, ic\u00f4nica, que levantou v\u00e1rias bandeiras, inclusive, essa bandeira LGBT, e que trouxe muita alegria para muitas pessoas. Tive a oportunidade de fazer in\u00fameros casamentos com ela cantando\u201d, disse o empres\u00e1rio.<\/p>\n<h2 class=\"wp-block-heading\"><strong>\u2018Melhor show para casamento\u2019<\/strong><\/h2>\n<p>Para Renato Aguiar, por uma d\u00e9cada \u201cPreta Gil era o melhor show para casamento\u201d. \u201c[Ela] fez v\u00e1rios casamentos comigo e ela me procurou, porque ela sempre via a maravilha dos casamentos que a gente projetava, que a gente executava, e sempre falava: \u2018o dia em que eu casar, ser\u00e1 com voc\u00ea [organizando]\u2019. E assim foi feito\u201d.<\/p>\n<p>O empres\u00e1rio afirma que a cantora era uma pessoa \u201csempre irreverente\u201d. Em 2015, quando o buffet que ele fundou completou 20 anos, a artista foi uma das convidadas para festa realizada no shopping Iguatemi Ribeir\u00e3o. \u201cEla veio e fez um show maravilhoso\u201d, recorda.<\/p>\n<p>SAIBA MAIS<br \/>Nova frente vai passar pelo estado de SP; Veja quando e confira a previs\u00e3o<\/p>\n<h2 class=\"wp-block-heading\"><strong>FIQUE ON<\/strong><\/h2>\n<p>Fique ligado em tudo que acontece em Ribeir\u00e3o Preto e regi\u00e3o. Siga os perfis do<strong>\u00a0acidade on<\/strong>\u00a0no\u00a0<a href=\"https:\/\/www.instagram.com\/acidadeonribeirao\">Instagram\u00a0<\/a>e no\u00a0<a href=\"https:\/\/www.facebook.com\/acidadeonribeirao\/\">Facebook<\/a>.<\/p>\n<p>Receba not\u00edcias do<strong>\u00a0acidade on\u00a0<\/strong>no WhatsApp.\u00a0<a href=\"https:\/\/chat.whatsapp.com\/BjKQZ9oJwlz8VVT50NuePq\">Para entrar no grupo, basta clicar aqui.<\/a><\/p>\n<p>Fa\u00e7a uma den\u00fancia ou sugira uma reportagem sobre Ribeir\u00e3o Preto e regi\u00e3o pelo WhatsApp: 16 99117 7802.<\/p>\n<p>VEJA TAMB\u00c9M<\/p>\n<p>Onde ver os locais de provas do concurso da PF?<\/p>\n<p><!-- AI CONTENT END 1 -->\n<\/div>\n<\/div>\n<p><script async src=\"\/\/www.instagram.com\/embed.js\"><\/script><br \/>\n<br \/><br \/>\n<br \/><a href=\"https:\/\/www.acidadeon.com\/ribeiraopreto\/cotidiano\/uma-pessoa-iconica-empresario-renato-aguiar-relembra-momentos-com-preta-gil\/\">Source link <\/a><\/p>\n<!-- CONTENT END 1 -->\n","protected":false},"excerpt":{"rendered":"<p>O empres\u00e1rio de festas Renato Aguiar, de Ribeir\u00e3o Preto, recordou da rela\u00e7\u00e3o de amizade com a cantora Preta Gil, que morreu no \u00faltimo domingo (20),&#8230;<\/p>\n","protected":false},"author":1,"featured_media":74353,"comment_status":"open","ping_status":"open","sticky":false,"template":"","format":"standard","meta":{"advanced_seo_description":"","jetpack_seo_html_title":"","jetpack_seo_noindex":false,"jetpack_post_was_ever_published":false,"_jetpack_newsletter_access":"","_jetpack_dont_email_post_to_subs":false,"_jetpack_newsletter_tier_id":0,"_jetpack_memberships_contains_paywalled_content":false,"_jetpack_memberships_contains_paid_content":false,"footnotes":"","jetpack_publicize_message":"","jetpack_publicize_feature_enabled":true,"jetpack_social_post_already_shared":true,"jetpack_social_options":{"image_generator_settings":{"template":"highway","default_image_id":0,"font":"","enabled":false},"version":2}},"categories":[11],"tags":[],"class_list":["post-74352","post","type-post","status-publish","format-standard","has-post-thumbnail","hentry","category-noticias-de-ribeirao-preto-sp-e-regiao-ismael-colosi"],"jetpack_publicize_connections":[],"jetpack_featured_media_url":"https:\/\/i0.wp.com\/noticiasribeiraopreto.com.br\/wp-content\/uploads\/2025\/07\/renato-aguiar-preta-gil_2025-07-21_14-11-41.webp.webp?fit=1200%2C675&ssl=1","jetpack-related-posts":[{"id":67180,"url":"https:\/\/noticiasribeiraopreto.com.br\/index.php\/2025\/04\/10\/feira-de-pascoa-com-entrada-gratuita-reune-produtores-locais-na-galeria-renato-aguiar\/","url_meta":{"origin":74352,"position":0},"title":"Feira de P\u00e1scoa com entrada gratuita re\u00fane produtores locais na Galeria Renato Aguiar","author":"noticiasribeiraopreto.com.br","date":"10 de April de 2025","format":false,"excerpt":"Ribeir\u00e3o Preto recebe neste final de semana, a edi\u00e7\u00e3o de P\u00e1scoa da \u201cFeirinha do Produtor\u201d, da Galeria Renato Aguiar, com entrada gratuita. O evento vai reunir mais de dez produtores da regi\u00e3o, que oferecer\u00e3o degusta\u00e7\u00e3o de produtos, como, ovos de P\u00e1scoa, charcutaria, doces, geleias e mais \u2013 veja abaixo. A\u2026","rel":"","context":"In &quot;Not\u00edcias de Ribeir\u00e3o Preto-SP e Regi\u00e3o&quot;","block_context":{"text":"Not\u00edcias de Ribeir\u00e3o Preto-SP e Regi\u00e3o","link":"https:\/\/noticiasribeiraopreto.com.br\/index.php\/category\/noticias-de-ribeirao-preto-sp-e-regiao-ismael-colosi\/"},"img":{"alt_text":"","src":"https:\/\/i0.wp.com\/noticiasribeiraopreto.com.br\/wp-content\/uploads\/2025\/04\/Copia-de-Copia-de-Copia-de-TAMANHO-EXATO-PARA-FOTOS-NO-SISTEMA-NOVO-2025-04-10T141734.968_2025-04-10_17-17-41_png_2025-04-10_17-17-41.webp.webp?fit=1200%2C675&ssl=1&resize=350%2C200","width":350,"height":200,"srcset":"https:\/\/i0.wp.com\/noticiasribeiraopreto.com.br\/wp-content\/uploads\/2025\/04\/Copia-de-Copia-de-Copia-de-TAMANHO-EXATO-PARA-FOTOS-NO-SISTEMA-NOVO-2025-04-10T141734.968_2025-04-10_17-17-41_png_2025-04-10_17-17-41.webp.webp?fit=1200%2C675&ssl=1&resize=350%2C200 1x, https:\/\/i0.wp.com\/noticiasribeiraopreto.com.br\/wp-content\/uploads\/2025\/04\/Copia-de-Copia-de-Copia-de-TAMANHO-EXATO-PARA-FOTOS-NO-SISTEMA-NOVO-2025-04-10T141734.968_2025-04-10_17-17-41_png_2025-04-10_17-17-41.webp.webp?fit=1200%2C675&ssl=1&resize=525%2C300 1.5x, https:\/\/i0.wp.com\/noticiasribeiraopreto.com.br\/wp-content\/uploads\/2025\/04\/Copia-de-Copia-de-Copia-de-TAMANHO-EXATO-PARA-FOTOS-NO-SISTEMA-NOVO-2025-04-10T141734.968_2025-04-10_17-17-41_png_2025-04-10_17-17-41.webp.webp?fit=1200%2C675&ssl=1&resize=700%2C400 2x, https:\/\/i0.wp.com\/noticiasribeiraopreto.com.br\/wp-content\/uploads\/2025\/04\/Copia-de-Copia-de-Copia-de-TAMANHO-EXATO-PARA-FOTOS-NO-SISTEMA-NOVO-2025-04-10T141734.968_2025-04-10_17-17-41_png_2025-04-10_17-17-41.webp.webp?fit=1200%2C675&ssl=1&resize=1050%2C600 3x"},"classes":[]},{"id":29072,"url":"https:\/\/noticiasribeiraopreto.com.br\/index.php\/2024\/01\/17\/preta-gil-tem-volta-a-musica-marcada-por-novo-trabalho-esperei-muito-por-isso\/","url_meta":{"origin":74352,"position":1},"title":"Preta Gil tem volta \u00e0 m\u00fasica marcada por novo trabalho: &#8216;Esperei muito por isso&#8217;","author":"noticiasribeiraopreto.com.br","date":"17 de January de 2024","format":false,"excerpt":"Ap\u00f3s passar por per\u00edodo dif\u00edcil na luta contra um c\u00e2ncer, a cantora Preta Gil j\u00e1 anunciou o fim do tratamento e retorno aos palcos. Radiante, ela usou suas redes sociais para falar sobre o fim do tratamento em dezembro de 2023.Agora, j\u00e1 em 2024, a cantora segue cheia de planos\u2026","rel":"","context":"In &quot;Blog&quot;","block_context":{"text":"Blog","link":"https:\/\/noticiasribeiraopreto.com.br\/index.php\/category\/blog\/"},"img":{"alt_text":"","src":"https:\/\/i0.wp.com\/noticiasribeiraopreto.com.br\/wp-content\/uploads\/2024\/01\/postimg-65a7e764b82a16486.jpg?fit=1200%2C628&ssl=1&resize=350%2C200","width":350,"height":200,"srcset":"https:\/\/i0.wp.com\/noticiasribeiraopreto.com.br\/wp-content\/uploads\/2024\/01\/postimg-65a7e764b82a16486.jpg?fit=1200%2C628&ssl=1&resize=350%2C200 1x, https:\/\/i0.wp.com\/noticiasribeiraopreto.com.br\/wp-content\/uploads\/2024\/01\/postimg-65a7e764b82a16486.jpg?fit=1200%2C628&ssl=1&resize=525%2C300 1.5x, https:\/\/i0.wp.com\/noticiasribeiraopreto.com.br\/wp-content\/uploads\/2024\/01\/postimg-65a7e764b82a16486.jpg?fit=1200%2C628&ssl=1&resize=700%2C400 2x, https:\/\/i0.wp.com\/noticiasribeiraopreto.com.br\/wp-content\/uploads\/2024\/01\/postimg-65a7e764b82a16486.jpg?fit=1200%2C628&ssl=1&resize=1050%2C600 3x"},"classes":[]},{"id":74689,"url":"https:\/\/noticiasribeiraopreto.com.br\/index.php\/2025\/07\/27\/preta-gil-cancer-de-intestino-e-o-3o-mais-comum-no-pais\/","url_meta":{"origin":74352,"position":2},"title":"Preta Gil: C\u00e2ncer de intestino \u00e9 o 3\u00ba mais comum no pa\u00eds","author":"noticiasribeiraopreto.com.br","date":"27 de July de 2025","format":false,"excerpt":"\u00a0Doen\u00e7a que matou a cantora Petra Gil \u00e9 o terceiro tipo de c\u00e2ncer mais frequente do Brasil, com cerca de 45 mil novos registros por ano \u00a0 Casos de c\u00e2ncer no intestino, como o que vitimou a cantora e empres\u00e1ria Preta Gil, geralmente s\u00f3 manifestam sintomas em est\u00e1gio avan\u00e7ado, o\u2026","rel":"","context":"In &quot;Not\u00edcias de Ribeir\u00e3o Preto-SP e Regi\u00e3o&quot;","block_context":{"text":"Not\u00edcias de Ribeir\u00e3o Preto-SP e Regi\u00e3o","link":"https:\/\/noticiasribeiraopreto.com.br\/index.php\/category\/noticias-de-ribeirao-preto-sp-e-regiao-ismael-colosi\/"},"img":{"alt_text":"","src":"https:\/\/i0.wp.com\/noticiasribeiraopreto.com.br\/wp-content\/uploads\/2025\/07\/1-fotoexamecancerreproducaosite.jpg?fit=1170%2C700&ssl=1&resize=350%2C200","width":350,"height":200,"srcset":"https:\/\/i0.wp.com\/noticiasribeiraopreto.com.br\/wp-content\/uploads\/2025\/07\/1-fotoexamecancerreproducaosite.jpg?fit=1170%2C700&ssl=1&resize=350%2C200 1x, https:\/\/i0.wp.com\/noticiasribeiraopreto.com.br\/wp-content\/uploads\/2025\/07\/1-fotoexamecancerreproducaosite.jpg?fit=1170%2C700&ssl=1&resize=525%2C300 1.5x, https:\/\/i0.wp.com\/noticiasribeiraopreto.com.br\/wp-content\/uploads\/2025\/07\/1-fotoexamecancerreproducaosite.jpg?fit=1170%2C700&ssl=1&resize=700%2C400 2x, https:\/\/i0.wp.com\/noticiasribeiraopreto.com.br\/wp-content\/uploads\/2025\/07\/1-fotoexamecancerreproducaosite.jpg?fit=1170%2C700&ssl=1&resize=1050%2C600 3x"},"classes":[]},{"id":74334,"url":"https:\/\/noticiasribeiraopreto.com.br\/index.php\/2025\/07\/20\/morre-preta-gil-aos-50-anos-durante-tratamento-nos-eua\/","url_meta":{"origin":74352,"position":3},"title":"Morre Preta Gil, aos 50 anos, durante tratamento nos EUA","author":"noticiasribeiraopreto.com.br","date":"20 de July de 2025","format":false,"excerpt":"A cantora Preta Gil morreu aos 50 anos, nos Estados Unidos, ap\u00f3s complica\u00e7\u00f5es decorrentes de um c\u00e2ncer colorretal. A artista foi diagnosticada com a doen\u00e7a em janeiro de 2023 e chegou a ser considerada curada em agosto do mesmo ano. No entanto, o c\u00e2ncer voltou de forma agressiva e se\u2026","rel":"","context":"In &quot;Not\u00edcias de Ribeir\u00e3o Preto-SP e Regi\u00e3o&quot;","block_context":{"text":"Not\u00edcias de Ribeir\u00e3o Preto-SP e Regi\u00e3o","link":"https:\/\/noticiasribeiraopreto.com.br\/index.php\/category\/noticias-de-ribeirao-preto-sp-e-regiao-ismael-colosi\/"},"img":{"alt_text":"","src":"https:\/\/i0.wp.com\/noticiasribeiraopreto.com.br\/wp-content\/uploads\/2025\/07\/Copia-de-Copia-de-Copia-de-TAMANHO-EXATO-PARA-FOTOS-NO-SISTEMA-NOVO_2025-07-20_23-26-14.webp.webp?fit=1200%2C675&ssl=1&resize=350%2C200","width":350,"height":200,"srcset":"https:\/\/i0.wp.com\/noticiasribeiraopreto.com.br\/wp-content\/uploads\/2025\/07\/Copia-de-Copia-de-Copia-de-TAMANHO-EXATO-PARA-FOTOS-NO-SISTEMA-NOVO_2025-07-20_23-26-14.webp.webp?fit=1200%2C675&ssl=1&resize=350%2C200 1x, https:\/\/i0.wp.com\/noticiasribeiraopreto.com.br\/wp-content\/uploads\/2025\/07\/Copia-de-Copia-de-Copia-de-TAMANHO-EXATO-PARA-FOTOS-NO-SISTEMA-NOVO_2025-07-20_23-26-14.webp.webp?fit=1200%2C675&ssl=1&resize=525%2C300 1.5x, https:\/\/i0.wp.com\/noticiasribeiraopreto.com.br\/wp-content\/uploads\/2025\/07\/Copia-de-Copia-de-Copia-de-TAMANHO-EXATO-PARA-FOTOS-NO-SISTEMA-NOVO_2025-07-20_23-26-14.webp.webp?fit=1200%2C675&ssl=1&resize=700%2C400 2x, https:\/\/i0.wp.com\/noticiasribeiraopreto.com.br\/wp-content\/uploads\/2025\/07\/Copia-de-Copia-de-Copia-de-TAMANHO-EXATO-PARA-FOTOS-NO-SISTEMA-NOVO_2025-07-20_23-26-14.webp.webp?fit=1200%2C675&ssl=1&resize=1050%2C600 3x"},"classes":[]},{"id":44984,"url":"https:\/\/noticiasribeiraopreto.com.br\/index.php\/2024\/04\/01\/karol-conka-e-marina-sena-sao-as-convidadas-do-tvz-com-preta-gil-desta-semana-no-multishow\/","url_meta":{"origin":74352,"position":4},"title":"Karol Conk\u00e1 e Marina Sena s\u00e3o as convidadas do &#8220;TVZ com Preta Gil&#8221; desta semana no Multishow","author":"noticiasribeiraopreto.com.br","date":"1 de April de 2024","format":false,"excerpt":"Karol Conk\u00e1 e Marina Sena s\u00e3o as convidadas do \u201cTVZ com Preta Gil\u201d desta semana no MultishowO\u00a0TVZ Com Preta Gil\u00a0ter\u00e1 uma semana repleta de m\u00fasica boa e conversas descontra\u00eddas no\u00a0Multishow.\u00a0Hoje (1\u00ba), a partir das 18h,\u00a0Preta Gil\u00a0recebe\u00a0Karol Conk\u00e1\u00a0para\u00a0cantar seus hits, bater um papo divertido e\u00a0elevar a temperatura com os videoclipes mais\u2026","rel":"","context":"In &quot;Not\u00edcias de Ribeir\u00e3o Preto-SP e Regi\u00e3o&quot;","block_context":{"text":"Not\u00edcias de Ribeir\u00e3o Preto-SP e Regi\u00e3o","link":"https:\/\/noticiasribeiraopreto.com.br\/index.php\/category\/noticias-de-ribeirao-preto-sp-e-regiao-ismael-colosi\/"},"img":{"alt_text":"","src":"https:\/\/i0.wp.com\/noticiasribeiraopreto.com.br\/wp-content\/uploads\/2024\/04\/preta-gil.webp.webp?fit=1200%2C900&ssl=1&resize=350%2C200","width":350,"height":200,"srcset":"https:\/\/i0.wp.com\/noticiasribeiraopreto.com.br\/wp-content\/uploads\/2024\/04\/preta-gil.webp.webp?fit=1200%2C900&ssl=1&resize=350%2C200 1x, https:\/\/i0.wp.com\/noticiasribeiraopreto.com.br\/wp-content\/uploads\/2024\/04\/preta-gil.webp.webp?fit=1200%2C900&ssl=1&resize=525%2C300 1.5x, https:\/\/i0.wp.com\/noticiasribeiraopreto.com.br\/wp-content\/uploads\/2024\/04\/preta-gil.webp.webp?fit=1200%2C900&ssl=1&resize=700%2C400 2x, https:\/\/i0.wp.com\/noticiasribeiraopreto.com.br\/wp-content\/uploads\/2024\/04\/preta-gil.webp.webp?fit=1200%2C900&ssl=1&resize=1050%2C600 3x"},"classes":[]},{"id":9010,"url":"https:\/\/noticiasribeiraopreto.com.br\/index.php\/2023\/12\/01\/equipe-de-preta-gil-se-pronuncia-apos-cantora-ir-parar-na-uti-e-realizar-cirurgia-delicada\/","url_meta":{"origin":74352,"position":5},"title":"Equipe de Preta Gil se pronuncia ap\u00f3s cantora ir parar na UTI e realizar cirurgia delicada","author":"noticiasribeiraopreto.com.br","date":"1 de December de 2023","format":false,"excerpt":"Recentemente, chegou a ser anunciado atrav\u00e9s de diversos canais de comunica\u00e7\u00e3o que a cantora Preta Gil est\u00e1 se recuperando ap\u00f3s ter enfrentado uma cirurgia delicada. Neste momento, ela se encontra na UTI (Unidade de Tratamento Intensivo) do Hospital S\u00edrio Liban\u00eas, em S\u00e3o Paulo.E na madrugada desta sexta-feira, dia 1 de\u2026","rel":"","context":"In &quot;Blog&quot;","block_context":{"text":"Blog","link":"https:\/\/noticiasribeiraopreto.com.br\/index.php\/category\/blog\/"},"img":{"alt_text":"","src":"https:\/\/i0.wp.com\/noticiasribeiraopreto.com.br\/wp-content\/uploads\/2023\/12\/postimg-6569dbd8405815601.jpg?fit=1200%2C628&ssl=1&resize=350%2C200","width":350,"height":200,"srcset":"https:\/\/i0.wp.com\/noticiasribeiraopreto.com.br\/wp-content\/uploads\/2023\/12\/postimg-6569dbd8405815601.jpg?fit=1200%2C628&ssl=1&resize=350%2C200 1x, https:\/\/i0.wp.com\/noticiasribeiraopreto.com.br\/wp-content\/uploads\/2023\/12\/postimg-6569dbd8405815601.jpg?fit=1200%2C628&ssl=1&resize=525%2C300 1.5x, https:\/\/i0.wp.com\/noticiasribeiraopreto.com.br\/wp-content\/uploads\/2023\/12\/postimg-6569dbd8405815601.jpg?fit=1200%2C628&ssl=1&resize=700%2C400 2x, https:\/\/i0.wp.com\/noticiasribeiraopreto.com.br\/wp-content\/uploads\/2023\/12\/postimg-6569dbd8405815601.jpg?fit=1200%2C628&ssl=1&resize=1050%2C600 3x"},"classes":[]}],"jetpack_sharing_enabled":true,"jetpack_shortlink":"https:\/\/wp.me\/peQAOb-jle","_links":{"self":[{"href":"https:\/\/noticiasribeiraopreto.com.br\/index.php\/wp-json\/wp\/v2\/posts\/74352","targetHints":{"allow":["GET"]}}],"collection":[{"href":"https:\/\/noticiasribeiraopreto.com.br\/index.php\/wp-json\/wp\/v2\/posts"}],"about":[{"href":"https:\/\/noticiasribeiraopreto.com.br\/index.php\/wp-json\/wp\/v2\/types\/post"}],"author":[{"embeddable":true,"href":"https:\/\/noticiasribeiraopreto.com.br\/index.php\/wp-json\/wp\/v2\/users\/1"}],"replies":[{"embeddable":true,"href":"https:\/\/noticiasribeiraopreto.com.br\/index.php\/wp-json\/wp\/v2\/comments?post=74352"}],"version-history":[{"count":0,"href":"https:\/\/noticiasribeiraopreto.com.br\/index.php\/wp-json\/wp\/v2\/posts\/74352\/revisions"}],"wp:featuredmedia":[{"embeddable":true,"href":"https:\/\/noticiasribeiraopreto.com.br\/index.php\/wp-json\/wp\/v2\/media\/74353"}],"wp:attachment":[{"href":"https:\/\/noticiasribeiraopreto.com.br\/index.php\/wp-json\/wp\/v2\/media?parent=74352"}],"wp:term":[{"taxonomy":"category","embeddable":true,"href":"https:\/\/noticiasribeiraopreto.com.br\/index.php\/wp-json\/wp\/v2\/categories?post=74352"},{"taxonomy":"post_tag","embeddable":true,"href":"https:\/\/noticiasribeiraopreto.com.br\/index.php\/wp-json\/wp\/v2\/tags?post=74352"}],"curies":[{"name":"wp","href":"https:\/\/api.w.org\/{rel}","templated":true}]}}