{"id":74358,"date":"2025-07-21T12:12:48","date_gmt":"2025-07-21T15:12:48","guid":{"rendered":"https:\/\/noticiasribeiraopreto.com.br\/index.php\/2025\/07\/21\/jovem-de-24-anos-morre-em-acidente-na-rodovia-anhanguera\/"},"modified":"2025-07-21T12:12:48","modified_gmt":"2025-07-21T15:12:48","slug":"jovem-de-24-anos-morre-em-acidente-na-rodovia-anhanguera","status":"publish","type":"post","link":"https:\/\/noticiasribeiraopreto.com.br\/index.php\/2025\/07\/21\/jovem-de-24-anos-morre-em-acidente-na-rodovia-anhanguera\/","title":{"rendered":"Jovem de 24 anos morre em acidente na rodovia Anhanguera"},"content":{"rendered":"<div class='code-block code-block-1' style='margin: 8px 0 8px auto; text-align: right; display: block; clear: both;'>\n<p><a href=\"https:\/\/wa.link\/vpicfd\"><img data-recalc-dims=\"1\" class=\"wp-image-4922\" style=\"aspect-ratio: 2.0253164556962027; width: 561px; height: auto;\" src=\"https:\/\/i0.wp.com\/ismaelcolosi.com.br\/wp-content\/uploads\/2023\/11\/grupo-de-empregos-whatsapp-e-facebook-ismael-colosi-vagas.jpg?ssl=1\" alt=\"\" \/><\/a><\/p>\n<!-- \/wp:image -->\n<\/div>\n<p> <br \/>\n<\/p>\n<div data-td-block-uid=\"tdi_95\">\n<div class=\"tdb-block-inner td-fix-index\">\n<p><strong>Um jovem de 24 anos morreu depois de sofrer um acidente com a picape que dirigia na madrugada deste domingo (20), no km 399 da rodovia Anhanguera (SP-330), em Guar\u00e1, a 90 quil\u00f4metros de Ribeir\u00e3o Preto.<\/strong><\/p>\n<p>Segundo informa\u00e7\u00f5es, <strong>Matheus Henrique Assagra Ferreira <\/strong>havia sa\u00eddo da <strong>Bahia <\/strong>e seguia para <strong>S\u00e3o Joaquim da Barra<\/strong>, onde iria <strong>visitar <\/strong>os <strong>familiares<\/strong>.<\/p>\n<p>A Artesp (Ag\u00eancia de Transporte do Estado de S\u00e3o Paulo) informou que o ve\u00edculo dele, uma Fiat Strada, trafegava no sentido sul, quando saiu da pista, bateu contra a prote\u00e7\u00e3o met\u00e1lica do canteiro lateral e desceu por um dispositivo de retorno.<\/p>\n<p>A morte do jovem foi constatada no pronto-socorro.<\/p>\n<p>As causas, contudo, ainda dever\u00e3o ser apuradas.<\/p>\n<figure class=\"wp-block-image\"><img data-recalc-dims=\"1\" fetchpriority=\"high\" decoding=\"async\" width=\"1200\" height=\"647\" src=\"https:\/\/i0.wp.com\/cdn.media-acidadeon.com.br\/ribeiraopreto\/wp-content\/uploads\/sites\/3\/2025\/07\/ACIDENTE_2025-07-21_12-03-07.webp?resize=1200%2C647&#038;ssl=1\" alt=\"acidente\" class=\"wp-image-123332\" srcset=\"https:\/\/cdn.media-acidadeon.com.br\/ribeiraopreto\/wp-content\/uploads\/sites\/3\/2025\/07\/ACIDENTE_2025-07-21_12-03-07.webp 1200w, https:\/\/cdn.media-acidadeon.com.br\/ribeiraopreto\/wp-content\/uploads\/sites\/3\/2025\/07\/ACIDENTE_2025-07-21_12-03-07-300x162.webp 300w, https:\/\/cdn.media-acidadeon.com.br\/ribeiraopreto\/wp-content\/uploads\/sites\/3\/2025\/07\/ACIDENTE_2025-07-21_12-03-07-1024x552.webp 1024w, https:\/\/cdn.media-acidadeon.com.br\/ribeiraopreto\/wp-content\/uploads\/sites\/3\/2025\/07\/ACIDENTE_2025-07-21_12-03-07-768x414.webp 768w, https:\/\/cdn.media-acidadeon.com.br\/ribeiraopreto\/wp-content\/uploads\/sites\/3\/2025\/07\/ACIDENTE_2025-07-21_12-03-07-696x375.webp 696w, https:\/\/cdn.media-acidadeon.com.br\/ribeiraopreto\/wp-content\/uploads\/sites\/3\/2025\/07\/ACIDENTE_2025-07-21_12-03-07-1068x576.webp 1068w\" sizes=\"(max-width: 1200px) 100vw, 1200px\"\/><figcaption class=\"wp-element-caption\">Jovem saiu da pista com picape e desceu por dispositivo de eretorno \u2013 Foto: Divulga\u00e7\u00e3o \/ Artesp<\/figcaption><\/figure>\n<p>SAIBA MAIS<\/p>\n<p>Nova frente vai passar pelo estado de SP; Veja quando e confira a previs\u00e3o<\/p>\n<h2 class=\"wp-block-heading\"><strong>FIQUE ON<\/strong><\/h2>\n<p>Quer ficar por dentro de tudo que acontece em Ribeir\u00e3o Preto e regi\u00e3o? Ent\u00e3o siga os perfis do\u202facidade on\u202fno\u202f<a href=\"https:\/\/www.instagram.com\/acidadeonribeirao\" target=\"_blank\" rel=\"noreferrer noopener\">Instagram<\/a>\u202fe no\u202f<a href=\"https:\/\/www.facebook.com\/acidadeonribeirao\/\" target=\"_blank\" rel=\"noreferrer noopener\">Facebook<\/a>.<\/p>\n<p>Al\u00e9m disso, voc\u00ea pode receber as principais not\u00edcias diretamente no WhatsApp. Para isso, basta\u00a0<a href=\"https:\/\/chat.whatsapp.com\/BjKQZ9oJwlz8VVT50NuePq\" target=\"_blank\" rel=\"noreferrer noopener\">entrar no grupo clicando aqui<\/a>.<\/p>\n<p>Por fim, se quiser fazer uma den\u00fancia ou sugerir uma reportagem sobre Ribeir\u00e3o Preto e regi\u00e3o, envie uma mensagem pelo WhatsApp: (16) 99117-7802.<\/p>\n<p>VEJA TAMB\u00c9M<\/p>\n<p>O que um copo de suco de uva pode fazer pelo seu corpo?\u00a0<\/p>\n<p><!-- AI CONTENT END 1 -->\n<\/div>\n<\/div>\n<p><script async src=\"\/\/www.instagram.com\/embed.js\"><\/script><br \/>\n<br \/><br \/>\n<br \/><a href=\"https:\/\/www.acidadeon.com\/ribeiraopreto\/cotidiano\/jovem-de-24-anos-morre-em-acidente-na-rodovia-anhanguera\/\">Source link <\/a><\/p>\n<!-- CONTENT END 1 -->\n","protected":false},"excerpt":{"rendered":"<p>Um jovem de 24 anos morreu depois de sofrer um acidente com a picape que dirigia na madrugada deste domingo (20), no km 399 da&#8230;<\/p>\n","protected":false},"author":1,"featured_media":74359,"comment_status":"open","ping_status":"open","sticky":false,"template":"","format":"standard","meta":{"advanced_seo_description":"","jetpack_seo_html_title":"","jetpack_seo_noindex":false,"jetpack_post_was_ever_published":false,"_jetpack_newsletter_access":"","_jetpack_dont_email_post_to_subs":false,"_jetpack_newsletter_tier_id":0,"_jetpack_memberships_contains_paywalled_content":false,"_jetpack_memberships_contains_paid_content":false,"footnotes":"","jetpack_publicize_message":"","jetpack_publicize_feature_enabled":true,"jetpack_social_post_already_shared":true,"jetpack_social_options":{"image_generator_settings":{"template":"highway","default_image_id":0,"font":"","enabled":false},"version":2}},"categories":[11],"tags":[],"class_list":["post-74358","post","type-post","status-publish","format-standard","has-post-thumbnail","hentry","category-noticias-de-ribeirao-preto-sp-e-regiao-ismael-colosi"],"jetpack_publicize_connections":[],"jetpack_featured_media_url":"https:\/\/i0.wp.com\/noticiasribeiraopreto.com.br\/wp-content\/uploads\/2025\/07\/MATHEUS_2025-07-21_11-49-25.webp.webp?fit=1200%2C746&ssl=1","jetpack-related-posts":[{"id":40300,"url":"https:\/\/noticiasribeiraopreto.com.br\/index.php\/2024\/03\/02\/jovem-de-18-anos-morre-em-acidente-em-rodovia-na-regiao-de-ribeirao-preto\/","url_meta":{"origin":74358,"position":0},"title":"Jovem de 18 anos morre em acidente em rodovia na regi\u00e3o de Ribeir\u00e3o Preto","author":"noticiasribeiraopreto.com.br","date":"2 de March de 2024","format":false,"excerpt":"Um jovem de 18 anos morreu, na madrugada deste s\u00e1bado (2), ap\u00f3s o carro em que ele estava se chocar contra defensa met\u00e1lica na rodovia C\u00e2ndido Portinari (SP-334), pr\u00f3ximo ao km 326, em Jardin\u00f3polis, cidade na regi\u00e3o de Ribeir\u00e3o Preto. De acordo com as informa\u00e7\u00f5es da Pol\u00edcia Militar Rodovi\u00e1ria (PMRV),\u2026","rel":"","context":"In &quot;Not\u00edcias de Ribeir\u00e3o Preto-SP e Regi\u00e3o&quot;","block_context":{"text":"Not\u00edcias de Ribeir\u00e3o Preto-SP e Regi\u00e3o","link":"https:\/\/noticiasribeiraopreto.com.br\/index.php\/category\/noticias-de-ribeirao-preto-sp-e-regiao-ismael-colosi\/"},"img":{"alt_text":"","src":"https:\/\/i0.wp.com\/noticiasribeiraopreto.com.br\/wp-content\/uploads\/2024\/03\/20220809_065618844_policia_rodoviaria_1200x675_21062022083038.jpg?fit=1200%2C675&ssl=1&resize=350%2C200","width":350,"height":200,"srcset":"https:\/\/i0.wp.com\/noticiasribeiraopreto.com.br\/wp-content\/uploads\/2024\/03\/20220809_065618844_policia_rodoviaria_1200x675_21062022083038.jpg?fit=1200%2C675&ssl=1&resize=350%2C200 1x, https:\/\/i0.wp.com\/noticiasribeiraopreto.com.br\/wp-content\/uploads\/2024\/03\/20220809_065618844_policia_rodoviaria_1200x675_21062022083038.jpg?fit=1200%2C675&ssl=1&resize=525%2C300 1.5x, https:\/\/i0.wp.com\/noticiasribeiraopreto.com.br\/wp-content\/uploads\/2024\/03\/20220809_065618844_policia_rodoviaria_1200x675_21062022083038.jpg?fit=1200%2C675&ssl=1&resize=700%2C400 2x, https:\/\/i0.wp.com\/noticiasribeiraopreto.com.br\/wp-content\/uploads\/2024\/03\/20220809_065618844_policia_rodoviaria_1200x675_21062022083038.jpg?fit=1200%2C675&ssl=1&resize=1050%2C600 3x"},"classes":[]},{"id":56012,"url":"https:\/\/noticiasribeiraopreto.com.br\/index.php\/2024\/08\/08\/morre-segunda-vitima-de-acidente-em-rodovia-na-regiao-de-ribeirao-preto\/","url_meta":{"origin":74358,"position":1},"title":"Morre segunda v\u00edtima de acidente em rodovia na regi\u00e3o de Ribeir\u00e3o Preto","author":"noticiasribeiraopreto.com.br","date":"8 de August de 2024","format":false,"excerpt":"Morreu nesta quinta-feira (8), o jovem de 23 anos que estava internado em estado grave ap\u00f3s um acidente de tr\u00e2nsito na rodovia C\u00e2ndido Portinari (SP-334), entre Batatais e Franca, na regi\u00e3o de Ribeir\u00e3o Preto. Lucas Goulart Mascaranha era dentista e foi socorrido logo ap\u00f3s a colis\u00e3o. O rapaz \u00e9 a\u2026","rel":"","context":"In &quot;Not\u00edcias de Ribeir\u00e3o Preto-SP e Regi\u00e3o&quot;","block_context":{"text":"Not\u00edcias de Ribeir\u00e3o Preto-SP e Regi\u00e3o","link":"https:\/\/noticiasribeiraopreto.com.br\/index.php\/category\/noticias-de-ribeirao-preto-sp-e-regiao-ismael-colosi\/"},"img":{"alt_text":"","src":"https:\/\/i0.wp.com\/noticiasribeiraopreto.com.br\/wp-content\/uploads\/2024\/08\/Copia-de-Copia-de-TAMANHO-EXATO-PARA-FOTOS-NO-SISTEMA-NOVO-2024-08-08T142400.055_2024-08-08_17-24-18_png_2024-08-08_17-24-19.webp.webp?fit=1200%2C675&ssl=1&resize=350%2C200","width":350,"height":200,"srcset":"https:\/\/i0.wp.com\/noticiasribeiraopreto.com.br\/wp-content\/uploads\/2024\/08\/Copia-de-Copia-de-TAMANHO-EXATO-PARA-FOTOS-NO-SISTEMA-NOVO-2024-08-08T142400.055_2024-08-08_17-24-18_png_2024-08-08_17-24-19.webp.webp?fit=1200%2C675&ssl=1&resize=350%2C200 1x, https:\/\/i0.wp.com\/noticiasribeiraopreto.com.br\/wp-content\/uploads\/2024\/08\/Copia-de-Copia-de-TAMANHO-EXATO-PARA-FOTOS-NO-SISTEMA-NOVO-2024-08-08T142400.055_2024-08-08_17-24-18_png_2024-08-08_17-24-19.webp.webp?fit=1200%2C675&ssl=1&resize=525%2C300 1.5x, https:\/\/i0.wp.com\/noticiasribeiraopreto.com.br\/wp-content\/uploads\/2024\/08\/Copia-de-Copia-de-TAMANHO-EXATO-PARA-FOTOS-NO-SISTEMA-NOVO-2024-08-08T142400.055_2024-08-08_17-24-18_png_2024-08-08_17-24-19.webp.webp?fit=1200%2C675&ssl=1&resize=700%2C400 2x, https:\/\/i0.wp.com\/noticiasribeiraopreto.com.br\/wp-content\/uploads\/2024\/08\/Copia-de-Copia-de-TAMANHO-EXATO-PARA-FOTOS-NO-SISTEMA-NOVO-2024-08-08T142400.055_2024-08-08_17-24-18_png_2024-08-08_17-24-19.webp.webp?fit=1200%2C675&ssl=1&resize=1050%2C600 3x"},"classes":[]},{"id":40318,"url":"https:\/\/noticiasribeiraopreto.com.br\/index.php\/2024\/03\/02\/identificado-jovem-que-morreu-em-acidente-na-regiao-de-ribeirao-preto\/","url_meta":{"origin":74358,"position":2},"title":"Identificado jovem que morreu em acidente na regi\u00e3o de Ribeir\u00e3o Preto","author":"noticiasribeiraopreto.com.br","date":"2 de March de 2024","format":false,"excerpt":"O jovem de 18 anos que morreu em um acidente na rodovia C\u00e2ndido Portinari (SP-334), na madrugada deste s\u00e1bado (2), foi identificado como Gustavo Andrade Neix. O acidente aconteceu pr\u00f3ximo ao km 326, em Jardin\u00f3polis, cidade na regi\u00e3o de Ribeir\u00e3o Preto. A Pol\u00edcia Militar Rodovi\u00e1ria (PMR) informou que o carro\u2026","rel":"","context":"In &quot;Not\u00edcias de Ribeir\u00e3o Preto-SP e Regi\u00e3o&quot;","block_context":{"text":"Not\u00edcias de Ribeir\u00e3o Preto-SP e Regi\u00e3o","link":"https:\/\/noticiasribeiraopreto.com.br\/index.php\/category\/noticias-de-ribeirao-preto-sp-e-regiao-ismael-colosi\/"},"img":{"alt_text":"","src":"https:\/\/i0.wp.com\/noticiasribeiraopreto.com.br\/wp-content\/uploads\/2024\/03\/Copia-de-Copia-de-TAMANHO-EXATO-PARA-FOTOS-NO-SISTEMA-NOVO-59.png?fit=1200%2C675&ssl=1&resize=350%2C200","width":350,"height":200,"srcset":"https:\/\/i0.wp.com\/noticiasribeiraopreto.com.br\/wp-content\/uploads\/2024\/03\/Copia-de-Copia-de-TAMANHO-EXATO-PARA-FOTOS-NO-SISTEMA-NOVO-59.png?fit=1200%2C675&ssl=1&resize=350%2C200 1x, https:\/\/i0.wp.com\/noticiasribeiraopreto.com.br\/wp-content\/uploads\/2024\/03\/Copia-de-Copia-de-TAMANHO-EXATO-PARA-FOTOS-NO-SISTEMA-NOVO-59.png?fit=1200%2C675&ssl=1&resize=525%2C300 1.5x, https:\/\/i0.wp.com\/noticiasribeiraopreto.com.br\/wp-content\/uploads\/2024\/03\/Copia-de-Copia-de-TAMANHO-EXATO-PARA-FOTOS-NO-SISTEMA-NOVO-59.png?fit=1200%2C675&ssl=1&resize=700%2C400 2x, https:\/\/i0.wp.com\/noticiasribeiraopreto.com.br\/wp-content\/uploads\/2024\/03\/Copia-de-Copia-de-TAMANHO-EXATO-PARA-FOTOS-NO-SISTEMA-NOVO-59.png?fit=1200%2C675&ssl=1&resize=1050%2C600 3x"},"classes":[]},{"id":74263,"url":"https:\/\/noticiasribeiraopreto.com.br\/index.php\/2025\/07\/18\/acidente-grave-na-rodovia-anhanguera-deixa-um-morto-e-tres-feridos\/","url_meta":{"origin":74358,"position":3},"title":"Acidente grave na rodovia Anhanguera deixa um morto e tr\u00eas feridos","author":"noticiasribeiraopreto.com.br","date":"18 de July de 2025","format":false,"excerpt":"Um acidente envolvendo um carro e um utilit\u00e1rio deixou uma pessoa morta e outras tr\u00eas feridas na rodovia Anhanguera (SP-330), em S\u00e3o Sim\u00e3o, na regi\u00e3o de Ribeir\u00e3o Preto, na tarde desta sexta-feira (18). Segundo a Ag\u00eancia de Transporte do Estado de S\u00e3o Paulo (Artesp), uma faixa da rodovia permanece interditada\u2026","rel":"","context":"In &quot;Not\u00edcias de Ribeir\u00e3o Preto-SP e Regi\u00e3o&quot;","block_context":{"text":"Not\u00edcias de Ribeir\u00e3o Preto-SP e Regi\u00e3o","link":"https:\/\/noticiasribeiraopreto.com.br\/index.php\/category\/noticias-de-ribeirao-preto-sp-e-regiao-ismael-colosi\/"},"img":{"alt_text":"","src":"https:\/\/i0.wp.com\/noticiasribeiraopreto.com.br\/wp-content\/uploads\/2025\/07\/Copia-de-Copia-de-Copia-de-TAMANHO-EXATO-PARA-FOTOS-NO-SISTEMA-NOVO-2025-07-18T154917.637_2025-07-18_18-54-00.webp.webp?fit=1200%2C675&ssl=1&resize=350%2C200","width":350,"height":200,"srcset":"https:\/\/i0.wp.com\/noticiasribeiraopreto.com.br\/wp-content\/uploads\/2025\/07\/Copia-de-Copia-de-Copia-de-TAMANHO-EXATO-PARA-FOTOS-NO-SISTEMA-NOVO-2025-07-18T154917.637_2025-07-18_18-54-00.webp.webp?fit=1200%2C675&ssl=1&resize=350%2C200 1x, https:\/\/i0.wp.com\/noticiasribeiraopreto.com.br\/wp-content\/uploads\/2025\/07\/Copia-de-Copia-de-Copia-de-TAMANHO-EXATO-PARA-FOTOS-NO-SISTEMA-NOVO-2025-07-18T154917.637_2025-07-18_18-54-00.webp.webp?fit=1200%2C675&ssl=1&resize=525%2C300 1.5x, https:\/\/i0.wp.com\/noticiasribeiraopreto.com.br\/wp-content\/uploads\/2025\/07\/Copia-de-Copia-de-Copia-de-TAMANHO-EXATO-PARA-FOTOS-NO-SISTEMA-NOVO-2025-07-18T154917.637_2025-07-18_18-54-00.webp.webp?fit=1200%2C675&ssl=1&resize=700%2C400 2x, https:\/\/i0.wp.com\/noticiasribeiraopreto.com.br\/wp-content\/uploads\/2025\/07\/Copia-de-Copia-de-Copia-de-TAMANHO-EXATO-PARA-FOTOS-NO-SISTEMA-NOVO-2025-07-18T154917.637_2025-07-18_18-54-00.webp.webp?fit=1200%2C675&ssl=1&resize=1050%2C600 3x"},"classes":[]},{"id":63390,"url":"https:\/\/noticiasribeiraopreto.com.br\/index.php\/2025\/02\/12\/acidente-provoca-interdicao-de-trecho-da-rodovia-anhanguera\/","url_meta":{"origin":74358,"position":4},"title":"Acidente provoca interdi\u00e7\u00e3o de trecho da rodovia Anhanguera","author":"noticiasribeiraopreto.com.br","date":"12 de February de 2025","format":false,"excerpt":"Um trecho da rodovia Anhanguera (SP-330), pr\u00f3ximo ao bairro Ribeir\u00e3o Verde, na zona Leste de Ribeir\u00e3o Preto, precisou ser interditado na manh\u00e3 desta segunda-feira (10), ap\u00f3s um acidente de tr\u00e2nsito. De acordo com a apura\u00e7\u00e3o da CBN Ribeir\u00e3o, um carro com uma carretinha acoplada na parte traseira bateu no guard-rail\u2026","rel":"","context":"In &quot;Not\u00edcias de Ribeir\u00e3o Preto-SP e Regi\u00e3o&quot;","block_context":{"text":"Not\u00edcias de Ribeir\u00e3o Preto-SP e Regi\u00e3o","link":"https:\/\/noticiasribeiraopreto.com.br\/index.php\/category\/noticias-de-ribeirao-preto-sp-e-regiao-ismael-colosi\/"},"img":{"alt_text":"","src":"https:\/\/i0.wp.com\/noticiasribeiraopreto.com.br\/wp-content\/uploads\/2025\/02\/Copia-de-Copia-de-Copia-de-TAMANHO-EXATO-PARA-FOTOS-NO-SISTEMA-NOVO-2025-02-12T083605.040_2025-02-12_11-41-08_png_2025-02-12_11-41-08.webp.webp?fit=1200%2C675&ssl=1&resize=350%2C200","width":350,"height":200,"srcset":"https:\/\/i0.wp.com\/noticiasribeiraopreto.com.br\/wp-content\/uploads\/2025\/02\/Copia-de-Copia-de-Copia-de-TAMANHO-EXATO-PARA-FOTOS-NO-SISTEMA-NOVO-2025-02-12T083605.040_2025-02-12_11-41-08_png_2025-02-12_11-41-08.webp.webp?fit=1200%2C675&ssl=1&resize=350%2C200 1x, https:\/\/i0.wp.com\/noticiasribeiraopreto.com.br\/wp-content\/uploads\/2025\/02\/Copia-de-Copia-de-Copia-de-TAMANHO-EXATO-PARA-FOTOS-NO-SISTEMA-NOVO-2025-02-12T083605.040_2025-02-12_11-41-08_png_2025-02-12_11-41-08.webp.webp?fit=1200%2C675&ssl=1&resize=525%2C300 1.5x, https:\/\/i0.wp.com\/noticiasribeiraopreto.com.br\/wp-content\/uploads\/2025\/02\/Copia-de-Copia-de-Copia-de-TAMANHO-EXATO-PARA-FOTOS-NO-SISTEMA-NOVO-2025-02-12T083605.040_2025-02-12_11-41-08_png_2025-02-12_11-41-08.webp.webp?fit=1200%2C675&ssl=1&resize=700%2C400 2x, https:\/\/i0.wp.com\/noticiasribeiraopreto.com.br\/wp-content\/uploads\/2025\/02\/Copia-de-Copia-de-Copia-de-TAMANHO-EXATO-PARA-FOTOS-NO-SISTEMA-NOVO-2025-02-12T083605.040_2025-02-12_11-41-08_png_2025-02-12_11-41-08.webp.webp?fit=1200%2C675&ssl=1&resize=1050%2C600 3x"},"classes":[]},{"id":84074,"url":"https:\/\/noticiasribeiraopreto.com.br\/index.php\/2026\/04\/01\/morre-motorista-de-van-que-capotou-na-rodovia-anhanguera\/","url_meta":{"origin":74358,"position":5},"title":"Morre motorista de van que capotou na rodovia Anhanguera","author":"noticiasribeiraopreto.com.br","date":"1 de April de 2026","format":false,"excerpt":"Ler o resumo da not\u00edcia Motorista morreu em capotamento de van na rodovia Anhanguera. Acidente occurred em local n\u00e3o especificado na via. Ve\u00edculo capotou durante o percurso na in\u00famera rodovia. Detalhes sobre causas e hor\u00e1rio do acidente ainda est\u00e3o sendo apurados. O motorista de uma van carregada de produtos de\u2026","rel":"","context":"In &quot;Not\u00edcias de Ribeir\u00e3o Preto-SP e Regi\u00e3o&quot;","block_context":{"text":"Not\u00edcias de Ribeir\u00e3o Preto-SP e Regi\u00e3o","link":"https:\/\/noticiasribeiraopreto.com.br\/index.php\/category\/noticias-de-ribeirao-preto-sp-e-regiao-ismael-colosi\/"},"img":{"alt_text":"","src":"https:\/\/i0.wp.com\/noticiasribeiraopreto.com.br\/wp-content\/uploads\/2026\/04\/acidente_2026-04-01_12-58-46.webp.webp?fit=1200%2C845&ssl=1&resize=350%2C200","width":350,"height":200,"srcset":"https:\/\/i0.wp.com\/noticiasribeiraopreto.com.br\/wp-content\/uploads\/2026\/04\/acidente_2026-04-01_12-58-46.webp.webp?fit=1200%2C845&ssl=1&resize=350%2C200 1x, https:\/\/i0.wp.com\/noticiasribeiraopreto.com.br\/wp-content\/uploads\/2026\/04\/acidente_2026-04-01_12-58-46.webp.webp?fit=1200%2C845&ssl=1&resize=525%2C300 1.5x, https:\/\/i0.wp.com\/noticiasribeiraopreto.com.br\/wp-content\/uploads\/2026\/04\/acidente_2026-04-01_12-58-46.webp.webp?fit=1200%2C845&ssl=1&resize=700%2C400 2x, https:\/\/i0.wp.com\/noticiasribeiraopreto.com.br\/wp-content\/uploads\/2026\/04\/acidente_2026-04-01_12-58-46.webp.webp?fit=1200%2C845&ssl=1&resize=1050%2C600 3x"},"classes":[]}],"jetpack_sharing_enabled":true,"jetpack_shortlink":"https:\/\/wp.me\/peQAOb-jlk","_links":{"self":[{"href":"https:\/\/noticiasribeiraopreto.com.br\/index.php\/wp-json\/wp\/v2\/posts\/74358","targetHints":{"allow":["GET"]}}],"collection":[{"href":"https:\/\/noticiasribeiraopreto.com.br\/index.php\/wp-json\/wp\/v2\/posts"}],"about":[{"href":"https:\/\/noticiasribeiraopreto.com.br\/index.php\/wp-json\/wp\/v2\/types\/post"}],"author":[{"embeddable":true,"href":"https:\/\/noticiasribeiraopreto.com.br\/index.php\/wp-json\/wp\/v2\/users\/1"}],"replies":[{"embeddable":true,"href":"https:\/\/noticiasribeiraopreto.com.br\/index.php\/wp-json\/wp\/v2\/comments?post=74358"}],"version-history":[{"count":0,"href":"https:\/\/noticiasribeiraopreto.com.br\/index.php\/wp-json\/wp\/v2\/posts\/74358\/revisions"}],"wp:featuredmedia":[{"embeddable":true,"href":"https:\/\/noticiasribeiraopreto.com.br\/index.php\/wp-json\/wp\/v2\/media\/74359"}],"wp:attachment":[{"href":"https:\/\/noticiasribeiraopreto.com.br\/index.php\/wp-json\/wp\/v2\/media?parent=74358"}],"wp:term":[{"taxonomy":"category","embeddable":true,"href":"https:\/\/noticiasribeiraopreto.com.br\/index.php\/wp-json\/wp\/v2\/categories?post=74358"},{"taxonomy":"post_tag","embeddable":true,"href":"https:\/\/noticiasribeiraopreto.com.br\/index.php\/wp-json\/wp\/v2\/tags?post=74358"}],"curies":[{"name":"wp","href":"https:\/\/api.w.org\/{rel}","templated":true}]}}