{"id":74360,"date":"2025-07-21T13:31:51","date_gmt":"2025-07-21T16:31:51","guid":{"rendered":"https:\/\/noticiasribeiraopreto.com.br\/index.php\/2025\/07\/21\/morre-jose-maria-marin-ex-presidente-da-cbf-aos-93-anos\/"},"modified":"2025-07-21T13:31:51","modified_gmt":"2025-07-21T16:31:51","slug":"morre-jose-maria-marin-ex-presidente-da-cbf-aos-93-anos","status":"publish","type":"post","link":"https:\/\/noticiasribeiraopreto.com.br\/index.php\/2025\/07\/21\/morre-jose-maria-marin-ex-presidente-da-cbf-aos-93-anos\/","title":{"rendered":"Morre Jos\u00e9 Maria Mar\u00edn, ex-presidente da CBF, aos 93 anos"},"content":{"rendered":"<div class='code-block code-block-1' style='margin: 8px 0 8px auto; text-align: right; display: block; clear: both;'>\n<p><a href=\"https:\/\/wa.link\/vpicfd\"><img data-recalc-dims=\"1\" class=\"wp-image-4922\" style=\"aspect-ratio: 2.0253164556962027; width: 561px; height: auto;\" src=\"https:\/\/i0.wp.com\/ismaelcolosi.com.br\/wp-content\/uploads\/2023\/11\/grupo-de-empregos-whatsapp-e-facebook-ismael-colosi-vagas.jpg?ssl=1\" alt=\"\" \/><\/a><\/p>\n<!-- \/wp:image -->\n<\/div>\n<p> <br \/>\n<\/p>\n<div>\n<p>Jos\u00e9 Maria Marin, ex-presidente da Confedera\u00e7\u00e3o Brasileira de Futebol (CBF), morreu no \u00faltimo domingo (20), aos 93 anos. O ex-dirigente passou mal em casa na noite de s\u00e1bado e foi levado ao Hospital S\u00edrio-Liban\u00eas, em S\u00e3o Paulo, onde n\u00e3o resistiu.<\/p>\n<p>Nos \u00faltimos meses, Marin enfrentava problemas de sa\u00fade, tendo sofrido um acidente vascular cerebral (AVC) no fim de 2023, que agravou seu quadro delicado e o manteve sob cuidados m\u00e9dicos cont\u00ednuos. Marin viveu de maneira reservada na capital paulista durante os \u00faltimos anos. O vel\u00f3rio foi ainda no domingo, na capital paulista.<\/p>\n<p><strong>Trajet\u00f3ria pol\u00eamica<\/strong><\/p>\n<p>O ex-dirigente teve uma trajet\u00f3ria marcada por pol\u00eamicas no futebol brasileiro. Al\u00e9m da carreira esportiva, Marin teve atua\u00e7\u00e3o pol\u00edtica nos anos 1980 como deputado estadual, vice-governador e, por breve per\u00edodo, governador de S\u00e3o Paulo. Tamb\u00e9m presidiu a Federa\u00e7\u00e3o Paulista de Futebol (FPF) entre 1982 e 1988.<\/p>\n<p>Marin construiu uma longa carreira pol\u00edtica antes de chegar \u00e0 presid\u00eancia da CBF. Filho de imigrantes espanh\u00f3is, teve inf\u00e2ncia humilde e conciliou a carreira como jogador amador de futebol com os estudos de Direito na USP. Em 1963, foi eleito vereador pelo Partido de Representa\u00e7\u00e3o Popular (PRP). J\u00e1 filiado \u00e0 Arena, partido ligado ao regime militar, tornou-se presidente da C\u00e2mara Municipal de S\u00e3o Paulo em 1969.<\/p>\n<p>Na d\u00e9cada de 1970, exerceu dois mandatos como deputado estadual e, em 1978, foi eleito vice-governador de S\u00e3o Paulo. Entre 1982 e 1983, assumiu o governo do Estado por cerca de dez meses, substituindo Paulo Maluf, a quem era associado e do qual recebeu cr\u00edticas intensas, sendo chamado de \u201cirm\u00e3o siam\u00eas\u201d. Seu governo foi marcado por pol\u00eamicas, incluindo a reprova\u00e7\u00e3o das contas e suspeitas envolvendo empr\u00e9stimos da Caixa Econ\u00f4mica Estadual.<\/p>\n<p>Ap\u00f3s deixar o Pal\u00e1cio dos Bandeirantes, Marin voltou ao futebol como presidente da Federa\u00e7\u00e3o Paulista entre 1982 e 1988. Tentou um retorno \u00e0 pol\u00edtica em 2002, ao concorrer ao Senado, mas obteve apenas 0,2% dos votos v\u00e1lidos. Apesar disso, manteve influ\u00eancia na administra\u00e7\u00e3o esportiva, com seu filho ocupando cargos na Federa\u00e7\u00e3o Paulista e na CBF.<\/p>\n<p>A atua\u00e7\u00e3o pol\u00edtica do ex-dirigente foi fundamental para consolidar sua influ\u00eancia no futebol nacional. Sua proximidade com o poder estadual e as articula\u00e7\u00f5es nos bastidores facilitaram sua ascens\u00e3o nos \u00f3rg\u00e3os dirigentes do futebol paulista e, posteriormente, na CBF. Contudo, sua imagem p\u00fablica ficou marcada tanto pelo prest\u00edgio conquistado quanto pelas controv\u00e9rsias que o acompanharam, reflexo das complexas rela\u00e7\u00f5es entre pol\u00edtica e esporte no Brasil nas \u00faltimas d\u00e9cadas.<\/p>\n<p>A liga\u00e7\u00e3o de Marin com o esporte foi de ber\u00e7o. Seu pai, Joaqu\u00edn Marin y Uma\u00f1es, era boxeador, conhecido como Jack, o Terrible. Marin tamb\u00e9m foi jogador de futebol amador e, entre 1949 e 1954, atuou nos aspirantes do S\u00e3o Paulo e em clubes menores como S\u00e3o Bento de Mar\u00edlia e Jabaquara. Pelo Tricolor, disputou dois jogos oficiais e marcou um gol.<\/p>\n<p><strong>Esc\u00e2ndalo e queda<\/strong><\/p>\n<p>Em 2012, Marin assumiu a presid\u00eancia da CBF ap\u00f3s a ren\u00fancia de Ricardo Teixeira, que comandava a entidade havia 23 anos. Seu mandato, por\u00e9m, ficou marcado por investiga\u00e7\u00f5es de corrup\u00e7\u00e3o que abalaram o futebol mundial.<\/p>\n<p>Em 2015, foi preso na Su\u00ed\u00e7a durante uma opera\u00e7\u00e3o do FBI que investigava um esquema global de suborno e lavagem de dinheiro na Fifa, conhecido como Fifagate. Acusado de receber propinas em troca de contratos relacionados a eventos esportivos, o ex-dirigente foi extraditado para os Estados Unidos, onde foi julgado e condenado \u00e0 pris\u00e3o.<\/p>\n<p>Ap\u00f3s cumprir parte da pena, Marin foi autorizado a retornar ao Brasil em 2020, onde permaneceu em pris\u00e3o domiciliar devido a problemas de sa\u00fade agravados pela pandemia de Covid-19. Durante esse per\u00edodo, vendeu bens para arcar com custos da defesa e da pris\u00e3o domiciliar, entre eles uma mans\u00e3o no bairro Jardim Europa, em S\u00e3o Paulo.<\/p>\n<p>Via Estad\u00e3o Conte\u00fado<\/p>\n<pre>Jornal Tribuna Ribeir\u00e3o&#13;\nUm Jornal com a cara de Ribeir\u00e3o!&#13;\nImpresso | WEB | Redes sociais&#13;\n&#13;\nTribuna Ribeir\u00e3o - Fone: (16) 3632-2200 - Whatsapp: (16) 98161-8743&#13;\nAv. Bar\u00e3o do Bananal, 880 - Jardim Anhanguera, Ribeir\u00e3o Preto&#13;\n&#13;\n@tribunaribeirao @jornaltribuna&#13;\n@jornaltribunaribeirao @jornalribeiraopreto&#13;\n@noticiasribeiraopreto @meiamaratona&#13;\n@meiamaratonainternacionalderibeiraopreto&#13;\n@meiamaratonatribunaribeirao&#13;\n&#13;\n#TribunaRibeir\u00e3o #News #Not\u00edcia #Ribeir\u00e3oPreto #Not\u00edciasDeRibeir\u00e3oPreto #ClassificadosTribunaRibeir\u00e3o #Jornalismo #ClassificadosRibeir\u00e3o<\/pre>\n<\/div>\n<p><br \/>\n<br \/><a href=\"https:\/\/www.tribunaribeirao.com.br\/morre-jose-maria-marin-ex-presidente-da-cbf-aos-93-anos\/\">Source link <\/a><\/p>\n<!-- CONTENT END 1 -->\n","protected":false},"excerpt":{"rendered":"<p>Jos\u00e9 Maria Marin, ex-presidente da Confedera\u00e7\u00e3o Brasileira de Futebol (CBF), morreu no \u00faltimo domingo (20), aos 93 anos. O ex-dirigente passou mal em casa na&#8230;<\/p>\n","protected":false},"author":1,"featured_media":74361,"comment_status":"open","ping_status":"open","sticky":false,"template":"","format":"standard","meta":{"advanced_seo_description":"","jetpack_seo_html_title":"","jetpack_seo_noindex":false,"jetpack_post_was_ever_published":false,"_jetpack_newsletter_access":"","_jetpack_dont_email_post_to_subs":false,"_jetpack_newsletter_tier_id":0,"_jetpack_memberships_contains_paywalled_content":false,"_jetpack_memberships_contains_paid_content":false,"footnotes":"","jetpack_publicize_message":"","jetpack_publicize_feature_enabled":true,"jetpack_social_post_already_shared":true,"jetpack_social_options":{"image_generator_settings":{"template":"highway","default_image_id":0,"font":"","enabled":false},"version":2}},"categories":[11],"tags":[],"class_list":["post-74360","post","type-post","status-publish","format-standard","has-post-thumbnail","hentry","category-noticias-de-ribeirao-preto-sp-e-regiao-ismael-colosi"],"jetpack_publicize_connections":[],"jetpack_featured_media_url":"https:\/\/i0.wp.com\/noticiasribeiraopreto.com.br\/wp-content\/uploads\/2025\/07\/3-Jose-Maria-Marin-Reproducao_CBF.jpg?fit=790%2C500&ssl=1","jetpack-related-posts":[{"id":81126,"url":"https:\/\/noticiasribeiraopreto.com.br\/index.php\/2025\/12\/24\/botafogo-ocupa-a-posicao-34-no-ranking-nacional-de-clubes-da-cbf\/","url_meta":{"origin":74360,"position":0},"title":"Botafogo ocupa a posi\u00e7\u00e3o 34 no ranking nacional de clubes da CBF","author":"noticiasribeiraopreto.com.br","date":"24 de December de 2025","format":false,"excerpt":"\r \r \r 24 de dezembro de 2025 12:0624 de dezembro de 2025 12:10 \r Compartilhar0 A CBF divulgou a lista com a nova posi\u00e7\u00e3o dos clubes e o Pantera aparece na posi\u00e7\u00e3o 34; Comercial n\u00e3o figura Igor Ramos O Botafogo teve a sua posi\u00e7\u00e3o no ranking nacional de clubes\u2026","rel":"","context":"In &quot;Not\u00edcias de Ribeir\u00e3o Preto-SP e Regi\u00e3o&quot;","block_context":{"text":"Not\u00edcias de Ribeir\u00e3o Preto-SP e Regi\u00e3o","link":"https:\/\/noticiasribeiraopreto.com.br\/index.php\/category\/noticias-de-ribeirao-preto-sp-e-regiao-ismael-colosi\/"},"img":{"alt_text":"","src":"https:\/\/i0.wp.com\/noticiasribeiraopreto.com.br\/wp-content\/uploads\/2025\/12\/torcida-do-botafogo.jpg?fit=622%2C350&ssl=1&resize=350%2C200","width":350,"height":200,"srcset":"https:\/\/i0.wp.com\/noticiasribeiraopreto.com.br\/wp-content\/uploads\/2025\/12\/torcida-do-botafogo.jpg?fit=622%2C350&ssl=1&resize=350%2C200 1x, https:\/\/i0.wp.com\/noticiasribeiraopreto.com.br\/wp-content\/uploads\/2025\/12\/torcida-do-botafogo.jpg?fit=622%2C350&ssl=1&resize=525%2C300 1.5x"},"classes":[]},{"id":28044,"url":"https:\/\/noticiasribeiraopreto.com.br\/index.php\/2024\/01\/14\/conheca-a-trajetoria-do-novo-tecnico-da-selecao-brasileira\/","url_meta":{"origin":74360,"position":1},"title":"Conhe\u00e7a a trajet\u00f3ria do novo t\u00e9cnico da Sele\u00e7\u00e3o Brasileira\u00a0","author":"noticiasribeiraopreto.com.br","date":"14 de January de 2024","format":false,"excerpt":"Foto do acervo do jornalista Marcio Javaroni dos tempos em que Dorival defendeu as cores do Botafogo\u00a0\u00a0Aos 61 anos, Dorival J\u00fanior foi confirmado no domingo como o novo t\u00e9cnico da Sele\u00e7\u00e3o Brasileira. Ele pediu desligamento do S\u00e3o Paulo para ocupar a vaga deixada por Fernando Diniz. O treinador chega ao\u2026","rel":"","context":"In &quot;Not\u00edcias de Ribeir\u00e3o Preto-SP e Regi\u00e3o&quot;","block_context":{"text":"Not\u00edcias de Ribeir\u00e3o Preto-SP e Regi\u00e3o","link":"https:\/\/noticiasribeiraopreto.com.br\/index.php\/category\/noticias-de-ribeirao-preto-sp-e-regiao-ismael-colosi\/"},"img":{"alt_text":"","src":"https:\/\/i0.wp.com\/noticiasribeiraopreto.com.br\/wp-content\/uploads\/2024\/01\/Dorival-1-scaled.jpg?fit=967%2C645&ssl=1&resize=350%2C200","width":350,"height":200,"srcset":"https:\/\/i0.wp.com\/noticiasribeiraopreto.com.br\/wp-content\/uploads\/2024\/01\/Dorival-1-scaled.jpg?fit=967%2C645&ssl=1&resize=350%2C200 1x, https:\/\/i0.wp.com\/noticiasribeiraopreto.com.br\/wp-content\/uploads\/2024\/01\/Dorival-1-scaled.jpg?fit=967%2C645&ssl=1&resize=525%2C300 1.5x, https:\/\/i0.wp.com\/noticiasribeiraopreto.com.br\/wp-content\/uploads\/2024\/01\/Dorival-1-scaled.jpg?fit=967%2C645&ssl=1&resize=700%2C400 2x"},"classes":[]},{"id":70377,"url":"https:\/\/noticiasribeiraopreto.com.br\/index.php\/2025\/05\/25\/em-eleicao-marcada-por-boicote-de-clubes-cbf-elege-novo-presidente-saiba-quem-e\/","url_meta":{"origin":74360,"position":2},"title":"Em elei\u00e7\u00e3o marcada por boicote de clubes, CBF elege novo presidente; saiba quem \u00e9","author":"noticiasribeiraopreto.com.br","date":"25 de May de 2025","format":false,"excerpt":"Samir Xaud, dirigente de Roraima, foi eleito presidente da Confedera\u00e7\u00e3o Brasileira de Futebol (CBF) na manh\u00e3 deste domingo (25), em elei\u00e7\u00e3o realizada na sede da entidade, no Rio de Janeiro. A vota\u00e7\u00e3o foi marcada pelo boicote de parte dos clubes, que rejeitaram a participa\u00e7\u00e3o no pleito, incluindo a proposta de\u2026","rel":"","context":"In &quot;Not\u00edcias de Ribeir\u00e3o Preto-SP e Regi\u00e3o&quot;","block_context":{"text":"Not\u00edcias de Ribeir\u00e3o Preto-SP e Regi\u00e3o","link":"https:\/\/noticiasribeiraopreto.com.br\/index.php\/category\/noticias-de-ribeirao-preto-sp-e-regiao-ismael-colosi\/"},"img":{"alt_text":"","src":"https:\/\/i0.wp.com\/noticiasribeiraopreto.com.br\/wp-content\/uploads\/2025\/05\/Copia-de-Copia-de-Copia-de-TAMANHO-EXATO-PARA-FOTOS-NO-SISTEMA-NOVO-95_2025-05-25_18-28-55.webp.webp?fit=1200%2C675&ssl=1&resize=350%2C200","width":350,"height":200,"srcset":"https:\/\/i0.wp.com\/noticiasribeiraopreto.com.br\/wp-content\/uploads\/2025\/05\/Copia-de-Copia-de-Copia-de-TAMANHO-EXATO-PARA-FOTOS-NO-SISTEMA-NOVO-95_2025-05-25_18-28-55.webp.webp?fit=1200%2C675&ssl=1&resize=350%2C200 1x, https:\/\/i0.wp.com\/noticiasribeiraopreto.com.br\/wp-content\/uploads\/2025\/05\/Copia-de-Copia-de-Copia-de-TAMANHO-EXATO-PARA-FOTOS-NO-SISTEMA-NOVO-95_2025-05-25_18-28-55.webp.webp?fit=1200%2C675&ssl=1&resize=525%2C300 1.5x, https:\/\/i0.wp.com\/noticiasribeiraopreto.com.br\/wp-content\/uploads\/2025\/05\/Copia-de-Copia-de-Copia-de-TAMANHO-EXATO-PARA-FOTOS-NO-SISTEMA-NOVO-95_2025-05-25_18-28-55.webp.webp?fit=1200%2C675&ssl=1&resize=700%2C400 2x, https:\/\/i0.wp.com\/noticiasribeiraopreto.com.br\/wp-content\/uploads\/2025\/05\/Copia-de-Copia-de-Copia-de-TAMANHO-EXATO-PARA-FOTOS-NO-SISTEMA-NOVO-95_2025-05-25_18-28-55.webp.webp?fit=1200%2C675&ssl=1&resize=1050%2C600 3x"},"classes":[]},{"id":70360,"url":"https:\/\/noticiasribeiraopreto.com.br\/index.php\/2025\/05\/25\/samir-xaud-e-eleito-presidente-da-cbf\/","url_meta":{"origin":74360,"position":3},"title":"Samir Xaud \u00e9 eleito presidente da CBF","author":"noticiasribeiraopreto.com.br","date":"25 de May de 2025","format":false,"excerpt":"25 de maio de 2025 12:263 Compartilhar0 Neste domingo (25) Samir Xaud foi eleito presidente da Confedera\u00e7\u00e3o Brasileira de Futebol (CBF), sucedendo Ednaldo Rodrigues. Aos 41 anos, o m\u00e9dico e empres\u00e1rio de Roraima assume o comando da entidade m\u00e1xima do futebol brasileiro at\u00e9 2029, ap\u00f3s uma elei\u00e7\u00e3o marcada por apoio\u2026","rel":"","context":"In &quot;Not\u00edcias de Ribeir\u00e3o Preto-SP e Regi\u00e3o&quot;","block_context":{"text":"Not\u00edcias de Ribeir\u00e3o Preto-SP e Regi\u00e3o","link":"https:\/\/noticiasribeiraopreto.com.br\/index.php\/category\/noticias-de-ribeirao-preto-sp-e-regiao-ismael-colosi\/"},"img":{"alt_text":"","src":"https:\/\/i0.wp.com\/noticiasribeiraopreto.com.br\/wp-content\/uploads\/2025\/05\/samir_cbf.jpg?fit=1170%2C700&ssl=1&resize=350%2C200","width":350,"height":200,"srcset":"https:\/\/i0.wp.com\/noticiasribeiraopreto.com.br\/wp-content\/uploads\/2025\/05\/samir_cbf.jpg?fit=1170%2C700&ssl=1&resize=350%2C200 1x, https:\/\/i0.wp.com\/noticiasribeiraopreto.com.br\/wp-content\/uploads\/2025\/05\/samir_cbf.jpg?fit=1170%2C700&ssl=1&resize=525%2C300 1.5x, https:\/\/i0.wp.com\/noticiasribeiraopreto.com.br\/wp-content\/uploads\/2025\/05\/samir_cbf.jpg?fit=1170%2C700&ssl=1&resize=700%2C400 2x, https:\/\/i0.wp.com\/noticiasribeiraopreto.com.br\/wp-content\/uploads\/2025\/05\/samir_cbf.jpg?fit=1170%2C700&ssl=1&resize=1050%2C600 3x"},"classes":[]},{"id":70396,"url":"https:\/\/noticiasribeiraopreto.com.br\/index.php\/2025\/05\/25\/ancelotti-desembarca-no-brasil-para-comandar-a-selecao\/","url_meta":{"origin":74360,"position":4},"title":"Ancelotti desembarca no Brasil para comandar a sele\u00e7\u00e3o","author":"noticiasribeiraopreto.com.br","date":"25 de May de 2025","format":false,"excerpt":"25 de maio de 2025 22:482 Compartilhar0 Carlo Ancelotti est\u00e1 entre n\u00f3s. O t\u00e9cnico mais vitorioso de sua era no futebol desembarcou no Rio de Janeiro na noite deste domingo, 25, no aeroporto do Gale\u00e3o. Ancelotti foi para a Barra da Tijuca, onde ficar\u00e1 hospedado em um hotel. Neste mesmo\u2026","rel":"","context":"In &quot;Not\u00edcias de Ribeir\u00e3o Preto-SP e Regi\u00e3o&quot;","block_context":{"text":"Not\u00edcias de Ribeir\u00e3o Preto-SP e Regi\u00e3o","link":"https:\/\/noticiasribeiraopreto.com.br\/index.php\/category\/noticias-de-ribeirao-preto-sp-e-regiao-ismael-colosi\/"},"img":{"alt_text":"","src":"https:\/\/i0.wp.com\/noticiasribeiraopreto.com.br\/wp-content\/uploads\/2025\/05\/anceloti.jpg?fit=888%2C626&ssl=1&resize=350%2C200","width":350,"height":200,"srcset":"https:\/\/i0.wp.com\/noticiasribeiraopreto.com.br\/wp-content\/uploads\/2025\/05\/anceloti.jpg?fit=888%2C626&ssl=1&resize=350%2C200 1x, https:\/\/i0.wp.com\/noticiasribeiraopreto.com.br\/wp-content\/uploads\/2025\/05\/anceloti.jpg?fit=888%2C626&ssl=1&resize=525%2C300 1.5x, https:\/\/i0.wp.com\/noticiasribeiraopreto.com.br\/wp-content\/uploads\/2025\/05\/anceloti.jpg?fit=888%2C626&ssl=1&resize=700%2C400 2x"},"classes":[]},{"id":25296,"url":"https:\/\/noticiasribeiraopreto.com.br\/index.php\/2024\/01\/06\/de-soldado-do-exercito-a-unico-tetracampeao-mundial-de-futebol-veja-os-numeros-da-carreira-de-zagallo\/","url_meta":{"origin":74360,"position":5},"title":"De soldado do Ex\u00e9rcito a \u00fanico tetracampe\u00e3o mundial de futebol; veja os n\u00fameros da carreira de Zagallo\u00a0","author":"noticiasribeiraopreto.com.br","date":"6 de January de 2024","format":false,"excerpt":"O futebol e o Brasil est\u00e3o de luto mais uma vez. Depois de um ano e uma semana da morte do Rei Pel\u00e9, hoje o dia \u00e9 de despedida do \u201cVelho Lobo\u201d, o Zagallo.\u00a0 A lenda M\u00e1rio Jorge Lobo Zagallo se despediu do campo da vida nesta sexta-feira (5), no\u2026","rel":"","context":"In &quot;Dinheiro e Investimento&quot;","block_context":{"text":"Dinheiro e Investimento","link":"https:\/\/noticiasribeiraopreto.com.br\/index.php\/category\/dinheiro-e-investimento-como-fazer-como-ganhar\/"},"img":{"alt_text":"","src":"https:\/\/i0.wp.com\/noticiasribeiraopreto.com.br\/wp-content\/uploads\/2024\/01\/Design-sem-nome-8-715x402.png?fit=715%2C402&ssl=1&resize=350%2C200","width":350,"height":200,"srcset":"https:\/\/i0.wp.com\/noticiasribeiraopreto.com.br\/wp-content\/uploads\/2024\/01\/Design-sem-nome-8-715x402.png?fit=715%2C402&ssl=1&resize=350%2C200 1x, https:\/\/i0.wp.com\/noticiasribeiraopreto.com.br\/wp-content\/uploads\/2024\/01\/Design-sem-nome-8-715x402.png?fit=715%2C402&ssl=1&resize=525%2C300 1.5x, https:\/\/i0.wp.com\/noticiasribeiraopreto.com.br\/wp-content\/uploads\/2024\/01\/Design-sem-nome-8-715x402.png?fit=715%2C402&ssl=1&resize=700%2C400 2x"},"classes":[]}],"jetpack_sharing_enabled":true,"jetpack_shortlink":"https:\/\/wp.me\/peQAOb-jlm","_links":{"self":[{"href":"https:\/\/noticiasribeiraopreto.com.br\/index.php\/wp-json\/wp\/v2\/posts\/74360","targetHints":{"allow":["GET"]}}],"collection":[{"href":"https:\/\/noticiasribeiraopreto.com.br\/index.php\/wp-json\/wp\/v2\/posts"}],"about":[{"href":"https:\/\/noticiasribeiraopreto.com.br\/index.php\/wp-json\/wp\/v2\/types\/post"}],"author":[{"embeddable":true,"href":"https:\/\/noticiasribeiraopreto.com.br\/index.php\/wp-json\/wp\/v2\/users\/1"}],"replies":[{"embeddable":true,"href":"https:\/\/noticiasribeiraopreto.com.br\/index.php\/wp-json\/wp\/v2\/comments?post=74360"}],"version-history":[{"count":0,"href":"https:\/\/noticiasribeiraopreto.com.br\/index.php\/wp-json\/wp\/v2\/posts\/74360\/revisions"}],"wp:featuredmedia":[{"embeddable":true,"href":"https:\/\/noticiasribeiraopreto.com.br\/index.php\/wp-json\/wp\/v2\/media\/74361"}],"wp:attachment":[{"href":"https:\/\/noticiasribeiraopreto.com.br\/index.php\/wp-json\/wp\/v2\/media?parent=74360"}],"wp:term":[{"taxonomy":"category","embeddable":true,"href":"https:\/\/noticiasribeiraopreto.com.br\/index.php\/wp-json\/wp\/v2\/categories?post=74360"},{"taxonomy":"post_tag","embeddable":true,"href":"https:\/\/noticiasribeiraopreto.com.br\/index.php\/wp-json\/wp\/v2\/tags?post=74360"}],"curies":[{"name":"wp","href":"https:\/\/api.w.org\/{rel}","templated":true}]}}