{"id":74362,"date":"2025-07-21T14:54:04","date_gmt":"2025-07-21T17:54:04","guid":{"rendered":"https:\/\/noticiasribeiraopreto.com.br\/index.php\/2025\/07\/21\/passeio-cultural-gratuito-transforma-cemiterio-em-museu-a-ceu-aberto-em-ribeirao-preto\/"},"modified":"2025-07-21T14:54:04","modified_gmt":"2025-07-21T17:54:04","slug":"passeio-cultural-gratuito-transforma-cemiterio-em-museu-a-ceu-aberto-em-ribeirao-preto","status":"publish","type":"post","link":"https:\/\/noticiasribeiraopreto.com.br\/index.php\/2025\/07\/21\/passeio-cultural-gratuito-transforma-cemiterio-em-museu-a-ceu-aberto-em-ribeirao-preto\/","title":{"rendered":"Passeio cultural gratuito transforma cemit\u00e9rio em museu a c\u00e9u aberto em Ribeir\u00e3o Preto"},"content":{"rendered":"<div class='code-block code-block-1' style='margin: 8px 0 8px auto; text-align: right; display: block; clear: both;'>\n<p><a href=\"https:\/\/wa.link\/vpicfd\"><img data-recalc-dims=\"1\" class=\"wp-image-4922\" style=\"aspect-ratio: 2.0253164556962027; width: 561px; height: auto;\" src=\"https:\/\/i0.wp.com\/ismaelcolosi.com.br\/wp-content\/uploads\/2023\/11\/grupo-de-empregos-whatsapp-e-facebook-ismael-colosi-vagas.jpg?ssl=1\" alt=\"\" \/><\/a><\/p>\n<!-- \/wp:image -->\n<\/div>\n<p> <br \/>\n<\/p>\n<div>\n<p><strong>Ribeir\u00e3o Preto recebe neste domingo (27)<\/strong>, a partir das 8h45, uma nova edi\u00e7\u00e3o da visita cultural mediada ao <strong>Cemit\u00e9rio da Saudade<\/strong>. A atividade prop\u00f5e uma nova perspectiva sobre os cemit\u00e9rios urbanos, destacando seu valor hist\u00f3rico, art\u00edstico e cultural.<\/p>\n<p>Pensando na acessibilidade, a <strong>edi\u00e7\u00e3o deste m\u00eas contar\u00e1 com a presen\u00e7a de um tradutor de libras (L\u00edngua Brasileira de Sinais)<\/strong>, permitindo que pessoas surdas tamb\u00e9m possam acompanhar e aproveitar a experi\u00eancia.<\/p>\n<p>De acordo com Felipe Souza, organizador do projeto, o<strong> objetivo \u00e9 mostrar que o cemit\u00e9rio n\u00e3o se resume a um espa\u00e7o de luto e despedida<\/strong>, mas tamb\u00e9m funciona como um verdadeiro museu a c\u00e9u aberto. <\/p>\n<figure class=\"wp-block-pullquote\">\n<blockquote>\n<p>Com um acervo formado por <strong>esculturas<\/strong>, <strong>est\u00e1tuas <\/strong>e <strong>monumentos<\/strong>, o Cemit\u00e9rio da Saudade guarda parte importante da mem\u00f3ria de Ribeir\u00e3o Preto<\/p>\n<p><cite>afirma Felipe<\/cite><\/p><\/blockquote>\n<\/figure>\n<p>A iniciativa faz parte do projeto <em>\u201cUm Ribeir\u00e3o de Saudade\u201d,<\/em> conduzido pelo professor e historiador Felipe Gon\u00e7alves de Souza, em parceria com a produtora cultural Juliana Bezerra Petrucelli, do grupo Cidade dos Mortos.<\/p>\n<h3 class=\"wp-block-heading\"><strong>Como participar da visita?<\/strong><\/h3>\n<p>A<strong> visita \u00e9 gratuita e aberta a todos os p\u00fablicos<\/strong>. Para participar, \u00e9 necess\u00e1rio preencher um formul\u00e1rio on-line \u2013 <a href=\"https:\/\/forms.gle\/U96jQamzsajqxPB96\">clique aqui<\/a>. As vagas s\u00e3o limitadas e, quando todas forem preenchidas, o formul\u00e1rio ser\u00e1 encerrado.<\/p>\n<p>Ao final do percurso, <strong>ser\u00e1 servido um caf\u00e9 da manh\u00e3 aos participantes.<\/strong> Durante a caminhada pelo cemit\u00e9rio, copos de \u00e1gua tamb\u00e9m estar\u00e3o dispon\u00edveis.<\/p>\n<h3 class=\"wp-block-heading\"><strong>Cemit\u00e9rio da Saudade<\/strong><\/h3>\n<p>Inaugurado em 1893, o <strong>Cemit\u00e9rio da Saudade abriga t\u00famulos de personalidades que marcaram a hist\u00f3ria de Ribeir\u00e3o Preto.<\/strong> O local re\u00fane figuras importantes como o <strong>Milagreiro Menino Zezinho<\/strong>, <strong>Sinh\u00e1 <\/strong>e <strong>Quito Junqueira<\/strong>, os prefeitos <strong>Cost\u00e1bile Romano<\/strong>, <strong>F\u00e1bio Barreto<\/strong> e <strong>Camillo de Mattos<\/strong>, al\u00e9m do jornalista Wilson Toni e do famoso Coronel Quinzinho da Cunha.<\/p>\n<p>Tamb\u00e9m est\u00e3o sepultados no local Dom Giovanni Rabaiolli, a Menina da Piedade, as Irm\u00e3s Ursulinas, o ator Jos\u00e9 Velloni (conhecido por atuar em filmes de Mazzaropi), o fundador da Vila Tib\u00e9rio, entre outros nomes simb\u00f3licos \u2014 incluindo o curioso \u201ct\u00famulo do cachorro\u201d.<\/p>\n<hr class=\"wp-block-separator has-alpha-channel-opacity\"\/>\n<p>SAIBA MAIS<\/p>\n<p>Quem \u00e9 o novo milion\u00e1rio? Aposta da regi\u00e3o de Ribeir\u00e3o Preto fatura pr\u00eamio da Mega-Sena<\/p>\n<h2 class=\"wp-block-heading\"><strong>FIQUE ON<\/strong><\/h2>\n<p>Quer ficar por dentro de tudo que acontece em Ribeir\u00e3o Preto e regi\u00e3o? Ent\u00e3o siga os perfis do\u202facidade on\u202fno\u202f<a href=\"https:\/\/www.instagram.com\/acidadeonribeirao\" target=\"_blank\" rel=\"noreferrer noopener\">Instagram<\/a>\u202fe no\u202f<a href=\"https:\/\/www.facebook.com\/acidadeonribeirao\/\" target=\"_blank\" rel=\"noreferrer noopener\">Facebook<\/a>.<\/p>\n<p>Al\u00e9m disso, voc\u00ea pode receber as principais not\u00edcias diretamente no WhatsApp. Para isso, basta\u00a0<a href=\"https:\/\/chat.whatsapp.com\/BjKQZ9oJwlz8VVT50NuePq\" target=\"_blank\" rel=\"noreferrer noopener\">entrar no grupo clicando aqui<\/a>. <mark style=\"background-color:#ffffff\" class=\"has-inline-color has-white-color\">, contudo<\/mark><\/p>\n<p>Por fim, se quiser fazer uma den\u00fancia ou sugerir uma reportagem sobre Ribeir\u00e3o Preto e regi\u00e3o, envie uma mensagem pelo WhatsApp: (16) 99117-7802.<mark style=\"background-color:#ffffff\" class=\"has-inline-color has-white-color\"> , contudo<\/mark><\/p>\n<p>VEJA TAMB\u00c9M<\/p>\n<p>Onde ver os locais de provas do concurso da PF?<\/p>\n<p><!-- AI CONTENT END 1 -->\n<\/div>\n<p><script async src=\"\/\/www.instagram.com\/embed.js\"><\/script><br \/>\n<br \/><br \/>\n<br \/><a href=\"https:\/\/www.acidadeon.com\/ribeiraopreto\/lazer-e-cultura\/passeio-cultural-gratuito-transforma-cemiterio-em-museu-a-ceu-aberto-em-ribeirao-preto\/\">Source link <\/a><\/p>\n<!-- CONTENT END 1 -->\n","protected":false},"excerpt":{"rendered":"<p>Ribeir\u00e3o Preto recebe neste domingo (27), a partir das 8h45, uma nova edi\u00e7\u00e3o da visita cultural mediada ao Cemit\u00e9rio da Saudade. A atividade prop\u00f5e uma&#8230;<\/p>\n","protected":false},"author":1,"featured_media":74363,"comment_status":"open","ping_status":"open","sticky":false,"template":"","format":"standard","meta":{"advanced_seo_description":"","jetpack_seo_html_title":"","jetpack_seo_noindex":false,"jetpack_post_was_ever_published":false,"_jetpack_newsletter_access":"","_jetpack_dont_email_post_to_subs":false,"_jetpack_newsletter_tier_id":0,"_jetpack_memberships_contains_paywalled_content":false,"_jetpack_memberships_contains_paid_content":false,"footnotes":"","jetpack_publicize_message":"","jetpack_publicize_feature_enabled":true,"jetpack_social_post_already_shared":true,"jetpack_social_options":{"image_generator_settings":{"template":"highway","default_image_id":0,"font":"","enabled":false},"version":2}},"categories":[11],"tags":[],"class_list":["post-74362","post","type-post","status-publish","format-standard","has-post-thumbnail","hentry","category-noticias-de-ribeirao-preto-sp-e-regiao-ismael-colosi"],"jetpack_publicize_connections":[],"jetpack_featured_media_url":"https:\/\/i0.wp.com\/noticiasribeiraopreto.com.br\/wp-content\/uploads\/2025\/07\/whatsapp_image_2022-11-02_at_07_44_55_x1x_2024-10-29_18-45-15_jpe_2024-10-29_18-45-15.webp.webp?fit=1600%2C1200&ssl=1","jetpack-related-posts":[{"id":77532,"url":"https:\/\/noticiasribeiraopreto.com.br\/index.php\/2025\/09\/20\/passeio-cultural-transforma-cemiterio-da-saudade-em-museu-a-ceu-aberto-veja-como-participar\/","url_meta":{"origin":74362,"position":0},"title":"Passeio cultural transforma cemit\u00e9rio da Saudade em museu a c\u00e9u aberto; Veja como participar","author":"noticiasribeiraopreto.com.br","date":"20 de September de 2025","format":false,"excerpt":"O cemit\u00e9rio da Saudade, localizado no bairro Campos El\u00edseos, zona Norte de Ribeir\u00e3o Preto, recebe mais uma edi\u00e7\u00e3o da visita cultural mediada, no dia 28 de setembro, a partir das 8h45. A visita tem o intuito de demonstrar que o local n\u00e3o \u00e9 apenas um lugar de luto, sepultamento e\u2026","rel":"","context":"In &quot;Not\u00edcias de Ribeir\u00e3o Preto-SP e Regi\u00e3o&quot;","block_context":{"text":"Not\u00edcias de Ribeir\u00e3o Preto-SP e Regi\u00e3o","link":"https:\/\/noticiasribeiraopreto.com.br\/index.php\/category\/noticias-de-ribeirao-preto-sp-e-regiao-ismael-colosi\/"},"img":{"alt_text":"","src":"https:\/\/i0.wp.com\/noticiasribeiraopreto.com.br\/wp-content\/uploads\/2025\/09\/WhatsApp-Image-2024-11-01-at-08.05.16_2024-11-01_15-21-34_jpeg_2024-11-01_15-21-34.webp.webp?fit=1200%2C900&ssl=1&resize=350%2C200","width":350,"height":200,"srcset":"https:\/\/i0.wp.com\/noticiasribeiraopreto.com.br\/wp-content\/uploads\/2025\/09\/WhatsApp-Image-2024-11-01-at-08.05.16_2024-11-01_15-21-34_jpeg_2024-11-01_15-21-34.webp.webp?fit=1200%2C900&ssl=1&resize=350%2C200 1x, https:\/\/i0.wp.com\/noticiasribeiraopreto.com.br\/wp-content\/uploads\/2025\/09\/WhatsApp-Image-2024-11-01-at-08.05.16_2024-11-01_15-21-34_jpeg_2024-11-01_15-21-34.webp.webp?fit=1200%2C900&ssl=1&resize=525%2C300 1.5x, https:\/\/i0.wp.com\/noticiasribeiraopreto.com.br\/wp-content\/uploads\/2025\/09\/WhatsApp-Image-2024-11-01-at-08.05.16_2024-11-01_15-21-34_jpeg_2024-11-01_15-21-34.webp.webp?fit=1200%2C900&ssl=1&resize=700%2C400 2x, https:\/\/i0.wp.com\/noticiasribeiraopreto.com.br\/wp-content\/uploads\/2025\/09\/WhatsApp-Image-2024-11-01-at-08.05.16_2024-11-01_15-21-34_jpeg_2024-11-01_15-21-34.webp.webp?fit=1200%2C900&ssl=1&resize=1050%2C600 3x"},"classes":[]},{"id":59093,"url":"https:\/\/noticiasribeiraopreto.com.br\/index.php\/2024\/10\/14\/cemiterio-de-ribeirao-preto-recebe-nova-edicao-de-visita-cultural-veja-quando\/","url_meta":{"origin":74362,"position":1},"title":"Cemit\u00e9rio de Ribeir\u00e3o Preto recebe nova edi\u00e7\u00e3o de visita cultural; Veja quando","author":"noticiasribeiraopreto.com.br","date":"14 de October de 2024","format":false,"excerpt":"Est\u00e3o abertas as inscri\u00e7\u00f5es para a 10\u00aa edi\u00e7\u00e3o da visita cultural ao cemit\u00e9rio da Saudade, em Ribeir\u00e3o Preto. O evento acontece no dia 27 de outubro, \u00e0s 9h. Os interessados devem se inscrever atrav\u00e9s de um formul\u00e1rio on-line (clique aqui). A visita \u00e9 gratuita e aberta para todos os p\u00fablicos,\u2026","rel":"","context":"In &quot;Not\u00edcias de Ribeir\u00e3o Preto-SP e Regi\u00e3o&quot;","block_context":{"text":"Not\u00edcias de Ribeir\u00e3o Preto-SP e Regi\u00e3o","link":"https:\/\/noticiasribeiraopreto.com.br\/index.php\/category\/noticias-de-ribeirao-preto-sp-e-regiao-ismael-colosi\/"},"img":{"alt_text":"","src":"https:\/\/i0.wp.com\/noticiasribeiraopreto.com.br\/wp-content\/uploads\/2024\/10\/inshot_20221101_084040702.jpg?fit=1200%2C868&ssl=1&resize=350%2C200","width":350,"height":200,"srcset":"https:\/\/i0.wp.com\/noticiasribeiraopreto.com.br\/wp-content\/uploads\/2024\/10\/inshot_20221101_084040702.jpg?fit=1200%2C868&ssl=1&resize=350%2C200 1x, https:\/\/i0.wp.com\/noticiasribeiraopreto.com.br\/wp-content\/uploads\/2024\/10\/inshot_20221101_084040702.jpg?fit=1200%2C868&ssl=1&resize=525%2C300 1.5x, https:\/\/i0.wp.com\/noticiasribeiraopreto.com.br\/wp-content\/uploads\/2024\/10\/inshot_20221101_084040702.jpg?fit=1200%2C868&ssl=1&resize=700%2C400 2x, https:\/\/i0.wp.com\/noticiasribeiraopreto.com.br\/wp-content\/uploads\/2024\/10\/inshot_20221101_084040702.jpg?fit=1200%2C868&ssl=1&resize=1050%2C600 3x"},"classes":[]},{"id":42096,"url":"https:\/\/noticiasribeiraopreto.com.br\/index.php\/2024\/03\/12\/cemiterio-da-saudade-de-ribeirao-recebe-nova-edicao-de-visita-cultural-guiada-veja-quando\/","url_meta":{"origin":74362,"position":2},"title":"Cemit\u00e9rio da Saudade de Ribeir\u00e3o recebe nova edi\u00e7\u00e3o de visita cultural guiada; Veja quando","author":"noticiasribeiraopreto.com.br","date":"12 de March de 2024","format":false,"excerpt":"O cemit\u00e9rio da Saudade, localizado no bairro Campos El\u00edseos, zona Norte de Ribeir\u00e3o Preto, recebe a terceira edi\u00e7\u00e3o de uma visita cultural mediada, no dia 24 de mar\u00e7o, a partir das 9h30. O intuito da visita \u00e9 demonstrar que o local n\u00e3o \u00e9 apenas um lugar de luto, sepultamento e\u2026","rel":"","context":"In &quot;Not\u00edcias de Ribeir\u00e3o Preto-SP e Regi\u00e3o&quot;","block_context":{"text":"Not\u00edcias de Ribeir\u00e3o Preto-SP e Regi\u00e3o","link":"https:\/\/noticiasribeiraopreto.com.br\/index.php\/category\/noticias-de-ribeirao-preto-sp-e-regiao-ismael-colosi\/"},"img":{"alt_text":"","src":"https:\/\/noticiasribeiraopreto.com.br\/wp-content\/uploads\/2024\/03\/whatsapp_image_2022-11-02_at_07_44_55_x1x.jpe","width":350,"height":200,"srcset":"https:\/\/noticiasribeiraopreto.com.br\/wp-content\/uploads\/2024\/03\/whatsapp_image_2022-11-02_at_07_44_55_x1x.jpe 1x, https:\/\/noticiasribeiraopreto.com.br\/wp-content\/uploads\/2024\/03\/whatsapp_image_2022-11-02_at_07_44_55_x1x.jpe 1.5x, https:\/\/noticiasribeiraopreto.com.br\/wp-content\/uploads\/2024\/03\/whatsapp_image_2022-11-02_at_07_44_55_x1x.jpe 2x, https:\/\/noticiasribeiraopreto.com.br\/wp-content\/uploads\/2024\/03\/whatsapp_image_2022-11-02_at_07_44_55_x1x.jpe 3x"},"classes":[]},{"id":60335,"url":"https:\/\/noticiasribeiraopreto.com.br\/index.php\/2024\/11\/11\/cemiterio-de-ribeirao-recebe-nova-edicao-de-visita-cultural-veja-como-se-inscrever\/","url_meta":{"origin":74362,"position":3},"title":"Cemit\u00e9rio de Ribeir\u00e3o recebe nova edi\u00e7\u00e3o de visita cultural; Veja como se inscrever","author":"noticiasribeiraopreto.com.br","date":"11 de November de 2024","format":false,"excerpt":"Se voc\u00ea n\u00e3o conseguiu participar da \u00faltima edi\u00e7\u00e3o da visita cultural mediada ao Cemit\u00e9rio da Saudade, em Ribeir\u00e3o Preto, n\u00e3o se preocupe! As inscri\u00e7\u00f5es para a 11\u00aa edi\u00e7\u00e3o do evento j\u00e1 est\u00e3o dispon\u00edveis. A visita vai acontecer no dia 24 de novembro, a partir das 9h, e os interessados devem\u2026","rel":"","context":"In &quot;Not\u00edcias de Ribeir\u00e3o Preto-SP e Regi\u00e3o&quot;","block_context":{"text":"Not\u00edcias de Ribeir\u00e3o Preto-SP e Regi\u00e3o","link":"https:\/\/noticiasribeiraopreto.com.br\/index.php\/category\/noticias-de-ribeirao-preto-sp-e-regiao-ismael-colosi\/"},"img":{"alt_text":"","src":"https:\/\/i0.wp.com\/noticiasribeiraopreto.com.br\/wp-content\/uploads\/2024\/05\/visita_guiada_cemiterio_da_saudade_-_foto_fernando_gonzaga_19_2024-05-15_18-02-17_jpg_2024-05-15_18-02-17.webp.webp?fit=1200%2C800&ssl=1&resize=350%2C200","width":350,"height":200,"srcset":"https:\/\/i0.wp.com\/noticiasribeiraopreto.com.br\/wp-content\/uploads\/2024\/05\/visita_guiada_cemiterio_da_saudade_-_foto_fernando_gonzaga_19_2024-05-15_18-02-17_jpg_2024-05-15_18-02-17.webp.webp?fit=1200%2C800&ssl=1&resize=350%2C200 1x, https:\/\/i0.wp.com\/noticiasribeiraopreto.com.br\/wp-content\/uploads\/2024\/05\/visita_guiada_cemiterio_da_saudade_-_foto_fernando_gonzaga_19_2024-05-15_18-02-17_jpg_2024-05-15_18-02-17.webp.webp?fit=1200%2C800&ssl=1&resize=525%2C300 1.5x, https:\/\/i0.wp.com\/noticiasribeiraopreto.com.br\/wp-content\/uploads\/2024\/05\/visita_guiada_cemiterio_da_saudade_-_foto_fernando_gonzaga_19_2024-05-15_18-02-17_jpg_2024-05-15_18-02-17.webp.webp?fit=1200%2C800&ssl=1&resize=700%2C400 2x, https:\/\/i0.wp.com\/noticiasribeiraopreto.com.br\/wp-content\/uploads\/2024\/05\/visita_guiada_cemiterio_da_saudade_-_foto_fernando_gonzaga_19_2024-05-15_18-02-17_jpg_2024-05-15_18-02-17.webp.webp?fit=1200%2C800&ssl=1&resize=1050%2C600 3x"},"classes":[]},{"id":56996,"url":"https:\/\/noticiasribeiraopreto.com.br\/index.php\/2024\/08\/20\/ribeirao-preto-recebe-mais-uma-visita-cultural-no-cemiterio-da-saudade-veja-como-participar\/","url_meta":{"origin":74362,"position":4},"title":"Ribeir\u00e3o Preto recebe mais uma visita cultural no cemit\u00e9rio da Saudade; Veja como participar","author":"noticiasribeiraopreto.com.br","date":"20 de August de 2024","format":false,"excerpt":"Est\u00e3o abertas as inscri\u00e7\u00f5es para mais uma edi\u00e7\u00e3o da visita cultural ao cemit\u00e9rio da Saudade. A visita acontece no domingo (1\u00ba de setembro), a partir das 9h. O evento \u00e9 gratuito e aberto a todos os p\u00fablicos. As inscri\u00e7\u00f5es devem ser realizadas pela internet (clique aqui). \u201cO intuito da visita\u2026","rel":"","context":"In &quot;Not\u00edcias de Ribeir\u00e3o Preto-SP e Regi\u00e3o&quot;","block_context":{"text":"Not\u00edcias de Ribeir\u00e3o Preto-SP e Regi\u00e3o","link":"https:\/\/noticiasribeiraopreto.com.br\/index.php\/category\/noticias-de-ribeirao-preto-sp-e-regiao-ismael-colosi\/"},"img":{"alt_text":"","src":"https:\/\/i0.wp.com\/noticiasribeiraopreto.com.br\/wp-content\/uploads\/2024\/08\/WhatsApp-Image-2023-11-01-at-14.09.34.jpeg?fit=1200%2C900&ssl=1&resize=350%2C200","width":350,"height":200,"srcset":"https:\/\/i0.wp.com\/noticiasribeiraopreto.com.br\/wp-content\/uploads\/2024\/08\/WhatsApp-Image-2023-11-01-at-14.09.34.jpeg?fit=1200%2C900&ssl=1&resize=350%2C200 1x, https:\/\/i0.wp.com\/noticiasribeiraopreto.com.br\/wp-content\/uploads\/2024\/08\/WhatsApp-Image-2023-11-01-at-14.09.34.jpeg?fit=1200%2C900&ssl=1&resize=525%2C300 1.5x, https:\/\/i0.wp.com\/noticiasribeiraopreto.com.br\/wp-content\/uploads\/2024\/08\/WhatsApp-Image-2023-11-01-at-14.09.34.jpeg?fit=1200%2C900&ssl=1&resize=700%2C400 2x, https:\/\/i0.wp.com\/noticiasribeiraopreto.com.br\/wp-content\/uploads\/2024\/08\/WhatsApp-Image-2023-11-01-at-14.09.34.jpeg?fit=1200%2C900&ssl=1&resize=1050%2C600 3x"},"classes":[]},{"id":83412,"url":"https:\/\/noticiasribeiraopreto.com.br\/index.php\/2026\/03\/17\/visita-guiada-no-cemiterio-da-saudade-tera-edicao-especial-sobre-mulheres\/","url_meta":{"origin":74362,"position":5},"title":"Visita guiada no Cemit\u00e9rio da Saudade ter\u00e1 edi\u00e7\u00e3o especial sobre mulheres","author":"noticiasribeiraopreto.com.br","date":"17 de March de 2026","format":false,"excerpt":"O cemit\u00e9rio da Saudade, em Ribeir\u00e3o Preto, recebe no dia 29 de mar\u00e7o uma edi\u00e7\u00e3o especial do projeto \u201cUm Ribeir\u00e3o de Saudade\u201d. Desta vez, o roteiro ser\u00e1 tem\u00e1tico em homenagem ao Dia das Mulheres. Com o tema \u201cMulheres e Representa\u00e7\u00f5es Femininas\u201d, a visita prop\u00f5e um percurso por sepulturas e personalidades\u2026","rel":"","context":"In &quot;Not\u00edcias de Ribeir\u00e3o Preto-SP e Regi\u00e3o&quot;","block_context":{"text":"Not\u00edcias de Ribeir\u00e3o Preto-SP e Regi\u00e3o","link":"https:\/\/noticiasribeiraopreto.com.br\/index.php\/category\/noticias-de-ribeirao-preto-sp-e-regiao-ismael-colosi\/"},"img":{"alt_text":"","src":"https:\/\/i0.wp.com\/noticiasribeiraopreto.com.br\/wp-content\/uploads\/2026\/03\/Copia-de-Copia-de-Copia-de-TAMANHO-EXATO-PARA-FOTOS-NO-SISTEMA-NOVO-2025-09-20T095944.199_2025-09-20_12-59-51.webp.webp?fit=1200%2C675&ssl=1&resize=350%2C200","width":350,"height":200,"srcset":"https:\/\/i0.wp.com\/noticiasribeiraopreto.com.br\/wp-content\/uploads\/2026\/03\/Copia-de-Copia-de-Copia-de-TAMANHO-EXATO-PARA-FOTOS-NO-SISTEMA-NOVO-2025-09-20T095944.199_2025-09-20_12-59-51.webp.webp?fit=1200%2C675&ssl=1&resize=350%2C200 1x, https:\/\/i0.wp.com\/noticiasribeiraopreto.com.br\/wp-content\/uploads\/2026\/03\/Copia-de-Copia-de-Copia-de-TAMANHO-EXATO-PARA-FOTOS-NO-SISTEMA-NOVO-2025-09-20T095944.199_2025-09-20_12-59-51.webp.webp?fit=1200%2C675&ssl=1&resize=525%2C300 1.5x, https:\/\/i0.wp.com\/noticiasribeiraopreto.com.br\/wp-content\/uploads\/2026\/03\/Copia-de-Copia-de-Copia-de-TAMANHO-EXATO-PARA-FOTOS-NO-SISTEMA-NOVO-2025-09-20T095944.199_2025-09-20_12-59-51.webp.webp?fit=1200%2C675&ssl=1&resize=700%2C400 2x, https:\/\/i0.wp.com\/noticiasribeiraopreto.com.br\/wp-content\/uploads\/2026\/03\/Copia-de-Copia-de-Copia-de-TAMANHO-EXATO-PARA-FOTOS-NO-SISTEMA-NOVO-2025-09-20T095944.199_2025-09-20_12-59-51.webp.webp?fit=1200%2C675&ssl=1&resize=1050%2C600 3x"},"classes":[]}],"jetpack_sharing_enabled":true,"jetpack_shortlink":"https:\/\/wp.me\/peQAOb-jlo","_links":{"self":[{"href":"https:\/\/noticiasribeiraopreto.com.br\/index.php\/wp-json\/wp\/v2\/posts\/74362","targetHints":{"allow":["GET"]}}],"collection":[{"href":"https:\/\/noticiasribeiraopreto.com.br\/index.php\/wp-json\/wp\/v2\/posts"}],"about":[{"href":"https:\/\/noticiasribeiraopreto.com.br\/index.php\/wp-json\/wp\/v2\/types\/post"}],"author":[{"embeddable":true,"href":"https:\/\/noticiasribeiraopreto.com.br\/index.php\/wp-json\/wp\/v2\/users\/1"}],"replies":[{"embeddable":true,"href":"https:\/\/noticiasribeiraopreto.com.br\/index.php\/wp-json\/wp\/v2\/comments?post=74362"}],"version-history":[{"count":0,"href":"https:\/\/noticiasribeiraopreto.com.br\/index.php\/wp-json\/wp\/v2\/posts\/74362\/revisions"}],"wp:featuredmedia":[{"embeddable":true,"href":"https:\/\/noticiasribeiraopreto.com.br\/index.php\/wp-json\/wp\/v2\/media\/74363"}],"wp:attachment":[{"href":"https:\/\/noticiasribeiraopreto.com.br\/index.php\/wp-json\/wp\/v2\/media?parent=74362"}],"wp:term":[{"taxonomy":"category","embeddable":true,"href":"https:\/\/noticiasribeiraopreto.com.br\/index.php\/wp-json\/wp\/v2\/categories?post=74362"},{"taxonomy":"post_tag","embeddable":true,"href":"https:\/\/noticiasribeiraopreto.com.br\/index.php\/wp-json\/wp\/v2\/tags?post=74362"}],"curies":[{"name":"wp","href":"https:\/\/api.w.org\/{rel}","templated":true}]}}