{"id":74364,"date":"2025-07-21T15:00:29","date_gmt":"2025-07-21T18:00:29","guid":{"rendered":"https:\/\/noticiasribeiraopreto.com.br\/index.php\/2025\/07\/21\/usp-ribeirao-preto-identifica-proteinas-chave-para-tratamento-contra-cancer\/"},"modified":"2025-07-21T15:00:29","modified_gmt":"2025-07-21T18:00:29","slug":"usp-ribeirao-preto-identifica-proteinas-chave-para-tratamento-contra-cancer","status":"publish","type":"post","link":"https:\/\/noticiasribeiraopreto.com.br\/index.php\/2025\/07\/21\/usp-ribeirao-preto-identifica-proteinas-chave-para-tratamento-contra-cancer\/","title":{"rendered":"USP Ribeir\u00e3o Preto identifica prote\u00ednas-chave para tratamento contra c\u00e2ncer"},"content":{"rendered":"<div class='code-block code-block-1' style='margin: 8px 0 8px auto; text-align: right; display: block; clear: both;'>\n<p><a href=\"https:\/\/wa.link\/vpicfd\"><img data-recalc-dims=\"1\" class=\"wp-image-4922\" style=\"aspect-ratio: 2.0253164556962027; width: 561px; height: auto;\" src=\"https:\/\/i0.wp.com\/ismaelcolosi.com.br\/wp-content\/uploads\/2023\/11\/grupo-de-empregos-whatsapp-e-facebook-ismael-colosi-vagas.jpg?ssl=1\" alt=\"\" \/><\/a><\/p>\n<!-- \/wp:image -->\n<\/div>\n<p> <br \/>\n<\/p>\n<div>\n<p>Um estudo realizado por pesquisadores d<strong>o CTC (Centro de Terapia Celular)<\/strong>, no campus da <strong>USP (Universidade de S\u00e3o Paulo) de Ribeir\u00e3o Preto<\/strong>, identificou prote\u00ednas-chave e vias de sinaliza\u00e7\u00e3o envolvidas na efic\u00e1cia de uma imunoterapia \u00e0 base de c\u00e9lulas <strong>CAR-T<\/strong>, tratamento utilizado para combater o c\u00e2ncer.<\/p>\n<p>A pesquisa foi publicada no <em>Journal of Proteome Research<\/em>, conduzida por <strong>John Oluwafemi Teibo<\/strong>, doutorando da <strong>Faculdade de Medicina de Ribeir\u00e3o Preto-USP<\/strong>, com orienta\u00e7\u00e3o do professor <strong>Vitor Fa\u00e7a<\/strong>. O projeto tem apoio da Fapesp.<\/p>\n<p>\u201cA terapia celular CAR-T \u00e9 inovadora e trouxe um avan\u00e7o incr\u00edvel contra doen\u00e7as hematol\u00f3gicas. Existem muitas constru\u00e7\u00f5es de c\u00e9lulas CAR-T em aprova\u00e7\u00e3o para uso cl\u00ednico. Mas n\u00e3o entendemos completamente como funcionam em termos de mecanismos moleculares, quais s\u00e3o as vias de sinaliza\u00e7\u00e3o e os efetores moleculares envolvidos nisso. Essa \u00e9 a motiva\u00e7\u00e3o para esse estudo\u201d, explica Teibo em v\u00eddeo publicado pelo Hemocentro de S\u00e3o Paulo.<\/p>\n<p>A pesquisa buscou identificar efetores moleculares relacionados \u00e0 terapia com c\u00e9lulas CAR-T em bancos de dados como PubMed e Scopus.<\/p>\n<p>Efetores moleculares (geralmente prote\u00ednas) desempenham um papel crucial na resposta a est\u00edmulos e na realiza\u00e7\u00e3o de processos celulares espec\u00edficos, como a resposta imune ou a transdu\u00e7\u00e3o de sinal (qualquer processo pelo qual uma c\u00e9lula converte um tipo de sinal ou est\u00edmulo em outro).<\/p>\n<h2 class=\"wp-block-heading\"><strong>Efic\u00e1cia<\/strong><\/h2>\n<p><mark style=\"background-color:#fcb900\" class=\"has-inline-color has-black-color\">A proposta resultou na identifica\u00e7\u00e3o de prote\u00ednas que podem ser alvos-chave para aprimorar a efic\u00e1cia da terapia.<\/mark> A utiliza\u00e7\u00e3o da prote\u00f4mica (an\u00e1lise do conjunto de prote\u00ednas de uma amostra) permitir\u00e1 uma compreens\u00e3o mais profunda das altera\u00e7\u00f5es nessas mol\u00e9culas, abrindo caminho para novos avan\u00e7os no tratamento.<\/p>\n<p>\u201cPor exemplo, temos interferon gama e tamb\u00e9m IL-2, que podem ser usados como biomarcadores substitutos. Isso pode ajudar a superar alguns dos desafios da terapia com c\u00e9lulas CAR-T\u201d, contou o pesquisador.<\/p>\n<p>Al\u00e9m disso, com os avan\u00e7os recentes em espectrometria de massas, novas possibilidades para analisar a abund\u00e2ncia, localiza\u00e7\u00e3o celular, s\u00edntese\/degrada\u00e7\u00e3o e modifica\u00e7\u00f5es p\u00f3s-traducionais das prote\u00ednas tornam-se vi\u00e1veis. Isso permite uma compreens\u00e3o mais detalhada e integrada de processos fisiol\u00f3gicos e celulares, essencial para o aprimoramento da terapia.<\/p>\n<p>*Com informa\u00e7\u00f5es <strong><a href=\"https:\/\/agencia.fapesp.br\/estudo-identifica-proteinas-envolvidas-na-eficacia-de-imunoterapia-usada-contra-cancer-no-sangue\/55312\">Ag\u00eancia Fapesp.<\/a><\/strong><\/p>\n<p>SAIBA MAIS<br \/>Nova frente vai passar pelo estado de SP; Veja quando e confira a previs\u00e3o<\/p>\n<h2 class=\"wp-block-heading\"><strong>FIQUE ON<\/strong><\/h2>\n<p>Fique ligado em tudo que acontece em Ribeir\u00e3o Preto e regi\u00e3o. Siga os perfis do<strong>\u00a0acidade on<\/strong>\u00a0no\u00a0<a href=\"https:\/\/www.instagram.com\/acidadeonribeirao\">Instagram\u00a0<\/a>e no\u00a0<a href=\"https:\/\/www.facebook.com\/acidadeonribeirao\/\">Facebook<\/a>.<\/p>\n<p>Receba not\u00edcias do<strong>\u00a0acidade on\u00a0<\/strong>no WhatsApp.\u00a0<a href=\"https:\/\/chat.whatsapp.com\/BjKQZ9oJwlz8VVT50NuePq\">Para entrar no grupo, basta clicar aqui.<\/a><\/p>\n<p>Fa\u00e7a uma den\u00fancia ou sugira uma reportagem sobre Ribeir\u00e3o Preto e regi\u00e3o pelo WhatsApp: 16 99117 7802.<\/p>\n<p>VEJA TAMB\u00c9M<\/p>\n<p>Onde ver os locais de provas do concurso da PF?<\/p>\n<p><!-- AI CONTENT END 1 -->\n<\/div>\n<p><script async src=\"\/\/www.instagram.com\/embed.js\"><\/script><br \/>\n<br \/><br \/>\n<br \/><a href=\"https:\/\/www.acidadeon.com\/ribeiraopreto\/cotidiano\/usp-ribeirao-preto-identifica-proteinas-chave-para-tratamento-contra-cancer\/\">Source link <\/a><\/p>\n<!-- CONTENT END 1 -->\n","protected":false},"excerpt":{"rendered":"<p>Um estudo realizado por pesquisadores do CTC (Centro de Terapia Celular), no campus da USP (Universidade de S\u00e3o Paulo) de Ribeir\u00e3o Preto, identificou prote\u00ednas-chave e&#8230;<\/p>\n","protected":false},"author":1,"featured_media":74365,"comment_status":"open","ping_status":"open","sticky":false,"template":"","format":"standard","meta":{"advanced_seo_description":"","jetpack_seo_html_title":"","jetpack_seo_noindex":false,"jetpack_post_was_ever_published":false,"_jetpack_newsletter_access":"","_jetpack_dont_email_post_to_subs":false,"_jetpack_newsletter_tier_id":0,"_jetpack_memberships_contains_paywalled_content":false,"_jetpack_memberships_contains_paid_content":false,"footnotes":"","jetpack_publicize_message":"","jetpack_publicize_feature_enabled":true,"jetpack_social_post_already_shared":true,"jetpack_social_options":{"image_generator_settings":{"template":"highway","default_image_id":0,"font":"","enabled":false},"version":2}},"categories":[11],"tags":[],"class_list":["post-74364","post","type-post","status-publish","format-standard","has-post-thumbnail","hentry","category-noticias-de-ribeirao-preto-sp-e-regiao-ismael-colosi"],"jetpack_publicize_connections":[],"jetpack_featured_media_url":"https:\/\/i0.wp.com\/noticiasribeiraopreto.com.br\/wp-content\/uploads\/2025\/07\/AnyConv.com__celula-cart.webp.webp?fit=1294%2C679&ssl=1","jetpack-related-posts":[{"id":42017,"url":"https:\/\/noticiasribeiraopreto.com.br\/index.php\/2024\/03\/12\/usp-inicia-teste-contra-o-cancer\/","url_meta":{"origin":74364,"position":0},"title":"USP inicia teste contra o c\u00e2ncer\u00a0","author":"noticiasribeiraopreto.com.br","date":"12 de March de 2024","format":false,"excerpt":"12 de mar\u00e7o de 2024 | 15:0012 de mar\u00e7o de 2024 | 9:27 0Com informa\u00e7\u00f5es de Carlos Fioravanti \u00a0(Revista Fapesp)\u00a0\u00a0Come\u00e7a na pr\u00f3xima sexta-feira, 15 de mar\u00e7o, o estudo cl\u00ednico com o uso de terapia CAR-T conduzido pelo Hemocentro de Ribeir\u00e3o Preto, em parceria com o Hospital das Cl\u00ednicas da Faculdade\u2026","rel":"","context":"In &quot;Not\u00edcias de Ribeir\u00e3o Preto-SP e Regi\u00e3o&quot;","block_context":{"text":"Not\u00edcias de Ribeir\u00e3o Preto-SP e Regi\u00e3o","link":"https:\/\/noticiasribeiraopreto.com.br\/index.php\/category\/noticias-de-ribeirao-preto-sp-e-regiao-ismael-colosi\/"},"img":{"alt_text":"","src":"https:\/\/i0.wp.com\/noticiasribeiraopreto.com.br\/wp-content\/uploads\/2024\/03\/Linfoma-Nut-Guilherme-Sircili-scaled.jpg?fit=1000%2C585&ssl=1&resize=350%2C200","width":350,"height":200,"srcset":"https:\/\/i0.wp.com\/noticiasribeiraopreto.com.br\/wp-content\/uploads\/2024\/03\/Linfoma-Nut-Guilherme-Sircili-scaled.jpg?fit=1000%2C585&ssl=1&resize=350%2C200 1x, https:\/\/i0.wp.com\/noticiasribeiraopreto.com.br\/wp-content\/uploads\/2024\/03\/Linfoma-Nut-Guilherme-Sircili-scaled.jpg?fit=1000%2C585&ssl=1&resize=525%2C300 1.5x, https:\/\/i0.wp.com\/noticiasribeiraopreto.com.br\/wp-content\/uploads\/2024\/03\/Linfoma-Nut-Guilherme-Sircili-scaled.jpg?fit=1000%2C585&ssl=1&resize=700%2C400 2x"},"classes":[]},{"id":72394,"url":"https:\/\/noticiasribeiraopreto.com.br\/index.php\/2025\/06\/16\/pesquisadores-da-usp-ribeirao-e-da-franca-vao-testar-nova-terapia-celular-contra-tipo-de-cancer\/","url_meta":{"origin":74364,"position":1},"title":"Pesquisadores da USP Ribeir\u00e3o e da Fran\u00e7a v\u00e3o testar nova terapia celular contra tipo de c\u00e2ncer","author":"noticiasribeiraopreto.com.br","date":"16 de June de 2025","format":false,"excerpt":"Pesquisadores da FMRP-USP (Faculdade de Medicina de Ribeir\u00e3o Preto da Universidade de S\u00e3o Paulo) e do Instituto Curie, da Universidade de Ci\u00eancias e Letras de Paris, v\u00e3o realizar um estudo cl\u00ednico para testar uma nova imunoterapia baseada em c\u00e9lulas CAR-T. A parceria entre a USP Ribeir\u00e3o e Fran\u00e7a para tratamento\u2026","rel":"","context":"In &quot;Not\u00edcias de Ribeir\u00e3o Preto-SP e Regi\u00e3o&quot;","block_context":{"text":"Not\u00edcias de Ribeir\u00e3o Preto-SP e Regi\u00e3o","link":"https:\/\/noticiasribeiraopreto.com.br\/index.php\/category\/noticias-de-ribeirao-preto-sp-e-regiao-ismael-colosi\/"},"img":{"alt_text":"","src":"https:\/\/i0.wp.com\/noticiasribeiraopreto.com.br\/wp-content\/uploads\/2025\/06\/essa_2025-06-16_20-45-52.webp.webp?fit=1200%2C900&ssl=1&resize=350%2C200","width":350,"height":200,"srcset":"https:\/\/i0.wp.com\/noticiasribeiraopreto.com.br\/wp-content\/uploads\/2025\/06\/essa_2025-06-16_20-45-52.webp.webp?fit=1200%2C900&ssl=1&resize=350%2C200 1x, https:\/\/i0.wp.com\/noticiasribeiraopreto.com.br\/wp-content\/uploads\/2025\/06\/essa_2025-06-16_20-45-52.webp.webp?fit=1200%2C900&ssl=1&resize=525%2C300 1.5x, https:\/\/i0.wp.com\/noticiasribeiraopreto.com.br\/wp-content\/uploads\/2025\/06\/essa_2025-06-16_20-45-52.webp.webp?fit=1200%2C900&ssl=1&resize=700%2C400 2x, https:\/\/i0.wp.com\/noticiasribeiraopreto.com.br\/wp-content\/uploads\/2025\/06\/essa_2025-06-16_20-45-52.webp.webp?fit=1200%2C900&ssl=1&resize=1050%2C600 3x"},"classes":[]},{"id":25501,"url":"https:\/\/noticiasribeiraopreto.com.br\/index.php\/2024\/01\/07\/entenda-como-funciona-a-terapia-celular-car-t-cell-contra-o-cancer\/","url_meta":{"origin":74364,"position":2},"title":"Entenda como funciona a terapia celular CAR-T Cell contra o c\u00e2ncer\u00a0","author":"noticiasribeiraopreto.com.br","date":"7 de January de 2024","format":false,"excerpt":"A terapia celular CAR-T Cell tem obtido resultado importante no tratamento de alguns tipos de c\u00e2ncer, por meio da reprograma\u00e7\u00e3o das c\u00e9lulas de defesa do corpo. A tecnologia celular CAR-T \u00e9 um tipo de imunoterapia que utiliza linf\u00f3citos T, c\u00e9lulas do sistema imunol\u00f3gico respons\u00e1veis por combater agentes patog\u00eanicos e c\u00e9lulas\u2026","rel":"","context":"In &quot;Not\u00edcias de Ribeir\u00e3o Preto-SP e Regi\u00e3o&quot;","block_context":{"text":"Not\u00edcias de Ribeir\u00e3o Preto-SP e Regi\u00e3o","link":"https:\/\/noticiasribeiraopreto.com.br\/index.php\/category\/noticias-de-ribeirao-preto-sp-e-regiao-ismael-colosi\/"},"img":{"alt_text":"","src":"https:\/\/i0.wp.com\/noticiasribeiraopreto.com.br\/wp-content\/uploads\/2024\/01\/2-cancer-foto-2-antes_depois-scaled.jpg?fit=1000%2C598&ssl=1&resize=350%2C200","width":350,"height":200,"srcset":"https:\/\/i0.wp.com\/noticiasribeiraopreto.com.br\/wp-content\/uploads\/2024\/01\/2-cancer-foto-2-antes_depois-scaled.jpg?fit=1000%2C598&ssl=1&resize=350%2C200 1x, https:\/\/i0.wp.com\/noticiasribeiraopreto.com.br\/wp-content\/uploads\/2024\/01\/2-cancer-foto-2-antes_depois-scaled.jpg?fit=1000%2C598&ssl=1&resize=525%2C300 1.5x, https:\/\/i0.wp.com\/noticiasribeiraopreto.com.br\/wp-content\/uploads\/2024\/01\/2-cancer-foto-2-antes_depois-scaled.jpg?fit=1000%2C598&ssl=1&resize=700%2C400 2x"},"classes":[]},{"id":41843,"url":"https:\/\/noticiasribeiraopreto.com.br\/index.php\/2024\/03\/11\/hc-ribeirao-preto-comeca-testes-de-terapia-celular-contra-o-cancer-nesta-semana\/","url_meta":{"origin":74364,"position":3},"title":"HC Ribeir\u00e3o Preto come\u00e7a testes de terapia celular contra o c\u00e2ncer nesta semana","author":"noticiasribeiraopreto.com.br","date":"11 de March de 2024","format":false,"excerpt":"O Hospital das Cl\u00ednicas de Ribeir\u00e3o Preto vai come\u00e7ar na pr\u00f3xima sexta-feira (15) o teste de terapia celular contra o c\u00e2ncer. De acordo com a USP (Universidade de S\u00e3o Paulo), ter\u00e1 in\u00edcio a inclus\u00e3o dos candidatos no estudo cl\u00ednico das fases 1 e 2 no tratamento com c\u00e9lulas CAR-T em\u2026","rel":"","context":"In &quot;Not\u00edcias de Ribeir\u00e3o Preto-SP e Regi\u00e3o&quot;","block_context":{"text":"Not\u00edcias de Ribeir\u00e3o Preto-SP e Regi\u00e3o","link":"https:\/\/noticiasribeiraopreto.com.br\/index.php\/category\/noticias-de-ribeirao-preto-sp-e-regiao-ismael-colosi\/"},"img":{"alt_text":"","src":"https:\/\/i0.wp.com\/noticiasribeiraopreto.com.br\/wp-content\/uploads\/2024\/03\/AnyConv.com__nutera-rp.webp.webp?fit=796%2C445&ssl=1&resize=350%2C200","width":350,"height":200,"srcset":"https:\/\/i0.wp.com\/noticiasribeiraopreto.com.br\/wp-content\/uploads\/2024\/03\/AnyConv.com__nutera-rp.webp.webp?fit=796%2C445&ssl=1&resize=350%2C200 1x, https:\/\/i0.wp.com\/noticiasribeiraopreto.com.br\/wp-content\/uploads\/2024\/03\/AnyConv.com__nutera-rp.webp.webp?fit=796%2C445&ssl=1&resize=525%2C300 1.5x, https:\/\/i0.wp.com\/noticiasribeiraopreto.com.br\/wp-content\/uploads\/2024\/03\/AnyConv.com__nutera-rp.webp.webp?fit=796%2C445&ssl=1&resize=700%2C400 2x"},"classes":[]},{"id":42294,"url":"https:\/\/noticiasribeiraopreto.com.br\/index.php\/2024\/03\/13\/entenda-como-funciona-a-terapia-celular-contra-o-cancer-do-hc-de-ribeirao\/","url_meta":{"origin":74364,"position":4},"title":"Entenda como funciona a terapia celular contra o c\u00e2ncer do HC de Ribeir\u00e3o","author":"noticiasribeiraopreto.com.br","date":"13 de March de 2024","format":false,"excerpt":"O Hospital das Cl\u00ednicas de Ribeir\u00e3o Preto come\u00e7a nesta sexta-feira (15) os testes sobre o tratamento celular contra o c\u00e2ncer. Na primeira etapa, o tratamento com c\u00e9lulas CAR-T ser\u00e1 aplicado em quatro pacientes com linfoma e leucemia. O tratamento com c\u00e9lulas CAR-T foi desenvolvido em 2017 nos Estados Unidos e,\u2026","rel":"","context":"In &quot;Not\u00edcias de Ribeir\u00e3o Preto-SP e Regi\u00e3o&quot;","block_context":{"text":"Not\u00edcias de Ribeir\u00e3o Preto-SP e Regi\u00e3o","link":"https:\/\/noticiasribeiraopreto.com.br\/index.php\/category\/noticias-de-ribeirao-preto-sp-e-regiao-ismael-colosi\/"},"img":{"alt_text":"","src":"https:\/\/i0.wp.com\/noticiasribeiraopreto.com.br\/wp-content\/uploads\/2024\/03\/AnyConv.com__celula-cart.webp.webp?fit=1200%2C630&ssl=1&resize=350%2C200","width":350,"height":200,"srcset":"https:\/\/i0.wp.com\/noticiasribeiraopreto.com.br\/wp-content\/uploads\/2024\/03\/AnyConv.com__celula-cart.webp.webp?fit=1200%2C630&ssl=1&resize=350%2C200 1x, https:\/\/i0.wp.com\/noticiasribeiraopreto.com.br\/wp-content\/uploads\/2024\/03\/AnyConv.com__celula-cart.webp.webp?fit=1200%2C630&ssl=1&resize=525%2C300 1.5x, https:\/\/i0.wp.com\/noticiasribeiraopreto.com.br\/wp-content\/uploads\/2024\/03\/AnyConv.com__celula-cart.webp.webp?fit=1200%2C630&ssl=1&resize=700%2C400 2x, https:\/\/i0.wp.com\/noticiasribeiraopreto.com.br\/wp-content\/uploads\/2024\/03\/AnyConv.com__celula-cart.webp.webp?fit=1200%2C630&ssl=1&resize=1050%2C600 3x"},"classes":[]},{"id":67538,"url":"https:\/\/noticiasribeiraopreto.com.br\/index.php\/2025\/04\/15\/pesquisa-sobre-tratamento-contra-o-cancer-entra-em-nova-fase-em-ribeirao-preto\/","url_meta":{"origin":74364,"position":5},"title":"Pesquisa sobre tratamento contra o c\u00e2ncer entra em nova fase em Ribeir\u00e3o Preto","author":"noticiasribeiraopreto.com.br","date":"15 de April de 2025","format":false,"excerpt":"O Hemocentro de Ribeir\u00e3o Preto come\u00e7ou nesta segunda-feira (14) uma nova etapa do Centro de Terapia Celular da USP (Universidade de S\u00e3o Paulo), que passa a ser integrante dos Cepix (Centros de Pesquisa e Inova\u00e7\u00e3o Especiais). Com isso, as pesquisas do tratamento contra o c\u00e2ncer com as c\u00e9lulas CAR-T poder\u00e3o\u2026","rel":"","context":"In &quot;Not\u00edcias de Ribeir\u00e3o Preto-SP e Regi\u00e3o&quot;","block_context":{"text":"Not\u00edcias de Ribeir\u00e3o Preto-SP e Regi\u00e3o","link":"https:\/\/noticiasribeiraopreto.com.br\/index.php\/category\/noticias-de-ribeirao-preto-sp-e-regiao-ismael-colosi\/"},"img":{"alt_text":"","src":"https:\/\/i0.wp.com\/noticiasribeiraopreto.com.br\/wp-content\/uploads\/2025\/04\/cepix_2025-04-15_17-37-13_jpg_2025-04-15_17-37-13.webp.webp?fit=1020%2C679&ssl=1&resize=350%2C200","width":350,"height":200,"srcset":"https:\/\/i0.wp.com\/noticiasribeiraopreto.com.br\/wp-content\/uploads\/2025\/04\/cepix_2025-04-15_17-37-13_jpg_2025-04-15_17-37-13.webp.webp?fit=1020%2C679&ssl=1&resize=350%2C200 1x, https:\/\/i0.wp.com\/noticiasribeiraopreto.com.br\/wp-content\/uploads\/2025\/04\/cepix_2025-04-15_17-37-13_jpg_2025-04-15_17-37-13.webp.webp?fit=1020%2C679&ssl=1&resize=525%2C300 1.5x, https:\/\/i0.wp.com\/noticiasribeiraopreto.com.br\/wp-content\/uploads\/2025\/04\/cepix_2025-04-15_17-37-13_jpg_2025-04-15_17-37-13.webp.webp?fit=1020%2C679&ssl=1&resize=700%2C400 2x"},"classes":[]}],"jetpack_sharing_enabled":true,"jetpack_shortlink":"https:\/\/wp.me\/peQAOb-jlq","_links":{"self":[{"href":"https:\/\/noticiasribeiraopreto.com.br\/index.php\/wp-json\/wp\/v2\/posts\/74364","targetHints":{"allow":["GET"]}}],"collection":[{"href":"https:\/\/noticiasribeiraopreto.com.br\/index.php\/wp-json\/wp\/v2\/posts"}],"about":[{"href":"https:\/\/noticiasribeiraopreto.com.br\/index.php\/wp-json\/wp\/v2\/types\/post"}],"author":[{"embeddable":true,"href":"https:\/\/noticiasribeiraopreto.com.br\/index.php\/wp-json\/wp\/v2\/users\/1"}],"replies":[{"embeddable":true,"href":"https:\/\/noticiasribeiraopreto.com.br\/index.php\/wp-json\/wp\/v2\/comments?post=74364"}],"version-history":[{"count":0,"href":"https:\/\/noticiasribeiraopreto.com.br\/index.php\/wp-json\/wp\/v2\/posts\/74364\/revisions"}],"wp:featuredmedia":[{"embeddable":true,"href":"https:\/\/noticiasribeiraopreto.com.br\/index.php\/wp-json\/wp\/v2\/media\/74365"}],"wp:attachment":[{"href":"https:\/\/noticiasribeiraopreto.com.br\/index.php\/wp-json\/wp\/v2\/media?parent=74364"}],"wp:term":[{"taxonomy":"category","embeddable":true,"href":"https:\/\/noticiasribeiraopreto.com.br\/index.php\/wp-json\/wp\/v2\/categories?post=74364"},{"taxonomy":"post_tag","embeddable":true,"href":"https:\/\/noticiasribeiraopreto.com.br\/index.php\/wp-json\/wp\/v2\/tags?post=74364"}],"curies":[{"name":"wp","href":"https:\/\/api.w.org\/{rel}","templated":true}]}}