{"id":74366,"date":"2025-07-21T15:07:04","date_gmt":"2025-07-21T18:07:04","guid":{"rendered":"https:\/\/noticiasribeiraopreto.com.br\/index.php\/2025\/07\/21\/cidade-no-interior-de-sp-abre-concurso-publico-com-salarios-de-r-13-mil-veja-as-vagas\/"},"modified":"2025-07-21T15:07:04","modified_gmt":"2025-07-21T18:07:04","slug":"cidade-no-interior-de-sp-abre-concurso-publico-com-salarios-de-r-13-mil-veja-as-vagas","status":"publish","type":"post","link":"https:\/\/noticiasribeiraopreto.com.br\/index.php\/2025\/07\/21\/cidade-no-interior-de-sp-abre-concurso-publico-com-salarios-de-r-13-mil-veja-as-vagas\/","title":{"rendered":"Cidade no interior de SP abre concurso p\u00fablico com sal\u00e1rios de R$ 13 mil; Veja as vagas"},"content":{"rendered":"<div class='code-block code-block-1' style='margin: 8px 0 8px auto; text-align: right; display: block; clear: both;'>\n<p><a href=\"https:\/\/wa.link\/vpicfd\"><img data-recalc-dims=\"1\" class=\"wp-image-4922\" style=\"aspect-ratio: 2.0253164556962027; width: 561px; height: auto;\" src=\"https:\/\/i0.wp.com\/ismaelcolosi.com.br\/wp-content\/uploads\/2023\/11\/grupo-de-empregos-whatsapp-e-facebook-ismael-colosi-vagas.jpg?ssl=1\" alt=\"\" \/><\/a><\/p>\n<!-- \/wp:image -->\n<\/div>\n<p> <br \/>\n<\/p>\n<p>A<strong><a href=\"https:\/\/www.salesoliveira.sp.gov.br\/portal\"> Prefeitura de Sales Oliveira<\/a><\/strong>, no<strong> interior de S\u00e3o Paulo<\/strong>, publicou edital de <strong>concurso p\u00fablico<\/strong> com sal\u00e1rios que varia entre R$ 1.994,62 e R$ 13.297,45. Ao todo, s\u00e3o sete vagas para o cadastro de reserva e duas oportunidades para contrata\u00e7\u00e3o imediata.<\/p>\n<p>As inscri\u00e7\u00f5es devem ser realizadas no per\u00edodo entre 22 de julho e 5 de agosto pela internet (<a href=\"https:\/\/portal.imperioconcursos.com.br\/edital\/ver\/75\">clique aqui<\/a>). O valor da taxa de inscri\u00e7\u00e3o varia entre R$ 11,05 e R$ 14,45.<\/p>\n<h2 class=\"wp-block-heading\"><strong>Veja as vagas<\/strong><\/h2>\n<ul class=\"wp-block-list\">\n<li>agente administrativo<\/li>\n<\/ul>\n<ul class=\"wp-block-list\">\n<li>leiturista<\/li>\n<\/ul>\n<ul class=\"wp-block-list\">\n<li>m\u00e9dico ESF<\/li>\n<\/ul>\n<ul class=\"wp-block-list\">\n<li>m\u00e9dico Pediatra<\/li>\n<\/ul>\n<ul class=\"wp-block-list\">\n<li>motorista<\/li>\n<\/ul>\n<ul class=\"wp-block-list\">\n<li>operador de m\u00e1quinas<\/li>\n<\/ul>\n<ul class=\"wp-block-list\">\n<li>procurador jur\u00eddico<\/li>\n<\/ul>\n<ul class=\"wp-block-list\">\n<li>t\u00e9cnico eletricista<\/li>\n<\/ul>\n<ul class=\"wp-block-list\">\n<li>t\u00e9cnico em mec\u00e2nica<\/li>\n<\/ul>\n<p><a href=\"https:\/\/portal.imperioconcursos.com.br\/edital\/ver\/75\">Veja o edital completo aqui<\/a>.<\/p>\n<p>SAIBA MAIS<br \/>Nova frente vai passar pelo estado de SP; Veja quando e confira a previs\u00e3o<\/p>\n<h2 class=\"wp-block-heading\"><strong>FIQUE ON<\/strong><\/h2>\n<p>Fique ligado em tudo que acontece em Ribeir\u00e3o Preto e regi\u00e3o. Siga os perfis do<strong>&nbsp;acidade on<\/strong>&nbsp;no&nbsp;<a href=\"https:\/\/www.instagram.com\/acidadeonribeirao\">Instagram&nbsp;<\/a>e no&nbsp;<a href=\"https:\/\/www.facebook.com\/acidadeonribeirao\/\">Facebook<\/a>.<\/p>\n<p>Receba not\u00edcias do<strong>&nbsp;acidade on&nbsp;<\/strong>no WhatsApp.&nbsp;<a href=\"https:\/\/chat.whatsapp.com\/BjKQZ9oJwlz8VVT50NuePq\">Para entrar no grupo, basta clicar aqui.<\/a><\/p>\n<p>Fa\u00e7a uma den\u00fancia ou sugira uma reportagem sobre Ribeir\u00e3o Preto e regi\u00e3o pelo WhatsApp: 16 99117 7802.<\/p>\n<p>VEJA TAMB\u00c9M<\/p>\n<p>Onde ver os locais de provas do concurso da PF?<\/p>\n<p>O post Cidade no interior de SP abre concurso p\u00fablico com sal\u00e1rios de R$ 13 mil; Veja as vagas apareceu primeiro em ACidade ON Ribeir\u00e3o Preto.<\/p>\n<p><script async src=\"\/\/www.instagram.com\/embed.js\"><\/script><br \/>\n<br \/><br \/>\n<br \/><a href=\"https:\/\/www.acidadeon.com\/ribeiraopreto\/economia\/cidade-no-interior-de-sp-abre-concurso-publico-com-salarios-de-r-13-mil-veja-as-vagas\/\">Source link <\/a><\/p>\n<!-- CONTENT END 1 -->\n","protected":false},"excerpt":{"rendered":"<p>A Prefeitura de Sales Oliveira, no interior de S\u00e3o Paulo, publicou edital de concurso p\u00fablico com sal\u00e1rios que varia entre R$ 1.994,62 e R$ 13.297,45&#8230;.<\/p>\n","protected":false},"author":1,"featured_media":74367,"comment_status":"open","ping_status":"open","sticky":false,"template":"","format":"standard","meta":{"advanced_seo_description":"","jetpack_seo_html_title":"","jetpack_seo_noindex":false,"jetpack_post_was_ever_published":false,"_jetpack_newsletter_access":"","_jetpack_dont_email_post_to_subs":false,"_jetpack_newsletter_tier_id":0,"_jetpack_memberships_contains_paywalled_content":false,"_jetpack_memberships_contains_paid_content":false,"footnotes":"","jetpack_publicize_message":"","jetpack_publicize_feature_enabled":true,"jetpack_social_post_already_shared":true,"jetpack_social_options":{"image_generator_settings":{"template":"highway","default_image_id":0,"font":"","enabled":false},"version":2}},"categories":[11],"tags":[],"class_list":["post-74366","post","type-post","status-publish","format-standard","has-post-thumbnail","hentry","category-noticias-de-ribeirao-preto-sp-e-regiao-ismael-colosi"],"jetpack_publicize_connections":[],"jetpack_featured_media_url":"https:\/\/i0.wp.com\/noticiasribeiraopreto.com.br\/wp-content\/uploads\/2025\/07\/concurso_2025-01-07_18-14-44_jpg_2025-01-07_18-14-45.webp.webp?fit=1500%2C1000&ssl=1","jetpack-related-posts":[{"id":45782,"url":"https:\/\/noticiasribeiraopreto.com.br\/index.php\/2024\/04\/07\/veja-quatro-concursos-publicos-com-as-inscricoes-abertas-no-interior-de-sp\/","url_meta":{"origin":74366,"position":0},"title":"Veja quatro concursos p\u00fablicos com as inscri\u00e7\u00f5es abertas no interior de SP","author":"noticiasribeiraopreto.com.br","date":"7 de April de 2024","format":false,"excerpt":"Para quem est\u00e1 em busca de uma oportunidade de emprego no servi\u00e7o p\u00fablico, o acidade on Ribeir\u00e3o separou quatro concursos p\u00fablicos com as inscri\u00e7\u00f5es abertas no interior de S\u00e3o Paulo. S\u00e3o mais de 400 vagas e sal\u00e1rios de at\u00e9 R$ 8 mil. Prefeitura de Ribeir\u00e3o Preto A Prefeitura de Ribeir\u00e3o\u2026","rel":"","context":"In &quot;Not\u00edcias de Ribeir\u00e3o Preto-SP e Regi\u00e3o&quot;","block_context":{"text":"Not\u00edcias de Ribeir\u00e3o Preto-SP e Regi\u00e3o","link":"https:\/\/noticiasribeiraopreto.com.br\/index.php\/category\/noticias-de-ribeirao-preto-sp-e-regiao-ismael-colosi\/"},"img":{"alt_text":"","src":"https:\/\/i0.wp.com\/noticiasribeiraopreto.com.br\/wp-content\/uploads\/2024\/04\/prova-concurso-publico-2.jpg?fit=1200%2C801&ssl=1&resize=350%2C200","width":350,"height":200,"srcset":"https:\/\/i0.wp.com\/noticiasribeiraopreto.com.br\/wp-content\/uploads\/2024\/04\/prova-concurso-publico-2.jpg?fit=1200%2C801&ssl=1&resize=350%2C200 1x, https:\/\/i0.wp.com\/noticiasribeiraopreto.com.br\/wp-content\/uploads\/2024\/04\/prova-concurso-publico-2.jpg?fit=1200%2C801&ssl=1&resize=525%2C300 1.5x, https:\/\/i0.wp.com\/noticiasribeiraopreto.com.br\/wp-content\/uploads\/2024\/04\/prova-concurso-publico-2.jpg?fit=1200%2C801&ssl=1&resize=700%2C400 2x, https:\/\/i0.wp.com\/noticiasribeiraopreto.com.br\/wp-content\/uploads\/2024\/04\/prova-concurso-publico-2.jpg?fit=1200%2C801&ssl=1&resize=1050%2C600 3x"},"classes":[]},{"id":59060,"url":"https:\/\/noticiasribeiraopreto.com.br\/index.php\/2024\/10\/13\/veja-cinco-concursos-publicos-com-mais-de-110-vagas-no-interior-de-sp\/","url_meta":{"origin":74366,"position":1},"title":"Veja cinco concursos p\u00fablicos com mais de 110 vagas no interior de SP","author":"noticiasribeiraopreto.com.br","date":"13 de October de 2024","format":false,"excerpt":"Os interessados em concorrer a uma vaga em concurso p\u00fablico contam com mais de 110 oportunidades em cinco editais dispon\u00edveis no interior de S\u00e3o Paulo. As oportunidades s\u00e3o para cargos de n\u00edvel m\u00e9dio, t\u00e9cnico e superior. Os sal\u00e1rios variam entre R$ 2,1 mil e R$ 12,6 mil. Confira a lista\u2026","rel":"","context":"In &quot;Not\u00edcias de Ribeir\u00e3o Preto-SP e Regi\u00e3o&quot;","block_context":{"text":"Not\u00edcias de Ribeir\u00e3o Preto-SP e Regi\u00e3o","link":"https:\/\/noticiasribeiraopreto.com.br\/index.php\/category\/noticias-de-ribeirao-preto-sp-e-regiao-ismael-colosi\/"},"img":{"alt_text":"","src":"https:\/\/i0.wp.com\/noticiasribeiraopreto.com.br\/wp-content\/uploads\/2024\/09\/Copia-de-Copia-de-TAMANHO-EXATO-PARA-FOTOS-NO-SISTEMA-NOVO-22_2024-07-24_20-00-55_jpg_2024-07-24_20-00-55.webp.webp?fit=1200%2C675&ssl=1&resize=350%2C200","width":350,"height":200,"srcset":"https:\/\/i0.wp.com\/noticiasribeiraopreto.com.br\/wp-content\/uploads\/2024\/09\/Copia-de-Copia-de-TAMANHO-EXATO-PARA-FOTOS-NO-SISTEMA-NOVO-22_2024-07-24_20-00-55_jpg_2024-07-24_20-00-55.webp.webp?fit=1200%2C675&ssl=1&resize=350%2C200 1x, https:\/\/i0.wp.com\/noticiasribeiraopreto.com.br\/wp-content\/uploads\/2024\/09\/Copia-de-Copia-de-TAMANHO-EXATO-PARA-FOTOS-NO-SISTEMA-NOVO-22_2024-07-24_20-00-55_jpg_2024-07-24_20-00-55.webp.webp?fit=1200%2C675&ssl=1&resize=525%2C300 1.5x, https:\/\/i0.wp.com\/noticiasribeiraopreto.com.br\/wp-content\/uploads\/2024\/09\/Copia-de-Copia-de-TAMANHO-EXATO-PARA-FOTOS-NO-SISTEMA-NOVO-22_2024-07-24_20-00-55_jpg_2024-07-24_20-00-55.webp.webp?fit=1200%2C675&ssl=1&resize=700%2C400 2x, https:\/\/i0.wp.com\/noticiasribeiraopreto.com.br\/wp-content\/uploads\/2024\/09\/Copia-de-Copia-de-TAMANHO-EXATO-PARA-FOTOS-NO-SISTEMA-NOVO-22_2024-07-24_20-00-55_jpg_2024-07-24_20-00-55.webp.webp?fit=1200%2C675&ssl=1&resize=1050%2C600 3x"},"classes":[]},{"id":83661,"url":"https:\/\/noticiasribeiraopreto.com.br\/index.php\/2026\/03\/23\/prefeitura-no-interior-de-sp-tem-concurso-publico-com-salarios-de-ate-r-13-mil-veja-vagas\/","url_meta":{"origin":74366,"position":2},"title":"Prefeitura no interior de SP tem concurso p\u00fablico com sal\u00e1rios de at\u00e9 R$ 13 mil; Veja vagas","author":"noticiasribeiraopreto.com.br","date":"23 de March de 2026","format":false,"excerpt":"A Prefeitura de Pedregulho, no interior de S\u00e3o Paulo, abriu um novo edital de concurso p\u00fablico para contrata\u00e7\u00e3o de profissionais de n\u00edvel m\u00e9dico e superior. As oportunidades do concurso s\u00e3o para diferentes cargos, com sal\u00e1rios que variam de R$ 3.126,74 a R$ 13.776,67. Os contratados tamb\u00e9m recebem vale-alimenta\u00e7\u00e3o de R$\u2026","rel":"","context":"In &quot;Not\u00edcias de Ribeir\u00e3o Preto-SP e Regi\u00e3o&quot;","block_context":{"text":"Not\u00edcias de Ribeir\u00e3o Preto-SP e Regi\u00e3o","link":"https:\/\/noticiasribeiraopreto.com.br\/index.php\/category\/noticias-de-ribeirao-preto-sp-e-regiao-ismael-colosi\/"},"img":{"alt_text":"","src":"https:\/\/i0.wp.com\/noticiasribeiraopreto.com.br\/wp-content\/uploads\/2024\/06\/Copia-de-Copia-de-TAMANHO-EXATO-PARA-FOTOS-NO-SISTEMA-NOVO-2_2024-06-03_14-20-09_jpg_2024-06-03_14-20-09.webp.webp?fit=1200%2C675&ssl=1&resize=350%2C200","width":350,"height":200,"srcset":"https:\/\/i0.wp.com\/noticiasribeiraopreto.com.br\/wp-content\/uploads\/2024\/06\/Copia-de-Copia-de-TAMANHO-EXATO-PARA-FOTOS-NO-SISTEMA-NOVO-2_2024-06-03_14-20-09_jpg_2024-06-03_14-20-09.webp.webp?fit=1200%2C675&ssl=1&resize=350%2C200 1x, https:\/\/i0.wp.com\/noticiasribeiraopreto.com.br\/wp-content\/uploads\/2024\/06\/Copia-de-Copia-de-TAMANHO-EXATO-PARA-FOTOS-NO-SISTEMA-NOVO-2_2024-06-03_14-20-09_jpg_2024-06-03_14-20-09.webp.webp?fit=1200%2C675&ssl=1&resize=525%2C300 1.5x, https:\/\/i0.wp.com\/noticiasribeiraopreto.com.br\/wp-content\/uploads\/2024\/06\/Copia-de-Copia-de-TAMANHO-EXATO-PARA-FOTOS-NO-SISTEMA-NOVO-2_2024-06-03_14-20-09_jpg_2024-06-03_14-20-09.webp.webp?fit=1200%2C675&ssl=1&resize=700%2C400 2x, https:\/\/i0.wp.com\/noticiasribeiraopreto.com.br\/wp-content\/uploads\/2024\/06\/Copia-de-Copia-de-TAMANHO-EXATO-PARA-FOTOS-NO-SISTEMA-NOVO-2_2024-06-03_14-20-09_jpg_2024-06-03_14-20-09.webp.webp?fit=1200%2C675&ssl=1&resize=1050%2C600 3x"},"classes":[]},{"id":78463,"url":"https:\/\/noticiasribeiraopreto.com.br\/index.php\/2025\/10\/10\/cidade-no-interior-de-sp-tem-concurso-publico-com-salarios-de-ate-r-11-mil\/","url_meta":{"origin":74366,"position":3},"title":"Cidade no interior de SP tem concurso p\u00fablico com sal\u00e1rios de at\u00e9 R$ 11 mil","author":"noticiasribeiraopreto.com.br","date":"10 de October de 2025","format":false,"excerpt":"A Prefeitura de Altin\u00f3polis, cidade no interior de S\u00e3o Paulo, publicou edital de concurso p\u00fablico o cadastro de reserva. S\u00e3o oportunidades em diversas \u00e1reas de n\u00edvel fundamental, m\u00e9dio e superior com sal\u00e1rios entre R$ 1,5 mil e R$ 11,2 mil. As inscri\u00e7\u00f5es devem ser realizadas pela internet (clique aqui) at\u00e9\u2026","rel":"","context":"In &quot;Not\u00edcias de Ribeir\u00e3o Preto-SP e Regi\u00e3o&quot;","block_context":{"text":"Not\u00edcias de Ribeir\u00e3o Preto-SP e Regi\u00e3o","link":"https:\/\/noticiasribeiraopreto.com.br\/index.php\/category\/noticias-de-ribeirao-preto-sp-e-regiao-ismael-colosi\/"},"img":{"alt_text":"","src":"https:\/\/i0.wp.com\/noticiasribeiraopreto.com.br\/wp-content\/uploads\/2025\/10\/concurso_2025-10-10_18-32-50.webp.webp?fit=1200%2C963&ssl=1&resize=350%2C200","width":350,"height":200,"srcset":"https:\/\/i0.wp.com\/noticiasribeiraopreto.com.br\/wp-content\/uploads\/2025\/10\/concurso_2025-10-10_18-32-50.webp.webp?fit=1200%2C963&ssl=1&resize=350%2C200 1x, https:\/\/i0.wp.com\/noticiasribeiraopreto.com.br\/wp-content\/uploads\/2025\/10\/concurso_2025-10-10_18-32-50.webp.webp?fit=1200%2C963&ssl=1&resize=525%2C300 1.5x, https:\/\/i0.wp.com\/noticiasribeiraopreto.com.br\/wp-content\/uploads\/2025\/10\/concurso_2025-10-10_18-32-50.webp.webp?fit=1200%2C963&ssl=1&resize=700%2C400 2x, https:\/\/i0.wp.com\/noticiasribeiraopreto.com.br\/wp-content\/uploads\/2025\/10\/concurso_2025-10-10_18-32-50.webp.webp?fit=1200%2C963&ssl=1&resize=1050%2C600 3x"},"classes":[]},{"id":59076,"url":"https:\/\/noticiasribeiraopreto.com.br\/index.php\/2024\/10\/14\/prefeitura-no-interior-de-sp-abre-concurso-com-salarios-de-ate-r-12-mil\/","url_meta":{"origin":74366,"position":4},"title":"Prefeitura no interior de SP abre concurso com sal\u00e1rios de at\u00e9 R$ 12 mil","author":"noticiasribeiraopreto.com.br","date":"14 de October de 2024","format":false,"excerpt":"Est\u00e3o abertas as inscri\u00e7\u00f5es para o concurso p\u00fablico da Prefeitura de Sert\u00e3ozinho, cidade na regi\u00e3o de Ribeir\u00e3o Preto \u2013 veja as vagas abaixo. Ao todo, s\u00e3o 42 vagas de n\u00edvel fundamental, m\u00e9dio e superior, al\u00e9m do cadastro de reserva. Os sal\u00e1rios variam entre R$ 2,1 mil a R$ 12,6 mil.\u2026","rel":"","context":"In &quot;Not\u00edcias de Ribeir\u00e3o Preto-SP e Regi\u00e3o&quot;","block_context":{"text":"Not\u00edcias de Ribeir\u00e3o Preto-SP e Regi\u00e3o","link":"https:\/\/noticiasribeiraopreto.com.br\/index.php\/category\/noticias-de-ribeirao-preto-sp-e-regiao-ismael-colosi\/"},"img":{"alt_text":"","src":"https:\/\/i0.wp.com\/noticiasribeiraopreto.com.br\/wp-content\/uploads\/2024\/10\/concurso-publico-11.jpg?fit=1200%2C801&ssl=1&resize=350%2C200","width":350,"height":200,"srcset":"https:\/\/i0.wp.com\/noticiasribeiraopreto.com.br\/wp-content\/uploads\/2024\/10\/concurso-publico-11.jpg?fit=1200%2C801&ssl=1&resize=350%2C200 1x, https:\/\/i0.wp.com\/noticiasribeiraopreto.com.br\/wp-content\/uploads\/2024\/10\/concurso-publico-11.jpg?fit=1200%2C801&ssl=1&resize=525%2C300 1.5x, https:\/\/i0.wp.com\/noticiasribeiraopreto.com.br\/wp-content\/uploads\/2024\/10\/concurso-publico-11.jpg?fit=1200%2C801&ssl=1&resize=700%2C400 2x, https:\/\/i0.wp.com\/noticiasribeiraopreto.com.br\/wp-content\/uploads\/2024\/10\/concurso-publico-11.jpg?fit=1200%2C801&ssl=1&resize=1050%2C600 3x"},"classes":[]},{"id":1105,"url":"https:\/\/noticiasribeiraopreto.com.br\/index.php\/2023\/11\/10\/veja-cinco-concursos-publicos-no-interior-de-sp-com-salarios-de-ate-r-21-mil\/","url_meta":{"origin":74366,"position":5},"title":"Veja cinco concursos p\u00fablicos no interior de SP com sal\u00e1rios de at\u00e9 R$ 21 mil","author":"noticiasribeiraopreto.com.br","date":"10 de November de 2023","format":false,"excerpt":"Nesta semana, diversos concursos p\u00fablicos foram abertos no interior de S\u00e3o Paulo. O acidade on Ribeir\u00e3o separou cinco concursos com vagas de n\u00edvel fundamental, m\u00e9dio, t\u00e9cnico e superior e sal\u00e1rios de at\u00e9 R$ 21 mil. Veja os concursos p\u00fablicos: Prefeitura de Ribeir\u00e3o Preto A Prefeitura de Ribeir\u00e3o Preto publicou edital\u2026","rel":"","context":"In &quot;Not\u00edcias de Ribeir\u00e3o Preto-SP e Regi\u00e3o&quot;","block_context":{"text":"Not\u00edcias de Ribeir\u00e3o Preto-SP e Regi\u00e3o","link":"https:\/\/noticiasribeiraopreto.com.br\/index.php\/category\/noticias-de-ribeirao-preto-sp-e-regiao-ismael-colosi\/"},"img":{"alt_text":"","src":"https:\/\/i0.wp.com\/noticiasribeiraopreto.com.br\/wp-content\/uploads\/2023\/11\/concurso-publico-9.jpg?fit=1200%2C800&ssl=1&resize=350%2C200","width":350,"height":200,"srcset":"https:\/\/i0.wp.com\/noticiasribeiraopreto.com.br\/wp-content\/uploads\/2023\/11\/concurso-publico-9.jpg?fit=1200%2C800&ssl=1&resize=350%2C200 1x, https:\/\/i0.wp.com\/noticiasribeiraopreto.com.br\/wp-content\/uploads\/2023\/11\/concurso-publico-9.jpg?fit=1200%2C800&ssl=1&resize=525%2C300 1.5x, https:\/\/i0.wp.com\/noticiasribeiraopreto.com.br\/wp-content\/uploads\/2023\/11\/concurso-publico-9.jpg?fit=1200%2C800&ssl=1&resize=700%2C400 2x, https:\/\/i0.wp.com\/noticiasribeiraopreto.com.br\/wp-content\/uploads\/2023\/11\/concurso-publico-9.jpg?fit=1200%2C800&ssl=1&resize=1050%2C600 3x"},"classes":[]}],"jetpack_sharing_enabled":true,"jetpack_shortlink":"https:\/\/wp.me\/peQAOb-jls","_links":{"self":[{"href":"https:\/\/noticiasribeiraopreto.com.br\/index.php\/wp-json\/wp\/v2\/posts\/74366","targetHints":{"allow":["GET"]}}],"collection":[{"href":"https:\/\/noticiasribeiraopreto.com.br\/index.php\/wp-json\/wp\/v2\/posts"}],"about":[{"href":"https:\/\/noticiasribeiraopreto.com.br\/index.php\/wp-json\/wp\/v2\/types\/post"}],"author":[{"embeddable":true,"href":"https:\/\/noticiasribeiraopreto.com.br\/index.php\/wp-json\/wp\/v2\/users\/1"}],"replies":[{"embeddable":true,"href":"https:\/\/noticiasribeiraopreto.com.br\/index.php\/wp-json\/wp\/v2\/comments?post=74366"}],"version-history":[{"count":0,"href":"https:\/\/noticiasribeiraopreto.com.br\/index.php\/wp-json\/wp\/v2\/posts\/74366\/revisions"}],"wp:featuredmedia":[{"embeddable":true,"href":"https:\/\/noticiasribeiraopreto.com.br\/index.php\/wp-json\/wp\/v2\/media\/74367"}],"wp:attachment":[{"href":"https:\/\/noticiasribeiraopreto.com.br\/index.php\/wp-json\/wp\/v2\/media?parent=74366"}],"wp:term":[{"taxonomy":"category","embeddable":true,"href":"https:\/\/noticiasribeiraopreto.com.br\/index.php\/wp-json\/wp\/v2\/categories?post=74366"},{"taxonomy":"post_tag","embeddable":true,"href":"https:\/\/noticiasribeiraopreto.com.br\/index.php\/wp-json\/wp\/v2\/tags?post=74366"}],"curies":[{"name":"wp","href":"https:\/\/api.w.org\/{rel}","templated":true}]}}