{"id":74368,"date":"2025-07-21T15:13:21","date_gmt":"2025-07-21T18:13:21","guid":{"rendered":"https:\/\/noticiasribeiraopreto.com.br\/index.php\/2025\/07\/21\/e-necessario-botar-a-bola-no-chao-e-entender-o-contexto-geopolitico-afirma-tarcisio\/"},"modified":"2025-07-21T15:13:21","modified_gmt":"2025-07-21T18:13:21","slug":"e-necessario-botar-a-bola-no-chao-e-entender-o-contexto-geopolitico-afirma-tarcisio","status":"publish","type":"post","link":"https:\/\/noticiasribeiraopreto.com.br\/index.php\/2025\/07\/21\/e-necessario-botar-a-bola-no-chao-e-entender-o-contexto-geopolitico-afirma-tarcisio\/","title":{"rendered":"\u2018\u00c9 necess\u00e1rio botar a bola no ch\u00e3o e entender o contexto geopol\u00edtico\u2019, afirma Tarc\u00edsio"},"content":{"rendered":"<div class='code-block code-block-1' style='margin: 8px 0 8px auto; text-align: right; display: block; clear: both;'>\n<p><a href=\"https:\/\/wa.link\/vpicfd\"><img data-recalc-dims=\"1\" class=\"wp-image-4922\" style=\"aspect-ratio: 2.0253164556962027; width: 561px; height: auto;\" src=\"https:\/\/i0.wp.com\/ismaelcolosi.com.br\/wp-content\/uploads\/2023\/11\/grupo-de-empregos-whatsapp-e-facebook-ismael-colosi-vagas.jpg?ssl=1\" alt=\"\" \/><\/a><\/p>\n<!-- \/wp:image -->\n<\/div>\n<p> <br \/>\n<\/p>\n<div>\n<p>O governador de <strong>S\u00e3o Paulo<\/strong>,<strong> Tarc\u00edsio de Freitas (REP)<\/strong>, disse nesta segunda-feira (21) que o <strong>Brasil <\/strong>precisa \u201cbotar a bola no ch\u00e3o e entender o contexto geopol\u00edtico\u201d para negociar tarifas com os <strong>Estados Unidos<\/strong>. O governador participou da abertura da<strong> Feira de Agroneg\u00f3cios Coopercitrus Expo<\/strong>, em<strong> Bebedouro<\/strong>, na regi\u00e3o de <strong>Ribeir\u00e3o Preto<\/strong>.<\/p>\n<p>\u201cA gente \u00e9 absolutamente contra as tarifas. A gente entende que isso n\u00e3o ajuda. Isso \u00e9 ruim para os estados que tem uma produ\u00e7\u00e3o de alto valor agregado. \u00c9 ruim para S\u00e3o Paulo, \u00e9 ruim para o Brasil\u201d, disse o governador.<\/p>\n<h2 class=\"wp-block-heading\"><strong>Afastamento<\/strong><\/h2>\n<p>Tarc\u00edsio criticou o distanciamento do Brasil com os Estados Unidos, apontado por ele como principal parceiro comercial do Pa\u00eds.<\/p>\n<p>\u201cDe certa forma, o Brasil que sempre teve uma posi\u00e7\u00e3o inteligente perante determinados blocos, est\u00e1 se afastando dessa posi\u00e7\u00e3o. A gente est\u00e1 buscando alinhamento com determinado bloco, que n\u00e3o deveria acontecer\u201d, declarou.<\/p>\n<p>\u201cA gente tem que buscar o di\u00e1logo, tem que buscar a pacifica\u00e7\u00e3o. \u00c9 necess\u00e1rio botar a bola no ch\u00e3o e entender o contexto geopol\u00edtico para buscar a melhor negocia\u00e7\u00e3o. \u00c9 uma negocia\u00e7\u00e3o que nos alivia esse \u00f4nus, que vai ser insuport\u00e1vel para determinados setores\u201d, completa.<\/p>\n<h2 class=\"wp-block-heading\"><strong>Coopercitrus Expo<\/strong><\/h2>\n<p>A<strong> Coopercitrus Expo 2025<\/strong> come\u00e7ou nesta segunda-feira e segue at\u00e9 sexta-feira (25), em Bebedouro. A <mark style=\"background-color:#fcb900\" class=\"has-inline-color has-black-color\">estimativa que o evento movimente mais de R$ 2 bilh\u00f5es em neg\u00f3cios ao longo dos cinco dias de feira<\/mark>.<\/p>\n<p>\u201cN\u00f3s temos um bra\u00e7o financeiro, uma plataforma, que conecta as oportunidades dos bancos, das cooperativas de cr\u00e9dito, com o produtor com taxas mais atrativas. Isso leva uma perspectiva de crescimento com rela\u00e7\u00e3o ao ano passado\u201d, disse Fernando Degobbi, CEO da Coopercitrus.<\/p>\n<p>SAIBA MAIS<br \/>Nova frente vai passar pelo estado de SP; Veja quando e confira a previs\u00e3o<\/p>\n<h2 class=\"wp-block-heading\"><strong>FIQUE ON<\/strong><\/h2>\n<p>Fique ligado em tudo que acontece em Ribeir\u00e3o Preto e regi\u00e3o. Siga os perfis do<strong>\u00a0acidade on<\/strong>\u00a0no\u00a0<a href=\"https:\/\/www.instagram.com\/acidadeonribeirao\">Instagram\u00a0<\/a>e no\u00a0<a href=\"https:\/\/www.facebook.com\/acidadeonribeirao\/\">Facebook<\/a>.<\/p>\n<p>Receba not\u00edcias do<strong>\u00a0acidade on\u00a0<\/strong>no WhatsApp.\u00a0<a href=\"https:\/\/chat.whatsapp.com\/BjKQZ9oJwlz8VVT50NuePq\">Para entrar no grupo, basta clicar aqui.<\/a><\/p>\n<p>Fa\u00e7a uma den\u00fancia ou sugira uma reportagem sobre Ribeir\u00e3o Preto e regi\u00e3o pelo WhatsApp: 16 99117 7802.<\/p>\n<p>VEJA TAMB\u00c9M<\/p>\n<p>Onde ver os locais de provas do concurso da PF?<\/p>\n<p><!-- AI CONTENT END 1 -->\n<\/div>\n<p><script async src=\"\/\/www.instagram.com\/embed.js\"><\/script><br \/>\n<br \/><br \/>\n<br \/><a href=\"https:\/\/www.acidadeon.com\/ribeiraopreto\/politica\/e-necessario-botar-a-bola-no-chao-e-entender-o-contexto-geopolitico-afirma-tarcisio\/\">Source link <\/a><\/p>\n<!-- CONTENT END 1 -->\n","protected":false},"excerpt":{"rendered":"<p>O governador de S\u00e3o Paulo, Tarc\u00edsio de Freitas (REP), disse nesta segunda-feira (21) que o Brasil precisa \u201cbotar a bola no ch\u00e3o e entender o&#8230;<\/p>\n","protected":false},"author":1,"featured_media":74369,"comment_status":"open","ping_status":"open","sticky":false,"template":"","format":"standard","meta":{"advanced_seo_description":"","jetpack_seo_html_title":"","jetpack_seo_noindex":false,"jetpack_post_was_ever_published":false,"_jetpack_newsletter_access":"","_jetpack_dont_email_post_to_subs":false,"_jetpack_newsletter_tier_id":0,"_jetpack_memberships_contains_paywalled_content":false,"_jetpack_memberships_contains_paid_content":false,"footnotes":"","jetpack_publicize_message":"","jetpack_publicize_feature_enabled":true,"jetpack_social_post_already_shared":true,"jetpack_social_options":{"image_generator_settings":{"template":"highway","default_image_id":0,"font":"","enabled":false},"version":2}},"categories":[11],"tags":[],"class_list":["post-74368","post","type-post","status-publish","format-standard","has-post-thumbnail","hentry","category-noticias-de-ribeirao-preto-sp-e-regiao-ismael-colosi"],"jetpack_publicize_connections":[],"jetpack_featured_media_url":"https:\/\/i0.wp.com\/noticiasribeiraopreto.com.br\/wp-content\/uploads\/2025\/07\/tarcisio-de-freitas-coopercitrus_2025-07-21_15-59-14.webp.webp?fit=1200%2C743&ssl=1","jetpack-related-posts":[{"id":84773,"url":"https:\/\/noticiasribeiraopreto.com.br\/index.php\/2026\/04\/15\/entenda-o-que-tarcisio-de-freitas-veio-fazer-em-ribeirao-preto\/","url_meta":{"origin":74368,"position":0},"title":"Entenda o que Tarc\u00edsio de Freitas veio fazer em Ribeir\u00e3o Preto","author":"noticiasribeiraopreto.com.br","date":"15 de April de 2026","format":false,"excerpt":"Ler o resumo da not\u00edcia Governador de S\u00e3o Paulo, Tarc\u00edsio de Freitas (REP), participou da abertura do Cana Summit 2026 em Ribeir\u00e3o Preto nesta quarta-feira (15). O evento no Taiwan Centro de Eventos contou com a presen\u00e7a do gobernador do Mato Grosso do Sul, Eduardo Riedel (PP). Em discurso, Tarc\u00edsio\u2026","rel":"","context":"In &quot;Not\u00edcias de Ribeir\u00e3o Preto-SP e Regi\u00e3o&quot;","block_context":{"text":"Not\u00edcias de Ribeir\u00e3o Preto-SP e Regi\u00e3o","link":"https:\/\/noticiasribeiraopreto.com.br\/index.php\/category\/noticias-de-ribeirao-preto-sp-e-regiao-ismael-colosi\/"},"img":{"alt_text":"","src":"https:\/\/i0.wp.com\/noticiasribeiraopreto.com.br\/wp-content\/uploads\/2026\/04\/tarcisio-riddel_2026-04-15_18-18-19-e1776277132165.webp.webp?fit=1200%2C876&ssl=1&resize=350%2C200","width":350,"height":200,"srcset":"https:\/\/i0.wp.com\/noticiasribeiraopreto.com.br\/wp-content\/uploads\/2026\/04\/tarcisio-riddel_2026-04-15_18-18-19-e1776277132165.webp.webp?fit=1200%2C876&ssl=1&resize=350%2C200 1x, https:\/\/i0.wp.com\/noticiasribeiraopreto.com.br\/wp-content\/uploads\/2026\/04\/tarcisio-riddel_2026-04-15_18-18-19-e1776277132165.webp.webp?fit=1200%2C876&ssl=1&resize=525%2C300 1.5x, https:\/\/i0.wp.com\/noticiasribeiraopreto.com.br\/wp-content\/uploads\/2026\/04\/tarcisio-riddel_2026-04-15_18-18-19-e1776277132165.webp.webp?fit=1200%2C876&ssl=1&resize=700%2C400 2x, https:\/\/i0.wp.com\/noticiasribeiraopreto.com.br\/wp-content\/uploads\/2026\/04\/tarcisio-riddel_2026-04-15_18-18-19-e1776277132165.webp.webp?fit=1200%2C876&ssl=1&resize=1050%2C600 3x"},"classes":[]},{"id":74399,"url":"https:\/\/noticiasribeiraopreto.com.br\/index.php\/2025\/07\/22\/psol-protocola-pedido-de-impeachment-de-tarcisio\/","url_meta":{"origin":74368,"position":1},"title":"PSOL protocola pedido de impeachment de Tarc\u00edsio","author":"noticiasribeiraopreto.com.br","date":"22 de July de 2025","format":false,"excerpt":"22 de julho de 2025 09:0021 de julho de 2025 19:537 Compartilhar0 A bancada do PSOL na Assembleia Legislativa de S\u00e3o Paulo (Alesp) protocolou nesta segunda-feira, 21 de julho, pedido de impeachment contra o governador de S\u00e3o Paulo, Tarc\u00edsio de Freitas (Republicanos). Segundo os deputados do partido, o chefe do\u2026","rel":"","context":"In &quot;Not\u00edcias de Ribeir\u00e3o Preto-SP e Regi\u00e3o&quot;","block_context":{"text":"Not\u00edcias de Ribeir\u00e3o Preto-SP e Regi\u00e3o","link":"https:\/\/noticiasribeiraopreto.com.br\/index.php\/category\/noticias-de-ribeirao-preto-sp-e-regiao-ismael-colosi\/"},"img":{"alt_text":"","src":"https:\/\/i0.wp.com\/noticiasribeiraopreto.com.br\/wp-content\/uploads\/2025\/07\/Tarcisio-Marcello-Casal-Jr.-Ag.Br_.jpg?fit=1167%2C696&ssl=1&resize=350%2C200","width":350,"height":200,"srcset":"https:\/\/i0.wp.com\/noticiasribeiraopreto.com.br\/wp-content\/uploads\/2025\/07\/Tarcisio-Marcello-Casal-Jr.-Ag.Br_.jpg?fit=1167%2C696&ssl=1&resize=350%2C200 1x, https:\/\/i0.wp.com\/noticiasribeiraopreto.com.br\/wp-content\/uploads\/2025\/07\/Tarcisio-Marcello-Casal-Jr.-Ag.Br_.jpg?fit=1167%2C696&ssl=1&resize=525%2C300 1.5x, https:\/\/i0.wp.com\/noticiasribeiraopreto.com.br\/wp-content\/uploads\/2025\/07\/Tarcisio-Marcello-Casal-Jr.-Ag.Br_.jpg?fit=1167%2C696&ssl=1&resize=700%2C400 2x, https:\/\/i0.wp.com\/noticiasribeiraopreto.com.br\/wp-content\/uploads\/2025\/07\/Tarcisio-Marcello-Casal-Jr.-Ag.Br_.jpg?fit=1167%2C696&ssl=1&resize=1050%2C600 3x"},"classes":[]},{"id":56450,"url":"https:\/\/noticiasribeiraopreto.com.br\/index.php\/2024\/08\/13\/tarcisio-visita-a-fenasucro-e-diz-que-sp-tem-tudo-que-o-mercado-precisa-para-a-transicao-energetica\/","url_meta":{"origin":74368,"position":2},"title":"Tarc\u00edsio visita a Fenasucro e diz que &#8216;SP tem tudo que o mercado precisa para a transi\u00e7\u00e3o energ\u00e9tica&#8217;","author":"noticiasribeiraopreto.com.br","date":"13 de August de 2024","format":false,"excerpt":"O governador de S\u00e3o Paulo, Tarc\u00edsio de Freitas (REP), participou da abertura da Fenasucro & Agrocana em Sert\u00e3ozinho, cidade na regi\u00e3o de Ribeir\u00e3o Preto, nesta ter\u00e7a-feira (13), e afirmou que o Brasil tem chances de liderar o processo de transi\u00e7\u00e3o energ\u00e9tica. \u00a0N\u00f3s temos todos os caminhos, todas as portas abertas,\u2026","rel":"","context":"In &quot;Not\u00edcias de Ribeir\u00e3o Preto-SP e Regi\u00e3o&quot;","block_context":{"text":"Not\u00edcias de Ribeir\u00e3o Preto-SP e Regi\u00e3o","link":"https:\/\/noticiasribeiraopreto.com.br\/index.php\/category\/noticias-de-ribeirao-preto-sp-e-regiao-ismael-colosi\/"},"img":{"alt_text":"","src":"https:\/\/i0.wp.com\/noticiasribeiraopreto.com.br\/wp-content\/uploads\/2024\/08\/53921457048_470faff5e4_o_2024-08-13_23-38-29_jpg_2024-08-13_23-38-32-scaled.webp.webp?fit=1200%2C852&ssl=1&resize=350%2C200","width":350,"height":200,"srcset":"https:\/\/i0.wp.com\/noticiasribeiraopreto.com.br\/wp-content\/uploads\/2024\/08\/53921457048_470faff5e4_o_2024-08-13_23-38-29_jpg_2024-08-13_23-38-32-scaled.webp.webp?fit=1200%2C852&ssl=1&resize=350%2C200 1x, https:\/\/i0.wp.com\/noticiasribeiraopreto.com.br\/wp-content\/uploads\/2024\/08\/53921457048_470faff5e4_o_2024-08-13_23-38-29_jpg_2024-08-13_23-38-32-scaled.webp.webp?fit=1200%2C852&ssl=1&resize=525%2C300 1.5x, https:\/\/i0.wp.com\/noticiasribeiraopreto.com.br\/wp-content\/uploads\/2024\/08\/53921457048_470faff5e4_o_2024-08-13_23-38-29_jpg_2024-08-13_23-38-32-scaled.webp.webp?fit=1200%2C852&ssl=1&resize=700%2C400 2x, https:\/\/i0.wp.com\/noticiasribeiraopreto.com.br\/wp-content\/uploads\/2024\/08\/53921457048_470faff5e4_o_2024-08-13_23-38-29_jpg_2024-08-13_23-38-32-scaled.webp.webp?fit=1200%2C852&ssl=1&resize=1050%2C600 3x"},"classes":[]},{"id":34618,"url":"https:\/\/noticiasribeiraopreto.com.br\/index.php\/2024\/02\/02\/lula-e-tarcisio-prometem-quase-r-6-bilhoes-para-obras-de-tunel-entre-santos-e-guaruja\/","url_meta":{"origin":74368,"position":3},"title":"Lula e Tarc\u00edsio prometem quase R$ 6 bilh\u00f5es para obras de t\u00fanel entre Santos e Guaruj\u00e1\u00a0","author":"noticiasribeiraopreto.com.br","date":"2 de February de 2024","format":false,"excerpt":"O t\u00fanel Santos-Guaruj\u00e1 parece pr\u00f3ximo de perder o status de lenda urbana. O presidente Luiz In\u00e1cio Lula da Silva anunciou nesta sexta-feira (2) uma parceria com o governo de S\u00e3o Paulo para obras da t\u00e3o aguardada conex\u00e3o imersa entre os munic\u00edpios de Santos e Guaruj\u00e1, no litoral paulista.\u00a0 O empreendimento\u2026","rel":"","context":"In &quot;Dinheiro e Investimento&quot;","block_context":{"text":"Dinheiro e Investimento","link":"https:\/\/noticiasribeiraopreto.com.br\/index.php\/category\/dinheiro-e-investimento-como-fazer-como-ganhar\/"},"img":{"alt_text":"","src":"https:\/\/i0.wp.com\/noticiasribeiraopreto.com.br\/wp-content\/uploads\/2024\/02\/Lula-e-Tarcisio-Foto-Ricardo-Stuckert-PR-715x402.jpg?fit=715%2C402&ssl=1&resize=350%2C200","width":350,"height":200,"srcset":"https:\/\/i0.wp.com\/noticiasribeiraopreto.com.br\/wp-content\/uploads\/2024\/02\/Lula-e-Tarcisio-Foto-Ricardo-Stuckert-PR-715x402.jpg?fit=715%2C402&ssl=1&resize=350%2C200 1x, https:\/\/i0.wp.com\/noticiasribeiraopreto.com.br\/wp-content\/uploads\/2024\/02\/Lula-e-Tarcisio-Foto-Ricardo-Stuckert-PR-715x402.jpg?fit=715%2C402&ssl=1&resize=525%2C300 1.5x, https:\/\/i0.wp.com\/noticiasribeiraopreto.com.br\/wp-content\/uploads\/2024\/02\/Lula-e-Tarcisio-Foto-Ricardo-Stuckert-PR-715x402.jpg?fit=715%2C402&ssl=1&resize=700%2C400 2x"},"classes":[]},{"id":68864,"url":"https:\/\/noticiasribeiraopreto.com.br\/index.php\/2025\/04\/29\/na-agrishow-tarcisio-reafirma-que-em-sp-nao-havera-mais-carnaval-vermelho\/","url_meta":{"origin":74368,"position":4},"title":"Na Agrishow, Tarc\u00edsio reafirma que em SP &#8216;n\u00e3o haver\u00e1 mais Carnaval Vermelho&#8217;","author":"noticiasribeiraopreto.com.br","date":"29 de April de 2025","format":false,"excerpt":"O governador Tarc\u00edsio de Freitas (Republicanos) esteve em Ribeir\u00e3o Preto nesta ter\u00e7a-feira (29), para participar da 30\u00aa edi\u00e7\u00e3o da Agrishow, que acontece at\u00e9 o dia 2 de maio no munic\u00edpio. >>>FIQUE POR DENTRO: Agrishow apresenta tecnologia de IA para efici\u00eancia na agricultura Durante sua passagem pelo evento, considerado o maior\u2026","rel":"","context":"In &quot;Not\u00edcias de Ribeir\u00e3o Preto-SP e Regi\u00e3o&quot;","block_context":{"text":"Not\u00edcias de Ribeir\u00e3o Preto-SP e Regi\u00e3o","link":"https:\/\/noticiasribeiraopreto.com.br\/index.php\/category\/noticias-de-ribeirao-preto-sp-e-regiao-ismael-colosi\/"},"img":{"alt_text":"","src":"https:\/\/i0.wp.com\/noticiasribeiraopreto.com.br\/wp-content\/uploads\/2025\/04\/54485224546_582bddc753_o_2025-04-29_21-59-46.webp.webp?fit=1200%2C1047&ssl=1&resize=350%2C200","width":350,"height":200,"srcset":"https:\/\/i0.wp.com\/noticiasribeiraopreto.com.br\/wp-content\/uploads\/2025\/04\/54485224546_582bddc753_o_2025-04-29_21-59-46.webp.webp?fit=1200%2C1047&ssl=1&resize=350%2C200 1x, https:\/\/i0.wp.com\/noticiasribeiraopreto.com.br\/wp-content\/uploads\/2025\/04\/54485224546_582bddc753_o_2025-04-29_21-59-46.webp.webp?fit=1200%2C1047&ssl=1&resize=525%2C300 1.5x, https:\/\/i0.wp.com\/noticiasribeiraopreto.com.br\/wp-content\/uploads\/2025\/04\/54485224546_582bddc753_o_2025-04-29_21-59-46.webp.webp?fit=1200%2C1047&ssl=1&resize=700%2C400 2x, https:\/\/i0.wp.com\/noticiasribeiraopreto.com.br\/wp-content\/uploads\/2025\/04\/54485224546_582bddc753_o_2025-04-29_21-59-46.webp.webp?fit=1200%2C1047&ssl=1&resize=1050%2C600 3x"},"classes":[]},{"id":63302,"url":"https:\/\/noticiasribeiraopreto.com.br\/index.php\/2025\/02\/09\/governador-tarcisio-de-freitas-inicia-obras-do-novo-hc-ue-de-ribeirao-preto\/","url_meta":{"origin":74368,"position":5},"title":"Governador Tarc\u00edsio de Freitas inicia obras do novo HC-UE de Ribeir\u00e3o Preto","author":"noticiasribeiraopreto.com.br","date":"9 de February de 2025","format":false,"excerpt":"O governador de S\u00e3o Paulo, Tarc\u00edsio de Freitas (Republicanos), esteve em Ribeir\u00e3o Preto neste s\u00e1bado (8) e anunciou o in\u00edcio das obras da nova unidade de urg\u00eancia e emerg\u00eancia do Hospital das Cl\u00ednicas do munic\u00edpio. Com um investimento total de R$ 526,3 milh\u00f5es, a estrutura ocupar\u00e1 uma \u00e1rea de 57.825\u2026","rel":"","context":"In &quot;Not\u00edcias de Ribeir\u00e3o Preto-SP e Regi\u00e3o&quot;","block_context":{"text":"Not\u00edcias de Ribeir\u00e3o Preto-SP e Regi\u00e3o","link":"https:\/\/noticiasribeiraopreto.com.br\/index.php\/category\/noticias-de-ribeirao-preto-sp-e-regiao-ismael-colosi\/"},"img":{"alt_text":"","src":"https:\/\/i0.wp.com\/noticiasribeiraopreto.com.br\/wp-content\/uploads\/2025\/02\/54315270519_f8ac8e8441_o_2025-02-09_14-50-19_jpg_2025-02-09_14-50-23-scaled.webp.webp?fit=1200%2C800&ssl=1&resize=350%2C200","width":350,"height":200,"srcset":"https:\/\/i0.wp.com\/noticiasribeiraopreto.com.br\/wp-content\/uploads\/2025\/02\/54315270519_f8ac8e8441_o_2025-02-09_14-50-19_jpg_2025-02-09_14-50-23-scaled.webp.webp?fit=1200%2C800&ssl=1&resize=350%2C200 1x, https:\/\/i0.wp.com\/noticiasribeiraopreto.com.br\/wp-content\/uploads\/2025\/02\/54315270519_f8ac8e8441_o_2025-02-09_14-50-19_jpg_2025-02-09_14-50-23-scaled.webp.webp?fit=1200%2C800&ssl=1&resize=525%2C300 1.5x, https:\/\/i0.wp.com\/noticiasribeiraopreto.com.br\/wp-content\/uploads\/2025\/02\/54315270519_f8ac8e8441_o_2025-02-09_14-50-19_jpg_2025-02-09_14-50-23-scaled.webp.webp?fit=1200%2C800&ssl=1&resize=700%2C400 2x, https:\/\/i0.wp.com\/noticiasribeiraopreto.com.br\/wp-content\/uploads\/2025\/02\/54315270519_f8ac8e8441_o_2025-02-09_14-50-19_jpg_2025-02-09_14-50-23-scaled.webp.webp?fit=1200%2C800&ssl=1&resize=1050%2C600 3x"},"classes":[]}],"jetpack_sharing_enabled":true,"jetpack_shortlink":"https:\/\/wp.me\/peQAOb-jlu","_links":{"self":[{"href":"https:\/\/noticiasribeiraopreto.com.br\/index.php\/wp-json\/wp\/v2\/posts\/74368","targetHints":{"allow":["GET"]}}],"collection":[{"href":"https:\/\/noticiasribeiraopreto.com.br\/index.php\/wp-json\/wp\/v2\/posts"}],"about":[{"href":"https:\/\/noticiasribeiraopreto.com.br\/index.php\/wp-json\/wp\/v2\/types\/post"}],"author":[{"embeddable":true,"href":"https:\/\/noticiasribeiraopreto.com.br\/index.php\/wp-json\/wp\/v2\/users\/1"}],"replies":[{"embeddable":true,"href":"https:\/\/noticiasribeiraopreto.com.br\/index.php\/wp-json\/wp\/v2\/comments?post=74368"}],"version-history":[{"count":0,"href":"https:\/\/noticiasribeiraopreto.com.br\/index.php\/wp-json\/wp\/v2\/posts\/74368\/revisions"}],"wp:featuredmedia":[{"embeddable":true,"href":"https:\/\/noticiasribeiraopreto.com.br\/index.php\/wp-json\/wp\/v2\/media\/74369"}],"wp:attachment":[{"href":"https:\/\/noticiasribeiraopreto.com.br\/index.php\/wp-json\/wp\/v2\/media?parent=74368"}],"wp:term":[{"taxonomy":"category","embeddable":true,"href":"https:\/\/noticiasribeiraopreto.com.br\/index.php\/wp-json\/wp\/v2\/categories?post=74368"},{"taxonomy":"post_tag","embeddable":true,"href":"https:\/\/noticiasribeiraopreto.com.br\/index.php\/wp-json\/wp\/v2\/tags?post=74368"}],"curies":[{"name":"wp","href":"https:\/\/api.w.org\/{rel}","templated":true}]}}