{"id":74378,"date":"2025-07-21T18:00:44","date_gmt":"2025-07-21T21:00:44","guid":{"rendered":"https:\/\/noticiasribeiraopreto.com.br\/index.php\/2025\/07\/21\/inss-quem-aderir-ao-ressarcimento-ate-hoje-pode-receber-ainda-nesta-semana\/"},"modified":"2025-07-21T18:00:44","modified_gmt":"2025-07-21T21:00:44","slug":"inss-quem-aderir-ao-ressarcimento-ate-hoje-pode-receber-ainda-nesta-semana","status":"publish","type":"post","link":"https:\/\/noticiasribeiraopreto.com.br\/index.php\/2025\/07\/21\/inss-quem-aderir-ao-ressarcimento-ate-hoje-pode-receber-ainda-nesta-semana\/","title":{"rendered":"INSS: quem aderir ao ressarcimento at\u00e9 hoje pode receber ainda nesta semana"},"content":{"rendered":"<div class='code-block code-block-1' style='margin: 8px 0 8px auto; text-align: right; display: block; clear: both;'>\n<p><a href=\"https:\/\/wa.link\/vpicfd\"><img data-recalc-dims=\"1\" class=\"wp-image-4922\" style=\"aspect-ratio: 2.0253164556962027; width: 561px; height: auto;\" src=\"https:\/\/i0.wp.com\/ismaelcolosi.com.br\/wp-content\/uploads\/2023\/11\/grupo-de-empregos-whatsapp-e-facebook-ismael-colosi-vagas.jpg?ssl=1\" alt=\"\" \/><\/a><\/p>\n<!-- \/wp:image -->\n<\/div>\n<p> <br \/>\n<\/p>\n<div data-td-block-uid=\"tdi_95\">\n<div class=\"tdb-block-inner td-fix-index\">\n<p><strong>Aposentados e pensionistas que sofreram descontos indevidos por causa de fraudes<\/strong> relacionadas ao <a href=\"https:\/\/meu.inss.gov.br\/#\/login\">Instituto Nacional do Seguro Social (INSS)<\/a> <strong>t\u00eam at\u00e9 esta segunda-feira (21)<\/strong> p<strong>ara aderir ao acordo de ressarcimento.<\/strong> Quem aceitar os termos at\u00e9 o fim do dia pode receber os valores de volta ainda nesta semana.<\/p>\n<p><strong>O governo federal anunciou que o primeiro lote de pagamentos come\u00e7ar\u00e1 na quinta-feira, 24 de julho. <\/strong>O plano de devolu\u00e7\u00e3o dos valores est\u00e1 dispon\u00edvel para segurados que contestaram os descontos e n\u00e3o receberam resposta das associa\u00e7\u00f5es envolvidas no caso.<\/p>\n<p><strong>A ades\u00e3o deve ser feita de forma gratuita e diretamente pelo aplicativo Meu INSS<\/strong>. N\u00e3o h\u00e1 necessidade de enviar documentos adicionais. Ap\u00f3s a confirma\u00e7\u00e3o, o <strong>dep\u00f3sito ser\u00e1 feito na mesma conta onde o benefici\u00e1rio recebe mensalmente a aposentadoria ou pens\u00e3o.<\/strong><\/p>\n<h3 class=\"wp-block-heading\"><strong>Como aderir ao acordo pelo aplicativo Meu INSS?<\/strong><\/h3>\n<ul class=\"wp-block-list\">\n<li>Acesse o app Meu INSS com CPF e senha;<\/li>\n<li>V\u00e1 em \u201cConsultar Pedidos\u201d e clique em \u201cCumprir Exig\u00eancia\u201d (caso existam pedidos pendentes);<\/li>\n<li>Leia o coment\u00e1rio final da solicita\u00e7\u00e3o;<\/li>\n<li>No campo \u201cAceito receber\u201d, selecione \u201cSim\u201d;<\/li>\n<li>Clique em \u201cEnviar\u201d e aguarde o dep\u00f3sito.<\/li>\n<\/ul>\n<h3 class=\"wp-block-heading\"><strong>Outras situa\u00e7\u00f5es<\/strong><\/h3>\n<p>Para <strong>aposentados <\/strong>e <strong>pensionistas <\/strong>que ainda negociam diretamente com as associa\u00e7\u00f5es, o <strong>INSS informou que esses casos est\u00e3o em an\u00e1lise individual<\/strong>. Al\u00e9m disso, o Instituto aplicar\u00e1 a chamada \u201ccontesta\u00e7\u00e3o de of\u00edcio\u201d para grupos em situa\u00e7\u00e3o espec\u00edfica, mesmo que n\u00e3o tenham feito solicita\u00e7\u00e3o formal de reembolso.<\/p>\n<p><strong>Essa medida contempla:<\/strong><\/p>\n<ul class=\"wp-block-list\">\n<li>Idosos com 80 anos ou mais que tiveram descontos iniciados ap\u00f3s mar\u00e7o de 2024;<\/li>\n<li>Ind\u00edgenas;<\/li>\n<li>Quilombolas.<\/li>\n<\/ul>\n<p><strong>A expectativa do governo \u00e9 beneficiar 209 mil pessoas idosas, 17 mil ind\u00edgenas e 38 mil quilombolas.<\/strong><\/p>\n<hr class=\"wp-block-separator has-alpha-channel-opacity\"\/>\n<p>SAIBA MAIS<\/p>\n<p>Passeio cultural gratuito transforma cemit\u00e9rio em museu a c\u00e9u aberto em Ribeir\u00e3o Preto<\/p>\n<h2 class=\"wp-block-heading\"><strong>FIQUE ON<\/strong><\/h2>\n<p>Quer ficar por dentro de tudo que acontece em Ribeir\u00e3o Preto e regi\u00e3o? Ent\u00e3o siga os perfis do\u202facidade on\u202fno\u202f<a href=\"https:\/\/www.instagram.com\/acidadeonribeirao\" target=\"_blank\" rel=\"noreferrer noopener\">Instagram<\/a>\u202fe no\u202f<a href=\"https:\/\/www.facebook.com\/acidadeonribeirao\/\" target=\"_blank\" rel=\"noreferrer noopener\">Facebook<\/a>.<\/p>\n<p>Al\u00e9m disso, voc\u00ea pode receber as principais not\u00edcias diretamente no WhatsApp. Para isso, basta\u00a0<a href=\"https:\/\/chat.whatsapp.com\/BjKQZ9oJwlz8VVT50NuePq\" target=\"_blank\" rel=\"noreferrer noopener\">entrar no grupo clicando aqui<\/a>. <mark style=\"background-color:#ffffff\" class=\"has-inline-color has-white-color\">, contudo<\/mark><\/p>\n<p>Por fim, se quiser fazer uma den\u00fancia ou sugerir uma reportagem sobre Ribeir\u00e3o Preto e regi\u00e3o, envie uma mensagem pelo WhatsApp: (16) 99117-7802.<mark style=\"background-color:#ffffff\" class=\"has-inline-color has-white-color\"> , contudo<\/mark><\/p>\n<p>VEJA TAMB\u00c9M<\/p>\n<p>Onde ver os locais de provas do concurso da PF?<\/p>\n<p><!-- AI CONTENT END 1 -->\n<\/div>\n<\/div>\n<p><script async src=\"\/\/www.instagram.com\/embed.js\"><\/script><br \/>\n<br \/><br \/>\n<br \/><a href=\"https:\/\/www.acidadeon.com\/ribeiraopreto\/economia\/inss-quem-aderir-ao-ressarcimento-ate-hoje-pode-receber-ainda-nesta-semana\/\">Source link <\/a><\/p>\n<!-- CONTENT END 1 -->\n","protected":false},"excerpt":{"rendered":"<p>Aposentados e pensionistas que sofreram descontos indevidos por causa de fraudes relacionadas ao Instituto Nacional do Seguro Social (INSS) t\u00eam at\u00e9 esta segunda-feira (21) para&#8230;<\/p>\n","protected":false},"author":1,"featured_media":74379,"comment_status":"open","ping_status":"open","sticky":false,"template":"","format":"standard","meta":{"advanced_seo_description":"","jetpack_seo_html_title":"","jetpack_seo_noindex":false,"jetpack_post_was_ever_published":false,"_jetpack_newsletter_access":"","_jetpack_dont_email_post_to_subs":false,"_jetpack_newsletter_tier_id":0,"_jetpack_memberships_contains_paywalled_content":false,"_jetpack_memberships_contains_paid_content":false,"footnotes":"","jetpack_publicize_message":"","jetpack_publicize_feature_enabled":true,"jetpack_social_post_already_shared":true,"jetpack_social_options":{"image_generator_settings":{"template":"highway","default_image_id":0,"font":"","enabled":false},"version":2}},"categories":[11],"tags":[],"class_list":["post-74378","post","type-post","status-publish","format-standard","has-post-thumbnail","hentry","category-noticias-de-ribeirao-preto-sp-e-regiao-ismael-colosi"],"jetpack_publicize_connections":[],"jetpack_featured_media_url":"https:\/\/i0.wp.com\/noticiasribeiraopreto.com.br\/wp-content\/uploads\/2025\/07\/MEU-INSS_2025-05-13_11-36-54.webp.webp?fit=1200%2C716&ssl=1","jetpack-related-posts":[{"id":73826,"url":"https:\/\/noticiasribeiraopreto.com.br\/index.php\/2025\/07\/10\/reembolso-de-desconto-ilegal-do-inss-comeca-dia-24\/","url_meta":{"origin":74378,"position":0},"title":"Reembolso de desconto ilegal do INSS come\u00e7a dia 24","author":"noticiasribeiraopreto.com.br","date":"10 de July de 2025","format":false,"excerpt":"A partir desta sexta-feira (11), os aposentados e pensionistas do Instituto Nacional do Seguro Social (INSS) v\u00edtimas dos descontos ilegais de mensalidades associativas poder\u00e3o aderir ao\u00a0acordo de ressarcimento\u00a0proposto pelo governo federal. Homologado pelo Supremo Tribunal Federal (STF), o plano de restitui\u00e7\u00e3o dos valores deduzidos sem a autoriza\u00e7\u00e3o dos segurados do\u2026","rel":"","context":"In &quot;Not\u00edcias de Ribeir\u00e3o Preto-SP e Regi\u00e3o&quot;","block_context":{"text":"Not\u00edcias de Ribeir\u00e3o Preto-SP e Regi\u00e3o","link":"https:\/\/noticiasribeiraopreto.com.br\/index.php\/category\/noticias-de-ribeirao-preto-sp-e-regiao-ismael-colosi\/"},"img":{"alt_text":"","src":"https:\/\/i0.wp.com\/noticiasribeiraopreto.com.br\/wp-content\/uploads\/2025\/07\/Como-consultar-beneficio-por-incapacidade-INSS.jpg?fit=1200%2C729&ssl=1&resize=350%2C200","width":350,"height":200,"srcset":"https:\/\/i0.wp.com\/noticiasribeiraopreto.com.br\/wp-content\/uploads\/2025\/07\/Como-consultar-beneficio-por-incapacidade-INSS.jpg?fit=1200%2C729&ssl=1&resize=350%2C200 1x, https:\/\/i0.wp.com\/noticiasribeiraopreto.com.br\/wp-content\/uploads\/2025\/07\/Como-consultar-beneficio-por-incapacidade-INSS.jpg?fit=1200%2C729&ssl=1&resize=525%2C300 1.5x, https:\/\/i0.wp.com\/noticiasribeiraopreto.com.br\/wp-content\/uploads\/2025\/07\/Como-consultar-beneficio-por-incapacidade-INSS.jpg?fit=1200%2C729&ssl=1&resize=700%2C400 2x, https:\/\/i0.wp.com\/noticiasribeiraopreto.com.br\/wp-content\/uploads\/2025\/07\/Como-consultar-beneficio-por-incapacidade-INSS.jpg?fit=1200%2C729&ssl=1&resize=1050%2C600 3x"},"classes":[]},{"id":74514,"url":"https:\/\/noticiasribeiraopreto.com.br\/index.php\/2025\/07\/24\/reembolso-a-vitimas-de-descontos-do-inss-comecam-hoje\/","url_meta":{"origin":74378,"position":1},"title":"Reembolso a v\u00edtimas de descontos do INSS come\u00e7am hoje","author":"noticiasribeiraopreto.com.br","date":"24 de July de 2025","format":false,"excerpt":"A devolu\u00e7\u00e3o dos descontos indevidos e ilegais feitos por entidades associativas nos benef\u00edcios de aposentados e pensionistas come\u00e7ar\u00e1 a ser feita a partir desta quinta-feira, 24 de julho, para quem assinou o acordo de ades\u00e3o proposto pelo governo federal at\u00e9 segunda-feira (21). O prazo de credenciamento vai at\u00e9 14 de\u2026","rel":"","context":"In &quot;Not\u00edcias de Ribeir\u00e3o Preto-SP e Regi\u00e3o&quot;","block_context":{"text":"Not\u00edcias de Ribeir\u00e3o Preto-SP e Regi\u00e3o","link":"https:\/\/noticiasribeiraopreto.com.br\/index.php\/category\/noticias-de-ribeirao-preto-sp-e-regiao-ismael-colosi\/"},"img":{"alt_text":"","src":"https:\/\/i0.wp.com\/noticiasribeiraopreto.com.br\/wp-content\/uploads\/2025\/07\/FraudeINSS-Rafa-Neddermeyer-Ag.Br_-1.jpg?fit=1170%2C700&ssl=1&resize=350%2C200","width":350,"height":200,"srcset":"https:\/\/i0.wp.com\/noticiasribeiraopreto.com.br\/wp-content\/uploads\/2025\/07\/FraudeINSS-Rafa-Neddermeyer-Ag.Br_-1.jpg?fit=1170%2C700&ssl=1&resize=350%2C200 1x, https:\/\/i0.wp.com\/noticiasribeiraopreto.com.br\/wp-content\/uploads\/2025\/07\/FraudeINSS-Rafa-Neddermeyer-Ag.Br_-1.jpg?fit=1170%2C700&ssl=1&resize=525%2C300 1.5x, https:\/\/i0.wp.com\/noticiasribeiraopreto.com.br\/wp-content\/uploads\/2025\/07\/FraudeINSS-Rafa-Neddermeyer-Ag.Br_-1.jpg?fit=1170%2C700&ssl=1&resize=700%2C400 2x, https:\/\/i0.wp.com\/noticiasribeiraopreto.com.br\/wp-content\/uploads\/2025\/07\/FraudeINSS-Rafa-Neddermeyer-Ag.Br_-1.jpg?fit=1170%2C700&ssl=1&resize=1050%2C600 3x"},"classes":[]},{"id":74594,"url":"https:\/\/noticiasribeiraopreto.com.br\/index.php\/2025\/07\/25\/reembolso-do-inss-atinge-400-mil-idosos-no-1o-dia\/","url_meta":{"origin":74378,"position":2},"title":"Reembolso do INSS atinge 400 mil idosos no 1\u00ba dia","author":"noticiasribeiraopreto.com.br","date":"25 de July de 2025","format":false,"excerpt":"25 de julho de 2025 09:370 Compartilhar0 O governo federal iniciou nesta quinta-feira, 24 de julho, os dep\u00f3sitos para benefici\u00e1rios que formalizaram a ades\u00e3o ao acordo de ressarcimento a aposentados e pensionistas que sofreram descontos indevidos no INSS. Os pagamentos s\u00e3o feitos na mesma conta em que o benef\u00edcio do\u2026","rel":"","context":"In &quot;Not\u00edcias de Ribeir\u00e3o Preto-SP e Regi\u00e3o&quot;","block_context":{"text":"Not\u00edcias de Ribeir\u00e3o Preto-SP e Regi\u00e3o","link":"https:\/\/noticiasribeiraopreto.com.br\/index.php\/category\/noticias-de-ribeirao-preto-sp-e-regiao-ismael-colosi\/"},"img":{"alt_text":"","src":"https:\/\/i0.wp.com\/noticiasribeiraopreto.com.br\/wp-content\/uploads\/2025\/07\/FraudeINSS-Joedson-Alves-Ag.Br_-2.jpg?fit=1170%2C700&ssl=1&resize=350%2C200","width":350,"height":200,"srcset":"https:\/\/i0.wp.com\/noticiasribeiraopreto.com.br\/wp-content\/uploads\/2025\/07\/FraudeINSS-Joedson-Alves-Ag.Br_-2.jpg?fit=1170%2C700&ssl=1&resize=350%2C200 1x, https:\/\/i0.wp.com\/noticiasribeiraopreto.com.br\/wp-content\/uploads\/2025\/07\/FraudeINSS-Joedson-Alves-Ag.Br_-2.jpg?fit=1170%2C700&ssl=1&resize=525%2C300 1.5x, https:\/\/i0.wp.com\/noticiasribeiraopreto.com.br\/wp-content\/uploads\/2025\/07\/FraudeINSS-Joedson-Alves-Ag.Br_-2.jpg?fit=1170%2C700&ssl=1&resize=700%2C400 2x, https:\/\/i0.wp.com\/noticiasribeiraopreto.com.br\/wp-content\/uploads\/2025\/07\/FraudeINSS-Joedson-Alves-Ag.Br_-2.jpg?fit=1170%2C700&ssl=1&resize=1050%2C600 3x"},"classes":[]},{"id":75461,"url":"https:\/\/noticiasribeiraopreto.com.br\/index.php\/2025\/08\/09\/governo-ressarciu-98-dos-aposentados\/","url_meta":{"origin":74378,"position":3},"title":"Governo ressarciu 98% dos aposentados \u00a0","author":"noticiasribeiraopreto.com.br","date":"9 de August de 2025","format":false,"excerpt":"9 de agosto de 2025 08:039 de agosto de 2025 06:3010 Compartilhar0 At\u00e9 quinta-feira (7), 1,64 milh\u00e3o de benefici\u00e1rios do INSS que sofreram descontos indevidos receberam a repara\u00e7\u00e3o diretamente na conta, com corre\u00e7\u00e3o da infla\u00e7\u00e3o\u00a0\u00a0A maior parte dos 1,66 milh\u00e3o de aposentados e pensionistas que sofreram descontos indevidos em benef\u00edcios\u2026","rel":"","context":"In &quot;Not\u00edcias de Ribeir\u00e3o Preto-SP e Regi\u00e3o&quot;","block_context":{"text":"Not\u00edcias de Ribeir\u00e3o Preto-SP e Regi\u00e3o","link":"https:\/\/noticiasribeiraopreto.com.br\/index.php\/category\/noticias-de-ribeirao-preto-sp-e-regiao-ismael-colosi\/"},"img":{"alt_text":"","src":"https:\/\/i0.wp.com\/noticiasribeiraopreto.com.br\/wp-content\/uploads\/2025\/08\/FraudeINSS.jpg?fit=1170%2C700&ssl=1&resize=350%2C200","width":350,"height":200,"srcset":"https:\/\/i0.wp.com\/noticiasribeiraopreto.com.br\/wp-content\/uploads\/2025\/08\/FraudeINSS.jpg?fit=1170%2C700&ssl=1&resize=350%2C200 1x, https:\/\/i0.wp.com\/noticiasribeiraopreto.com.br\/wp-content\/uploads\/2025\/08\/FraudeINSS.jpg?fit=1170%2C700&ssl=1&resize=525%2C300 1.5x, https:\/\/i0.wp.com\/noticiasribeiraopreto.com.br\/wp-content\/uploads\/2025\/08\/FraudeINSS.jpg?fit=1170%2C700&ssl=1&resize=700%2C400 2x, https:\/\/i0.wp.com\/noticiasribeiraopreto.com.br\/wp-content\/uploads\/2025\/08\/FraudeINSS.jpg?fit=1170%2C700&ssl=1&resize=1050%2C600 3x"},"classes":[]},{"id":74457,"url":"https:\/\/noticiasribeiraopreto.com.br\/index.php\/2025\/07\/23\/primeiros-aposentados-do-inss-comecam-a-receber-ressarcimento-confira-data\/","url_meta":{"origin":74378,"position":4},"title":"Primeiros\u00a0aposentados do\u00a0INSS come\u00e7am a receber ressarcimento; Confira data","author":"noticiasribeiraopreto.com.br","date":"23 de July de 2025","format":false,"excerpt":"A partir desta quinta-feira (24), come\u00e7am a ser efetuados os dep\u00f3sitos aos primeiros benefici\u00e1rios do INSS (Instituto Nacional do Seguro Social) que formalizaram a ades\u00e3o ao acordo de ressarcimento dos valores descontados indevidamente. O Governo Federal\u00a0informou que a ades\u00e3o ao acordo segue aberta e pode ser feita pelo aplicativo Meu\u2026","rel":"","context":"In &quot;Not\u00edcias de Ribeir\u00e3o Preto-SP e Regi\u00e3o&quot;","block_context":{"text":"Not\u00edcias de Ribeir\u00e3o Preto-SP e Regi\u00e3o","link":"https:\/\/noticiasribeiraopreto.com.br\/index.php\/category\/noticias-de-ribeirao-preto-sp-e-regiao-ismael-colosi\/"},"img":{"alt_text":"","src":"https:\/\/i0.wp.com\/noticiasribeiraopreto.com.br\/wp-content\/uploads\/2025\/07\/dinheiro_economia_1024x576_04022021114711.jpg?fit=1024%2C576&ssl=1&resize=350%2C200","width":350,"height":200,"srcset":"https:\/\/i0.wp.com\/noticiasribeiraopreto.com.br\/wp-content\/uploads\/2025\/07\/dinheiro_economia_1024x576_04022021114711.jpg?fit=1024%2C576&ssl=1&resize=350%2C200 1x, https:\/\/i0.wp.com\/noticiasribeiraopreto.com.br\/wp-content\/uploads\/2025\/07\/dinheiro_economia_1024x576_04022021114711.jpg?fit=1024%2C576&ssl=1&resize=525%2C300 1.5x, https:\/\/i0.wp.com\/noticiasribeiraopreto.com.br\/wp-content\/uploads\/2025\/07\/dinheiro_economia_1024x576_04022021114711.jpg?fit=1024%2C576&ssl=1&resize=700%2C400 2x"},"classes":[]},{"id":69433,"url":"https:\/\/noticiasribeiraopreto.com.br\/index.php\/2025\/05\/06\/ressarcimento-para-aposentados-pode-envolver-o-tesouro\/","url_meta":{"origin":74378,"position":5},"title":"Ressarcimento para aposentados pode envolver o Tesouro\u00a0","author":"noticiasribeiraopreto.com.br","date":"6 de May de 2025","format":false,"excerpt":"6 de maio de 2025 09:305 de maio de 2025 23:047 Compartilhar0 O novo presidente do Instituto Nacional do Seguro Social (INSS), Gilberto Waller J\u00fanior, afirmou, nesta segunda-feira, 5 de maio, que o governo ir\u00e1 cobrar ressarcimento dos conglomerados de empresas envolvidos nos descontos indevidos em aposentadorias e pens\u00f5es. \u201cVamos\u2026","rel":"","context":"In &quot;Not\u00edcias de Ribeir\u00e3o Preto-SP e Regi\u00e3o&quot;","block_context":{"text":"Not\u00edcias de Ribeir\u00e3o Preto-SP e Regi\u00e3o","link":"https:\/\/noticiasribeiraopreto.com.br\/index.php\/category\/noticias-de-ribeirao-preto-sp-e-regiao-ismael-colosi\/"},"img":{"alt_text":"","src":"https:\/\/i0.wp.com\/noticiasribeiraopreto.com.br\/wp-content\/uploads\/2025\/05\/FraudeINSS-CGU-Divulgacao.jpg?fit=1170%2C700&ssl=1&resize=350%2C200","width":350,"height":200,"srcset":"https:\/\/i0.wp.com\/noticiasribeiraopreto.com.br\/wp-content\/uploads\/2025\/05\/FraudeINSS-CGU-Divulgacao.jpg?fit=1170%2C700&ssl=1&resize=350%2C200 1x, https:\/\/i0.wp.com\/noticiasribeiraopreto.com.br\/wp-content\/uploads\/2025\/05\/FraudeINSS-CGU-Divulgacao.jpg?fit=1170%2C700&ssl=1&resize=525%2C300 1.5x, https:\/\/i0.wp.com\/noticiasribeiraopreto.com.br\/wp-content\/uploads\/2025\/05\/FraudeINSS-CGU-Divulgacao.jpg?fit=1170%2C700&ssl=1&resize=700%2C400 2x, https:\/\/i0.wp.com\/noticiasribeiraopreto.com.br\/wp-content\/uploads\/2025\/05\/FraudeINSS-CGU-Divulgacao.jpg?fit=1170%2C700&ssl=1&resize=1050%2C600 3x"},"classes":[]}],"jetpack_sharing_enabled":true,"jetpack_shortlink":"https:\/\/wp.me\/peQAOb-jlE","_links":{"self":[{"href":"https:\/\/noticiasribeiraopreto.com.br\/index.php\/wp-json\/wp\/v2\/posts\/74378","targetHints":{"allow":["GET"]}}],"collection":[{"href":"https:\/\/noticiasribeiraopreto.com.br\/index.php\/wp-json\/wp\/v2\/posts"}],"about":[{"href":"https:\/\/noticiasribeiraopreto.com.br\/index.php\/wp-json\/wp\/v2\/types\/post"}],"author":[{"embeddable":true,"href":"https:\/\/noticiasribeiraopreto.com.br\/index.php\/wp-json\/wp\/v2\/users\/1"}],"replies":[{"embeddable":true,"href":"https:\/\/noticiasribeiraopreto.com.br\/index.php\/wp-json\/wp\/v2\/comments?post=74378"}],"version-history":[{"count":0,"href":"https:\/\/noticiasribeiraopreto.com.br\/index.php\/wp-json\/wp\/v2\/posts\/74378\/revisions"}],"wp:featuredmedia":[{"embeddable":true,"href":"https:\/\/noticiasribeiraopreto.com.br\/index.php\/wp-json\/wp\/v2\/media\/74379"}],"wp:attachment":[{"href":"https:\/\/noticiasribeiraopreto.com.br\/index.php\/wp-json\/wp\/v2\/media?parent=74378"}],"wp:term":[{"taxonomy":"category","embeddable":true,"href":"https:\/\/noticiasribeiraopreto.com.br\/index.php\/wp-json\/wp\/v2\/categories?post=74378"},{"taxonomy":"post_tag","embeddable":true,"href":"https:\/\/noticiasribeiraopreto.com.br\/index.php\/wp-json\/wp\/v2\/tags?post=74378"}],"curies":[{"name":"wp","href":"https:\/\/api.w.org\/{rel}","templated":true}]}}