{"id":74380,"date":"2025-07-21T18:07:05","date_gmt":"2025-07-21T21:07:05","guid":{"rendered":"https:\/\/noticiasribeiraopreto.com.br\/index.php\/2025\/07\/21\/rita-lee-uma-autobiografia-musical-anuncia-datas-em-ribeirao-preto\/"},"modified":"2025-07-21T18:07:05","modified_gmt":"2025-07-21T21:07:05","slug":"rita-lee-uma-autobiografia-musical-anuncia-datas-em-ribeirao-preto","status":"publish","type":"post","link":"https:\/\/noticiasribeiraopreto.com.br\/index.php\/2025\/07\/21\/rita-lee-uma-autobiografia-musical-anuncia-datas-em-ribeirao-preto\/","title":{"rendered":"\u2018Rita Lee \u2013 uma autobiografia musical\u2019 anuncia datas em Ribeir\u00e3o Preto"},"content":{"rendered":"<div class='code-block code-block-1' style='margin: 8px 0 8px auto; text-align: right; display: block; clear: both;'>\n<p><a href=\"https:\/\/wa.link\/vpicfd\"><img data-recalc-dims=\"1\" class=\"wp-image-4922\" style=\"aspect-ratio: 2.0253164556962027; width: 561px; height: auto;\" src=\"https:\/\/i0.wp.com\/ismaelcolosi.com.br\/wp-content\/uploads\/2023\/11\/grupo-de-empregos-whatsapp-e-facebook-ismael-colosi-vagas.jpg?ssl=1\" alt=\"\" \/><\/a><\/p>\n<!-- \/wp:image -->\n<\/div>\n<p> <br \/>\n<\/p>\n<div data-td-block-uid=\"tdi_95\">\n<div class=\"tdb-block-inner td-fix-index\">\n<p>O espet\u00e1culo <strong>\u201cRita Lee \u2013 uma autobiografia musical\u201d<\/strong> anunciou datas em <strong>Ribeir\u00e3o Preto<\/strong>. De acordo com a p\u00e1gina oficial da obra, as <mark style=\"background-color:#fcb900\" class=\"has-inline-color has-black-color\">apresenta\u00e7\u00f5es acontecem entre os dias 8 e 9 de novembro<\/mark>, no <strong>Theatro Pedro II<\/strong>.<\/p>\n<p>A p\u00e1gina ainda informa que a venda dos ingressos come\u00e7a no dia 23 de julho, mas o valor das entradas n\u00e3o foi informado.<\/p>\n<h2 class=\"wp-block-heading\"><strong>O musical<\/strong><\/h2>\n<p>Estrelado pela atriz <strong>Mel Lisboa<\/strong>, o musical estreou em S\u00e3o Paulo em abril do ano passado, um ano ap\u00f3s a morte de Rita Lee. A pe\u00e7a foi escrita pela pr\u00f3pria Rita Lee e conta com 30 m\u00fasicas de todas as fases de sua carreira.<\/p>\n<p>Com o espet\u00e1culo, Mel Lisboa venceu o <strong>Pr\u00eamio Shell 2025<\/strong>. Em 2014, a atriz j\u00e1 havia interpretado a rainha do rock brasileiro com a pe\u00e7a \u201cRita Lee Mora ao Lado\u201d.<\/p>\n<figure class=\"wp-block-image size-large\"><img data-recalc-dims=\"1\" fetchpriority=\"high\" decoding=\"async\" width=\"1024\" height=\"644\" src=\"https:\/\/i0.wp.com\/cdn.media-acidadeon.com.br\/ribeiraopreto\/wp-content\/uploads\/sites\/3\/2025\/07\/mel-lisboa-palco_2025-07-21_19-45-49-1024x644.webp?resize=1024%2C644&#038;ssl=1\" alt=\"Mel Lisboa recebeu Pr\u00eamio Shell com a pe\u00e7a (Foto: reprodu\u00e7\u00e3o\/TV Globo)\" class=\"wp-image-123390\" srcset=\"https:\/\/cdn.media-acidadeon.com.br\/ribeiraopreto\/wp-content\/uploads\/sites\/3\/2025\/07\/mel-lisboa-palco_2025-07-21_19-45-49-1024x644.webp 1024w, https:\/\/cdn.media-acidadeon.com.br\/ribeiraopreto\/wp-content\/uploads\/sites\/3\/2025\/07\/mel-lisboa-palco_2025-07-21_19-45-49-300x189.webp 300w, https:\/\/cdn.media-acidadeon.com.br\/ribeiraopreto\/wp-content\/uploads\/sites\/3\/2025\/07\/mel-lisboa-palco_2025-07-21_19-45-49-768x483.webp 768w, https:\/\/cdn.media-acidadeon.com.br\/ribeiraopreto\/wp-content\/uploads\/sites\/3\/2025\/07\/mel-lisboa-palco_2025-07-21_19-45-49-696x438.webp 696w, https:\/\/cdn.media-acidadeon.com.br\/ribeiraopreto\/wp-content\/uploads\/sites\/3\/2025\/07\/mel-lisboa-palco_2025-07-21_19-45-49-1068x672.webp 1068w, https:\/\/cdn.media-acidadeon.com.br\/ribeiraopreto\/wp-content\/uploads\/sites\/3\/2025\/07\/mel-lisboa-palco_2025-07-21_19-45-49.webp 1200w\" sizes=\"(max-width: 1024px) 100vw, 1024px\"\/><figcaption class=\"wp-element-caption\">Mel Lisboa recebeu Pr\u00eamio Shell com a pe\u00e7a (Foto: reprodu\u00e7\u00e3o\/TV Globo)<\/figcaption><\/figure>\n<h2 class=\"wp-block-heading\"><strong>Turn\u00ea<\/strong><\/h2>\n<p>Al\u00e9m de Ribeir\u00e3o Preto, a turn\u00ea passa por Fortaleza, Natal, Jo\u00e3o Pessoa, Recife, Salvador, Belo Horizonte, Vit\u00f3ria, S\u00e3o Jos\u00e9 do Rio Preto e Curitiba. Datas em Campinas, Santos, Porto Alegre, Florian\u00f3polis, Bel\u00e9m e Palmas devem ser anunciadas em breve.<\/p>\n<p>SAIBA MAIS<br \/>Nova frente vai passar pelo estado de SP; Veja quando e confira a previs\u00e3o<\/p>\n<h2 class=\"wp-block-heading\"><strong>FIQUE ON<\/strong><\/h2>\n<p>Fique ligado em tudo que acontece em Ribeir\u00e3o Preto e regi\u00e3o. Siga os perfis do<strong>\u00a0acidade on<\/strong>\u00a0no\u00a0<a href=\"https:\/\/www.instagram.com\/acidadeonribeirao\">Instagram\u00a0<\/a>e no\u00a0<a href=\"https:\/\/www.facebook.com\/acidadeonribeirao\/\">Facebook<\/a>.<\/p>\n<p>Receba not\u00edcias do<strong>\u00a0acidade on\u00a0<\/strong>no WhatsApp.\u00a0<a href=\"https:\/\/chat.whatsapp.com\/BjKQZ9oJwlz8VVT50NuePq\">Para entrar no grupo, basta clicar aqui.<\/a><\/p>\n<p>Fa\u00e7a uma den\u00fancia ou sugira uma reportagem sobre Ribeir\u00e3o Preto e regi\u00e3o pelo WhatsApp: 16 99117 7802.<\/p>\n<p>VEJA TAMB\u00c9M<\/p>\n<p>Onde ver os locais de provas do concurso da PF?<\/p>\n<p><!-- AI CONTENT END 1 -->\n<\/div>\n<\/div>\n<p><script async src=\"\/\/www.instagram.com\/embed.js\"><\/script><br \/>\n<br \/><br \/>\n<br \/><a href=\"https:\/\/www.acidadeon.com\/ribeiraopreto\/lazer-e-cultura\/rita-lee-uma-autobiografia-musical-anuncia-datas-em-ribeirao-preto\/\">Source link <\/a><\/p>\n<!-- CONTENT END 1 -->\n","protected":false},"excerpt":{"rendered":"<p>O espet\u00e1culo \u201cRita Lee \u2013 uma autobiografia musical\u201d anunciou datas em Ribeir\u00e3o Preto. De acordo com a p\u00e1gina oficial da obra, as apresenta\u00e7\u00f5es acontecem entre&#8230;<\/p>\n","protected":false},"author":1,"featured_media":74381,"comment_status":"open","ping_status":"open","sticky":false,"template":"","format":"standard","meta":{"advanced_seo_description":"","jetpack_seo_html_title":"","jetpack_seo_noindex":false,"jetpack_post_was_ever_published":false,"_jetpack_newsletter_access":"","_jetpack_dont_email_post_to_subs":false,"_jetpack_newsletter_tier_id":0,"_jetpack_memberships_contains_paywalled_content":false,"_jetpack_memberships_contains_paid_content":false,"footnotes":"","jetpack_publicize_message":"","jetpack_publicize_feature_enabled":true,"jetpack_social_post_already_shared":true,"jetpack_social_options":{"image_generator_settings":{"template":"highway","default_image_id":0,"font":"","enabled":false},"version":2}},"categories":[11],"tags":[],"class_list":["post-74380","post","type-post","status-publish","format-standard","has-post-thumbnail","hentry","category-noticias-de-ribeirao-preto-sp-e-regiao-ismael-colosi"],"jetpack_publicize_connections":[],"jetpack_featured_media_url":"https:\/\/i0.wp.com\/noticiasribeiraopreto.com.br\/wp-content\/uploads\/2025\/07\/mel-lisboa_2025-07-21_19-46-44.webp.webp?fit=1200%2C690&ssl=1","jetpack-related-posts":[{"id":39669,"url":"https:\/\/noticiasribeiraopreto.com.br\/index.php\/2024\/02\/27\/roberto-de-carvalho-musico-e-viuvo-de-rita-lee-anuncia-autobiografia\/","url_meta":{"origin":74380,"position":0},"title":"Roberto de Carvalho, m\u00fasico e vi\u00favo de Rita Lee, anuncia autobiografia","author":"noticiasribeiraopreto.com.br","date":"27 de February de 2024","format":false,"excerpt":"O m\u00fasico e compositor Roberto de Carvalho divulgou que vai lan\u00e7ar sua autobiografia. A obra contar\u00e1 com a ajuda de Guilherme Samora, jornalista e parceiro de Rita Lee, que fez as vezes do fantasma \u201cPhantom\u201d nas duas autobiografias da artista, esclarecendo fatos da carreira de Rita com nomes e datas.\u2026","rel":"","context":"In &quot;Not\u00edcias de Ribeir\u00e3o Preto-SP e Regi\u00e3o&quot;","block_context":{"text":"Not\u00edcias de Ribeir\u00e3o Preto-SP e Regi\u00e3o","link":"https:\/\/noticiasribeiraopreto.com.br\/index.php\/category\/noticias-de-ribeirao-preto-sp-e-regiao-ismael-colosi\/"},"img":{"alt_text":"","src":"https:\/\/i0.wp.com\/noticiasribeiraopreto.com.br\/wp-content\/uploads\/2024\/02\/e3494eb7-b912-4551-a82b-23835b3cc089-scaled.jpg?fit=1000%2C563&ssl=1&resize=350%2C200","width":350,"height":200,"srcset":"https:\/\/i0.wp.com\/noticiasribeiraopreto.com.br\/wp-content\/uploads\/2024\/02\/e3494eb7-b912-4551-a82b-23835b3cc089-scaled.jpg?fit=1000%2C563&ssl=1&resize=350%2C200 1x, https:\/\/i0.wp.com\/noticiasribeiraopreto.com.br\/wp-content\/uploads\/2024\/02\/e3494eb7-b912-4551-a82b-23835b3cc089-scaled.jpg?fit=1000%2C563&ssl=1&resize=525%2C300 1.5x, https:\/\/i0.wp.com\/noticiasribeiraopreto.com.br\/wp-content\/uploads\/2024\/02\/e3494eb7-b912-4551-a82b-23835b3cc089-scaled.jpg?fit=1000%2C563&ssl=1&resize=700%2C400 2x"},"classes":[]},{"id":79203,"url":"https:\/\/noticiasribeiraopreto.com.br\/index.php\/2025\/10\/27\/ribeirao-preto-recebe-musical-autobiografico-de-rita-lee-veja-quando\/","url_meta":{"origin":74380,"position":1},"title":"Ribeir\u00e3o Preto recebe musical autobiogr\u00e1fico de Rita Lee; veja quando","author":"noticiasribeiraopreto.com.br","date":"27 de October de 2025","format":false,"excerpt":"Ribeir\u00e3o Preto recebe tr\u00eas sess\u00f5es de o musical \u201cRita Lee \u2013 Uma Autobiografia Musical\u201d, no Theatro Pedro II, nos pr\u00f3ximos dias 8 e 9 de novembro. Espet\u00e1culo sobre a rainha do rock \u00e9 montado com base no livro da cantora lan\u00e7ado em 2016 e um dos maiores sucessos editoriais do\u2026","rel":"","context":"In &quot;Not\u00edcias de Ribeir\u00e3o Preto-SP e Regi\u00e3o&quot;","block_context":{"text":"Not\u00edcias de Ribeir\u00e3o Preto-SP e Regi\u00e3o","link":"https:\/\/noticiasribeiraopreto.com.br\/index.php\/category\/noticias-de-ribeirao-preto-sp-e-regiao-ismael-colosi\/"},"img":{"alt_text":"","src":"https:\/\/i0.wp.com\/noticiasribeiraopreto.com.br\/wp-content\/uploads\/2025\/10\/JC250516_201180-press_2025-10-27_12-01-31.webp.webp?fit=1200%2C805&ssl=1&resize=350%2C200","width":350,"height":200,"srcset":"https:\/\/i0.wp.com\/noticiasribeiraopreto.com.br\/wp-content\/uploads\/2025\/10\/JC250516_201180-press_2025-10-27_12-01-31.webp.webp?fit=1200%2C805&ssl=1&resize=350%2C200 1x, https:\/\/i0.wp.com\/noticiasribeiraopreto.com.br\/wp-content\/uploads\/2025\/10\/JC250516_201180-press_2025-10-27_12-01-31.webp.webp?fit=1200%2C805&ssl=1&resize=525%2C300 1.5x, https:\/\/i0.wp.com\/noticiasribeiraopreto.com.br\/wp-content\/uploads\/2025\/10\/JC250516_201180-press_2025-10-27_12-01-31.webp.webp?fit=1200%2C805&ssl=1&resize=700%2C400 2x, https:\/\/i0.wp.com\/noticiasribeiraopreto.com.br\/wp-content\/uploads\/2025\/10\/JC250516_201180-press_2025-10-27_12-01-31.webp.webp?fit=1200%2C805&ssl=1&resize=1050%2C600 3x"},"classes":[]},{"id":70063,"url":"https:\/\/noticiasribeiraopreto.com.br\/index.php\/2025\/05\/22\/estreias-em-ribeirao-preto-lilo-stitch-e-documentario-sobre-rita-lee-sao-destaques\/","url_meta":{"origin":74380,"position":2},"title":"Estreias em Ribeir\u00e3o Preto: &#8216;Lilo &#038; Stitch&#8217; e document\u00e1rio sobre Rita Lee s\u00e3o destaques","author":"noticiasribeiraopreto.com.br","date":"22 de May de 2025","format":false,"excerpt":"Nesta quinta-feira (22), os cinemas de Ribeir\u00e3o Preto recebem tr\u00eas novos filmes na programa\u00e7\u00e3o. Entre os destaques est\u00e3o o lan\u00e7amento da Disney \u201cLilo & Stitch\u201d, e \u201cRitas\u201d, document\u00e1rio sobre Rita Lee. Confira os filmes dispon\u00edveis nesta semana: Ribeir\u00e3o Preto conta com quatro cinemas, o UCI localizado no Ribeir\u00e3oShopping, o Cinep\u00f3lis\u2026","rel":"","context":"In &quot;Not\u00edcias de Ribeir\u00e3o Preto-SP e Regi\u00e3o&quot;","block_context":{"text":"Not\u00edcias de Ribeir\u00e3o Preto-SP e Regi\u00e3o","link":"https:\/\/noticiasribeiraopreto.com.br\/index.php\/category\/noticias-de-ribeirao-preto-sp-e-regiao-ismael-colosi\/"},"img":{"alt_text":"","src":"https:\/\/i0.wp.com\/noticiasribeiraopreto.com.br\/wp-content\/uploads\/2025\/05\/1747831745682dcbc12b59d_1747831745_3x2_md_2025-05-22_12-15-37.webp.webp?fit=768%2C432&ssl=1&resize=350%2C200","width":350,"height":200,"srcset":"https:\/\/i0.wp.com\/noticiasribeiraopreto.com.br\/wp-content\/uploads\/2025\/05\/1747831745682dcbc12b59d_1747831745_3x2_md_2025-05-22_12-15-37.webp.webp?fit=768%2C432&ssl=1&resize=350%2C200 1x, https:\/\/i0.wp.com\/noticiasribeiraopreto.com.br\/wp-content\/uploads\/2025\/05\/1747831745682dcbc12b59d_1747831745_3x2_md_2025-05-22_12-15-37.webp.webp?fit=768%2C432&ssl=1&resize=525%2C300 1.5x, https:\/\/i0.wp.com\/noticiasribeiraopreto.com.br\/wp-content\/uploads\/2025\/05\/1747831745682dcbc12b59d_1747831745_3x2_md_2025-05-22_12-15-37.webp.webp?fit=768%2C432&ssl=1&resize=700%2C400 2x"},"classes":[]},{"id":56408,"url":"https:\/\/noticiasribeiraopreto.com.br\/index.php\/2024\/08\/13\/ribeirao-preto-recebe-show-tributo-a-renato-russo-e-rita-lee-no-theatro-pedro-ii\/","url_meta":{"origin":74380,"position":3},"title":"Ribeir\u00e3o Preto recebe show tributo a Renato Russo e Rita Lee no Theatro Pedro II","author":"noticiasribeiraopreto.com.br","date":"13 de August de 2024","format":false,"excerpt":"O \u201cSomos T\u00e3o Jovens \u2013 Tributo Legi\u00e3o\u201d apresenta, no Theatro Pedro II, em Ribeir\u00e3o Preto, o novo espet\u00e1culo \u201cA Rainha e o Poeta\u201d, que presta tributo \u00e0 Rita Lee e Renato Russo. O concerto est\u00e1 marcado para domingo (18), \u00e0s 19h. O repert\u00f3rio inclui os principais hits dos dois artistas,\u2026","rel":"","context":"In &quot;Not\u00edcias de Ribeir\u00e3o Preto-SP e Regi\u00e3o&quot;","block_context":{"text":"Not\u00edcias de Ribeir\u00e3o Preto-SP e Regi\u00e3o","link":"https:\/\/noticiasribeiraopreto.com.br\/index.php\/category\/noticias-de-ribeirao-preto-sp-e-regiao-ismael-colosi\/"},"img":{"alt_text":"","src":"https:\/\/i0.wp.com\/noticiasribeiraopreto.com.br\/wp-content\/uploads\/2024\/08\/Copia-de-Copia-de-TAMANHO-EXATO-PARA-FOTOS-NO-SISTEMA-NOVO-50_2024-08-13_16-28-48_jpg_2024-08-13_16-28-48.webp.webp?fit=1200%2C675&ssl=1&resize=350%2C200","width":350,"height":200,"srcset":"https:\/\/i0.wp.com\/noticiasribeiraopreto.com.br\/wp-content\/uploads\/2024\/08\/Copia-de-Copia-de-TAMANHO-EXATO-PARA-FOTOS-NO-SISTEMA-NOVO-50_2024-08-13_16-28-48_jpg_2024-08-13_16-28-48.webp.webp?fit=1200%2C675&ssl=1&resize=350%2C200 1x, https:\/\/i0.wp.com\/noticiasribeiraopreto.com.br\/wp-content\/uploads\/2024\/08\/Copia-de-Copia-de-TAMANHO-EXATO-PARA-FOTOS-NO-SISTEMA-NOVO-50_2024-08-13_16-28-48_jpg_2024-08-13_16-28-48.webp.webp?fit=1200%2C675&ssl=1&resize=525%2C300 1.5x, https:\/\/i0.wp.com\/noticiasribeiraopreto.com.br\/wp-content\/uploads\/2024\/08\/Copia-de-Copia-de-TAMANHO-EXATO-PARA-FOTOS-NO-SISTEMA-NOVO-50_2024-08-13_16-28-48_jpg_2024-08-13_16-28-48.webp.webp?fit=1200%2C675&ssl=1&resize=700%2C400 2x, https:\/\/i0.wp.com\/noticiasribeiraopreto.com.br\/wp-content\/uploads\/2024\/08\/Copia-de-Copia-de-TAMANHO-EXATO-PARA-FOTOS-NO-SISTEMA-NOVO-50_2024-08-13_16-28-48_jpg_2024-08-13_16-28-48.webp.webp?fit=1200%2C675&ssl=1&resize=1050%2C600 3x"},"classes":[]},{"id":3049,"url":"https:\/\/noticiasribeiraopreto.com.br\/index.php\/2023\/11\/17\/drift-legiao-urbana-e-guilherme-de-sa-saiba-o-que-acontece-no-fim-de-semana-em-ribeirao\/","url_meta":{"origin":74380,"position":4},"title":"Drift, Legi\u00e3o Urbana e Guilherme de S\u00e1: Saiba o que acontece no fim de semana em Ribeir\u00e3o\u00a0","author":"noticiasribeiraopreto.com.br","date":"17 de November de 2023","format":false,"excerpt":"O fim de semana em Ribeir\u00e3o Preto conta com diversas apresenta\u00e7\u00f5es de m\u00fasica, espet\u00e1culos nos teatros e atividades gratuitas. \u00a0 H\u00e1 a final do Campeonato Brasileiro de Drift, show com integrantes da Legi\u00e3o Urbana, tributo \u00e0 Rita Lee, Guilherme de S\u00e1, festival de hip hop, entre outros. CHORINHO NA 7\u00a0\u2026","rel":"","context":"In &quot;Not\u00edcias de Ribeir\u00e3o Preto-SP e Regi\u00e3o&quot;","block_context":{"text":"Not\u00edcias de Ribeir\u00e3o Preto-SP e Regi\u00e3o","link":"https:\/\/noticiasribeiraopreto.com.br\/index.php\/category\/noticias-de-ribeirao-preto-sp-e-regiao-ismael-colosi\/"},"img":{"alt_text":"","src":"https:\/\/i0.wp.com\/noticiasribeiraopreto.com.br\/wp-content\/uploads\/2023\/11\/Pilotos-de-drift-em-acao-durante-a-temporada-em-2022-1-1024x683.jpg?fit=1024%2C683&ssl=1&resize=350%2C200","width":350,"height":200,"srcset":"https:\/\/i0.wp.com\/noticiasribeiraopreto.com.br\/wp-content\/uploads\/2023\/11\/Pilotos-de-drift-em-acao-durante-a-temporada-em-2022-1-1024x683.jpg?fit=1024%2C683&ssl=1&resize=350%2C200 1x, https:\/\/i0.wp.com\/noticiasribeiraopreto.com.br\/wp-content\/uploads\/2023\/11\/Pilotos-de-drift-em-acao-durante-a-temporada-em-2022-1-1024x683.jpg?fit=1024%2C683&ssl=1&resize=525%2C300 1.5x, https:\/\/i0.wp.com\/noticiasribeiraopreto.com.br\/wp-content\/uploads\/2023\/11\/Pilotos-de-drift-em-acao-durante-a-temporada-em-2022-1-1024x683.jpg?fit=1024%2C683&ssl=1&resize=700%2C400 2x"},"classes":[]},{"id":31087,"url":"https:\/\/noticiasribeiraopreto.com.br\/index.php\/2024\/01\/20\/10-biografias-de-icones-da-musica-que-deveriam-virar-filme\/","url_meta":{"origin":74380,"position":5},"title":"10 biografias de \u00edcones da m\u00fasica que deveriam\u00a0virar\u00a0filme","author":"noticiasribeiraopreto.com.br","date":"20 de January de 2024","format":false,"excerpt":"Imagens: Reprodu\u00e7\u00e3o\/Instagram Na \u00faltima semana, recebemos a boa not\u00edcia de que Scar Tissue, livro de Anthony Kiedis que \u00e9 uma das autobiografias mais impactantes da m\u00fasica, teve os direitos adquiridos pela Universal Pictures. E agora j\u00e1 estamos querendo mais! Afinal, at\u00e9 existem alguns filmes inspirados, mas poucos que s\u00e3o realmente\u2026","rel":"","context":"In &quot;Blog&quot;","block_context":{"text":"Blog","link":"https:\/\/noticiasribeiraopreto.com.br\/index.php\/category\/blog\/"},"img":{"alt_text":"","src":"https:\/\/i0.wp.com\/noticiasribeiraopreto.com.br\/wp-content\/uploads\/2024\/01\/biografias-artistas-merecem-filme.jpg?fit=696%2C400&ssl=1&resize=350%2C200","width":350,"height":200,"srcset":"https:\/\/i0.wp.com\/noticiasribeiraopreto.com.br\/wp-content\/uploads\/2024\/01\/biografias-artistas-merecem-filme.jpg?fit=696%2C400&ssl=1&resize=350%2C200 1x, https:\/\/i0.wp.com\/noticiasribeiraopreto.com.br\/wp-content\/uploads\/2024\/01\/biografias-artistas-merecem-filme.jpg?fit=696%2C400&ssl=1&resize=525%2C300 1.5x"},"classes":[]}],"jetpack_sharing_enabled":true,"jetpack_shortlink":"https:\/\/wp.me\/peQAOb-jlG","_links":{"self":[{"href":"https:\/\/noticiasribeiraopreto.com.br\/index.php\/wp-json\/wp\/v2\/posts\/74380","targetHints":{"allow":["GET"]}}],"collection":[{"href":"https:\/\/noticiasribeiraopreto.com.br\/index.php\/wp-json\/wp\/v2\/posts"}],"about":[{"href":"https:\/\/noticiasribeiraopreto.com.br\/index.php\/wp-json\/wp\/v2\/types\/post"}],"author":[{"embeddable":true,"href":"https:\/\/noticiasribeiraopreto.com.br\/index.php\/wp-json\/wp\/v2\/users\/1"}],"replies":[{"embeddable":true,"href":"https:\/\/noticiasribeiraopreto.com.br\/index.php\/wp-json\/wp\/v2\/comments?post=74380"}],"version-history":[{"count":0,"href":"https:\/\/noticiasribeiraopreto.com.br\/index.php\/wp-json\/wp\/v2\/posts\/74380\/revisions"}],"wp:featuredmedia":[{"embeddable":true,"href":"https:\/\/noticiasribeiraopreto.com.br\/index.php\/wp-json\/wp\/v2\/media\/74381"}],"wp:attachment":[{"href":"https:\/\/noticiasribeiraopreto.com.br\/index.php\/wp-json\/wp\/v2\/media?parent=74380"}],"wp:term":[{"taxonomy":"category","embeddable":true,"href":"https:\/\/noticiasribeiraopreto.com.br\/index.php\/wp-json\/wp\/v2\/categories?post=74380"},{"taxonomy":"post_tag","embeddable":true,"href":"https:\/\/noticiasribeiraopreto.com.br\/index.php\/wp-json\/wp\/v2\/tags?post=74380"}],"curies":[{"name":"wp","href":"https:\/\/api.w.org\/{rel}","templated":true}]}}