{"id":74382,"date":"2025-07-21T18:13:28","date_gmt":"2025-07-21T21:13:28","guid":{"rendered":"https:\/\/noticiasribeiraopreto.com.br\/index.php\/2025\/07\/21\/chrigor-netinho-de-paula-e-marcio-art-chegam-a-ribeirao-com-classicos-do-pagode-dos-anos-90\/"},"modified":"2025-07-21T18:13:28","modified_gmt":"2025-07-21T21:13:28","slug":"chrigor-netinho-de-paula-e-marcio-art-chegam-a-ribeirao-com-classicos-do-pagode-dos-anos-90","status":"publish","type":"post","link":"https:\/\/noticiasribeiraopreto.com.br\/index.php\/2025\/07\/21\/chrigor-netinho-de-paula-e-marcio-art-chegam-a-ribeirao-com-classicos-do-pagode-dos-anos-90\/","title":{"rendered":"Chrigor, Netinho de Paula e M\u00e1rcio Art chegam a Ribeir\u00e3o com cl\u00e1ssicos do pagode dos anos 90"},"content":{"rendered":"<div class='code-block code-block-1' style='margin: 8px 0 8px auto; text-align: right; display: block; clear: both;'>\n<p><a href=\"https:\/\/wa.link\/vpicfd\"><img data-recalc-dims=\"1\" class=\"wp-image-4922\" style=\"aspect-ratio: 2.0253164556962027; width: 561px; height: auto;\" src=\"https:\/\/i0.wp.com\/ismaelcolosi.com.br\/wp-content\/uploads\/2023\/11\/grupo-de-empregos-whatsapp-e-facebook-ismael-colosi-vagas.jpg?ssl=1\" alt=\"\" \/><\/a><\/p>\n<!-- \/wp:image -->\n<\/div>\n<p> <br \/>\n<\/p>\n<div>\n<p>Os cantores <strong>Chrigor<\/strong>, <strong>Netinho de Paula<\/strong> e <strong>M\u00e1rcio Art<\/strong> se apresentam em <strong>Ribeir\u00e3o Preto no dia 2 de agosto<\/strong>, com repert\u00f3rio marcado por <strong>hits do samba e pagode nacional dos anos 1990.<\/strong> O evento, intitulado <em>Samba 90 Graus<\/em>, ser\u00e1 realizado no Multiplan Hall.<\/p>\n<p>O show re\u00fane tr\u00eas artistas que integraram grupos que marcaram \u00e9poca. <strong>Chrigor<\/strong>, ex-integrante do Exaltasamba, interpretou m\u00fasicas como <em><strong>\u201cTelegrama\u201d<\/strong><\/em>,<strong><em> \u201c24 Horas de Amor\u201d<\/em><\/strong> e <strong><em>\u201cCart\u00e3o Postal\u201d<\/em><\/strong>. Atualmente em carreira solo, segue com foco no pagode rom\u00e2ntico.<\/p>\n<p><strong>Netinho de Paula<\/strong> ficou conhecido como vocalista do Negritude J\u00fanior, com can\u00e7\u00f5es como<em> \u201c<strong>Cohab City<\/strong>\u201d<\/em>, <em>\u201c<strong>Tanajura<\/strong>\u201d<\/em> e <em>\u201c<strong>Me Leva<\/strong>\u201d<\/em>. Ap\u00f3s sua sa\u00edda, tamb\u00e9m atuou como apresentador de televis\u00e3o.<\/p>\n<p><strong>M\u00e1rcio<\/strong> <strong>Art<\/strong>, fundador do Art Popular, interpreta faixas que fizeram sucesso nas paradas nacionais, como \u201c<em><strong>Pimpolho<\/strong><\/em>\u201d, \u201c<em><strong>Temporal<\/strong><\/em>\u201d e \u201c<em><strong>Agamamou<\/strong><\/em>\u201d.<\/p>\n<h3 class=\"wp-block-heading\"><strong>\u00c1reas e ingressos<\/strong><\/h3>\n<p>O p\u00fablico poder\u00e1 escolher entre dois tipos de acesso: a <strong>\u00c1rea Samba Livre<\/strong>, destinada a quem <strong>prefere assistir em p\u00e9<\/strong>, e as <strong>Mesas Tradicionais<\/strong>, com<strong> lugares numerados.<\/strong><\/p>\n<p>Os ingressos est\u00e3o \u00e0 venda na bilheteria do Multiplan Hall e tamb\u00e9m pelo site \u2013 <a href=\"http:\/\/ticketmaster.com.br\">clique aqui<\/a>.<\/p>\n<p><strong>Servi\u00e7o<\/strong><br \/><strong>Samba 90 graus \u2013 Turn\u00ea 2025<\/strong><br \/><strong>Data:<\/strong>\u00a002 de agosto de 2025 <br \/><strong>Local:<\/strong>\u00a0Multiplan Hall \u2013 Ribeir\u00e3o Preto<br \/><strong>Hor\u00e1rio:<\/strong>\u00a0Abertura da casa \u00e0s 19:30h | In\u00edcio do show \u00e0s 21h<\/p>\n<hr class=\"wp-block-separator has-alpha-channel-opacity\"\/>\n<p>SAIBA MAIS<\/p>\n<p>Passeio cultural gratuito transforma cemit\u00e9rio em museu a c\u00e9u aberto em Ribeir\u00e3o Preto<\/p>\n<h2 class=\"wp-block-heading\"><strong>FIQUE ON<\/strong><\/h2>\n<p>Quer ficar por dentro de tudo que acontece em Ribeir\u00e3o Preto e regi\u00e3o? Ent\u00e3o siga os perfis do\u202facidade on\u202fno\u202f<a href=\"https:\/\/www.instagram.com\/acidadeonribeirao\" target=\"_blank\" rel=\"noreferrer noopener\">Instagram<\/a>\u202fe no\u202f<a href=\"https:\/\/www.facebook.com\/acidadeonribeirao\/\" target=\"_blank\" rel=\"noreferrer noopener\">Facebook<\/a>.<\/p>\n<p>Al\u00e9m disso, voc\u00ea pode receber as principais not\u00edcias diretamente no WhatsApp. Para isso, basta\u00a0<a href=\"https:\/\/chat.whatsapp.com\/BjKQZ9oJwlz8VVT50NuePq\" target=\"_blank\" rel=\"noreferrer noopener\">entrar no grupo clicando aqui<\/a>. <mark style=\"background-color:#ffffff\" class=\"has-inline-color has-white-color\">, contudo<\/mark><\/p>\n<p>Por fim, se quiser fazer uma den\u00fancia ou sugerir uma reportagem sobre Ribeir\u00e3o Preto e regi\u00e3o, envie uma mensagem pelo WhatsApp: (16) 99117-7802.<mark style=\"background-color:#ffffff\" class=\"has-inline-color has-white-color\"> , contudo<\/mark><\/p>\n<p>VEJA TAMB\u00c9M<\/p>\n<p>Onde ver os locais de provas do concurso da PF?<\/p>\n<p><!-- AI CONTENT END 1 -->\n<\/div>\n<p><script async src=\"\/\/www.instagram.com\/embed.js\"><\/script><br \/>\n<br \/><br \/>\n<br \/><a href=\"https:\/\/www.acidadeon.com\/ribeiraopreto\/lazer-e-cultura\/chrigor-netinho-de-paula-e-marcio-art-chegam-a-ribeirao-com-classicos-do-pagode-dos-anos-90\/\">Source link <\/a><\/p>\n<!-- CONTENT END 1 -->\n","protected":false},"excerpt":{"rendered":"<p>Os cantores Chrigor, Netinho de Paula e M\u00e1rcio Art se apresentam em Ribeir\u00e3o Preto no dia 2 de agosto, com repert\u00f3rio marcado por hits do&#8230;<\/p>\n","protected":false},"author":1,"featured_media":74383,"comment_status":"open","ping_status":"open","sticky":false,"template":"","format":"standard","meta":{"advanced_seo_description":"","jetpack_seo_html_title":"","jetpack_seo_noindex":false,"jetpack_post_was_ever_published":false,"_jetpack_newsletter_access":"","_jetpack_dont_email_post_to_subs":false,"_jetpack_newsletter_tier_id":0,"_jetpack_memberships_contains_paywalled_content":false,"_jetpack_memberships_contains_paid_content":false,"footnotes":"","jetpack_publicize_message":"","jetpack_publicize_feature_enabled":true,"jetpack_social_post_already_shared":true,"jetpack_social_options":{"image_generator_settings":{"template":"highway","default_image_id":0,"font":"","enabled":false},"version":2}},"categories":[11],"tags":[],"class_list":["post-74382","post","type-post","status-publish","format-standard","has-post-thumbnail","hentry","category-noticias-de-ribeirao-preto-sp-e-regiao-ismael-colosi"],"jetpack_publicize_connections":[],"jetpack_featured_media_url":"https:\/\/i0.wp.com\/noticiasribeiraopreto.com.br\/wp-content\/uploads\/2025\/07\/Copia-de-Copia-de-Copia-de-TAMANHO-EXATO-PARA-FOTOS-NO-SISTEMA-NOVO-2025-07-21T163316.628_2025-07-21_19-34-58.webp.webp?fit=1200%2C675&ssl=1","jetpack-related-posts":[{"id":65724,"url":"https:\/\/noticiasribeiraopreto.com.br\/index.php\/2025\/03\/23\/entenda-o-que-e-o-cancer-no-sistema-linfatico-doenca-que-afeta-o-cantor-netinho\/","url_meta":{"origin":74382,"position":0},"title":"Entenda o que \u00e9 o c\u00e2ncer no sistema linf\u00e1tico, doen\u00e7a que afeta o cantor Netinho","author":"noticiasribeiraopreto.com.br","date":"23 de March de 2025","format":false,"excerpt":"O cantor Netinho foi diagnosticado com c\u00e2ncer do sistema linf\u00e1tico. O an\u00fancio da descoberta do linfoma foi feito atrav\u00e9s da divulga\u00e7\u00e3o do boletim m\u00e9dico no site oficial do artista, no \u00faltimo s\u00e1bado (22). O comunicado, assinado pela diretoria m\u00e9dica do Hospital Alian\u00e7a Star, em Salvador, afirma que Netinho est\u00e1 com\u2026","rel":"","context":"In &quot;Not\u00edcias de Ribeir\u00e3o Preto-SP e Regi\u00e3o&quot;","block_context":{"text":"Not\u00edcias de Ribeir\u00e3o Preto-SP e Regi\u00e3o","link":"https:\/\/noticiasribeiraopreto.com.br\/index.php\/category\/noticias-de-ribeirao-preto-sp-e-regiao-ismael-colosi\/"},"img":{"alt_text":"","src":"https:\/\/i0.wp.com\/noticiasribeiraopreto.com.br\/wp-content\/uploads\/2025\/03\/netinho_2025-03-23_19-59-55_jpg_2025-03-23_19-59-55.webp.webp?fit=1200%2C800&ssl=1&resize=350%2C200","width":350,"height":200,"srcset":"https:\/\/i0.wp.com\/noticiasribeiraopreto.com.br\/wp-content\/uploads\/2025\/03\/netinho_2025-03-23_19-59-55_jpg_2025-03-23_19-59-55.webp.webp?fit=1200%2C800&ssl=1&resize=350%2C200 1x, https:\/\/i0.wp.com\/noticiasribeiraopreto.com.br\/wp-content\/uploads\/2025\/03\/netinho_2025-03-23_19-59-55_jpg_2025-03-23_19-59-55.webp.webp?fit=1200%2C800&ssl=1&resize=525%2C300 1.5x, https:\/\/i0.wp.com\/noticiasribeiraopreto.com.br\/wp-content\/uploads\/2025\/03\/netinho_2025-03-23_19-59-55_jpg_2025-03-23_19-59-55.webp.webp?fit=1200%2C800&ssl=1&resize=700%2C400 2x, https:\/\/i0.wp.com\/noticiasribeiraopreto.com.br\/wp-content\/uploads\/2025\/03\/netinho_2025-03-23_19-59-55_jpg_2025-03-23_19-59-55.webp.webp?fit=1200%2C800&ssl=1&resize=1050%2C600 3x"},"classes":[]},{"id":13326,"url":"https:\/\/noticiasribeiraopreto.com.br\/index.php\/2023\/12\/09\/show-de-vava-e-marcio-ex-karametade-e-adiado-em-ribeirao-preto\/","url_meta":{"origin":74382,"position":1},"title":"Show de Vav\u00e1 e M\u00e1rcio, ex-Karametade, \u00e9 adiado em Ribeir\u00e3o Preto\u00a0","author":"noticiasribeiraopreto.com.br","date":"9 de December de 2023","format":false,"excerpt":"O show, em que seria realizada a grava\u00e7\u00e3o do DVD \u2018De 90 para c\u00e1\u2019, da dupla de pagode Vav\u00e1 e M\u00e1rcio, que estava previsto para acontecer neste s\u00e1bado (9), em Ribeir\u00e3o Preto, foi adiado\u00a0 A informa\u00e7\u00e3o foi divulgada pela organiza\u00e7\u00e3o do evento nas redes sociais. Os irm\u00e3os que faziam parte\u2026","rel":"","context":"In &quot;Not\u00edcias de Ribeir\u00e3o Preto-SP e Regi\u00e3o&quot;","block_context":{"text":"Not\u00edcias de Ribeir\u00e3o Preto-SP e Regi\u00e3o","link":"https:\/\/noticiasribeiraopreto.com.br\/index.php\/category\/noticias-de-ribeirao-preto-sp-e-regiao-ismael-colosi\/"},"img":{"alt_text":"","src":"https:\/\/i0.wp.com\/noticiasribeiraopreto.com.br\/wp-content\/uploads\/2023\/12\/399014758_18323419909096281_8632289170310208741_n.jpg?fit=1080%2C570&ssl=1&resize=350%2C200","width":350,"height":200,"srcset":"https:\/\/i0.wp.com\/noticiasribeiraopreto.com.br\/wp-content\/uploads\/2023\/12\/399014758_18323419909096281_8632289170310208741_n.jpg?fit=1080%2C570&ssl=1&resize=350%2C200 1x, https:\/\/i0.wp.com\/noticiasribeiraopreto.com.br\/wp-content\/uploads\/2023\/12\/399014758_18323419909096281_8632289170310208741_n.jpg?fit=1080%2C570&ssl=1&resize=525%2C300 1.5x, https:\/\/i0.wp.com\/noticiasribeiraopreto.com.br\/wp-content\/uploads\/2023\/12\/399014758_18323419909096281_8632289170310208741_n.jpg?fit=1080%2C570&ssl=1&resize=700%2C400 2x, https:\/\/i0.wp.com\/noticiasribeiraopreto.com.br\/wp-content\/uploads\/2023\/12\/399014758_18323419909096281_8632289170310208741_n.jpg?fit=1080%2C570&ssl=1&resize=1050%2C600 3x"},"classes":[]},{"id":69379,"url":"https:\/\/noticiasribeiraopreto.com.br\/index.php\/2025\/05\/05\/pagode-do-pericao-anuncia-atracao-especial-para-show-em-ribeirao-preto\/","url_meta":{"origin":74382,"position":2},"title":"Pagode do Peric\u00e3o anuncia atra\u00e7\u00e3o especial para show em Ribeir\u00e3o Preto","author":"noticiasribeiraopreto.com.br","date":"5 de May de 2025","format":false,"excerpt":"No dia 24 de maio, a turn\u00ea \u201cPagode do Peric\u00e3o\u201d chega a Ribeir\u00e3o Preto. O evento, que ser\u00e1 realizado no Est\u00e1dio do Comercial, \u00e0s 16h, contar\u00e1 com a participa\u00e7\u00e3o especial do grupo Jeito Moleque. Com dura\u00e7\u00e3o aproximada de tr\u00eas horas, o artista interpreta cl\u00e1ssicos do samba e do pagode, incluindo\u2026","rel":"","context":"In &quot;Not\u00edcias de Ribeir\u00e3o Preto-SP e Regi\u00e3o&quot;","block_context":{"text":"Not\u00edcias de Ribeir\u00e3o Preto-SP e Regi\u00e3o","link":"https:\/\/noticiasribeiraopreto.com.br\/index.php\/category\/noticias-de-ribeirao-preto-sp-e-regiao-ismael-colosi\/"},"img":{"alt_text":"","src":"https:\/\/i0.wp.com\/noticiasribeiraopreto.com.br\/wp-content\/uploads\/2025\/05\/Copia-de-Copia-de-Copia-de-TAMANHO-EXATO-PARA-FOTOS-NO-SISTEMA-NOVO-39_2025-05-05_17-44-48.webp.webp?fit=1200%2C675&ssl=1&resize=350%2C200","width":350,"height":200,"srcset":"https:\/\/i0.wp.com\/noticiasribeiraopreto.com.br\/wp-content\/uploads\/2025\/05\/Copia-de-Copia-de-Copia-de-TAMANHO-EXATO-PARA-FOTOS-NO-SISTEMA-NOVO-39_2025-05-05_17-44-48.webp.webp?fit=1200%2C675&ssl=1&resize=350%2C200 1x, https:\/\/i0.wp.com\/noticiasribeiraopreto.com.br\/wp-content\/uploads\/2025\/05\/Copia-de-Copia-de-Copia-de-TAMANHO-EXATO-PARA-FOTOS-NO-SISTEMA-NOVO-39_2025-05-05_17-44-48.webp.webp?fit=1200%2C675&ssl=1&resize=525%2C300 1.5x, https:\/\/i0.wp.com\/noticiasribeiraopreto.com.br\/wp-content\/uploads\/2025\/05\/Copia-de-Copia-de-Copia-de-TAMANHO-EXATO-PARA-FOTOS-NO-SISTEMA-NOVO-39_2025-05-05_17-44-48.webp.webp?fit=1200%2C675&ssl=1&resize=700%2C400 2x, https:\/\/i0.wp.com\/noticiasribeiraopreto.com.br\/wp-content\/uploads\/2025\/05\/Copia-de-Copia-de-Copia-de-TAMANHO-EXATO-PARA-FOTOS-NO-SISTEMA-NOVO-39_2025-05-05_17-44-48.webp.webp?fit=1200%2C675&ssl=1&resize=1050%2C600 3x"},"classes":[]},{"id":8650,"url":"https:\/\/noticiasribeiraopreto.com.br\/index.php\/2023\/11\/30\/dupla-vava-e-marcio-do-karametade-grava-dvd-em-ribeirao-preto\/","url_meta":{"origin":74382,"position":3},"title":"Dupla Vav\u00e1 e M\u00e1rcio, do Karametade, grava DVD em Ribeir\u00e3o Preto\u00a0","author":"noticiasribeiraopreto.com.br","date":"30 de November de 2023","format":false,"excerpt":"Os g\u00eameos do pagode Vav\u00e1 & M\u00e1rcio, sucesso na d\u00e9cada de 90 com o grupo Karametade, v\u00eam a Ribeir\u00e3o Preto para a grava\u00e7\u00e3o do DVD \u2018De 90 para c\u00e1\u2019, no dia 9 de dezembro, em um espa\u00e7o de eventos no distrito de Bonfim Paulista. \u00a0 Ap\u00f3s a sa\u00edda do Karametade,\u2026","rel":"","context":"In &quot;Not\u00edcias de Ribeir\u00e3o Preto-SP e Regi\u00e3o&quot;","block_context":{"text":"Not\u00edcias de Ribeir\u00e3o Preto-SP e Regi\u00e3o","link":"https:\/\/noticiasribeiraopreto.com.br\/index.php\/category\/noticias-de-ribeirao-preto-sp-e-regiao-ismael-colosi\/"},"img":{"alt_text":"","src":"https:\/\/i0.wp.com\/noticiasribeiraopreto.com.br\/wp-content\/uploads\/2023\/11\/399014758_18323419909096281_8632289170310208741_n.jpg?fit=1080%2C570&ssl=1&resize=350%2C200","width":350,"height":200,"srcset":"https:\/\/i0.wp.com\/noticiasribeiraopreto.com.br\/wp-content\/uploads\/2023\/11\/399014758_18323419909096281_8632289170310208741_n.jpg?fit=1080%2C570&ssl=1&resize=350%2C200 1x, https:\/\/i0.wp.com\/noticiasribeiraopreto.com.br\/wp-content\/uploads\/2023\/11\/399014758_18323419909096281_8632289170310208741_n.jpg?fit=1080%2C570&ssl=1&resize=525%2C300 1.5x, https:\/\/i0.wp.com\/noticiasribeiraopreto.com.br\/wp-content\/uploads\/2023\/11\/399014758_18323419909096281_8632289170310208741_n.jpg?fit=1080%2C570&ssl=1&resize=700%2C400 2x, https:\/\/i0.wp.com\/noticiasribeiraopreto.com.br\/wp-content\/uploads\/2023\/11\/399014758_18323419909096281_8632289170310208741_n.jpg?fit=1080%2C570&ssl=1&resize=1050%2C600 3x"},"classes":[]},{"id":74685,"url":"https:\/\/noticiasribeiraopreto.com.br\/index.php\/2025\/07\/27\/festival-repique-traz-samba-e-pagode-para-ribeirao-preto\/","url_meta":{"origin":74382,"position":4},"title":"Festival Repique traz samba e pagode para Ribeir\u00e3o Preto","author":"noticiasribeiraopreto.com.br","date":"27 de July de 2025","format":false,"excerpt":"27 de julho de 2025 12:4627 de julho de 2025 09:4812 Compartilhar0 O Festival Repique promete trazer a Ribeir\u00e3o Preto o melhor do samba e pagode, com grandes artistas e estrutura completa. A festa acontece no dia 11 de outubro, a partir das 14h, no Est\u00e1dio Palma Travassos. Antes de\u2026","rel":"","context":"In &quot;Not\u00edcias de Ribeir\u00e3o Preto-SP e Regi\u00e3o&quot;","block_context":{"text":"Not\u00edcias de Ribeir\u00e3o Preto-SP e Regi\u00e3o","link":"https:\/\/noticiasribeiraopreto.com.br\/index.php\/category\/noticias-de-ribeirao-preto-sp-e-regiao-ismael-colosi\/"},"img":{"alt_text":"","src":"https:\/\/i0.wp.com\/noticiasribeiraopreto.com.br\/wp-content\/uploads\/2025\/07\/festival-repique_site.jpg?fit=1000%2C750&ssl=1&resize=350%2C200","width":350,"height":200,"srcset":"https:\/\/i0.wp.com\/noticiasribeiraopreto.com.br\/wp-content\/uploads\/2025\/07\/festival-repique_site.jpg?fit=1000%2C750&ssl=1&resize=350%2C200 1x, https:\/\/i0.wp.com\/noticiasribeiraopreto.com.br\/wp-content\/uploads\/2025\/07\/festival-repique_site.jpg?fit=1000%2C750&ssl=1&resize=525%2C300 1.5x, https:\/\/i0.wp.com\/noticiasribeiraopreto.com.br\/wp-content\/uploads\/2025\/07\/festival-repique_site.jpg?fit=1000%2C750&ssl=1&resize=700%2C400 2x"},"classes":[]},{"id":65573,"url":"https:\/\/noticiasribeiraopreto.com.br\/index.php\/2025\/03\/21\/turma-do-pagode-e-jeito-moleque-se-apresentam-juntos-em-ribeirao-veja-quando\/","url_meta":{"origin":74382,"position":5},"title":"Turma do Pagode e Jeito Moleque se apresentam juntos em Ribeir\u00e3o; veja quando","author":"noticiasribeiraopreto.com.br","date":"21 de March de 2025","format":false,"excerpt":"No dia 4 de abril, as bandas Turma do Pagode e Jeito Moleque se apresentam juntos em Ribeir\u00e3o Preto, na Fazendinha, a partir das 21h. \u00c9 a primeira vez que o projeto chega \u00e0 cidade. Os ingressos est\u00e3o \u00e0 venda no site \u2013 clique aqui, com pre\u00e7os variam entre R$\u2026","rel":"","context":"In &quot;Not\u00edcias de Ribeir\u00e3o Preto-SP e Regi\u00e3o&quot;","block_context":{"text":"Not\u00edcias de Ribeir\u00e3o Preto-SP e Regi\u00e3o","link":"https:\/\/noticiasribeiraopreto.com.br\/index.php\/category\/noticias-de-ribeirao-preto-sp-e-regiao-ismael-colosi\/"},"img":{"alt_text":"","src":"https:\/\/i0.wp.com\/noticiasribeiraopreto.com.br\/wp-content\/uploads\/2025\/03\/Copia-de-Copia-de-Copia-de-TAMANHO-EXATO-PARA-FOTOS-NO-SISTEMA-NOVO-2025-03-21T154517.748_2025-03-21_18-45-31_png_2025-03-21_18-45-31.webp.webp?fit=1200%2C675&ssl=1&resize=350%2C200","width":350,"height":200,"srcset":"https:\/\/i0.wp.com\/noticiasribeiraopreto.com.br\/wp-content\/uploads\/2025\/03\/Copia-de-Copia-de-Copia-de-TAMANHO-EXATO-PARA-FOTOS-NO-SISTEMA-NOVO-2025-03-21T154517.748_2025-03-21_18-45-31_png_2025-03-21_18-45-31.webp.webp?fit=1200%2C675&ssl=1&resize=350%2C200 1x, https:\/\/i0.wp.com\/noticiasribeiraopreto.com.br\/wp-content\/uploads\/2025\/03\/Copia-de-Copia-de-Copia-de-TAMANHO-EXATO-PARA-FOTOS-NO-SISTEMA-NOVO-2025-03-21T154517.748_2025-03-21_18-45-31_png_2025-03-21_18-45-31.webp.webp?fit=1200%2C675&ssl=1&resize=525%2C300 1.5x, https:\/\/i0.wp.com\/noticiasribeiraopreto.com.br\/wp-content\/uploads\/2025\/03\/Copia-de-Copia-de-Copia-de-TAMANHO-EXATO-PARA-FOTOS-NO-SISTEMA-NOVO-2025-03-21T154517.748_2025-03-21_18-45-31_png_2025-03-21_18-45-31.webp.webp?fit=1200%2C675&ssl=1&resize=700%2C400 2x, https:\/\/i0.wp.com\/noticiasribeiraopreto.com.br\/wp-content\/uploads\/2025\/03\/Copia-de-Copia-de-Copia-de-TAMANHO-EXATO-PARA-FOTOS-NO-SISTEMA-NOVO-2025-03-21T154517.748_2025-03-21_18-45-31_png_2025-03-21_18-45-31.webp.webp?fit=1200%2C675&ssl=1&resize=1050%2C600 3x"},"classes":[]}],"jetpack_sharing_enabled":true,"jetpack_shortlink":"https:\/\/wp.me\/peQAOb-jlI","_links":{"self":[{"href":"https:\/\/noticiasribeiraopreto.com.br\/index.php\/wp-json\/wp\/v2\/posts\/74382","targetHints":{"allow":["GET"]}}],"collection":[{"href":"https:\/\/noticiasribeiraopreto.com.br\/index.php\/wp-json\/wp\/v2\/posts"}],"about":[{"href":"https:\/\/noticiasribeiraopreto.com.br\/index.php\/wp-json\/wp\/v2\/types\/post"}],"author":[{"embeddable":true,"href":"https:\/\/noticiasribeiraopreto.com.br\/index.php\/wp-json\/wp\/v2\/users\/1"}],"replies":[{"embeddable":true,"href":"https:\/\/noticiasribeiraopreto.com.br\/index.php\/wp-json\/wp\/v2\/comments?post=74382"}],"version-history":[{"count":0,"href":"https:\/\/noticiasribeiraopreto.com.br\/index.php\/wp-json\/wp\/v2\/posts\/74382\/revisions"}],"wp:featuredmedia":[{"embeddable":true,"href":"https:\/\/noticiasribeiraopreto.com.br\/index.php\/wp-json\/wp\/v2\/media\/74383"}],"wp:attachment":[{"href":"https:\/\/noticiasribeiraopreto.com.br\/index.php\/wp-json\/wp\/v2\/media?parent=74382"}],"wp:term":[{"taxonomy":"category","embeddable":true,"href":"https:\/\/noticiasribeiraopreto.com.br\/index.php\/wp-json\/wp\/v2\/categories?post=74382"},{"taxonomy":"post_tag","embeddable":true,"href":"https:\/\/noticiasribeiraopreto.com.br\/index.php\/wp-json\/wp\/v2\/tags?post=74382"}],"curies":[{"name":"wp","href":"https:\/\/api.w.org\/{rel}","templated":true}]}}