{"id":74384,"date":"2025-07-21T18:19:40","date_gmt":"2025-07-21T21:19:40","guid":{"rendered":"https:\/\/noticiasribeiraopreto.com.br\/index.php\/2025\/07\/21\/praia-do-peao-e-inaugurada-em-hotel-no-interior-de-sao-paulo\/"},"modified":"2025-07-21T18:19:40","modified_gmt":"2025-07-21T21:19:40","slug":"praia-do-peao-e-inaugurada-em-hotel-no-interior-de-sao-paulo","status":"publish","type":"post","link":"https:\/\/noticiasribeiraopreto.com.br\/index.php\/2025\/07\/21\/praia-do-peao-e-inaugurada-em-hotel-no-interior-de-sao-paulo\/","title":{"rendered":"Praia do Pe\u00e3o \u00e9 inaugurada em hotel no interior de S\u00e3o Paulo"},"content":{"rendered":"<div class='code-block code-block-1' style='margin: 8px 0 8px auto; text-align: right; display: block; clear: both;'>\n<p><a href=\"https:\/\/wa.link\/vpicfd\"><img data-recalc-dims=\"1\" class=\"wp-image-4922\" style=\"aspect-ratio: 2.0253164556962027; width: 561px; height: auto;\" src=\"https:\/\/i0.wp.com\/ismaelcolosi.com.br\/wp-content\/uploads\/2023\/11\/grupo-de-empregos-whatsapp-e-facebook-ismael-colosi-vagas.jpg?ssl=1\" alt=\"\" \/><\/a><\/p>\n<!-- \/wp:image -->\n<\/div>\n<p> <br \/>\n<\/p>\n<div data-td-block-uid=\"tdi_95\">\n<div class=\"tdb-block-inner td-fix-index\">\n<p>Foi inaugurada no \u00faltimo final de semana a <strong>Praia do Pe\u00e3o<\/strong>, em um hotel de <strong>Barretos<\/strong>, no<strong> interior de S\u00e3o Paulo<\/strong>. O empreendimento fica anexo ao parque onde \u00e9 realizada a <strong>Fest\u00e3o do Pe\u00e3o de Barretos<\/strong>.<\/p>\n<p><mark style=\"background-color:#fcb900\" class=\"has-inline-color has-black-color\">A praia artificial recebeu investimento de R$ 2 milh\u00f5es<\/mark> da IEP (Independente Eventos e Participa\u00e7\u00f5es S.A). A praia conta com 5 mil metros quadrados de areia branca e 210 metros de orla em torno de um lago com 50 mil metros quadrados de l\u00e2mina d\u2019\u00e1gua.<\/p>\n<p>O espa\u00e7o conta com 9 quiosques de pia\u00e7ava, 5 bangal\u00f4s VIPs, brinquedos aqu\u00e1ticos (caiaques, pedalinhos, stand up paddle, bike boat) e um bar. O empreendimento est\u00e1 cercado por 80 hectares de mata nativa preservados.<\/p>\n<p>\u201cO sonho da Praia do Pe\u00e3o nasce do nosso compromisso com o desenvolvimento sustent\u00e1vel do turismo de Barretos. \u00c9 uma entrega pensada para visitantes e turistas. Um lugar que combina natureza, lazer e inova\u00e7\u00e3o\u201d, declarou Adriano Santos, gerente geral do Barretos Park Hotel.<\/p>\n<h2 class=\"wp-block-heading\"><strong>Investimentos<\/strong><\/h2>\n<p>Al\u00e9m da inaugura\u00e7\u00e3o da praia artificial, o presidente da IEP, Marcelo Flosi de Oliveira, anunciou a pr\u00f3xima etapa da expans\u00e3o, com a constru\u00e7\u00e3o de sete piscinas tem\u00e1ticas, sauna, playground aqu\u00e1tico e bar molhado. A entrega est\u00e1 prevista para 2026, com investimento de R$ 12 milh\u00f5es.<\/p>\n<p>SAIBA MAIS<br \/>Nova frente vai passar pelo estado de SP; Veja quando e confira a previs\u00e3o<\/p>\n<h2 class=\"wp-block-heading\"><strong>FIQUE ON<\/strong><\/h2>\n<p>Fique ligado em tudo que acontece em Ribeir\u00e3o Preto e regi\u00e3o. Siga os perfis do<strong>\u00a0acidade on<\/strong>\u00a0no\u00a0<a href=\"https:\/\/www.instagram.com\/acidadeonribeirao\">Instagram\u00a0<\/a>e no\u00a0<a href=\"https:\/\/www.facebook.com\/acidadeonribeirao\/\">Facebook<\/a>.<\/p>\n<p>Receba not\u00edcias do<strong>\u00a0acidade on\u00a0<\/strong>no WhatsApp.\u00a0<a href=\"https:\/\/chat.whatsapp.com\/BjKQZ9oJwlz8VVT50NuePq\">Para entrar no grupo, basta clicar aqui.<\/a><\/p>\n<p>Fa\u00e7a uma den\u00fancia ou sugira uma reportagem sobre Ribeir\u00e3o Preto e regi\u00e3o pelo WhatsApp: 16 99117 7802.<\/p>\n<p>VEJA TAMB\u00c9M<\/p>\n<p>Onde ver os locais de provas do concurso da PF?<\/p>\n<p><!-- AI CONTENT END 1 -->\n<\/div>\n<\/div>\n<p><script async src=\"\/\/www.instagram.com\/embed.js\"><\/script><br \/>\n<br \/><br \/>\n<br \/><a href=\"https:\/\/www.acidadeon.com\/ribeiraopreto\/economia\/praia-do-peao-e-inaugurada-em-hotel-no-interior-de-sao-paulo\/\">Source link <\/a><\/p>\n<!-- CONTENT END 1 -->\n","protected":false},"excerpt":{"rendered":"<p>Foi inaugurada no \u00faltimo final de semana a Praia do Pe\u00e3o, em um hotel de Barretos, no interior de S\u00e3o Paulo. O empreendimento fica anexo&#8230;<\/p>\n","protected":false},"author":1,"featured_media":74385,"comment_status":"open","ping_status":"open","sticky":false,"template":"","format":"standard","meta":{"advanced_seo_description":"","jetpack_seo_html_title":"","jetpack_seo_noindex":false,"jetpack_post_was_ever_published":false,"_jetpack_newsletter_access":"","_jetpack_dont_email_post_to_subs":false,"_jetpack_newsletter_tier_id":0,"_jetpack_memberships_contains_paywalled_content":false,"_jetpack_memberships_contains_paid_content":false,"footnotes":"","jetpack_publicize_message":"","jetpack_publicize_feature_enabled":true,"jetpack_social_post_already_shared":true,"jetpack_social_options":{"image_generator_settings":{"template":"highway","default_image_id":0,"font":"","enabled":false},"version":2}},"categories":[11],"tags":[],"class_list":["post-74384","post","type-post","status-publish","format-standard","has-post-thumbnail","hentry","category-noticias-de-ribeirao-preto-sp-e-regiao-ismael-colosi"],"jetpack_publicize_connections":[],"jetpack_featured_media_url":"https:\/\/i0.wp.com\/noticiasribeiraopreto.com.br\/wp-content\/uploads\/2025\/07\/praia-do-peao_2025-07-21_18-26-57.webp.webp?fit=1200%2C675&ssl=1","jetpack-related-posts":[{"id":53367,"url":"https:\/\/noticiasribeiraopreto.com.br\/index.php\/2024\/06\/19\/hotel-inicia-contratacoes-para-festa-do-peao-de-barretos-veja-como-participar\/","url_meta":{"origin":74384,"position":0},"title":"Hotel inicia contrata\u00e7\u00f5es para Festa do Pe\u00e3o de Barretos; Veja como participar","author":"noticiasribeiraopreto.com.br","date":"19 de June de 2024","format":false,"excerpt":"A Festa do Pe\u00e3o de Barretos 2024 acontece entre os dias 15 e 25 de agosto. Por conta do movimento de turistas, j\u00e1 teve in\u00edcio a temporada de contrata\u00e7\u00f5es em um hotel da cidade. Ao todo, o Barretos Park Hotel conta com 40 vagas de emprego para o atendimento dos\u2026","rel":"","context":"In &quot;Not\u00edcias de Ribeir\u00e3o Preto-SP e Regi\u00e3o&quot;","block_context":{"text":"Not\u00edcias de Ribeir\u00e3o Preto-SP e Regi\u00e3o","link":"https:\/\/noticiasribeiraopreto.com.br\/index.php\/category\/noticias-de-ribeirao-preto-sp-e-regiao-ismael-colosi\/"},"img":{"alt_text":"","src":"https:\/\/i0.wp.com\/noticiasribeiraopreto.com.br\/wp-content\/uploads\/2024\/06\/AnyConv.com__hotel-barretos_2024-06-19_13-52-58.webp.webp?fit=1200%2C900&ssl=1&resize=350%2C200","width":350,"height":200,"srcset":"https:\/\/i0.wp.com\/noticiasribeiraopreto.com.br\/wp-content\/uploads\/2024\/06\/AnyConv.com__hotel-barretos_2024-06-19_13-52-58.webp.webp?fit=1200%2C900&ssl=1&resize=350%2C200 1x, https:\/\/i0.wp.com\/noticiasribeiraopreto.com.br\/wp-content\/uploads\/2024\/06\/AnyConv.com__hotel-barretos_2024-06-19_13-52-58.webp.webp?fit=1200%2C900&ssl=1&resize=525%2C300 1.5x, https:\/\/i0.wp.com\/noticiasribeiraopreto.com.br\/wp-content\/uploads\/2024\/06\/AnyConv.com__hotel-barretos_2024-06-19_13-52-58.webp.webp?fit=1200%2C900&ssl=1&resize=700%2C400 2x, https:\/\/i0.wp.com\/noticiasribeiraopreto.com.br\/wp-content\/uploads\/2024\/06\/AnyConv.com__hotel-barretos_2024-06-19_13-52-58.webp.webp?fit=1200%2C900&ssl=1&resize=1050%2C600 3x"},"classes":[]},{"id":76088,"url":"https:\/\/noticiasribeiraopreto.com.br\/index.php\/2025\/08\/21\/festa-do-peao-de-barretos-2025-veja-horario-dos-shows-desta-quinta-feira\/","url_meta":{"origin":74384,"position":1},"title":"Festa do Pe\u00e3o de Barretos 2025: Veja hor\u00e1rio dos shows desta quinta-feira","author":"noticiasribeiraopreto.com.br","date":"21 de August de 2025","format":false,"excerpt":"A 70\u00aa edi\u00e7\u00e3o da Festa do Pe\u00e3o de Barretos, principal evento de rodeio da Am\u00e9rica Latina, come\u00e7a nesta quinta-feira (21). A abertura do evento traz grandes nomes da m\u00fasica sertaneja: Fernando & Sorocaba, Jo\u00e3o Bosco & Vinicius e Guilherme & Santiago. Veja a programa\u00e7\u00e3o completa da noite: 23h \u2013 Fernando\u2026","rel":"","context":"In &quot;Not\u00edcias de Ribeir\u00e3o Preto-SP e Regi\u00e3o&quot;","block_context":{"text":"Not\u00edcias de Ribeir\u00e3o Preto-SP e Regi\u00e3o","link":"https:\/\/noticiasribeiraopreto.com.br\/index.php\/category\/noticias-de-ribeirao-preto-sp-e-regiao-ismael-colosi\/"},"img":{"alt_text":"","src":"https:\/\/i0.wp.com\/noticiasribeiraopreto.com.br\/wp-content\/uploads\/2025\/08\/parque-do-peao.jpeg?fit=1200%2C674&ssl=1&resize=350%2C200","width":350,"height":200,"srcset":"https:\/\/i0.wp.com\/noticiasribeiraopreto.com.br\/wp-content\/uploads\/2025\/08\/parque-do-peao.jpeg?fit=1200%2C674&ssl=1&resize=350%2C200 1x, https:\/\/i0.wp.com\/noticiasribeiraopreto.com.br\/wp-content\/uploads\/2025\/08\/parque-do-peao.jpeg?fit=1200%2C674&ssl=1&resize=525%2C300 1.5x, https:\/\/i0.wp.com\/noticiasribeiraopreto.com.br\/wp-content\/uploads\/2025\/08\/parque-do-peao.jpeg?fit=1200%2C674&ssl=1&resize=700%2C400 2x, https:\/\/i0.wp.com\/noticiasribeiraopreto.com.br\/wp-content\/uploads\/2025\/08\/parque-do-peao.jpeg?fit=1200%2C674&ssl=1&resize=1050%2C600 3x"},"classes":[]},{"id":76158,"url":"https:\/\/noticiasribeiraopreto.com.br\/index.php\/2025\/08\/22\/festa-do-peao-de-barretos-2025-veja-horario-dos-shows-desta-sexta-feira\/","url_meta":{"origin":74384,"position":2},"title":"Festa do Pe\u00e3o de Barretos 2025: Veja hor\u00e1rio dos shows desta sexta-feira","author":"noticiasribeiraopreto.com.br","date":"22 de August de 2025","format":false,"excerpt":"A primeira sexta-feira (22) da 70\u00aa Festa do Pe\u00e3o de Barretos traz ao Palco Est\u00e1dio Bruno & Marrone, Hugo & Guilherme e o cantor Murilo Huff. Na estreia desta edi\u00e7\u00e3o do Palco Amanhecer, o local ter\u00e1 duplas como Munhoz & Mariano e Henrique & Diego. Veja a programa\u00e7\u00e3o completa da\u2026","rel":"","context":"In &quot;Not\u00edcias de Ribeir\u00e3o Preto-SP e Regi\u00e3o&quot;","block_context":{"text":"Not\u00edcias de Ribeir\u00e3o Preto-SP e Regi\u00e3o","link":"https:\/\/noticiasribeiraopreto.com.br\/index.php\/category\/noticias-de-ribeirao-preto-sp-e-regiao-ismael-colosi\/"},"img":{"alt_text":"","src":"https:\/\/i0.wp.com\/noticiasribeiraopreto.com.br\/wp-content\/uploads\/2025\/08\/68a886e13b48e.webp.webp?fit=1200%2C673&ssl=1&resize=350%2C200","width":350,"height":200,"srcset":"https:\/\/i0.wp.com\/noticiasribeiraopreto.com.br\/wp-content\/uploads\/2025\/08\/68a886e13b48e.webp.webp?fit=1200%2C673&ssl=1&resize=350%2C200 1x, https:\/\/i0.wp.com\/noticiasribeiraopreto.com.br\/wp-content\/uploads\/2025\/08\/68a886e13b48e.webp.webp?fit=1200%2C673&ssl=1&resize=525%2C300 1.5x, https:\/\/i0.wp.com\/noticiasribeiraopreto.com.br\/wp-content\/uploads\/2025\/08\/68a886e13b48e.webp.webp?fit=1200%2C673&ssl=1&resize=700%2C400 2x, https:\/\/i0.wp.com\/noticiasribeiraopreto.com.br\/wp-content\/uploads\/2025\/08\/68a886e13b48e.webp.webp?fit=1200%2C673&ssl=1&resize=1050%2C600 3x"},"classes":[]},{"id":75802,"url":"https:\/\/noticiasribeiraopreto.com.br\/index.php\/2025\/08\/15\/eptv-produz-edicao-especial-do-globo-reporter-em-homenagem-aos-70-anos-da-festa-do-peao-de-barretos\/","url_meta":{"origin":74384,"position":3},"title":"EPTV produz edi\u00e7\u00e3o especial do Globo Rep\u00f3rter em homenagem aos 70 anos da Festa do Pe\u00e3o de Barretos","author":"noticiasribeiraopreto.com.br","date":"15 de August de 2025","format":false,"excerpt":"A Festa do Pe\u00e3o de Barretos, maior rodeio da Am\u00e9rica Latina, completa 70 anos de hist\u00f3ria neste ano e acontece entre os dias 21 e 31 de agosto, em Barretos, cidade a 120 quil\u00f4metros de Ribeir\u00e3o Preto. Para marcar a data, a EPTV, afiliada da Rede Globo no interior de\u2026","rel":"","context":"In &quot;Not\u00edcias de Ribeir\u00e3o Preto-SP e Regi\u00e3o&quot;","block_context":{"text":"Not\u00edcias de Ribeir\u00e3o Preto-SP e Regi\u00e3o","link":"https:\/\/noticiasribeiraopreto.com.br\/index.php\/category\/noticias-de-ribeirao-preto-sp-e-regiao-ismael-colosi\/"},"img":{"alt_text":"","src":"https:\/\/i0.wp.com\/noticiasribeiraopreto.com.br\/wp-content\/uploads\/2025\/08\/172312398066b4c90cb1cc8_2024-08-14_20-51-59_jpg_2024-08-14_20-51-59.webp.webp?fit=800%2C533&ssl=1&resize=350%2C200","width":350,"height":200,"srcset":"https:\/\/i0.wp.com\/noticiasribeiraopreto.com.br\/wp-content\/uploads\/2025\/08\/172312398066b4c90cb1cc8_2024-08-14_20-51-59_jpg_2024-08-14_20-51-59.webp.webp?fit=800%2C533&ssl=1&resize=350%2C200 1x, https:\/\/i0.wp.com\/noticiasribeiraopreto.com.br\/wp-content\/uploads\/2025\/08\/172312398066b4c90cb1cc8_2024-08-14_20-51-59_jpg_2024-08-14_20-51-59.webp.webp?fit=800%2C533&ssl=1&resize=525%2C300 1.5x, https:\/\/i0.wp.com\/noticiasribeiraopreto.com.br\/wp-content\/uploads\/2025\/08\/172312398066b4c90cb1cc8_2024-08-14_20-51-59_jpg_2024-08-14_20-51-59.webp.webp?fit=800%2C533&ssl=1&resize=700%2C400 2x"},"classes":[]},{"id":76061,"url":"https:\/\/noticiasribeiraopreto.com.br\/index.php\/2025\/08\/21\/festa-do-peao-de-barretos-policias-intensificam-seguranca-com-mais-de-24-mil-agentes\/","url_meta":{"origin":74384,"position":4},"title":"Festa do Pe\u00e3o de Barretos: Pol\u00edcias intensificam seguran\u00e7a com mais de 2,4 mil agentes","author":"noticiasribeiraopreto.com.br","date":"21 de August de 2025","format":false,"excerpt":"As Pol\u00edcias Civil Militar montaram um esquema especial de seguran\u00e7a durante a Festa do Pe\u00e3o de Barretos, que come\u00e7a nesta quinta-feira (21) e segue at\u00e9 31 de agosto, no Parque do Pe\u00e3o. Cerca de 2,4 mil policiais v\u00e3o refor\u00e7ar a seguran\u00e7a do evento, que deve movimentar um milh\u00e3o de pessoas.\u2026","rel":"","context":"In &quot;Not\u00edcias de Ribeir\u00e3o Preto-SP e Regi\u00e3o&quot;","block_context":{"text":"Not\u00edcias de Ribeir\u00e3o Preto-SP e Regi\u00e3o","link":"https:\/\/noticiasribeiraopreto.com.br\/index.php\/category\/noticias-de-ribeirao-preto-sp-e-regiao-ismael-colosi\/"},"img":{"alt_text":"","src":"https:\/\/i0.wp.com\/noticiasribeiraopreto.com.br\/wp-content\/uploads\/2025\/08\/festa-do-peao-de-barretos_2025-08-21_12-59-14.webp.webp?fit=1024%2C682&ssl=1&resize=350%2C200","width":350,"height":200,"srcset":"https:\/\/i0.wp.com\/noticiasribeiraopreto.com.br\/wp-content\/uploads\/2025\/08\/festa-do-peao-de-barretos_2025-08-21_12-59-14.webp.webp?fit=1024%2C682&ssl=1&resize=350%2C200 1x, https:\/\/i0.wp.com\/noticiasribeiraopreto.com.br\/wp-content\/uploads\/2025\/08\/festa-do-peao-de-barretos_2025-08-21_12-59-14.webp.webp?fit=1024%2C682&ssl=1&resize=525%2C300 1.5x, https:\/\/i0.wp.com\/noticiasribeiraopreto.com.br\/wp-content\/uploads\/2025\/08\/festa-do-peao-de-barretos_2025-08-21_12-59-14.webp.webp?fit=1024%2C682&ssl=1&resize=700%2C400 2x"},"classes":[]},{"id":29162,"url":"https:\/\/noticiasribeiraopreto.com.br\/index.php\/2024\/01\/17\/festa-do-peao-de-barretos-inicia-venda-de-ingressos\/","url_meta":{"origin":74384,"position":5},"title":"Festa do Pe\u00e3o de Barretos inicia venda de ingressos","author":"noticiasribeiraopreto.com.br","date":"17 de January de 2024","format":false,"excerpt":"Evento acontece de 15 a 25 de agosto reunindo esporte, m\u00fasica, cultura, gastronomia e entretenimento no Parque do Pe\u00e3o 17 de janeiro de 2024 | 16:1517 de janeiro de 2024 | 15:59 0A Festa do Pe\u00e3o de Barretos iniciou a venda de ingressos para os 11 dias de programa\u00e7\u00e3o, disponibilizando\u2026","rel":"","context":"In &quot;Not\u00edcias de Ribeir\u00e3o Preto-SP e Regi\u00e3o&quot;","block_context":{"text":"Not\u00edcias de Ribeir\u00e3o Preto-SP e Regi\u00e3o","link":"https:\/\/noticiasribeiraopreto.com.br\/index.php\/category\/noticias-de-ribeirao-preto-sp-e-regiao-ismael-colosi\/"},"img":{"alt_text":"","src":"https:\/\/i0.wp.com\/noticiasribeiraopreto.com.br\/wp-content\/uploads\/2024\/01\/handler-1.jpg?fit=800%2C533&ssl=1&resize=350%2C200","width":350,"height":200,"srcset":"https:\/\/i0.wp.com\/noticiasribeiraopreto.com.br\/wp-content\/uploads\/2024\/01\/handler-1.jpg?fit=800%2C533&ssl=1&resize=350%2C200 1x, https:\/\/i0.wp.com\/noticiasribeiraopreto.com.br\/wp-content\/uploads\/2024\/01\/handler-1.jpg?fit=800%2C533&ssl=1&resize=525%2C300 1.5x, https:\/\/i0.wp.com\/noticiasribeiraopreto.com.br\/wp-content\/uploads\/2024\/01\/handler-1.jpg?fit=800%2C533&ssl=1&resize=700%2C400 2x"},"classes":[]}],"jetpack_sharing_enabled":true,"jetpack_shortlink":"https:\/\/wp.me\/peQAOb-jlK","_links":{"self":[{"href":"https:\/\/noticiasribeiraopreto.com.br\/index.php\/wp-json\/wp\/v2\/posts\/74384","targetHints":{"allow":["GET"]}}],"collection":[{"href":"https:\/\/noticiasribeiraopreto.com.br\/index.php\/wp-json\/wp\/v2\/posts"}],"about":[{"href":"https:\/\/noticiasribeiraopreto.com.br\/index.php\/wp-json\/wp\/v2\/types\/post"}],"author":[{"embeddable":true,"href":"https:\/\/noticiasribeiraopreto.com.br\/index.php\/wp-json\/wp\/v2\/users\/1"}],"replies":[{"embeddable":true,"href":"https:\/\/noticiasribeiraopreto.com.br\/index.php\/wp-json\/wp\/v2\/comments?post=74384"}],"version-history":[{"count":0,"href":"https:\/\/noticiasribeiraopreto.com.br\/index.php\/wp-json\/wp\/v2\/posts\/74384\/revisions"}],"wp:featuredmedia":[{"embeddable":true,"href":"https:\/\/noticiasribeiraopreto.com.br\/index.php\/wp-json\/wp\/v2\/media\/74385"}],"wp:attachment":[{"href":"https:\/\/noticiasribeiraopreto.com.br\/index.php\/wp-json\/wp\/v2\/media?parent=74384"}],"wp:term":[{"taxonomy":"category","embeddable":true,"href":"https:\/\/noticiasribeiraopreto.com.br\/index.php\/wp-json\/wp\/v2\/categories?post=74384"},{"taxonomy":"post_tag","embeddable":true,"href":"https:\/\/noticiasribeiraopreto.com.br\/index.php\/wp-json\/wp\/v2\/tags?post=74384"}],"curies":[{"name":"wp","href":"https:\/\/api.w.org\/{rel}","templated":true}]}}